{"id":8529,"date":"2023-08-22T20:34:40","date_gmt":"2023-08-22T23:34:40","guid":{"rendered":"https:\/\/brasilnoticias.org\/site\/?p=8529"},"modified":"2023-08-22T20:34:40","modified_gmt":"2023-08-22T23:34:40","slug":"preta-gil-divulga-resultado-de-cirurgia-para-remocao-de-tumor-livre-das-celulas-cancerigenas","status":"publish","type":"post","link":"https:\/\/brasilnoticias.org\/site\/preta-gil-divulga-resultado-de-cirurgia-para-remocao-de-tumor-livre-das-celulas-cancerigenas\/","title":{"rendered":"Preta Gil divulga resultado de cirurgia para remo\u00e7\u00e3o de tumor: \u2018livre das celulas cancer\u00edgenas\u2019"},"content":{"rendered":"<p>&#8220;No momento, meu corpo est\u00e1 livre dessas c\u00e9lulas, mas a cura \u00e9 um processo&#8221;, afirmou Preta Gil nas redes sociais<\/p>\n<p>A cantora Preta Gil publicou um v\u00eddeo nesta ter\u00e7a-feira (22\/8) em suas redes sociais afirmando estar \u201clivre das celulas cancer\u00edgenas\u201d, como resultado da cirurgia feita na \u00faltima quinta-feira (17\/8) para retirada do tumor que tinha no intestino. No procedimento, a artista tamb\u00e9m precisou retirar o \u00fatero.<\/p>\n<p>Na grava\u00e7\u00e3o, Preta afirmou que o procedimento, que durou mais de 14 horas, foi um sucesso, e que os novos exames feitos n\u00e3o detectaram a presen\u00e7a de c\u00e9lulas malignas em seu organismo.<\/p>\n<p>\u201cChegou o resultado de que sim, o meu corpo est\u00e1 livre de c\u00e9lulas cancer\u00edgenas. A cirurgia foi um sucesso e a gente teve remo\u00e7\u00e3o total do tumor\u201d, declarou. Apesar das boas novas, a filha de Gilberto Gil foi cautelosa e disse que ainda n\u00e3o \u00e9 um indicativo de uma cura total.<\/p>\n<p>\u201cIsso quer dizer que, no momento, meu corpo est\u00e1 livre dessas c\u00e9lulas. Mas a cura \u00e9 um processo, a cura ainda envolve reabilita\u00e7\u00e3o que eu tenho que fazer para o funcionamento do meu esf\u00edncter, por exemplo\u201d, disse.<\/p>\n<p>Preta agora deve iniciar um processo de acompanhamento m\u00e9dico e tratamento para impedir a regress\u00e3o da doen\u00e7a. Ela ainda aproveitou para agradecer pela melhora cl\u00ednica: \u201cObrigada Deus, meus Orix\u00e1s, minhas Santinhas, meus amados m\u00e9dicos\u201d.<\/p>\n<p>Foto: Instagram\/@pretagil<br \/>\nAratu On<\/p>\n","protected":false},"excerpt":{"rendered":"<p>&#8220;No momento, meu corpo est\u00e1 livre dessas c\u00e9lulas, mas a cura \u00e9 um processo&#8221;, afirmou Preta Gil nas redes sociais<\/p>\n","protected":false},"author":4,"featured_media":8530,"comment_status":"open","ping_status":"open","sticky":false,"template":"","format":"standard","meta":{"colormag_page_container_layout":"default_layout","colormag_page_sidebar_layout":"default_layout","_FSMCFIC_featured_image_caption":"","_FSMCFIC_featured_image_nocaption":"","_FSMCFIC_featured_image_hide":"","footnotes":""},"categories":[2,1],"tags":[],"class_list":["post-8529","post","type-post","status-publish","format-standard","has-post-thumbnail","hentry","category-noticias","category-ultimas"],"yoast_head":"<!-- This site is optimized with the Yoast SEO plugin v27.1.1 - https:\/\/yoast.com\/product\/yoast-seo-wordpress\/ -->\n<title>Preta Gil divulga resultado de cirurgia para remo\u00e7\u00e3o de tumor: \u2018livre das celulas cancer\u00edgenas\u2019 - Brasil not\u00edcias<\/title>\n<meta name=\"robots\" content=\"index, follow, max-snippet:-1, max-image-preview:large, max-video-preview:-1\" \/>\n<link rel=\"canonical\" href=\"https:\/\/brasilnoticias.org\/site\/preta-gil-divulga-resultado-de-cirurgia-para-remocao-de-tumor-livre-das-celulas-cancerigenas\/\" \/>\n<meta property=\"og:locale\" content=\"pt_PT\" \/>\n<meta property=\"og:type\" content=\"article\" \/>\n<meta property=\"og:title\" content=\"Preta Gil divulga resultado de cirurgia para remo\u00e7\u00e3o de tumor: \u2018livre das celulas cancer\u00edgenas\u2019 - Brasil not\u00edcias\" \/>\n<meta property=\"og:description\" content=\"&#8220;No momento, meu corpo est\u00e1 livre dessas c\u00e9lulas, mas a cura \u00e9 um processo&#8221;, afirmou Preta Gil nas redes sociais\" \/>\n<meta property=\"og:url\" content=\"https:\/\/brasilnoticias.org\/site\/preta-gil-divulga-resultado-de-cirurgia-para-remocao-de-tumor-livre-das-celulas-cancerigenas\/\" \/>\n<meta property=\"og:site_name\" content=\"Brasil not\u00edcias\" \/>\n<meta property=\"article:published_time\" content=\"2023-08-22T23:34:40+00:00\" \/>\n<meta property=\"og:image\" content=\"https:\/\/brasilnoticias.org\/site\/wp-content\/uploads\/2023\/08\/PRETA-GIL.jpg\" \/>\n\t<meta property=\"og:image:width\" content=\"740\" \/>\n\t<meta property=\"og:image:height\" content=\"470\" \/>\n\t<meta property=\"og:image:type\" content=\"image\/jpeg\" \/>\n<meta name=\"author\" content=\"Reda\u00e7\u00e3o\" \/>\n<meta name=\"twitter:card\" content=\"summary_large_image\" \/>\n<meta name=\"twitter:label1\" content=\"Escrito por\" \/>\n\t<meta name=\"twitter:data1\" content=\"Reda\u00e7\u00e3o\" \/>\n<script type=\"application\/ld+json\" class=\"yoast-schema-graph\">{\"@context\":\"https:\/\/schema.org\",\"@graph\":[{\"@type\":\"Article\",\"@id\":\"https:\/\/brasilnoticias.org\/site\/preta-gil-divulga-resultado-de-cirurgia-para-remocao-de-tumor-livre-das-celulas-cancerigenas\/#article\",\"isPartOf\":{\"@id\":\"https:\/\/brasilnoticias.org\/site\/preta-gil-divulga-resultado-de-cirurgia-para-remocao-de-tumor-livre-das-celulas-cancerigenas\/\"},\"author\":{\"name\":\"Reda\u00e7\u00e3o\",\"@id\":\"https:\/\/brasilnoticias.org\/site\/#\/schema\/person\/03bbbfe6c7634ad18c26444ea39049fa\"},\"headline\":\"Preta Gil divulga resultado de cirurgia para remo\u00e7\u00e3o de tumor: \u2018livre das celulas cancer\u00edgenas\u2019\",\"datePublished\":\"2023-08-22T23:34:40+00:00\",\"mainEntityOfPage\":{\"@id\":\"https:\/\/brasilnoticias.org\/site\/preta-gil-divulga-resultado-de-cirurgia-para-remocao-de-tumor-livre-das-celulas-cancerigenas\/\"},\"wordCount\":257,\"commentCount\":0,\"publisher\":{\"@id\":\"https:\/\/brasilnoticias.org\/site\/#organization\"},\"image\":{\"@id\":\"https:\/\/brasilnoticias.org\/site\/preta-gil-divulga-resultado-de-cirurgia-para-remocao-de-tumor-livre-das-celulas-cancerigenas\/#primaryimage\"},\"thumbnailUrl\":\"https:\/\/brasilnoticias.org\/site\/wp-content\/uploads\/2023\/08\/PRETA-GIL.jpg\",\"articleSection\":[\"Not\u00edcias\",\"\u00daltimas\"],\"inLanguage\":\"pt-PT\",\"potentialAction\":[{\"@type\":\"CommentAction\",\"name\":\"Comment\",\"target\":[\"https:\/\/brasilnoticias.org\/site\/preta-gil-divulga-resultado-de-cirurgia-para-remocao-de-tumor-livre-das-celulas-cancerigenas\/#respond\"]}]},{\"@type\":\"WebPage\",\"@id\":\"https:\/\/brasilnoticias.org\/site\/preta-gil-divulga-resultado-de-cirurgia-para-remocao-de-tumor-livre-das-celulas-cancerigenas\/\",\"url\":\"https:\/\/brasilnoticias.org\/site\/preta-gil-divulga-resultado-de-cirurgia-para-remocao-de-tumor-livre-das-celulas-cancerigenas\/\",\"name\":\"Preta Gil divulga resultado de cirurgia para remo\u00e7\u00e3o de tumor: \u2018livre das celulas cancer\u00edgenas\u2019 - Brasil not\u00edcias\",\"isPartOf\":{\"@id\":\"https:\/\/brasilnoticias.org\/site\/#website\"},\"primaryImageOfPage\":{\"@id\":\"https:\/\/brasilnoticias.org\/site\/preta-gil-divulga-resultado-de-cirurgia-para-remocao-de-tumor-livre-das-celulas-cancerigenas\/#primaryimage\"},\"image\":{\"@id\":\"https:\/\/brasilnoticias.org\/site\/preta-gil-divulga-resultado-de-cirurgia-para-remocao-de-tumor-livre-das-celulas-cancerigenas\/#primaryimage\"},\"thumbnailUrl\":\"https:\/\/brasilnoticias.org\/site\/wp-content\/uploads\/2023\/08\/PRETA-GIL.jpg\",\"datePublished\":\"2023-08-22T23:34:40+00:00\",\"breadcrumb\":{\"@id\":\"https:\/\/brasilnoticias.org\/site\/preta-gil-divulga-resultado-de-cirurgia-para-remocao-de-tumor-livre-das-celulas-cancerigenas\/#breadcrumb\"},\"inLanguage\":\"pt-PT\",\"potentialAction\":[{\"@type\":\"ReadAction\",\"target\":[\"https:\/\/brasilnoticias.org\/site\/preta-gil-divulga-resultado-de-cirurgia-para-remocao-de-tumor-livre-das-celulas-cancerigenas\/\"]}]},{\"@type\":\"ImageObject\",\"inLanguage\":\"pt-PT\",\"@id\":\"https:\/\/brasilnoticias.org\/site\/preta-gil-divulga-resultado-de-cirurgia-para-remocao-de-tumor-livre-das-celulas-cancerigenas\/#primaryimage\",\"url\":\"https:\/\/brasilnoticias.org\/site\/wp-content\/uploads\/2023\/08\/PRETA-GIL.jpg\",\"contentUrl\":\"https:\/\/brasilnoticias.org\/site\/wp-content\/uploads\/2023\/08\/PRETA-GIL.jpg\",\"width\":740,\"height\":470},{\"@type\":\"BreadcrumbList\",\"@id\":\"https:\/\/brasilnoticias.org\/site\/preta-gil-divulga-resultado-de-cirurgia-para-remocao-de-tumor-livre-das-celulas-cancerigenas\/#breadcrumb\",\"itemListElement\":[{\"@type\":\"ListItem\",\"position\":1,\"name\":\"In\u00edcio\",\"item\":\"https:\/\/brasilnoticias.org\/site\/\"},{\"@type\":\"ListItem\",\"position\":2,\"name\":\"Preta Gil divulga resultado de cirurgia para remo\u00e7\u00e3o de tumor: \u2018livre das celulas cancer\u00edgenas\u2019\"}]},{\"@type\":\"WebSite\",\"@id\":\"https:\/\/brasilnoticias.org\/site\/#website\",\"url\":\"https:\/\/brasilnoticias.org\/site\/\",\"name\":\"Brasil not\u00edcias\",\"description\":\"Brasil not\u00edcias\",\"publisher\":{\"@id\":\"https:\/\/brasilnoticias.org\/site\/#organization\"},\"potentialAction\":[{\"@type\":\"SearchAction\",\"target\":{\"@type\":\"EntryPoint\",\"urlTemplate\":\"https:\/\/brasilnoticias.org\/site\/?s={search_term_string}\"},\"query-input\":{\"@type\":\"PropertyValueSpecification\",\"valueRequired\":true,\"valueName\":\"search_term_string\"}}],\"inLanguage\":\"pt-PT\"},{\"@type\":\"Organization\",\"@id\":\"https:\/\/brasilnoticias.org\/site\/#organization\",\"name\":\"Brasil not\u00edcias\",\"url\":\"https:\/\/brasilnoticias.org\/site\/\",\"logo\":{\"@type\":\"ImageObject\",\"inLanguage\":\"pt-PT\",\"@id\":\"https:\/\/brasilnoticias.org\/site\/#\/schema\/logo\/image\/\",\"url\":\"https:\/\/brasilnoticias.org\/site\/wp-content\/uploads\/2022\/05\/cropped-brasilnoticias-mini.jpg\",\"contentUrl\":\"https:\/\/brasilnoticias.org\/site\/wp-content\/uploads\/2022\/05\/cropped-brasilnoticias-mini.jpg\",\"width\":314,\"height\":86,\"caption\":\"Brasil not\u00edcias\"},\"image\":{\"@id\":\"https:\/\/brasilnoticias.org\/site\/#\/schema\/logo\/image\/\"}},{\"@type\":\"Person\",\"@id\":\"https:\/\/brasilnoticias.org\/site\/#\/schema\/person\/03bbbfe6c7634ad18c26444ea39049fa\",\"name\":\"Reda\u00e7\u00e3o\",\"image\":{\"@type\":\"ImageObject\",\"inLanguage\":\"pt-PT\",\"@id\":\"https:\/\/brasilnoticias.org\/site\/#\/schema\/person\/image\/\",\"url\":\"https:\/\/secure.gravatar.com\/avatar\/9ecaf7327a696cb23ad926fedded5f1f04d7049de9e445375d55b48c001a6e42?s=96&d=mm&r=g\",\"contentUrl\":\"https:\/\/secure.gravatar.com\/avatar\/9ecaf7327a696cb23ad926fedded5f1f04d7049de9e445375d55b48c001a6e42?s=96&d=mm&r=g\",\"caption\":\"Reda\u00e7\u00e3o\"},\"url\":\"https:\/\/brasilnoticias.org\/site\/author\/henrique\/\"}]}<\/script>\n<!-- \/ Yoast SEO plugin. -->","yoast_head_json":{"title":"Preta Gil divulga resultado de cirurgia para remo\u00e7\u00e3o de tumor: \u2018livre das celulas cancer\u00edgenas\u2019 - Brasil not\u00edcias","robots":{"index":"index","follow":"follow","max-snippet":"max-snippet:-1","max-image-preview":"max-image-preview:large","max-video-preview":"max-video-preview:-1"},"canonical":"https:\/\/brasilnoticias.org\/site\/preta-gil-divulga-resultado-de-cirurgia-para-remocao-de-tumor-livre-das-celulas-cancerigenas\/","og_locale":"pt_PT","og_type":"article","og_title":"Preta Gil divulga resultado de cirurgia para remo\u00e7\u00e3o de tumor: \u2018livre das celulas cancer\u00edgenas\u2019 - Brasil not\u00edcias","og_description":"&#8220;No momento, meu corpo est\u00e1 livre dessas c\u00e9lulas, mas a cura \u00e9 um processo&#8221;, afirmou Preta Gil nas redes sociais","og_url":"https:\/\/brasilnoticias.org\/site\/preta-gil-divulga-resultado-de-cirurgia-para-remocao-de-tumor-livre-das-celulas-cancerigenas\/","og_site_name":"Brasil not\u00edcias","article_published_time":"2023-08-22T23:34:40+00:00","og_image":[{"width":740,"height":470,"url":"https:\/\/brasilnoticias.org\/site\/wp-content\/uploads\/2023\/08\/PRETA-GIL.jpg","type":"image\/jpeg"}],"author":"Reda\u00e7\u00e3o","twitter_card":"summary_large_image","twitter_misc":{"Escrito por":"Reda\u00e7\u00e3o"},"schema":{"@context":"https:\/\/schema.org","@graph":[{"@type":"Article","@id":"https:\/\/brasilnoticias.org\/site\/preta-gil-divulga-resultado-de-cirurgia-para-remocao-de-tumor-livre-das-celulas-cancerigenas\/#article","isPartOf":{"@id":"https:\/\/brasilnoticias.org\/site\/preta-gil-divulga-resultado-de-cirurgia-para-remocao-de-tumor-livre-das-celulas-cancerigenas\/"},"author":{"name":"Reda\u00e7\u00e3o","@id":"https:\/\/brasilnoticias.org\/site\/#\/schema\/person\/03bbbfe6c7634ad18c26444ea39049fa"},"headline":"Preta Gil divulga resultado de cirurgia para remo\u00e7\u00e3o de tumor: \u2018livre das celulas cancer\u00edgenas\u2019","datePublished":"2023-08-22T23:34:40+00:00","mainEntityOfPage":{"@id":"https:\/\/brasilnoticias.org\/site\/preta-gil-divulga-resultado-de-cirurgia-para-remocao-de-tumor-livre-das-celulas-cancerigenas\/"},"wordCount":257,"commentCount":0,"publisher":{"@id":"https:\/\/brasilnoticias.org\/site\/#organization"},"image":{"@id":"https:\/\/brasilnoticias.org\/site\/preta-gil-divulga-resultado-de-cirurgia-para-remocao-de-tumor-livre-das-celulas-cancerigenas\/#primaryimage"},"thumbnailUrl":"https:\/\/brasilnoticias.org\/site\/wp-content\/uploads\/2023\/08\/PRETA-GIL.jpg","articleSection":["Not\u00edcias","\u00daltimas"],"inLanguage":"pt-PT","potentialAction":[{"@type":"CommentAction","name":"Comment","target":["https:\/\/brasilnoticias.org\/site\/preta-gil-divulga-resultado-de-cirurgia-para-remocao-de-tumor-livre-das-celulas-cancerigenas\/#respond"]}]},{"@type":"WebPage","@id":"https:\/\/brasilnoticias.org\/site\/preta-gil-divulga-resultado-de-cirurgia-para-remocao-de-tumor-livre-das-celulas-cancerigenas\/","url":"https:\/\/brasilnoticias.org\/site\/preta-gil-divulga-resultado-de-cirurgia-para-remocao-de-tumor-livre-das-celulas-cancerigenas\/","name":"Preta Gil divulga resultado de cirurgia para remo\u00e7\u00e3o de tumor: \u2018livre das celulas cancer\u00edgenas\u2019 - Brasil not\u00edcias","isPartOf":{"@id":"https:\/\/brasilnoticias.org\/site\/#website"},"primaryImageOfPage":{"@id":"https:\/\/brasilnoticias.org\/site\/preta-gil-divulga-resultado-de-cirurgia-para-remocao-de-tumor-livre-das-celulas-cancerigenas\/#primaryimage"},"image":{"@id":"https:\/\/brasilnoticias.org\/site\/preta-gil-divulga-resultado-de-cirurgia-para-remocao-de-tumor-livre-das-celulas-cancerigenas\/#primaryimage"},"thumbnailUrl":"https:\/\/brasilnoticias.org\/site\/wp-content\/uploads\/2023\/08\/PRETA-GIL.jpg","datePublished":"2023-08-22T23:34:40+00:00","breadcrumb":{"@id":"https:\/\/brasilnoticias.org\/site\/preta-gil-divulga-resultado-de-cirurgia-para-remocao-de-tumor-livre-das-celulas-cancerigenas\/#breadcrumb"},"inLanguage":"pt-PT","potentialAction":[{"@type":"ReadAction","target":["https:\/\/brasilnoticias.org\/site\/preta-gil-divulga-resultado-de-cirurgia-para-remocao-de-tumor-livre-das-celulas-cancerigenas\/"]}]},{"@type":"ImageObject","inLanguage":"pt-PT","@id":"https:\/\/brasilnoticias.org\/site\/preta-gil-divulga-resultado-de-cirurgia-para-remocao-de-tumor-livre-das-celulas-cancerigenas\/#primaryimage","url":"https:\/\/brasilnoticias.org\/site\/wp-content\/uploads\/2023\/08\/PRETA-GIL.jpg","contentUrl":"https:\/\/brasilnoticias.org\/site\/wp-content\/uploads\/2023\/08\/PRETA-GIL.jpg","width":740,"height":470},{"@type":"BreadcrumbList","@id":"https:\/\/brasilnoticias.org\/site\/preta-gil-divulga-resultado-de-cirurgia-para-remocao-de-tumor-livre-das-celulas-cancerigenas\/#breadcrumb","itemListElement":[{"@type":"ListItem","position":1,"name":"In\u00edcio","item":"https:\/\/brasilnoticias.org\/site\/"},{"@type":"ListItem","position":2,"name":"Preta Gil divulga resultado de cirurgia para remo\u00e7\u00e3o de tumor: \u2018livre das celulas cancer\u00edgenas\u2019"}]},{"@type":"WebSite","@id":"https:\/\/brasilnoticias.org\/site\/#website","url":"https:\/\/brasilnoticias.org\/site\/","name":"Brasil not\u00edcias","description":"Brasil not\u00edcias","publisher":{"@id":"https:\/\/brasilnoticias.org\/site\/#organization"},"potentialAction":[{"@type":"SearchAction","target":{"@type":"EntryPoint","urlTemplate":"https:\/\/brasilnoticias.org\/site\/?s={search_term_string}"},"query-input":{"@type":"PropertyValueSpecification","valueRequired":true,"valueName":"search_term_string"}}],"inLanguage":"pt-PT"},{"@type":"Organization","@id":"https:\/\/brasilnoticias.org\/site\/#organization","name":"Brasil not\u00edcias","url":"https:\/\/brasilnoticias.org\/site\/","logo":{"@type":"ImageObject","inLanguage":"pt-PT","@id":"https:\/\/brasilnoticias.org\/site\/#\/schema\/logo\/image\/","url":"https:\/\/brasilnoticias.org\/site\/wp-content\/uploads\/2022\/05\/cropped-brasilnoticias-mini.jpg","contentUrl":"https:\/\/brasilnoticias.org\/site\/wp-content\/uploads\/2022\/05\/cropped-brasilnoticias-mini.jpg","width":314,"height":86,"caption":"Brasil not\u00edcias"},"image":{"@id":"https:\/\/brasilnoticias.org\/site\/#\/schema\/logo\/image\/"}},{"@type":"Person","@id":"https:\/\/brasilnoticias.org\/site\/#\/schema\/person\/03bbbfe6c7634ad18c26444ea39049fa","name":"Reda\u00e7\u00e3o","image":{"@type":"ImageObject","inLanguage":"pt-PT","@id":"https:\/\/brasilnoticias.org\/site\/#\/schema\/person\/image\/","url":"https:\/\/secure.gravatar.com\/avatar\/9ecaf7327a696cb23ad926fedded5f1f04d7049de9e445375d55b48c001a6e42?s=96&d=mm&r=g","contentUrl":"https:\/\/secure.gravatar.com\/avatar\/9ecaf7327a696cb23ad926fedded5f1f04d7049de9e445375d55b48c001a6e42?s=96&d=mm&r=g","caption":"Reda\u00e7\u00e3o"},"url":"https:\/\/brasilnoticias.org\/site\/author\/henrique\/"}]}},"_links":{"self":[{"href":"https:\/\/brasilnoticias.org\/site\/wp-json\/wp\/v2\/posts\/8529","targetHints":{"allow":["GET"]}}],"collection":[{"href":"https:\/\/brasilnoticias.org\/site\/wp-json\/wp\/v2\/posts"}],"about":[{"href":"https:\/\/brasilnoticias.org\/site\/wp-json\/wp\/v2\/types\/post"}],"author":[{"embeddable":true,"href":"https:\/\/brasilnoticias.org\/site\/wp-json\/wp\/v2\/users\/4"}],"replies":[{"embeddable":true,"href":"https:\/\/brasilnoticias.org\/site\/wp-json\/wp\/v2\/comments?post=8529"}],"version-history":[{"count":1,"href":"https:\/\/brasilnoticias.org\/site\/wp-json\/wp\/v2\/posts\/8529\/revisions"}],"predecessor-version":[{"id":8531,"href":"https:\/\/brasilnoticias.org\/site\/wp-json\/wp\/v2\/posts\/8529\/revisions\/8531"}],"wp:featuredmedia":[{"embeddable":true,"href":"https:\/\/brasilnoticias.org\/site\/wp-json\/wp\/v2\/media\/8530"}],"wp:attachment":[{"href":"https:\/\/brasilnoticias.org\/site\/wp-json\/wp\/v2\/media?parent=8529"}],"wp:term":[{"taxonomy":"category","embeddable":true,"href":"https:\/\/brasilnoticias.org\/site\/wp-json\/wp\/v2\/categories?post=8529"},{"taxonomy":"post_tag","embeddable":true,"href":"https:\/\/brasilnoticias.org\/site\/wp-json\/wp\/v2\/tags?post=8529"}],"curies":[{"name":"wp","href":"https:\/\/api.w.org\/{rel}","templated":true}]}}