{"id":853,"date":"2022-06-10T12:14:28","date_gmt":"2022-06-10T15:14:28","guid":{"rendered":"https:\/\/brasilnoticias.org\/site\/?p=853"},"modified":"2022-06-10T12:14:28","modified_gmt":"2022-06-10T15:14:28","slug":"ucrania-diz-perder-guerra-para-russia-no-leste-por-falta-de-municao","status":"publish","type":"post","link":"https:\/\/brasilnoticias.org\/site\/ucrania-diz-perder-guerra-para-russia-no-leste-por-falta-de-municao\/","title":{"rendered":"Ucr\u00e2nia diz perder guerra para R\u00fassia no leste por falta de muni\u00e7\u00e3o"},"content":{"rendered":"<p>&nbsp;<\/p>\n<div class=\"container mb-4\">\n<div class=\"row\">\n<div class=\"col-content\">\n<div class=\"addthis_block d-flex align-items-center my-2\">\n<div class=\"addthis_inline_share_toolbox\" data-url=\"https:\/\/www.bnews.com.br\/noticias\/mundo\/ucrania-diz-perder-guerra-para-russia-no-leste-por-falta-de-municao.html\" data-title=\"Ucr\u00e2nia diz perder guerra para R\u00fassia no leste por falta de muni\u00e7\u00e3o\" data-description=\"Presidente da Ucrania confirma situa\u00e7\u00e3o em entrevista\">\n<div id=\"atstbx\" class=\"at-resp-share-element at-style-responsive at-mobile addthis-smartlayers addthis-animated at4-show\" role=\"region\" aria-labelledby=\"at-1504ebdb-8d6e-46c0-8ae1-d16a8114bd06\">\n<div class=\"at-share-btn-elements\"><\/div>\n<\/div>\n<\/div>\n<\/div>\n<div class=\"artigo_texto\">\n<p>A\u00a0<a href=\"https:\/\/www.bnews.com.br\/tags\/ucrania\" target=\"_blank\" rel=\"noopener\">Ucr\u00e2nia<\/a>\u00a0est\u00e1 perdendo a guerra de artilharia contra a R\u00fassia no leste do pa\u00eds e j\u00e1 gastou quase toda sua muni\u00e7\u00e3o, dependendo exclusivamente do que o Ocidente lhe fornecer para tentar evitar a perda regi\u00e3o do Donbass. A afirma\u00e7\u00e3o foi feita por Vadim Skibitski, o chefe-adjunto da intelig\u00eancia militar de Kiev, em uma entrevista ao jornal brit\u00e2nico The Guardian, e joga luz sobre a crescente ansiedade do governo ucraniano em rela\u00e7\u00e3o \u00e0 realidade militar e pol\u00edtica da guerra iniciada por Vladimir Putin em 24 de fevereiro.<\/p>\n<p>&#8220;Essa \u00e9 uma guerra de artilharia agora, e n\u00f3s estamos perdendo em termos de artilharia. Tudo depende agora do que [os pa\u00edses da Otan, alian\u00e7a militar ocidental] nos d\u00e3o. A Ucr\u00e2nia tem 1 pe\u00e7a de artilharia para cada 10 ou 15 russas [no Donbass]. E nossos parceiros ocidentais j\u00e1 nos deram cerca de 10% do que eles tinham&#8221;, afirmou.<\/p>\n<p>A descri\u00e7\u00e3o combina com o relato dos combates na regi\u00e3o de Severodonetsk, a \u00faltima cidade importante da prov\u00edncia de Lugansk que ainda n\u00e3o caiu em m\u00e3os russas. No ritmo atual, eles assumir\u00e3o a ru\u00edna do local em breve, faltando ent\u00e3o de 30% a 40% da outra \u00e1rea que comp\u00f5e o Donbass, Donetsk, para ser conquistada como Putin prometeu.<\/p>\n<p>Antes da\u00a0<a href=\"https:\/\/www.bnews.com.br\/tags\/guerra\" target=\"_blank\" rel=\"noopener\">guerra<\/a>, segundo o invent\u00e1rio de refer\u00eancia do Instituto Internacional de Estudos Estrat\u00e9gicos (Londres), a Ucr\u00e2nia tinha 1.818 pe\u00e7as de artilharia, incluindo a\u00ed 354 lan\u00e7adores m\u00faltiplos de foguetes, todos de origem sovi\u00e9tica. Segundo o balan\u00e7o russo, j\u00e1 foram destru\u00eddas at\u00e9 quinta (9) 1.843 pe\u00e7as, incluindo 499 lan\u00e7adores, n\u00famero superior ao dispon\u00edvel antes do conflito. Mesmo considerando o prov\u00e1vel exagero, isso mostra uma situa\u00e7\u00e3o dif\u00edcil em campo.<\/p>\n<p><strong>Leia mais<\/strong><\/p>\n<p><a href=\"https:\/\/www.bnews.com.br\/noticias\/mundo\/novo-ataque-tiros-nos-eua-deixa-mortos-em-maryland.html\" target=\"_blank\" rel=\"noopener\">Novo ataque a tiros nos EUA deixa mortos em Maryland<\/a><\/p>\n<p><a href=\"https:\/\/www.bnews.com.br\/noticias\/mundo\/xangai-volta-fechar-distritos-e-reacende-temor-de-lockdown.html\" target=\"_blank\" rel=\"noopener\">Xangai volta a fechar distritos e reacende temor de lockdown<\/a><\/p>\n<p><a href=\"https:\/\/www.bnews.com.br\/noticias\/mundo\/bloqueio-russo-pode-provocar-morte-de-milhoes-de-pessoas-afirma-presidente-da-ucrania.html\" target=\"_blank\" rel=\"noopener\">Zelenskiy diz que milh\u00f5es podem morrer de fome devido a bloqueio russo a portos da Ucr\u00e2nia<\/a><\/p>\n<p>A\u00ed entra o componente pol\u00edtico. Os ucranianos t\u00eam gritado cada vez mais alto acerca da fadiga identificada no Ocidente com a guerra, vis\u00edvel nas declara\u00e7\u00f5es aqui e ali de autoridades ou especialistas sugerindo que est\u00e1 na hora de achar uma acomoda\u00e7\u00e3o com Putin.<\/p>\n<p>O presidente Volodimir Zelenski vocaliza isso sempre, como fez na quinta, quando dobrou a estimativa de soldados mortos no Donbass para 200 diariamente. \u00c9 muito, mesmo com a mobiliza\u00e7\u00e3o total da for\u00e7a masculina de 18 a 60 anos do pa\u00eds.<\/p>\n<p>Na primeira fase da guerra, quando a soberba russa de tentar tomar Kiev no susto ao atacar por diversas frentes sem for\u00e7a suficiente foi punida, armas leves ocidentais foram instrumentais: m\u00edsseis antitanque e antia\u00e9reos port\u00e1teis seguraram colunas blindadas sem apoio de infantaria leve.<\/p>\n<p>O vexame levou Moscou a se reorganizar para um objetivo mais contido, que chamam de &#8220;libera\u00e7\u00e3o do Donbass&#8221; -territ\u00f3rio russ\u00f3fono parcialmente controlado por separatistas russos desde o in\u00edcio de uma guerra civil em 2014. Segundo o militar ucraniano, a guerra est\u00e1 consumindo de 5.000 a 6.000 tiros por dia. &#8220;J\u00e1 usamos quase toda nossa muni\u00e7\u00e3o e agora estamos com as balas de calibre 155 mm do padr\u00e3o da Otan&#8221;, afirmou Skibitski.<\/p>\n<p>Apesar da vantagem crucial para uma guerra de atrito, os russos tamb\u00e9m parecem estar tendo problemas. Segundo um analista militar consultado pela Folha, que pediu anonimato, \u00e9 corrente entre seus pares a avalia\u00e7\u00e3o de que Moscou tem gasto uma quantidade muito grande de m\u00edsseis de alta precis\u00e3o e de que cresce o recurso aos estoques mais antigos de armas sovi\u00e9ticas.<\/p>\n<p>Ningu\u00e9m sabe a dimens\u00e3o da quest\u00e3o, segredo de Estado que \u00e9. O analista ouvido fala entre 50% e 60% dos dep\u00f3sitos esvaziados, o que \u00e9 um problema porque em caso de amplia\u00e7\u00e3o do conflito a R\u00fassia estaria desguarnecida.<\/p>\n<p>Kiev calcula que os russos j\u00e1 despejaram mais de 2.100 m\u00edsseis de cruzeiro, bal\u00edsticos e ar-terra em seu territ\u00f3rio nos quase quatro meses de guerra. Skibitski diz que entre 10 e 14 unidades ainda s\u00e3o usadas diariamente. Mas na guerra no Donbass, que pelas caracter\u00edsticas mais abertas de terreno usa a artilharia como arma principal, o militar diz ter notado o uso mais intensivo de foguetes H-22, modelos sovi\u00e9ticos dos anos 1970. Mesmo os tanques em solo mostram tal realidade: s\u00e3o crescentes os relatos e imagens de uso de T-62, blindados sovi\u00e9ticos ultrapassados que ficavam estocados na R\u00fassia.<\/p>\n<p>Kiev tem recebido obuseiros autopropulsados e est\u00e1ticos da Otan, mas em n\u00famero considerado insuficiente. Como diz o oficial, de todo modo hoje a guerra no Donbass \u00e9 entre armas americanas e ocidentais contra os russos, algo que sempre coloca o conflito no temer\u00e1rio caminho da escalada.<br \/>\nZelenski se queixa das meias medidas. Os americanos, por exemplo, foram muito criticados em Moscou pelo fornecimento de sistemas modernos de lan\u00e7amento m\u00faltiplo de foguetes de m\u00e9dio alcance. Mas apenas quatro unidades ser\u00e3o transferidas, e ainda deve demorar cerca de tr\u00eas semanas at\u00e9 que os ucranianos aprendam a us\u00e1-las. O mesmo ocorre com a promessa brit\u00e2nica de fornecer armas semelhantes.<\/p>\n<p>Por outro lado, como disse Skibitski, os ocidentais est\u00e3o cedendo fatia significativa de seu arsenal. No caso polon\u00eas e tcheco, pa\u00edses interessados pela proximidade da amea\u00e7a russa, j\u00e1 h\u00e1 pedidos de socorro para refor\u00e7ar o arsenal com material de pa\u00edses mais ocidentais da Otan.<\/p>\n<\/div>\n<\/div>\n<p>&nbsp;<\/p>\n<\/div>\n<\/div>\n<p>&nbsp;<\/p>\n<div class=\"container mb-4\">\n<p>Bnews<\/p>\n<\/div>\n","protected":false},"excerpt":{"rendered":"<p>&nbsp; A\u00a0Ucr\u00e2nia\u00a0est\u00e1 perdendo a guerra de artilharia contra a R\u00fassia no leste do pa\u00eds e j\u00e1 gastou quase toda sua<\/p>\n","protected":false},"author":2,"featured_media":854,"comment_status":"open","ping_status":"open","sticky":false,"template":"","format":"standard","meta":{"colormag_page_container_layout":"default_layout","colormag_page_sidebar_layout":"default_layout","_FSMCFIC_featured_image_caption":"","_FSMCFIC_featured_image_nocaption":"","_FSMCFIC_featured_image_hide":"","footnotes":""},"categories":[6,1],"tags":[],"class_list":["post-853","post","type-post","status-publish","format-standard","has-post-thumbnail","hentry","category-mundo","category-ultimas"],"yoast_head":"<!-- This site is optimized with the Yoast SEO plugin v27.1.1 - https:\/\/yoast.com\/product\/yoast-seo-wordpress\/ -->\n<title>Ucr\u00e2nia diz perder guerra para R\u00fassia no leste por falta de muni\u00e7\u00e3o - Brasil not\u00edcias<\/title>\n<meta name=\"robots\" content=\"index, follow, max-snippet:-1, max-image-preview:large, max-video-preview:-1\" \/>\n<link rel=\"canonical\" href=\"https:\/\/brasilnoticias.org\/site\/ucrania-diz-perder-guerra-para-russia-no-leste-por-falta-de-municao\/\" \/>\n<meta property=\"og:locale\" content=\"pt_PT\" \/>\n<meta property=\"og:type\" content=\"article\" \/>\n<meta property=\"og:title\" content=\"Ucr\u00e2nia diz perder guerra para R\u00fassia no leste por falta de muni\u00e7\u00e3o - Brasil not\u00edcias\" \/>\n<meta property=\"og:description\" content=\"&nbsp; A\u00a0Ucr\u00e2nia\u00a0est\u00e1 perdendo a guerra de artilharia contra a R\u00fassia no leste do pa\u00eds e j\u00e1 gastou quase toda sua\" \/>\n<meta property=\"og:url\" content=\"https:\/\/brasilnoticias.org\/site\/ucrania-diz-perder-guerra-para-russia-no-leste-por-falta-de-municao\/\" \/>\n<meta property=\"og:site_name\" content=\"Brasil not\u00edcias\" \/>\n<meta property=\"article:published_time\" content=\"2022-06-10T15:14:28+00:00\" \/>\n<meta property=\"og:image\" content=\"https:\/\/brasilnoticias.org\/site\/wp-content\/uploads\/2022\/06\/presidente_ucrania_widelg.jpg\" \/>\n\t<meta property=\"og:image:width\" content=\"800\" \/>\n\t<meta property=\"og:image:height\" content=\"450\" \/>\n\t<meta property=\"og:image:type\" content=\"image\/jpeg\" \/>\n<meta name=\"author\" content=\"Reda\u00e7\u00e3o\" \/>\n<meta name=\"twitter:card\" content=\"summary_large_image\" \/>\n<meta name=\"twitter:label1\" content=\"Escrito por\" \/>\n\t<meta name=\"twitter:data1\" content=\"Reda\u00e7\u00e3o\" \/>\n\t<meta name=\"twitter:label2\" content=\"Tempo estimado de leitura\" \/>\n\t<meta name=\"twitter:data2\" content=\"5 minutos\" \/>\n<script type=\"application\/ld+json\" class=\"yoast-schema-graph\">{\"@context\":\"https:\/\/schema.org\",\"@graph\":[{\"@type\":\"Article\",\"@id\":\"https:\/\/brasilnoticias.org\/site\/ucrania-diz-perder-guerra-para-russia-no-leste-por-falta-de-municao\/#article\",\"isPartOf\":{\"@id\":\"https:\/\/brasilnoticias.org\/site\/ucrania-diz-perder-guerra-para-russia-no-leste-por-falta-de-municao\/\"},\"author\":{\"name\":\"Reda\u00e7\u00e3o\",\"@id\":\"https:\/\/brasilnoticias.org\/site\/#\/schema\/person\/f609fa847b5314f1c8b983342f34c798\"},\"headline\":\"Ucr\u00e2nia diz perder guerra para R\u00fassia no leste por falta de muni\u00e7\u00e3o\",\"datePublished\":\"2022-06-10T15:14:28+00:00\",\"mainEntityOfPage\":{\"@id\":\"https:\/\/brasilnoticias.org\/site\/ucrania-diz-perder-guerra-para-russia-no-leste-por-falta-de-municao\/\"},\"wordCount\":937,\"commentCount\":0,\"publisher\":{\"@id\":\"https:\/\/brasilnoticias.org\/site\/#organization\"},\"image\":{\"@id\":\"https:\/\/brasilnoticias.org\/site\/ucrania-diz-perder-guerra-para-russia-no-leste-por-falta-de-municao\/#primaryimage\"},\"thumbnailUrl\":\"https:\/\/brasilnoticias.org\/site\/wp-content\/uploads\/2022\/06\/presidente_ucrania_widelg.jpg\",\"articleSection\":[\"Mundo\",\"\u00daltimas\"],\"inLanguage\":\"pt-PT\",\"potentialAction\":[{\"@type\":\"CommentAction\",\"name\":\"Comment\",\"target\":[\"https:\/\/brasilnoticias.org\/site\/ucrania-diz-perder-guerra-para-russia-no-leste-por-falta-de-municao\/#respond\"]}]},{\"@type\":\"WebPage\",\"@id\":\"https:\/\/brasilnoticias.org\/site\/ucrania-diz-perder-guerra-para-russia-no-leste-por-falta-de-municao\/\",\"url\":\"https:\/\/brasilnoticias.org\/site\/ucrania-diz-perder-guerra-para-russia-no-leste-por-falta-de-municao\/\",\"name\":\"Ucr\u00e2nia diz perder guerra para R\u00fassia no leste por falta de muni\u00e7\u00e3o - Brasil not\u00edcias\",\"isPartOf\":{\"@id\":\"https:\/\/brasilnoticias.org\/site\/#website\"},\"primaryImageOfPage\":{\"@id\":\"https:\/\/brasilnoticias.org\/site\/ucrania-diz-perder-guerra-para-russia-no-leste-por-falta-de-municao\/#primaryimage\"},\"image\":{\"@id\":\"https:\/\/brasilnoticias.org\/site\/ucrania-diz-perder-guerra-para-russia-no-leste-por-falta-de-municao\/#primaryimage\"},\"thumbnailUrl\":\"https:\/\/brasilnoticias.org\/site\/wp-content\/uploads\/2022\/06\/presidente_ucrania_widelg.jpg\",\"datePublished\":\"2022-06-10T15:14:28+00:00\",\"breadcrumb\":{\"@id\":\"https:\/\/brasilnoticias.org\/site\/ucrania-diz-perder-guerra-para-russia-no-leste-por-falta-de-municao\/#breadcrumb\"},\"inLanguage\":\"pt-PT\",\"potentialAction\":[{\"@type\":\"ReadAction\",\"target\":[\"https:\/\/brasilnoticias.org\/site\/ucrania-diz-perder-guerra-para-russia-no-leste-por-falta-de-municao\/\"]}]},{\"@type\":\"ImageObject\",\"inLanguage\":\"pt-PT\",\"@id\":\"https:\/\/brasilnoticias.org\/site\/ucrania-diz-perder-guerra-para-russia-no-leste-por-falta-de-municao\/#primaryimage\",\"url\":\"https:\/\/brasilnoticias.org\/site\/wp-content\/uploads\/2022\/06\/presidente_ucrania_widelg.jpg\",\"contentUrl\":\"https:\/\/brasilnoticias.org\/site\/wp-content\/uploads\/2022\/06\/presidente_ucrania_widelg.jpg\",\"width\":800,\"height\":450},{\"@type\":\"BreadcrumbList\",\"@id\":\"https:\/\/brasilnoticias.org\/site\/ucrania-diz-perder-guerra-para-russia-no-leste-por-falta-de-municao\/#breadcrumb\",\"itemListElement\":[{\"@type\":\"ListItem\",\"position\":1,\"name\":\"In\u00edcio\",\"item\":\"https:\/\/brasilnoticias.org\/site\/\"},{\"@type\":\"ListItem\",\"position\":2,\"name\":\"Ucr\u00e2nia diz perder guerra para R\u00fassia no leste por falta de muni\u00e7\u00e3o\"}]},{\"@type\":\"WebSite\",\"@id\":\"https:\/\/brasilnoticias.org\/site\/#website\",\"url\":\"https:\/\/brasilnoticias.org\/site\/\",\"name\":\"Brasil not\u00edcias\",\"description\":\"Brasil not\u00edcias\",\"publisher\":{\"@id\":\"https:\/\/brasilnoticias.org\/site\/#organization\"},\"potentialAction\":[{\"@type\":\"SearchAction\",\"target\":{\"@type\":\"EntryPoint\",\"urlTemplate\":\"https:\/\/brasilnoticias.org\/site\/?s={search_term_string}\"},\"query-input\":{\"@type\":\"PropertyValueSpecification\",\"valueRequired\":true,\"valueName\":\"search_term_string\"}}],\"inLanguage\":\"pt-PT\"},{\"@type\":\"Organization\",\"@id\":\"https:\/\/brasilnoticias.org\/site\/#organization\",\"name\":\"Brasil not\u00edcias\",\"url\":\"https:\/\/brasilnoticias.org\/site\/\",\"logo\":{\"@type\":\"ImageObject\",\"inLanguage\":\"pt-PT\",\"@id\":\"https:\/\/brasilnoticias.org\/site\/#\/schema\/logo\/image\/\",\"url\":\"https:\/\/brasilnoticias.org\/site\/wp-content\/uploads\/2022\/05\/cropped-brasilnoticias-mini.jpg\",\"contentUrl\":\"https:\/\/brasilnoticias.org\/site\/wp-content\/uploads\/2022\/05\/cropped-brasilnoticias-mini.jpg\",\"width\":314,\"height\":86,\"caption\":\"Brasil not\u00edcias\"},\"image\":{\"@id\":\"https:\/\/brasilnoticias.org\/site\/#\/schema\/logo\/image\/\"}},{\"@type\":\"Person\",\"@id\":\"https:\/\/brasilnoticias.org\/site\/#\/schema\/person\/f609fa847b5314f1c8b983342f34c798\",\"name\":\"Reda\u00e7\u00e3o\",\"image\":{\"@type\":\"ImageObject\",\"inLanguage\":\"pt-PT\",\"@id\":\"https:\/\/brasilnoticias.org\/site\/#\/schema\/person\/image\/\",\"url\":\"https:\/\/secure.gravatar.com\/avatar\/447284c06c1ad8b46465a36de9cd0d8326b73387a22799b8b1ffb1fbcff2ed0c?s=96&d=mm&r=g\",\"contentUrl\":\"https:\/\/secure.gravatar.com\/avatar\/447284c06c1ad8b46465a36de9cd0d8326b73387a22799b8b1ffb1fbcff2ed0c?s=96&d=mm&r=g\",\"caption\":\"Reda\u00e7\u00e3o\"},\"url\":\"https:\/\/brasilnoticias.org\/site\/author\/redacao\/\"}]}<\/script>\n<!-- \/ Yoast SEO plugin. -->","yoast_head_json":{"title":"Ucr\u00e2nia diz perder guerra para R\u00fassia no leste por falta de muni\u00e7\u00e3o - Brasil not\u00edcias","robots":{"index":"index","follow":"follow","max-snippet":"max-snippet:-1","max-image-preview":"max-image-preview:large","max-video-preview":"max-video-preview:-1"},"canonical":"https:\/\/brasilnoticias.org\/site\/ucrania-diz-perder-guerra-para-russia-no-leste-por-falta-de-municao\/","og_locale":"pt_PT","og_type":"article","og_title":"Ucr\u00e2nia diz perder guerra para R\u00fassia no leste por falta de muni\u00e7\u00e3o - Brasil not\u00edcias","og_description":"&nbsp; A\u00a0Ucr\u00e2nia\u00a0est\u00e1 perdendo a guerra de artilharia contra a R\u00fassia no leste do pa\u00eds e j\u00e1 gastou quase toda sua","og_url":"https:\/\/brasilnoticias.org\/site\/ucrania-diz-perder-guerra-para-russia-no-leste-por-falta-de-municao\/","og_site_name":"Brasil not\u00edcias","article_published_time":"2022-06-10T15:14:28+00:00","og_image":[{"width":800,"height":450,"url":"https:\/\/brasilnoticias.org\/site\/wp-content\/uploads\/2022\/06\/presidente_ucrania_widelg.jpg","type":"image\/jpeg"}],"author":"Reda\u00e7\u00e3o","twitter_card":"summary_large_image","twitter_misc":{"Escrito por":"Reda\u00e7\u00e3o","Tempo estimado de leitura":"5 minutos"},"schema":{"@context":"https:\/\/schema.org","@graph":[{"@type":"Article","@id":"https:\/\/brasilnoticias.org\/site\/ucrania-diz-perder-guerra-para-russia-no-leste-por-falta-de-municao\/#article","isPartOf":{"@id":"https:\/\/brasilnoticias.org\/site\/ucrania-diz-perder-guerra-para-russia-no-leste-por-falta-de-municao\/"},"author":{"name":"Reda\u00e7\u00e3o","@id":"https:\/\/brasilnoticias.org\/site\/#\/schema\/person\/f609fa847b5314f1c8b983342f34c798"},"headline":"Ucr\u00e2nia diz perder guerra para R\u00fassia no leste por falta de muni\u00e7\u00e3o","datePublished":"2022-06-10T15:14:28+00:00","mainEntityOfPage":{"@id":"https:\/\/brasilnoticias.org\/site\/ucrania-diz-perder-guerra-para-russia-no-leste-por-falta-de-municao\/"},"wordCount":937,"commentCount":0,"publisher":{"@id":"https:\/\/brasilnoticias.org\/site\/#organization"},"image":{"@id":"https:\/\/brasilnoticias.org\/site\/ucrania-diz-perder-guerra-para-russia-no-leste-por-falta-de-municao\/#primaryimage"},"thumbnailUrl":"https:\/\/brasilnoticias.org\/site\/wp-content\/uploads\/2022\/06\/presidente_ucrania_widelg.jpg","articleSection":["Mundo","\u00daltimas"],"inLanguage":"pt-PT","potentialAction":[{"@type":"CommentAction","name":"Comment","target":["https:\/\/brasilnoticias.org\/site\/ucrania-diz-perder-guerra-para-russia-no-leste-por-falta-de-municao\/#respond"]}]},{"@type":"WebPage","@id":"https:\/\/brasilnoticias.org\/site\/ucrania-diz-perder-guerra-para-russia-no-leste-por-falta-de-municao\/","url":"https:\/\/brasilnoticias.org\/site\/ucrania-diz-perder-guerra-para-russia-no-leste-por-falta-de-municao\/","name":"Ucr\u00e2nia diz perder guerra para R\u00fassia no leste por falta de muni\u00e7\u00e3o - Brasil not\u00edcias","isPartOf":{"@id":"https:\/\/brasilnoticias.org\/site\/#website"},"primaryImageOfPage":{"@id":"https:\/\/brasilnoticias.org\/site\/ucrania-diz-perder-guerra-para-russia-no-leste-por-falta-de-municao\/#primaryimage"},"image":{"@id":"https:\/\/brasilnoticias.org\/site\/ucrania-diz-perder-guerra-para-russia-no-leste-por-falta-de-municao\/#primaryimage"},"thumbnailUrl":"https:\/\/brasilnoticias.org\/site\/wp-content\/uploads\/2022\/06\/presidente_ucrania_widelg.jpg","datePublished":"2022-06-10T15:14:28+00:00","breadcrumb":{"@id":"https:\/\/brasilnoticias.org\/site\/ucrania-diz-perder-guerra-para-russia-no-leste-por-falta-de-municao\/#breadcrumb"},"inLanguage":"pt-PT","potentialAction":[{"@type":"ReadAction","target":["https:\/\/brasilnoticias.org\/site\/ucrania-diz-perder-guerra-para-russia-no-leste-por-falta-de-municao\/"]}]},{"@type":"ImageObject","inLanguage":"pt-PT","@id":"https:\/\/brasilnoticias.org\/site\/ucrania-diz-perder-guerra-para-russia-no-leste-por-falta-de-municao\/#primaryimage","url":"https:\/\/brasilnoticias.org\/site\/wp-content\/uploads\/2022\/06\/presidente_ucrania_widelg.jpg","contentUrl":"https:\/\/brasilnoticias.org\/site\/wp-content\/uploads\/2022\/06\/presidente_ucrania_widelg.jpg","width":800,"height":450},{"@type":"BreadcrumbList","@id":"https:\/\/brasilnoticias.org\/site\/ucrania-diz-perder-guerra-para-russia-no-leste-por-falta-de-municao\/#breadcrumb","itemListElement":[{"@type":"ListItem","position":1,"name":"In\u00edcio","item":"https:\/\/brasilnoticias.org\/site\/"},{"@type":"ListItem","position":2,"name":"Ucr\u00e2nia diz perder guerra para R\u00fassia no leste por falta de muni\u00e7\u00e3o"}]},{"@type":"WebSite","@id":"https:\/\/brasilnoticias.org\/site\/#website","url":"https:\/\/brasilnoticias.org\/site\/","name":"Brasil not\u00edcias","description":"Brasil not\u00edcias","publisher":{"@id":"https:\/\/brasilnoticias.org\/site\/#organization"},"potentialAction":[{"@type":"SearchAction","target":{"@type":"EntryPoint","urlTemplate":"https:\/\/brasilnoticias.org\/site\/?s={search_term_string}"},"query-input":{"@type":"PropertyValueSpecification","valueRequired":true,"valueName":"search_term_string"}}],"inLanguage":"pt-PT"},{"@type":"Organization","@id":"https:\/\/brasilnoticias.org\/site\/#organization","name":"Brasil not\u00edcias","url":"https:\/\/brasilnoticias.org\/site\/","logo":{"@type":"ImageObject","inLanguage":"pt-PT","@id":"https:\/\/brasilnoticias.org\/site\/#\/schema\/logo\/image\/","url":"https:\/\/brasilnoticias.org\/site\/wp-content\/uploads\/2022\/05\/cropped-brasilnoticias-mini.jpg","contentUrl":"https:\/\/brasilnoticias.org\/site\/wp-content\/uploads\/2022\/05\/cropped-brasilnoticias-mini.jpg","width":314,"height":86,"caption":"Brasil not\u00edcias"},"image":{"@id":"https:\/\/brasilnoticias.org\/site\/#\/schema\/logo\/image\/"}},{"@type":"Person","@id":"https:\/\/brasilnoticias.org\/site\/#\/schema\/person\/f609fa847b5314f1c8b983342f34c798","name":"Reda\u00e7\u00e3o","image":{"@type":"ImageObject","inLanguage":"pt-PT","@id":"https:\/\/brasilnoticias.org\/site\/#\/schema\/person\/image\/","url":"https:\/\/secure.gravatar.com\/avatar\/447284c06c1ad8b46465a36de9cd0d8326b73387a22799b8b1ffb1fbcff2ed0c?s=96&d=mm&r=g","contentUrl":"https:\/\/secure.gravatar.com\/avatar\/447284c06c1ad8b46465a36de9cd0d8326b73387a22799b8b1ffb1fbcff2ed0c?s=96&d=mm&r=g","caption":"Reda\u00e7\u00e3o"},"url":"https:\/\/brasilnoticias.org\/site\/author\/redacao\/"}]}},"_links":{"self":[{"href":"https:\/\/brasilnoticias.org\/site\/wp-json\/wp\/v2\/posts\/853","targetHints":{"allow":["GET"]}}],"collection":[{"href":"https:\/\/brasilnoticias.org\/site\/wp-json\/wp\/v2\/posts"}],"about":[{"href":"https:\/\/brasilnoticias.org\/site\/wp-json\/wp\/v2\/types\/post"}],"author":[{"embeddable":true,"href":"https:\/\/brasilnoticias.org\/site\/wp-json\/wp\/v2\/users\/2"}],"replies":[{"embeddable":true,"href":"https:\/\/brasilnoticias.org\/site\/wp-json\/wp\/v2\/comments?post=853"}],"version-history":[{"count":1,"href":"https:\/\/brasilnoticias.org\/site\/wp-json\/wp\/v2\/posts\/853\/revisions"}],"predecessor-version":[{"id":855,"href":"https:\/\/brasilnoticias.org\/site\/wp-json\/wp\/v2\/posts\/853\/revisions\/855"}],"wp:featuredmedia":[{"embeddable":true,"href":"https:\/\/brasilnoticias.org\/site\/wp-json\/wp\/v2\/media\/854"}],"wp:attachment":[{"href":"https:\/\/brasilnoticias.org\/site\/wp-json\/wp\/v2\/media?parent=853"}],"wp:term":[{"taxonomy":"category","embeddable":true,"href":"https:\/\/brasilnoticias.org\/site\/wp-json\/wp\/v2\/categories?post=853"},{"taxonomy":"post_tag","embeddable":true,"href":"https:\/\/brasilnoticias.org\/site\/wp-json\/wp\/v2\/tags?post=853"}],"curies":[{"name":"wp","href":"https:\/\/api.w.org\/{rel}","templated":true}]}}