{"id":8532,"date":"2023-08-23T06:00:20","date_gmt":"2023-08-23T09:00:20","guid":{"rendered":"https:\/\/brasilnoticias.org\/site\/?p=8532"},"modified":"2023-08-22T20:41:07","modified_gmt":"2023-08-22T23:41:07","slug":"herancas-da-pandemia-ifba-retoma-provas-para-processo-seletivo-depois-de-tres-anos-de-suspensao","status":"publish","type":"post","link":"https:\/\/brasilnoticias.org\/site\/herancas-da-pandemia-ifba-retoma-provas-para-processo-seletivo-depois-de-tres-anos-de-suspensao\/","title":{"rendered":"Heran\u00e7as da pandemia: IFBA retoma provas para processo seletivo depois de tr\u00eas anos de suspens\u00e3o"},"content":{"rendered":"<p>Al\u00e9m da suspens\u00e3o das provas, IFBA sofreu impactos da pandemia relacionados \u00e0 evas\u00e3o escolar e ensino remoto<\/p>\n<p>Ap\u00f3s tr\u00eas anos, o Instituto Federal de Educa\u00e7\u00e3o, Ci\u00eancia e Tecnologia da Bahia (IFBA) retorna com a aplica\u00e7\u00e3o de provas escritas presenciais, visando o ingresso de estudantes para o ano letivo de 2024. Por causa da pandemia de Covid-19 e as restri\u00e7\u00f5es sanit\u00e1rias, al\u00e9m da virtualiza\u00e7\u00e3o das aulas, a institui\u00e7\u00e3o adotou um processo seletivo baseado em an\u00e1lise curricular. O modelo adotado na emerg\u00eancia sanit\u00e1ria garantiu o funcionamento do Instituto, mas rendeu algumas cr\u00edticas ao formato.<\/p>\n<p>O Aratu On foi at\u00e9 a institui\u00e7\u00e3o ver os reflexos da pandemia nos corredores do Campus Salvador. Representantes da institui\u00e7\u00e3o e estudantes foram ouvidos e expuseram seus pontos sobre o per\u00edodo da pandemia e como est\u00e1 a quest\u00e3o educacional nessa retomada p\u00f3s-pand\u00eamica.<\/p>\n<p>PROCESSO SELETIVO 2024<\/p>\n<p>O processo de ingresso ser\u00e1 feito a partir aplica\u00e7\u00e3o de provas com quest\u00f5es objetivas, aplicadas no dia 29 de novembro. S\u00e3o mais de 3 mil vagas, para as 22 unidades do IFBA no estado. Apenas no Campus Salvador, s\u00e3o 585 vagas dispon\u00edveis para os cursos: Automa\u00e7\u00e3o Industrial, Eletrot\u00e9cnica, Geologia, Qu\u00edmica, Refrigera\u00e7\u00e3o, Edifica\u00e7\u00f5es, Mec\u00e2nica e Eletr\u00f4nica.<\/p>\n<p>Do total de vagas, 60% s\u00e3o reservadas para cotas, distribu\u00eddas da seguinte maneira:<\/p>\n<p>As inscri\u00e7\u00f5es seguem at\u00e9 o dia 22 de setembro e a taxa da prova \u00e9 de R$ 50. Os detalhes sobre o processo seletivo, bem como os temas cobrados na avalia\u00e7\u00e3o e dados sobre as vagas podem ser encontrados no edital do processo e tamb\u00e9m no site portal.ifba.edu.br\/processoseletivo2024.<\/p>\n<p>As inscri\u00e7\u00f5es seguem at\u00e9 o dia 22 de setembro e a taxa da prova \u00e9 de R$ 50. Os detalhes sobre o processo seletivo, bem como os temas cobrados na avalia\u00e7\u00e3o e dados sobre as vagas podem ser encontrados no edital do processo e tamb\u00e9m no site portal.ifba.edu.br\/processoseletivo2024.<\/p>\n<p>OUTRA FORMA DE INGRESSO<\/p>\n<p>Com a impossibilidade de se realizar alguma avalia\u00e7\u00e3o presencial para o ingresso de estudantes em 2020, a institui\u00e7\u00e3o optou por adotar um processo seletivo baseado em \u201cAn\u00e1lise de Hist\u00f3rico Escolar\u201d, onde o desempenho do estudante no ensino fundamental, atrav\u00e9s das notas obtidas, serviam como balizador para o ingresso ou n\u00e3o.<\/p>\n<p>De acordo com o Pr\u00f3-Reitor de Ensino do IFBA, o Prof. Dr. Jancarlos Lapa, a medida adotada permitiu que houvesse algum rigor na sele\u00e7\u00e3o, dada as condi\u00e7\u00f5es vigentes. \u201cDe certa forma \u00e9 um processo meio autocr\u00e1tico, tal como eram as provas, com a uma diferen\u00e7a de que, nas provas, voc\u00ea tinha uma meritocracia pontual, \u00fanica, enquanto que pelo hist\u00f3rico voc\u00ea analisava o processo de provas ao longo de v\u00e1rios anos.\u201d<\/p>\n<p>Uma vez que n\u00e3o houve processo seletivo em 2020, visando o ano posterior, foram realizados duas edi\u00e7\u00f5es em 2021, al\u00e9m de mais um processo, para o ingresso em 2023 (feito em 2022), utilizando os crit\u00e9rios de an\u00e1lise curricular. De acordo com dados fornecidos pela Assessoria de Comunica\u00e7\u00e3o da institui\u00e7\u00e3o, o n\u00famero de inscritos nos processos seletivos foi:<\/p>\n<p>Para Newton, a quest\u00e3o da perman\u00eancia na institui\u00e7\u00e3o e a consequente finaliza\u00e7\u00e3o do curso escolhido deve ser visto como prioridade, cabendo \u00e0 institui\u00e7\u00e3o a obriga\u00e7\u00e3o de oferecer ferramentas para que esse jovem busque-as e consigam trabalhar suas dificuldades em termos de conte\u00fados e, se poss\u00edvel, elimin\u00e1-las.<\/p>\n<p>De acordo com o professor, o \u2018segredo\u2019 para ir bem na prova passa muito por uma prepara\u00e7\u00e3o bem feita e uma disciplina nos estudos. \u201c\u00c9 pegar os conte\u00fados em edital e manter uma rotina de estudos, fazer exerc\u00edcios. Pegar provas antigas e trabalhar em cima dos conte\u00fados que foram cobrados\u201d.<\/p>\n<p>DIFICULDADES DO ENSINO REMOTO<\/p>\n<p>Com a pandemia, o IFBA adotou algumas medidas para que as atividades n\u00e3o fossem interrompidas, prejudicando o aprendizado dos estudantes. Os encontros entre alunos e professores foram virtualizados e realizados por meio de plataformas de reuni\u00e3o, tablets foram disponibilizados para parte dos alunos que n\u00e3o possu\u00edam recursos m\u00ednimos para as aulas, como celulares ou computadores, sem falar em materiais de estudo. Apesar disso, os impactos no aprendizado foram significativos.<\/p>\n<p>\u201cFoi sofrido, para mim, aprender na pandemia e eu digo que aprendi muito pouco\u201d, afirmou o estudante do curso de Automa\u00e7\u00e3o Industrial, Rafael Neves. Relembrando as dificuldades pand\u00eamicas, ele lembra que para os pr\u00f3prios professores foi um processo delicado, uma vez que toda essa mudan\u00e7a de did\u00e1tica e tamb\u00e9m formato de aulas acabaram sendo profundas. Para ele, o retorno ao formato presencial veio acompanhado de um deficit grande de aprendizado, exigindo um esfor\u00e7o maior para \u201ccorrer atr\u00e1s do balde\u201d.<\/p>\n<p>Para Newton, a quest\u00e3o da perman\u00eancia na institui\u00e7\u00e3o e a consequente finaliza\u00e7\u00e3o do curso escolhido deve ser visto como prioridade, cabendo \u00e0 institui\u00e7\u00e3o a obriga\u00e7\u00e3o de oferecer ferramentas para que esse jovem busque-as e consigam trabalhar suas dificuldades em termos de conte\u00fados e, se poss\u00edvel, elimin\u00e1-las.<\/p>\n<p>De acordo com o professor, o \u2018segredo\u2019 para ir bem na prova passa muito por uma prepara\u00e7\u00e3o bem feita e uma disciplina nos estudos. \u201c\u00c9 pegar os conte\u00fados em edital e manter uma rotina de estudos, fazer exerc\u00edcios. Pegar provas antigas e trabalhar em cima dos conte\u00fados que foram cobrados\u201d.<\/p>\n<p>DIFICULDADES DO ENSINO REMOTO<\/p>\n<p>Com a pandemia, o IFBA adotou algumas medidas para que as atividades n\u00e3o fossem interrompidas, prejudicando o aprendizado dos estudantes. Os encontros entre alunos e professores foram virtualizados e realizados por meio de plataformas de reuni\u00e3o, tablets foram disponibilizados para parte dos alunos que n\u00e3o possu\u00edam recursos m\u00ednimos para as aulas, como celulares ou computadores, sem falar em materiais de estudo. Apesar disso, os impactos no aprendizado foram significativos.<\/p>\n<p>\u201cFoi sofrido, para mim, aprender na pandemia e eu digo que aprendi muito pouco\u201d, afirmou o estudante do curso de Automa\u00e7\u00e3o Industrial, Rafael Neves. Relembrando as dificuldades pand\u00eamicas, ele lembra que para os pr\u00f3prios professores foi um processo delicado, uma vez que toda essa mudan\u00e7a de did\u00e1tica e tamb\u00e9m formato de aulas acabaram sendo profundas. Para ele, o retorno ao formato presencial veio acompanhado de um deficit grande de aprendizado, exigindo um esfor\u00e7o maior para \u201ccorrer atr\u00e1s do balde\u201d.<\/p>\n<p>Colunista On e Coordenador do Curso da Licenciatura de Geografia do Campus Salvador, o Prof. Me. Ubiraci Carlucio (Professor Bira), relatou tamb\u00e9m como foi lecionar em um momento conturbado como a pandemia, em um cen\u00e1rio onde os estudantes acabaram sendo \u2018reduzidos\u2019 a imagens virtuais.<\/p>\n<p>\u201cFoi desafiador porque, na verdade, tiveram que ser criadas solu\u00e7\u00f5es de uma forma muito repentina. M\u00e9todos, metodologias did\u00e1ticas para adapta\u00e7\u00e3o do ensino remoto, tudo isso precisou ser feito rapidamente para n\u00e3o desamparar os estudantes da institui\u00e7\u00e3o\u201d, afirmou o educador.<\/p>\n<p>\u201cPERMAN\u00caNCIA \u00c9 PRIORIDADE\u201d<\/p>\n<p>Mais que apenas fazer com que o estudante ingresse na institui\u00e7\u00e3o, os desafios em torno do ensino, nesse caso, t\u00e9cnico, v\u00e3o muito al\u00e9m disso, sendo a perman\u00eancia, uma das quest\u00f5es mais delicadas para as institui\u00e7\u00f5es. Apenas em 2022, a taxa de evas\u00e3o registrada no IFBA foi de 14,96%. Segundo o professor Jancarlos, \u201cn\u00e3o basta acessar, tem que terminar [os cursos]. Nesse processo de retomada tivemos que garantir a esses estudantes e esses campus que eles tivessem uma estrutura adequada, que houvesse um investimento maior nos aux\u00edlios estudantis, para fazer com que o estudante continuasse\u201d.<\/p>\n<p>Foto: Divulga\u00e7\u00e3o\/IFBA<br \/>\nAratu On<\/p>\n","protected":false},"excerpt":{"rendered":"<p>Al\u00e9m da suspens\u00e3o das provas, IFBA sofreu impactos da pandemia relacionados \u00e0 evas\u00e3o escolar e ensino remoto Ap\u00f3s tr\u00eas anos,<\/p>\n","protected":false},"author":4,"featured_media":8533,"comment_status":"open","ping_status":"open","sticky":false,"template":"","format":"standard","meta":{"colormag_page_container_layout":"default_layout","colormag_page_sidebar_layout":"default_layout","_FSMCFIC_featured_image_caption":"","_FSMCFIC_featured_image_nocaption":"","_FSMCFIC_featured_image_hide":"","footnotes":""},"categories":[2,1],"tags":[],"class_list":["post-8532","post","type-post","status-publish","format-standard","has-post-thumbnail","hentry","category-noticias","category-ultimas"],"yoast_head":"<!-- This site is optimized with the Yoast SEO plugin v27.1.1 - https:\/\/yoast.com\/product\/yoast-seo-wordpress\/ -->\n<title>Heran\u00e7as da pandemia: IFBA retoma provas para processo seletivo depois de tr\u00eas anos de suspens\u00e3o - Brasil not\u00edcias<\/title>\n<meta name=\"robots\" content=\"index, follow, max-snippet:-1, max-image-preview:large, max-video-preview:-1\" \/>\n<link rel=\"canonical\" href=\"https:\/\/brasilnoticias.org\/site\/herancas-da-pandemia-ifba-retoma-provas-para-processo-seletivo-depois-de-tres-anos-de-suspensao\/\" \/>\n<meta property=\"og:locale\" content=\"pt_PT\" \/>\n<meta property=\"og:type\" content=\"article\" \/>\n<meta property=\"og:title\" content=\"Heran\u00e7as da pandemia: IFBA retoma provas para processo seletivo depois de tr\u00eas anos de suspens\u00e3o - Brasil not\u00edcias\" \/>\n<meta property=\"og:description\" content=\"Al\u00e9m da suspens\u00e3o das provas, IFBA sofreu impactos da pandemia relacionados \u00e0 evas\u00e3o escolar e ensino remoto Ap\u00f3s tr\u00eas anos,\" \/>\n<meta property=\"og:url\" content=\"https:\/\/brasilnoticias.org\/site\/herancas-da-pandemia-ifba-retoma-provas-para-processo-seletivo-depois-de-tres-anos-de-suspensao\/\" \/>\n<meta property=\"og:site_name\" content=\"Brasil not\u00edcias\" \/>\n<meta property=\"article:published_time\" content=\"2023-08-23T09:00:20+00:00\" \/>\n<meta property=\"og:image\" content=\"https:\/\/brasilnoticias.org\/site\/wp-content\/uploads\/2023\/08\/cotas-768x394-1.jpg\" \/>\n\t<meta property=\"og:image:width\" content=\"768\" \/>\n\t<meta property=\"og:image:height\" content=\"394\" \/>\n\t<meta property=\"og:image:type\" content=\"image\/jpeg\" \/>\n<meta name=\"author\" content=\"Reda\u00e7\u00e3o\" \/>\n<meta name=\"twitter:card\" content=\"summary_large_image\" \/>\n<meta name=\"twitter:label1\" content=\"Escrito por\" \/>\n\t<meta name=\"twitter:data1\" content=\"Reda\u00e7\u00e3o\" \/>\n<script type=\"application\/ld+json\" class=\"yoast-schema-graph\">{\"@context\":\"https:\/\/schema.org\",\"@graph\":[{\"@type\":\"Article\",\"@id\":\"https:\/\/brasilnoticias.org\/site\/herancas-da-pandemia-ifba-retoma-provas-para-processo-seletivo-depois-de-tres-anos-de-suspensao\/#article\",\"isPartOf\":{\"@id\":\"https:\/\/brasilnoticias.org\/site\/herancas-da-pandemia-ifba-retoma-provas-para-processo-seletivo-depois-de-tres-anos-de-suspensao\/\"},\"author\":{\"name\":\"Reda\u00e7\u00e3o\",\"@id\":\"https:\/\/brasilnoticias.org\/site\/#\/schema\/person\/03bbbfe6c7634ad18c26444ea39049fa\"},\"headline\":\"Heran\u00e7as da pandemia: IFBA retoma provas para processo seletivo depois de tr\u00eas anos de suspens\u00e3o\",\"datePublished\":\"2023-08-23T09:00:20+00:00\",\"mainEntityOfPage\":{\"@id\":\"https:\/\/brasilnoticias.org\/site\/herancas-da-pandemia-ifba-retoma-provas-para-processo-seletivo-depois-de-tres-anos-de-suspensao\/\"},\"wordCount\":1298,\"commentCount\":0,\"publisher\":{\"@id\":\"https:\/\/brasilnoticias.org\/site\/#organization\"},\"image\":{\"@id\":\"https:\/\/brasilnoticias.org\/site\/herancas-da-pandemia-ifba-retoma-provas-para-processo-seletivo-depois-de-tres-anos-de-suspensao\/#primaryimage\"},\"thumbnailUrl\":\"https:\/\/brasilnoticias.org\/site\/wp-content\/uploads\/2023\/08\/cotas-768x394-1.jpg\",\"articleSection\":[\"Not\u00edcias\",\"\u00daltimas\"],\"inLanguage\":\"pt-PT\",\"potentialAction\":[{\"@type\":\"CommentAction\",\"name\":\"Comment\",\"target\":[\"https:\/\/brasilnoticias.org\/site\/herancas-da-pandemia-ifba-retoma-provas-para-processo-seletivo-depois-de-tres-anos-de-suspensao\/#respond\"]}]},{\"@type\":\"WebPage\",\"@id\":\"https:\/\/brasilnoticias.org\/site\/herancas-da-pandemia-ifba-retoma-provas-para-processo-seletivo-depois-de-tres-anos-de-suspensao\/\",\"url\":\"https:\/\/brasilnoticias.org\/site\/herancas-da-pandemia-ifba-retoma-provas-para-processo-seletivo-depois-de-tres-anos-de-suspensao\/\",\"name\":\"Heran\u00e7as da pandemia: IFBA retoma provas para processo seletivo depois de tr\u00eas anos de suspens\u00e3o - Brasil not\u00edcias\",\"isPartOf\":{\"@id\":\"https:\/\/brasilnoticias.org\/site\/#website\"},\"primaryImageOfPage\":{\"@id\":\"https:\/\/brasilnoticias.org\/site\/herancas-da-pandemia-ifba-retoma-provas-para-processo-seletivo-depois-de-tres-anos-de-suspensao\/#primaryimage\"},\"image\":{\"@id\":\"https:\/\/brasilnoticias.org\/site\/herancas-da-pandemia-ifba-retoma-provas-para-processo-seletivo-depois-de-tres-anos-de-suspensao\/#primaryimage\"},\"thumbnailUrl\":\"https:\/\/brasilnoticias.org\/site\/wp-content\/uploads\/2023\/08\/cotas-768x394-1.jpg\",\"datePublished\":\"2023-08-23T09:00:20+00:00\",\"breadcrumb\":{\"@id\":\"https:\/\/brasilnoticias.org\/site\/herancas-da-pandemia-ifba-retoma-provas-para-processo-seletivo-depois-de-tres-anos-de-suspensao\/#breadcrumb\"},\"inLanguage\":\"pt-PT\",\"potentialAction\":[{\"@type\":\"ReadAction\",\"target\":[\"https:\/\/brasilnoticias.org\/site\/herancas-da-pandemia-ifba-retoma-provas-para-processo-seletivo-depois-de-tres-anos-de-suspensao\/\"]}]},{\"@type\":\"ImageObject\",\"inLanguage\":\"pt-PT\",\"@id\":\"https:\/\/brasilnoticias.org\/site\/herancas-da-pandemia-ifba-retoma-provas-para-processo-seletivo-depois-de-tres-anos-de-suspensao\/#primaryimage\",\"url\":\"https:\/\/brasilnoticias.org\/site\/wp-content\/uploads\/2023\/08\/cotas-768x394-1.jpg\",\"contentUrl\":\"https:\/\/brasilnoticias.org\/site\/wp-content\/uploads\/2023\/08\/cotas-768x394-1.jpg\",\"width\":768,\"height\":394},{\"@type\":\"BreadcrumbList\",\"@id\":\"https:\/\/brasilnoticias.org\/site\/herancas-da-pandemia-ifba-retoma-provas-para-processo-seletivo-depois-de-tres-anos-de-suspensao\/#breadcrumb\",\"itemListElement\":[{\"@type\":\"ListItem\",\"position\":1,\"name\":\"In\u00edcio\",\"item\":\"https:\/\/brasilnoticias.org\/site\/\"},{\"@type\":\"ListItem\",\"position\":2,\"name\":\"Heran\u00e7as da pandemia: IFBA retoma provas para processo seletivo depois de tr\u00eas anos de suspens\u00e3o\"}]},{\"@type\":\"WebSite\",\"@id\":\"https:\/\/brasilnoticias.org\/site\/#website\",\"url\":\"https:\/\/brasilnoticias.org\/site\/\",\"name\":\"Brasil not\u00edcias\",\"description\":\"Brasil not\u00edcias\",\"publisher\":{\"@id\":\"https:\/\/brasilnoticias.org\/site\/#organization\"},\"potentialAction\":[{\"@type\":\"SearchAction\",\"target\":{\"@type\":\"EntryPoint\",\"urlTemplate\":\"https:\/\/brasilnoticias.org\/site\/?s={search_term_string}\"},\"query-input\":{\"@type\":\"PropertyValueSpecification\",\"valueRequired\":true,\"valueName\":\"search_term_string\"}}],\"inLanguage\":\"pt-PT\"},{\"@type\":\"Organization\",\"@id\":\"https:\/\/brasilnoticias.org\/site\/#organization\",\"name\":\"Brasil not\u00edcias\",\"url\":\"https:\/\/brasilnoticias.org\/site\/\",\"logo\":{\"@type\":\"ImageObject\",\"inLanguage\":\"pt-PT\",\"@id\":\"https:\/\/brasilnoticias.org\/site\/#\/schema\/logo\/image\/\",\"url\":\"https:\/\/brasilnoticias.org\/site\/wp-content\/uploads\/2022\/05\/cropped-brasilnoticias-mini.jpg\",\"contentUrl\":\"https:\/\/brasilnoticias.org\/site\/wp-content\/uploads\/2022\/05\/cropped-brasilnoticias-mini.jpg\",\"width\":314,\"height\":86,\"caption\":\"Brasil not\u00edcias\"},\"image\":{\"@id\":\"https:\/\/brasilnoticias.org\/site\/#\/schema\/logo\/image\/\"}},{\"@type\":\"Person\",\"@id\":\"https:\/\/brasilnoticias.org\/site\/#\/schema\/person\/03bbbfe6c7634ad18c26444ea39049fa\",\"name\":\"Reda\u00e7\u00e3o\",\"image\":{\"@type\":\"ImageObject\",\"inLanguage\":\"pt-PT\",\"@id\":\"https:\/\/brasilnoticias.org\/site\/#\/schema\/person\/image\/\",\"url\":\"https:\/\/secure.gravatar.com\/avatar\/9ecaf7327a696cb23ad926fedded5f1f04d7049de9e445375d55b48c001a6e42?s=96&d=mm&r=g\",\"contentUrl\":\"https:\/\/secure.gravatar.com\/avatar\/9ecaf7327a696cb23ad926fedded5f1f04d7049de9e445375d55b48c001a6e42?s=96&d=mm&r=g\",\"caption\":\"Reda\u00e7\u00e3o\"},\"url\":\"https:\/\/brasilnoticias.org\/site\/author\/henrique\/\"}]}<\/script>\n<!-- \/ Yoast SEO plugin. -->","yoast_head_json":{"title":"Heran\u00e7as da pandemia: IFBA retoma provas para processo seletivo depois de tr\u00eas anos de suspens\u00e3o - Brasil not\u00edcias","robots":{"index":"index","follow":"follow","max-snippet":"max-snippet:-1","max-image-preview":"max-image-preview:large","max-video-preview":"max-video-preview:-1"},"canonical":"https:\/\/brasilnoticias.org\/site\/herancas-da-pandemia-ifba-retoma-provas-para-processo-seletivo-depois-de-tres-anos-de-suspensao\/","og_locale":"pt_PT","og_type":"article","og_title":"Heran\u00e7as da pandemia: IFBA retoma provas para processo seletivo depois de tr\u00eas anos de suspens\u00e3o - Brasil not\u00edcias","og_description":"Al\u00e9m da suspens\u00e3o das provas, IFBA sofreu impactos da pandemia relacionados \u00e0 evas\u00e3o escolar e ensino remoto Ap\u00f3s tr\u00eas anos,","og_url":"https:\/\/brasilnoticias.org\/site\/herancas-da-pandemia-ifba-retoma-provas-para-processo-seletivo-depois-de-tres-anos-de-suspensao\/","og_site_name":"Brasil not\u00edcias","article_published_time":"2023-08-23T09:00:20+00:00","og_image":[{"width":768,"height":394,"url":"https:\/\/brasilnoticias.org\/site\/wp-content\/uploads\/2023\/08\/cotas-768x394-1.jpg","type":"image\/jpeg"}],"author":"Reda\u00e7\u00e3o","twitter_card":"summary_large_image","twitter_misc":{"Escrito por":"Reda\u00e7\u00e3o"},"schema":{"@context":"https:\/\/schema.org","@graph":[{"@type":"Article","@id":"https:\/\/brasilnoticias.org\/site\/herancas-da-pandemia-ifba-retoma-provas-para-processo-seletivo-depois-de-tres-anos-de-suspensao\/#article","isPartOf":{"@id":"https:\/\/brasilnoticias.org\/site\/herancas-da-pandemia-ifba-retoma-provas-para-processo-seletivo-depois-de-tres-anos-de-suspensao\/"},"author":{"name":"Reda\u00e7\u00e3o","@id":"https:\/\/brasilnoticias.org\/site\/#\/schema\/person\/03bbbfe6c7634ad18c26444ea39049fa"},"headline":"Heran\u00e7as da pandemia: IFBA retoma provas para processo seletivo depois de tr\u00eas anos de suspens\u00e3o","datePublished":"2023-08-23T09:00:20+00:00","mainEntityOfPage":{"@id":"https:\/\/brasilnoticias.org\/site\/herancas-da-pandemia-ifba-retoma-provas-para-processo-seletivo-depois-de-tres-anos-de-suspensao\/"},"wordCount":1298,"commentCount":0,"publisher":{"@id":"https:\/\/brasilnoticias.org\/site\/#organization"},"image":{"@id":"https:\/\/brasilnoticias.org\/site\/herancas-da-pandemia-ifba-retoma-provas-para-processo-seletivo-depois-de-tres-anos-de-suspensao\/#primaryimage"},"thumbnailUrl":"https:\/\/brasilnoticias.org\/site\/wp-content\/uploads\/2023\/08\/cotas-768x394-1.jpg","articleSection":["Not\u00edcias","\u00daltimas"],"inLanguage":"pt-PT","potentialAction":[{"@type":"CommentAction","name":"Comment","target":["https:\/\/brasilnoticias.org\/site\/herancas-da-pandemia-ifba-retoma-provas-para-processo-seletivo-depois-de-tres-anos-de-suspensao\/#respond"]}]},{"@type":"WebPage","@id":"https:\/\/brasilnoticias.org\/site\/herancas-da-pandemia-ifba-retoma-provas-para-processo-seletivo-depois-de-tres-anos-de-suspensao\/","url":"https:\/\/brasilnoticias.org\/site\/herancas-da-pandemia-ifba-retoma-provas-para-processo-seletivo-depois-de-tres-anos-de-suspensao\/","name":"Heran\u00e7as da pandemia: IFBA retoma provas para processo seletivo depois de tr\u00eas anos de suspens\u00e3o - Brasil not\u00edcias","isPartOf":{"@id":"https:\/\/brasilnoticias.org\/site\/#website"},"primaryImageOfPage":{"@id":"https:\/\/brasilnoticias.org\/site\/herancas-da-pandemia-ifba-retoma-provas-para-processo-seletivo-depois-de-tres-anos-de-suspensao\/#primaryimage"},"image":{"@id":"https:\/\/brasilnoticias.org\/site\/herancas-da-pandemia-ifba-retoma-provas-para-processo-seletivo-depois-de-tres-anos-de-suspensao\/#primaryimage"},"thumbnailUrl":"https:\/\/brasilnoticias.org\/site\/wp-content\/uploads\/2023\/08\/cotas-768x394-1.jpg","datePublished":"2023-08-23T09:00:20+00:00","breadcrumb":{"@id":"https:\/\/brasilnoticias.org\/site\/herancas-da-pandemia-ifba-retoma-provas-para-processo-seletivo-depois-de-tres-anos-de-suspensao\/#breadcrumb"},"inLanguage":"pt-PT","potentialAction":[{"@type":"ReadAction","target":["https:\/\/brasilnoticias.org\/site\/herancas-da-pandemia-ifba-retoma-provas-para-processo-seletivo-depois-de-tres-anos-de-suspensao\/"]}]},{"@type":"ImageObject","inLanguage":"pt-PT","@id":"https:\/\/brasilnoticias.org\/site\/herancas-da-pandemia-ifba-retoma-provas-para-processo-seletivo-depois-de-tres-anos-de-suspensao\/#primaryimage","url":"https:\/\/brasilnoticias.org\/site\/wp-content\/uploads\/2023\/08\/cotas-768x394-1.jpg","contentUrl":"https:\/\/brasilnoticias.org\/site\/wp-content\/uploads\/2023\/08\/cotas-768x394-1.jpg","width":768,"height":394},{"@type":"BreadcrumbList","@id":"https:\/\/brasilnoticias.org\/site\/herancas-da-pandemia-ifba-retoma-provas-para-processo-seletivo-depois-de-tres-anos-de-suspensao\/#breadcrumb","itemListElement":[{"@type":"ListItem","position":1,"name":"In\u00edcio","item":"https:\/\/brasilnoticias.org\/site\/"},{"@type":"ListItem","position":2,"name":"Heran\u00e7as da pandemia: IFBA retoma provas para processo seletivo depois de tr\u00eas anos de suspens\u00e3o"}]},{"@type":"WebSite","@id":"https:\/\/brasilnoticias.org\/site\/#website","url":"https:\/\/brasilnoticias.org\/site\/","name":"Brasil not\u00edcias","description":"Brasil not\u00edcias","publisher":{"@id":"https:\/\/brasilnoticias.org\/site\/#organization"},"potentialAction":[{"@type":"SearchAction","target":{"@type":"EntryPoint","urlTemplate":"https:\/\/brasilnoticias.org\/site\/?s={search_term_string}"},"query-input":{"@type":"PropertyValueSpecification","valueRequired":true,"valueName":"search_term_string"}}],"inLanguage":"pt-PT"},{"@type":"Organization","@id":"https:\/\/brasilnoticias.org\/site\/#organization","name":"Brasil not\u00edcias","url":"https:\/\/brasilnoticias.org\/site\/","logo":{"@type":"ImageObject","inLanguage":"pt-PT","@id":"https:\/\/brasilnoticias.org\/site\/#\/schema\/logo\/image\/","url":"https:\/\/brasilnoticias.org\/site\/wp-content\/uploads\/2022\/05\/cropped-brasilnoticias-mini.jpg","contentUrl":"https:\/\/brasilnoticias.org\/site\/wp-content\/uploads\/2022\/05\/cropped-brasilnoticias-mini.jpg","width":314,"height":86,"caption":"Brasil not\u00edcias"},"image":{"@id":"https:\/\/brasilnoticias.org\/site\/#\/schema\/logo\/image\/"}},{"@type":"Person","@id":"https:\/\/brasilnoticias.org\/site\/#\/schema\/person\/03bbbfe6c7634ad18c26444ea39049fa","name":"Reda\u00e7\u00e3o","image":{"@type":"ImageObject","inLanguage":"pt-PT","@id":"https:\/\/brasilnoticias.org\/site\/#\/schema\/person\/image\/","url":"https:\/\/secure.gravatar.com\/avatar\/9ecaf7327a696cb23ad926fedded5f1f04d7049de9e445375d55b48c001a6e42?s=96&d=mm&r=g","contentUrl":"https:\/\/secure.gravatar.com\/avatar\/9ecaf7327a696cb23ad926fedded5f1f04d7049de9e445375d55b48c001a6e42?s=96&d=mm&r=g","caption":"Reda\u00e7\u00e3o"},"url":"https:\/\/brasilnoticias.org\/site\/author\/henrique\/"}]}},"_links":{"self":[{"href":"https:\/\/brasilnoticias.org\/site\/wp-json\/wp\/v2\/posts\/8532","targetHints":{"allow":["GET"]}}],"collection":[{"href":"https:\/\/brasilnoticias.org\/site\/wp-json\/wp\/v2\/posts"}],"about":[{"href":"https:\/\/brasilnoticias.org\/site\/wp-json\/wp\/v2\/types\/post"}],"author":[{"embeddable":true,"href":"https:\/\/brasilnoticias.org\/site\/wp-json\/wp\/v2\/users\/4"}],"replies":[{"embeddable":true,"href":"https:\/\/brasilnoticias.org\/site\/wp-json\/wp\/v2\/comments?post=8532"}],"version-history":[{"count":1,"href":"https:\/\/brasilnoticias.org\/site\/wp-json\/wp\/v2\/posts\/8532\/revisions"}],"predecessor-version":[{"id":8534,"href":"https:\/\/brasilnoticias.org\/site\/wp-json\/wp\/v2\/posts\/8532\/revisions\/8534"}],"wp:featuredmedia":[{"embeddable":true,"href":"https:\/\/brasilnoticias.org\/site\/wp-json\/wp\/v2\/media\/8533"}],"wp:attachment":[{"href":"https:\/\/brasilnoticias.org\/site\/wp-json\/wp\/v2\/media?parent=8532"}],"wp:term":[{"taxonomy":"category","embeddable":true,"href":"https:\/\/brasilnoticias.org\/site\/wp-json\/wp\/v2\/categories?post=8532"},{"taxonomy":"post_tag","embeddable":true,"href":"https:\/\/brasilnoticias.org\/site\/wp-json\/wp\/v2\/tags?post=8532"}],"curies":[{"name":"wp","href":"https:\/\/api.w.org\/{rel}","templated":true}]}}