{"id":8535,"date":"2023-08-23T07:00:46","date_gmt":"2023-08-23T10:00:46","guid":{"rendered":"https:\/\/brasilnoticias.org\/site\/?p=8535"},"modified":"2023-08-22T20:48:21","modified_gmt":"2023-08-22T23:48:21","slug":"pf-intima-bolsonaro-a-depor-em-caso-de-empresarios-que-discutiram-golpe","status":"publish","type":"post","link":"https:\/\/brasilnoticias.org\/site\/pf-intima-bolsonaro-a-depor-em-caso-de-empresarios-que-discutiram-golpe\/","title":{"rendered":"PF intima Bolsonaro a depor em caso de empres\u00e1rios que discutiram golpe"},"content":{"rendered":"<p>Interlocutores do ex-presidente informaram que a defesa dele vai tentar adiar o depoimento at\u00e9 que os advogados recebam mais informa\u00e7\u00f5es sobre esse inqu\u00e9rito<\/p>\n<p>A Pol\u00edcia Federal (PF) intimou, nesta ter\u00e7a-feira (22), o ex-presidente Jair Bolsonaro (PL) a depor sobre o caso de empres\u00e1rios que discutiram a possibilidade de um golpe de Estado atrav\u00e9s do WhatsApp. O depoimento est\u00e1 previsto para ocorrer na pr\u00f3xima quinta-feira (31); a PF j\u00e1 enviou o of\u00edcio \u00e0 defesa, conforme apurou a CNN. As informa\u00e7\u00f5es s\u00e3o de fontes a par das investiga\u00e7\u00f5es.<\/p>\n<p>Interlocutores do ex-presidente informaram que a defesa dele vai tentar adiar o depoimento at\u00e9 que os advogados recebam mais informa\u00e7\u00f5es sobre esse inqu\u00e9rito. Procurado, Bolsonaro n\u00e3o se manifestou at\u00e9 a publica\u00e7\u00e3o desta reportagem.<\/p>\n<p>Em decis\u00e3o datada do dia 18 de agosto, o ministro do Supremo Tribunal Federal (STF) Alexandre de Moraes determinou o arquivamento da investiga\u00e7\u00e3o contra seis empres\u00e1rios que foram flagrados em um grupo de WhatsApp falando sobre a possibilidade de um golpe de Estado. Por\u00e9m, manteve contra outros dois: Meyer Nigri, da Tecnisa, e Luciano Hang, da Havan.<\/p>\n<p>No grupo dos empres\u00e1rios no WhatsApp, havia a sugest\u00e3o para que ocorresse um golpe de Estado caso Luiz In\u00e1cio Lula da Silva (PT) vencesse a elei\u00e7\u00e3o presidencial do ano passado.<\/p>\n<p>Conforme revelado pelo analista da CNN Caio Junqueira na segunda-feira (21), a Pol\u00edcia Federal viu elo entre o ex-presidente Bolsonaro e o empres\u00e1rio Meyer Nigri na dissemina\u00e7\u00e3o de fake news sobre o sistema eleitoral.<\/p>\n<p>A avalia\u00e7\u00e3o consta na decis\u00e3o do ministro Moraes. Na mesma decis\u00e3o, Moraes concedeu \u00e0 pol\u00edcia 60 dias para que sejam feitas dilig\u00eancias contra Hang e Nigri.<\/p>\n<p>O arquivamento alcan\u00e7ou os empres\u00e1rios Jos\u00e9 Isaac Peres (rede de shoppings Multiplan), Ivan Wrobel (Construtora W3), Jos\u00e9 Koury (Barra World Shopping), Andr\u00e9 Tissot (Grupo Sierra), Marco Aur\u00e9lio Raimundo (Mormaii) e Afr\u00e2nio Barreira (Grupo Coco Bambu). Na ocasi\u00e3o, Moraes entendeu que \u201cn\u00e3o foi encontrada nenhuma prova robusta\u201d contra eles.<\/p>\n<p>O ex-presidente j\u00e1 foi ouvido em outras quatro investiga\u00e7\u00f5es desde que deixou o cargo. Ele j\u00e1 se manifestou aos policiais por conta das apura\u00e7\u00f5es sobre as joias sauditas que lhe foram dadas como presentes, sobre os atos golpistas de 8 de janeiro, sobre fraudes nos cart\u00f5es de vacinas e sobre um suposto plano de golpe de Estado.<\/p>\n<p>Foto: REUTERS\/Marco Bello<br \/>\nCNN<\/p>\n","protected":false},"excerpt":{"rendered":"<p>Interlocutores do ex-presidente informaram que a defesa dele vai tentar adiar o depoimento at\u00e9 que os advogados recebam mais informa\u00e7\u00f5es<\/p>\n","protected":false},"author":4,"featured_media":8536,"comment_status":"open","ping_status":"open","sticky":false,"template":"","format":"standard","meta":{"colormag_page_container_layout":"default_layout","colormag_page_sidebar_layout":"default_layout","_FSMCFIC_featured_image_caption":"","_FSMCFIC_featured_image_nocaption":"","_FSMCFIC_featured_image_hide":"","footnotes":""},"categories":[3,1],"tags":[],"class_list":["post-8535","post","type-post","status-publish","format-standard","has-post-thumbnail","hentry","category-policia","category-ultimas"],"yoast_head":"<!-- This site is optimized with the Yoast SEO plugin v27.1.1 - https:\/\/yoast.com\/product\/yoast-seo-wordpress\/ -->\n<title>PF intima Bolsonaro a depor em caso de empres\u00e1rios que discutiram golpe - Brasil not\u00edcias<\/title>\n<meta name=\"robots\" content=\"index, follow, max-snippet:-1, max-image-preview:large, max-video-preview:-1\" \/>\n<link rel=\"canonical\" href=\"https:\/\/brasilnoticias.org\/site\/pf-intima-bolsonaro-a-depor-em-caso-de-empresarios-que-discutiram-golpe\/\" \/>\n<meta property=\"og:locale\" content=\"pt_PT\" \/>\n<meta property=\"og:type\" content=\"article\" \/>\n<meta property=\"og:title\" content=\"PF intima Bolsonaro a depor em caso de empres\u00e1rios que discutiram golpe - Brasil not\u00edcias\" \/>\n<meta property=\"og:description\" content=\"Interlocutores do ex-presidente informaram que a defesa dele vai tentar adiar o depoimento at\u00e9 que os advogados recebam mais informa\u00e7\u00f5es\" \/>\n<meta property=\"og:url\" content=\"https:\/\/brasilnoticias.org\/site\/pf-intima-bolsonaro-a-depor-em-caso-de-empresarios-que-discutiram-golpe\/\" \/>\n<meta property=\"og:site_name\" content=\"Brasil not\u00edcias\" \/>\n<meta property=\"article:published_time\" content=\"2023-08-23T10:00:46+00:00\" \/>\n<meta property=\"og:image\" content=\"https:\/\/brasilnoticias.org\/site\/wp-content\/uploads\/2023\/08\/tagreuters.com2023binary_LYNXMPEJ5R0VS-FILEDIMAGE.webp\" \/>\n\t<meta property=\"og:image:width\" content=\"876\" \/>\n\t<meta property=\"og:image:height\" content=\"484\" \/>\n\t<meta property=\"og:image:type\" content=\"image\/webp\" \/>\n<meta name=\"author\" content=\"Reda\u00e7\u00e3o\" \/>\n<meta name=\"twitter:card\" content=\"summary_large_image\" \/>\n<meta name=\"twitter:label1\" content=\"Escrito por\" \/>\n\t<meta name=\"twitter:data1\" content=\"Reda\u00e7\u00e3o\" \/>\n<script type=\"application\/ld+json\" class=\"yoast-schema-graph\">{\"@context\":\"https:\/\/schema.org\",\"@graph\":[{\"@type\":\"Article\",\"@id\":\"https:\/\/brasilnoticias.org\/site\/pf-intima-bolsonaro-a-depor-em-caso-de-empresarios-que-discutiram-golpe\/#article\",\"isPartOf\":{\"@id\":\"https:\/\/brasilnoticias.org\/site\/pf-intima-bolsonaro-a-depor-em-caso-de-empresarios-que-discutiram-golpe\/\"},\"author\":{\"name\":\"Reda\u00e7\u00e3o\",\"@id\":\"https:\/\/brasilnoticias.org\/site\/#\/schema\/person\/03bbbfe6c7634ad18c26444ea39049fa\"},\"headline\":\"PF intima Bolsonaro a depor em caso de empres\u00e1rios que discutiram golpe\",\"datePublished\":\"2023-08-23T10:00:46+00:00\",\"mainEntityOfPage\":{\"@id\":\"https:\/\/brasilnoticias.org\/site\/pf-intima-bolsonaro-a-depor-em-caso-de-empresarios-que-discutiram-golpe\/\"},\"wordCount\":421,\"commentCount\":0,\"publisher\":{\"@id\":\"https:\/\/brasilnoticias.org\/site\/#organization\"},\"image\":{\"@id\":\"https:\/\/brasilnoticias.org\/site\/pf-intima-bolsonaro-a-depor-em-caso-de-empresarios-que-discutiram-golpe\/#primaryimage\"},\"thumbnailUrl\":\"https:\/\/brasilnoticias.org\/site\/wp-content\/uploads\/2023\/08\/tagreuters.com2023binary_LYNXMPEJ5R0VS-FILEDIMAGE.webp\",\"articleSection\":[\"Pol\u00edcia\",\"\u00daltimas\"],\"inLanguage\":\"pt-PT\",\"potentialAction\":[{\"@type\":\"CommentAction\",\"name\":\"Comment\",\"target\":[\"https:\/\/brasilnoticias.org\/site\/pf-intima-bolsonaro-a-depor-em-caso-de-empresarios-que-discutiram-golpe\/#respond\"]}]},{\"@type\":\"WebPage\",\"@id\":\"https:\/\/brasilnoticias.org\/site\/pf-intima-bolsonaro-a-depor-em-caso-de-empresarios-que-discutiram-golpe\/\",\"url\":\"https:\/\/brasilnoticias.org\/site\/pf-intima-bolsonaro-a-depor-em-caso-de-empresarios-que-discutiram-golpe\/\",\"name\":\"PF intima Bolsonaro a depor em caso de empres\u00e1rios que discutiram golpe - Brasil not\u00edcias\",\"isPartOf\":{\"@id\":\"https:\/\/brasilnoticias.org\/site\/#website\"},\"primaryImageOfPage\":{\"@id\":\"https:\/\/brasilnoticias.org\/site\/pf-intima-bolsonaro-a-depor-em-caso-de-empresarios-que-discutiram-golpe\/#primaryimage\"},\"image\":{\"@id\":\"https:\/\/brasilnoticias.org\/site\/pf-intima-bolsonaro-a-depor-em-caso-de-empresarios-que-discutiram-golpe\/#primaryimage\"},\"thumbnailUrl\":\"https:\/\/brasilnoticias.org\/site\/wp-content\/uploads\/2023\/08\/tagreuters.com2023binary_LYNXMPEJ5R0VS-FILEDIMAGE.webp\",\"datePublished\":\"2023-08-23T10:00:46+00:00\",\"breadcrumb\":{\"@id\":\"https:\/\/brasilnoticias.org\/site\/pf-intima-bolsonaro-a-depor-em-caso-de-empresarios-que-discutiram-golpe\/#breadcrumb\"},\"inLanguage\":\"pt-PT\",\"potentialAction\":[{\"@type\":\"ReadAction\",\"target\":[\"https:\/\/brasilnoticias.org\/site\/pf-intima-bolsonaro-a-depor-em-caso-de-empresarios-que-discutiram-golpe\/\"]}]},{\"@type\":\"ImageObject\",\"inLanguage\":\"pt-PT\",\"@id\":\"https:\/\/brasilnoticias.org\/site\/pf-intima-bolsonaro-a-depor-em-caso-de-empresarios-que-discutiram-golpe\/#primaryimage\",\"url\":\"https:\/\/brasilnoticias.org\/site\/wp-content\/uploads\/2023\/08\/tagreuters.com2023binary_LYNXMPEJ5R0VS-FILEDIMAGE.webp\",\"contentUrl\":\"https:\/\/brasilnoticias.org\/site\/wp-content\/uploads\/2023\/08\/tagreuters.com2023binary_LYNXMPEJ5R0VS-FILEDIMAGE.webp\",\"width\":876,\"height\":484},{\"@type\":\"BreadcrumbList\",\"@id\":\"https:\/\/brasilnoticias.org\/site\/pf-intima-bolsonaro-a-depor-em-caso-de-empresarios-que-discutiram-golpe\/#breadcrumb\",\"itemListElement\":[{\"@type\":\"ListItem\",\"position\":1,\"name\":\"In\u00edcio\",\"item\":\"https:\/\/brasilnoticias.org\/site\/\"},{\"@type\":\"ListItem\",\"position\":2,\"name\":\"PF intima Bolsonaro a depor em caso de empres\u00e1rios que discutiram golpe\"}]},{\"@type\":\"WebSite\",\"@id\":\"https:\/\/brasilnoticias.org\/site\/#website\",\"url\":\"https:\/\/brasilnoticias.org\/site\/\",\"name\":\"Brasil not\u00edcias\",\"description\":\"Brasil not\u00edcias\",\"publisher\":{\"@id\":\"https:\/\/brasilnoticias.org\/site\/#organization\"},\"potentialAction\":[{\"@type\":\"SearchAction\",\"target\":{\"@type\":\"EntryPoint\",\"urlTemplate\":\"https:\/\/brasilnoticias.org\/site\/?s={search_term_string}\"},\"query-input\":{\"@type\":\"PropertyValueSpecification\",\"valueRequired\":true,\"valueName\":\"search_term_string\"}}],\"inLanguage\":\"pt-PT\"},{\"@type\":\"Organization\",\"@id\":\"https:\/\/brasilnoticias.org\/site\/#organization\",\"name\":\"Brasil not\u00edcias\",\"url\":\"https:\/\/brasilnoticias.org\/site\/\",\"logo\":{\"@type\":\"ImageObject\",\"inLanguage\":\"pt-PT\",\"@id\":\"https:\/\/brasilnoticias.org\/site\/#\/schema\/logo\/image\/\",\"url\":\"https:\/\/brasilnoticias.org\/site\/wp-content\/uploads\/2022\/05\/cropped-brasilnoticias-mini.jpg\",\"contentUrl\":\"https:\/\/brasilnoticias.org\/site\/wp-content\/uploads\/2022\/05\/cropped-brasilnoticias-mini.jpg\",\"width\":314,\"height\":86,\"caption\":\"Brasil not\u00edcias\"},\"image\":{\"@id\":\"https:\/\/brasilnoticias.org\/site\/#\/schema\/logo\/image\/\"}},{\"@type\":\"Person\",\"@id\":\"https:\/\/brasilnoticias.org\/site\/#\/schema\/person\/03bbbfe6c7634ad18c26444ea39049fa\",\"name\":\"Reda\u00e7\u00e3o\",\"image\":{\"@type\":\"ImageObject\",\"inLanguage\":\"pt-PT\",\"@id\":\"https:\/\/brasilnoticias.org\/site\/#\/schema\/person\/image\/\",\"url\":\"https:\/\/secure.gravatar.com\/avatar\/9ecaf7327a696cb23ad926fedded5f1f04d7049de9e445375d55b48c001a6e42?s=96&d=mm&r=g\",\"contentUrl\":\"https:\/\/secure.gravatar.com\/avatar\/9ecaf7327a696cb23ad926fedded5f1f04d7049de9e445375d55b48c001a6e42?s=96&d=mm&r=g\",\"caption\":\"Reda\u00e7\u00e3o\"},\"url\":\"https:\/\/brasilnoticias.org\/site\/author\/henrique\/\"}]}<\/script>\n<!-- \/ Yoast SEO plugin. -->","yoast_head_json":{"title":"PF intima Bolsonaro a depor em caso de empres\u00e1rios que discutiram golpe - Brasil not\u00edcias","robots":{"index":"index","follow":"follow","max-snippet":"max-snippet:-1","max-image-preview":"max-image-preview:large","max-video-preview":"max-video-preview:-1"},"canonical":"https:\/\/brasilnoticias.org\/site\/pf-intima-bolsonaro-a-depor-em-caso-de-empresarios-que-discutiram-golpe\/","og_locale":"pt_PT","og_type":"article","og_title":"PF intima Bolsonaro a depor em caso de empres\u00e1rios que discutiram golpe - Brasil not\u00edcias","og_description":"Interlocutores do ex-presidente informaram que a defesa dele vai tentar adiar o depoimento at\u00e9 que os advogados recebam mais informa\u00e7\u00f5es","og_url":"https:\/\/brasilnoticias.org\/site\/pf-intima-bolsonaro-a-depor-em-caso-de-empresarios-que-discutiram-golpe\/","og_site_name":"Brasil not\u00edcias","article_published_time":"2023-08-23T10:00:46+00:00","og_image":[{"width":876,"height":484,"url":"https:\/\/brasilnoticias.org\/site\/wp-content\/uploads\/2023\/08\/tagreuters.com2023binary_LYNXMPEJ5R0VS-FILEDIMAGE.webp","type":"image\/webp"}],"author":"Reda\u00e7\u00e3o","twitter_card":"summary_large_image","twitter_misc":{"Escrito por":"Reda\u00e7\u00e3o"},"schema":{"@context":"https:\/\/schema.org","@graph":[{"@type":"Article","@id":"https:\/\/brasilnoticias.org\/site\/pf-intima-bolsonaro-a-depor-em-caso-de-empresarios-que-discutiram-golpe\/#article","isPartOf":{"@id":"https:\/\/brasilnoticias.org\/site\/pf-intima-bolsonaro-a-depor-em-caso-de-empresarios-que-discutiram-golpe\/"},"author":{"name":"Reda\u00e7\u00e3o","@id":"https:\/\/brasilnoticias.org\/site\/#\/schema\/person\/03bbbfe6c7634ad18c26444ea39049fa"},"headline":"PF intima Bolsonaro a depor em caso de empres\u00e1rios que discutiram golpe","datePublished":"2023-08-23T10:00:46+00:00","mainEntityOfPage":{"@id":"https:\/\/brasilnoticias.org\/site\/pf-intima-bolsonaro-a-depor-em-caso-de-empresarios-que-discutiram-golpe\/"},"wordCount":421,"commentCount":0,"publisher":{"@id":"https:\/\/brasilnoticias.org\/site\/#organization"},"image":{"@id":"https:\/\/brasilnoticias.org\/site\/pf-intima-bolsonaro-a-depor-em-caso-de-empresarios-que-discutiram-golpe\/#primaryimage"},"thumbnailUrl":"https:\/\/brasilnoticias.org\/site\/wp-content\/uploads\/2023\/08\/tagreuters.com2023binary_LYNXMPEJ5R0VS-FILEDIMAGE.webp","articleSection":["Pol\u00edcia","\u00daltimas"],"inLanguage":"pt-PT","potentialAction":[{"@type":"CommentAction","name":"Comment","target":["https:\/\/brasilnoticias.org\/site\/pf-intima-bolsonaro-a-depor-em-caso-de-empresarios-que-discutiram-golpe\/#respond"]}]},{"@type":"WebPage","@id":"https:\/\/brasilnoticias.org\/site\/pf-intima-bolsonaro-a-depor-em-caso-de-empresarios-que-discutiram-golpe\/","url":"https:\/\/brasilnoticias.org\/site\/pf-intima-bolsonaro-a-depor-em-caso-de-empresarios-que-discutiram-golpe\/","name":"PF intima Bolsonaro a depor em caso de empres\u00e1rios que discutiram golpe - Brasil not\u00edcias","isPartOf":{"@id":"https:\/\/brasilnoticias.org\/site\/#website"},"primaryImageOfPage":{"@id":"https:\/\/brasilnoticias.org\/site\/pf-intima-bolsonaro-a-depor-em-caso-de-empresarios-que-discutiram-golpe\/#primaryimage"},"image":{"@id":"https:\/\/brasilnoticias.org\/site\/pf-intima-bolsonaro-a-depor-em-caso-de-empresarios-que-discutiram-golpe\/#primaryimage"},"thumbnailUrl":"https:\/\/brasilnoticias.org\/site\/wp-content\/uploads\/2023\/08\/tagreuters.com2023binary_LYNXMPEJ5R0VS-FILEDIMAGE.webp","datePublished":"2023-08-23T10:00:46+00:00","breadcrumb":{"@id":"https:\/\/brasilnoticias.org\/site\/pf-intima-bolsonaro-a-depor-em-caso-de-empresarios-que-discutiram-golpe\/#breadcrumb"},"inLanguage":"pt-PT","potentialAction":[{"@type":"ReadAction","target":["https:\/\/brasilnoticias.org\/site\/pf-intima-bolsonaro-a-depor-em-caso-de-empresarios-que-discutiram-golpe\/"]}]},{"@type":"ImageObject","inLanguage":"pt-PT","@id":"https:\/\/brasilnoticias.org\/site\/pf-intima-bolsonaro-a-depor-em-caso-de-empresarios-que-discutiram-golpe\/#primaryimage","url":"https:\/\/brasilnoticias.org\/site\/wp-content\/uploads\/2023\/08\/tagreuters.com2023binary_LYNXMPEJ5R0VS-FILEDIMAGE.webp","contentUrl":"https:\/\/brasilnoticias.org\/site\/wp-content\/uploads\/2023\/08\/tagreuters.com2023binary_LYNXMPEJ5R0VS-FILEDIMAGE.webp","width":876,"height":484},{"@type":"BreadcrumbList","@id":"https:\/\/brasilnoticias.org\/site\/pf-intima-bolsonaro-a-depor-em-caso-de-empresarios-que-discutiram-golpe\/#breadcrumb","itemListElement":[{"@type":"ListItem","position":1,"name":"In\u00edcio","item":"https:\/\/brasilnoticias.org\/site\/"},{"@type":"ListItem","position":2,"name":"PF intima Bolsonaro a depor em caso de empres\u00e1rios que discutiram golpe"}]},{"@type":"WebSite","@id":"https:\/\/brasilnoticias.org\/site\/#website","url":"https:\/\/brasilnoticias.org\/site\/","name":"Brasil not\u00edcias","description":"Brasil not\u00edcias","publisher":{"@id":"https:\/\/brasilnoticias.org\/site\/#organization"},"potentialAction":[{"@type":"SearchAction","target":{"@type":"EntryPoint","urlTemplate":"https:\/\/brasilnoticias.org\/site\/?s={search_term_string}"},"query-input":{"@type":"PropertyValueSpecification","valueRequired":true,"valueName":"search_term_string"}}],"inLanguage":"pt-PT"},{"@type":"Organization","@id":"https:\/\/brasilnoticias.org\/site\/#organization","name":"Brasil not\u00edcias","url":"https:\/\/brasilnoticias.org\/site\/","logo":{"@type":"ImageObject","inLanguage":"pt-PT","@id":"https:\/\/brasilnoticias.org\/site\/#\/schema\/logo\/image\/","url":"https:\/\/brasilnoticias.org\/site\/wp-content\/uploads\/2022\/05\/cropped-brasilnoticias-mini.jpg","contentUrl":"https:\/\/brasilnoticias.org\/site\/wp-content\/uploads\/2022\/05\/cropped-brasilnoticias-mini.jpg","width":314,"height":86,"caption":"Brasil not\u00edcias"},"image":{"@id":"https:\/\/brasilnoticias.org\/site\/#\/schema\/logo\/image\/"}},{"@type":"Person","@id":"https:\/\/brasilnoticias.org\/site\/#\/schema\/person\/03bbbfe6c7634ad18c26444ea39049fa","name":"Reda\u00e7\u00e3o","image":{"@type":"ImageObject","inLanguage":"pt-PT","@id":"https:\/\/brasilnoticias.org\/site\/#\/schema\/person\/image\/","url":"https:\/\/secure.gravatar.com\/avatar\/9ecaf7327a696cb23ad926fedded5f1f04d7049de9e445375d55b48c001a6e42?s=96&d=mm&r=g","contentUrl":"https:\/\/secure.gravatar.com\/avatar\/9ecaf7327a696cb23ad926fedded5f1f04d7049de9e445375d55b48c001a6e42?s=96&d=mm&r=g","caption":"Reda\u00e7\u00e3o"},"url":"https:\/\/brasilnoticias.org\/site\/author\/henrique\/"}]}},"_links":{"self":[{"href":"https:\/\/brasilnoticias.org\/site\/wp-json\/wp\/v2\/posts\/8535","targetHints":{"allow":["GET"]}}],"collection":[{"href":"https:\/\/brasilnoticias.org\/site\/wp-json\/wp\/v2\/posts"}],"about":[{"href":"https:\/\/brasilnoticias.org\/site\/wp-json\/wp\/v2\/types\/post"}],"author":[{"embeddable":true,"href":"https:\/\/brasilnoticias.org\/site\/wp-json\/wp\/v2\/users\/4"}],"replies":[{"embeddable":true,"href":"https:\/\/brasilnoticias.org\/site\/wp-json\/wp\/v2\/comments?post=8535"}],"version-history":[{"count":1,"href":"https:\/\/brasilnoticias.org\/site\/wp-json\/wp\/v2\/posts\/8535\/revisions"}],"predecessor-version":[{"id":8537,"href":"https:\/\/brasilnoticias.org\/site\/wp-json\/wp\/v2\/posts\/8535\/revisions\/8537"}],"wp:featuredmedia":[{"embeddable":true,"href":"https:\/\/brasilnoticias.org\/site\/wp-json\/wp\/v2\/media\/8536"}],"wp:attachment":[{"href":"https:\/\/brasilnoticias.org\/site\/wp-json\/wp\/v2\/media?parent=8535"}],"wp:term":[{"taxonomy":"category","embeddable":true,"href":"https:\/\/brasilnoticias.org\/site\/wp-json\/wp\/v2\/categories?post=8535"},{"taxonomy":"post_tag","embeddable":true,"href":"https:\/\/brasilnoticias.org\/site\/wp-json\/wp\/v2\/tags?post=8535"}],"curies":[{"name":"wp","href":"https:\/\/api.w.org\/{rel}","templated":true}]}}