{"id":8538,"date":"2023-08-23T08:00:33","date_gmt":"2023-08-23T11:00:33","guid":{"rendered":"https:\/\/brasilnoticias.org\/site\/?p=8538"},"modified":"2023-08-22T20:51:11","modified_gmt":"2023-08-22T23:51:11","slug":"teixeira-de-freitas-seguranca-e-reforcada-no-interior-com-entrega-de-viaturas-e-novas-sedes-da-pm-e-bombeiros","status":"publish","type":"post","link":"https:\/\/brasilnoticias.org\/site\/teixeira-de-freitas-seguranca-e-reforcada-no-interior-com-entrega-de-viaturas-e-novas-sedes-da-pm-e-bombeiros\/","title":{"rendered":"Teixeira de Freitas: Seguran\u00e7a \u00e9 refor\u00e7ada no interior com entrega de viaturas e novas sedes da PM e Bombeiros"},"content":{"rendered":"<p>A entrega foi realizada, nesta ter\u00e7a-feira (22), com a presen\u00e7a do governador Jer\u00f4nimo Rodrigues<\/p>\n<p>A cidade de Teixeira de Freitas ganhou a nova sede do 4\u00ba Pelot\u00e3o da Companhia Independente de Policiamento Rodovi\u00e1rio (CIPRv), a reforma do 18\u00ba Batalh\u00e3o de Bombeiros Militar (BBM) e 24 viaturas para unidades da Pol\u00edcia Militar, quatro delas semiblindadas. A entrega foi realizada, nesta ter\u00e7a-feira (22), com a presen\u00e7a do governador Jer\u00f4nimo Rodrigues e refor\u00e7a a seguran\u00e7a da regi\u00e3o do Extremo Sul.<\/p>\n<p>Participaram da solenidade o governador Jer\u00f4nimo Rodrigues, o secret\u00e1rio da Seguran\u00e7a P\u00fablica, Marcelo Werner, e os comandantes-gerais da PM e dos Bombeiros, coron\u00e9is Paulo Coutinho e Adson Marchesini, respectivamente. Pouco mais de R$3,6 milh\u00f5es foram empregados nas constru\u00e7\u00f5es e reforma das estruturas da PM e do Corpo de Bombeiros (CBM), al\u00e9m da loca\u00e7\u00e3o dos autom\u00f3veis convencionais e aquisi\u00e7\u00f5es dos semiblindados.<\/p>\n<p>\u201cEstas obras fazem parte do Programa de Moderniza\u00e7\u00e3o das Estruturas de Seguran\u00e7a. S\u00e3o 650 milh\u00f5es de reais aplicados em Batalh\u00f5es, Delegacias, Companhias, Deams, Pelot\u00f5es, Subgrupamentos, entre outras unidades\u201d, enfatizou o secret\u00e1rio da Seguran\u00e7a P\u00fablica, Marcelo Werner.<\/p>\n<p>Estruturas \u2013 Situado na rua Coronel Fonseca, no bairro de S\u00e3o Jos\u00e9, o pr\u00e9dio do 4\u00ba Pelot\u00e3o da CIPRv conta com espa\u00e7os para instru\u00e7\u00e3o e vesti\u00e1rios, sala de comando, entre outras \u00e1reas. Cerca de R$ 1,5 milh\u00e3o foi investido. Com a amplia\u00e7\u00e3o do 18\u00ba BBM foram constru\u00eddos tr\u00eas alojamentos, salas de instru\u00e7\u00e3o, de Comando para Subgrupamento, de chefe de Opera\u00e7\u00f5es, de Meios e de Equipamentos de Prote\u00e7\u00e3o Individual, al\u00e9m de melhorias em outras estruturas.<\/p>\n<p>Al\u00e9m da capital, os munic\u00edpios de Campo Formoso, Brumado, Guanambi, Serrol\u00e2ndia, Itabuna, Irec\u00ea, Andara\u00ed, Feira de Santana, Gand\u00fa, Amargosa, S\u00edtio do Mato, Caetanos, Serrinha, Urandi, Wanderley, Sento S\u00e9, Crisop\u00f3lis, Bom Jesus da Lapa e Ia\u00e7u ganharam novas unidades.<\/p>\n<p>Vinte e quatro viaturas para unidades especializadas e ostensivas que atendem aos munic\u00edpios de Porto Seguro, Jucuru\u00e7u, Teixeira de Freitas, Eun\u00e1polis, Itabela, Prado, Alcoba\u00e7a, Mucur\u00ed, Santa Cruz Cabr\u00e1lia e Medeiros Neto foram tamb\u00e9m entregues. Cerca de R$ 1,4 milh\u00e3o foi empregado na disponibiliza\u00e7\u00e3o de quatro viaturas semiblindadas, direcionadas para a Rondesp Extremo Sul, e outros 16 ve\u00edculos distribu\u00eddos entre a Companhia Independente de Pol\u00edcia de Prote\u00e7\u00e3o Ambiental, as 7\u00aa,43\u00aa, 44\u00aa, 87\u00aa, 88\u00aa e 89\u00aa Companhias Independentes da Pol\u00edcia Militar, al\u00e9m do 8\u00ba Batalh\u00e3o da PM.<\/p>\n<p>Voz da Bahia<\/p>\n","protected":false},"excerpt":{"rendered":"<p>A entrega foi realizada, nesta ter\u00e7a-feira (22), com a presen\u00e7a do governador Jer\u00f4nimo Rodrigues A cidade de Teixeira de Freitas<\/p>\n","protected":false},"author":4,"featured_media":8539,"comment_status":"open","ping_status":"open","sticky":false,"template":"","format":"standard","meta":{"colormag_page_container_layout":"default_layout","colormag_page_sidebar_layout":"default_layout","_FSMCFIC_featured_image_caption":"","_FSMCFIC_featured_image_nocaption":"","_FSMCFIC_featured_image_hide":"","footnotes":""},"categories":[3,1],"tags":[],"class_list":["post-8538","post","type-post","status-publish","format-standard","has-post-thumbnail","hentry","category-policia","category-ultimas"],"yoast_head":"<!-- This site is optimized with the Yoast SEO plugin v27.1.1 - https:\/\/yoast.com\/product\/yoast-seo-wordpress\/ -->\n<title>Teixeira de Freitas: Seguran\u00e7a \u00e9 refor\u00e7ada no interior com entrega de viaturas e novas sedes da PM e Bombeiros - Brasil not\u00edcias<\/title>\n<meta name=\"robots\" content=\"index, follow, max-snippet:-1, max-image-preview:large, max-video-preview:-1\" \/>\n<link rel=\"canonical\" href=\"https:\/\/brasilnoticias.org\/site\/teixeira-de-freitas-seguranca-e-reforcada-no-interior-com-entrega-de-viaturas-e-novas-sedes-da-pm-e-bombeiros\/\" \/>\n<meta property=\"og:locale\" content=\"pt_PT\" \/>\n<meta property=\"og:type\" content=\"article\" \/>\n<meta property=\"og:title\" content=\"Teixeira de Freitas: Seguran\u00e7a \u00e9 refor\u00e7ada no interior com entrega de viaturas e novas sedes da PM e Bombeiros - Brasil not\u00edcias\" \/>\n<meta property=\"og:description\" content=\"A entrega foi realizada, nesta ter\u00e7a-feira (22), com a presen\u00e7a do governador Jer\u00f4nimo Rodrigues A cidade de Teixeira de Freitas\" \/>\n<meta property=\"og:url\" content=\"https:\/\/brasilnoticias.org\/site\/teixeira-de-freitas-seguranca-e-reforcada-no-interior-com-entrega-de-viaturas-e-novas-sedes-da-pm-e-bombeiros\/\" \/>\n<meta property=\"og:site_name\" content=\"Brasil not\u00edcias\" \/>\n<meta property=\"article:published_time\" content=\"2023-08-23T11:00:33+00:00\" \/>\n<meta property=\"og:image\" content=\"https:\/\/brasilnoticias.org\/site\/wp-content\/uploads\/2023\/08\/POLICIA.jpg\" \/>\n\t<meta property=\"og:image:width\" content=\"580\" \/>\n\t<meta property=\"og:image:height\" content=\"280\" \/>\n\t<meta property=\"og:image:type\" content=\"image\/jpeg\" \/>\n<meta name=\"author\" content=\"Reda\u00e7\u00e3o\" \/>\n<meta name=\"twitter:card\" content=\"summary_large_image\" \/>\n<meta name=\"twitter:label1\" content=\"Escrito por\" \/>\n\t<meta name=\"twitter:data1\" content=\"Reda\u00e7\u00e3o\" \/>\n<script type=\"application\/ld+json\" class=\"yoast-schema-graph\">{\"@context\":\"https:\/\/schema.org\",\"@graph\":[{\"@type\":\"Article\",\"@id\":\"https:\/\/brasilnoticias.org\/site\/teixeira-de-freitas-seguranca-e-reforcada-no-interior-com-entrega-de-viaturas-e-novas-sedes-da-pm-e-bombeiros\/#article\",\"isPartOf\":{\"@id\":\"https:\/\/brasilnoticias.org\/site\/teixeira-de-freitas-seguranca-e-reforcada-no-interior-com-entrega-de-viaturas-e-novas-sedes-da-pm-e-bombeiros\/\"},\"author\":{\"name\":\"Reda\u00e7\u00e3o\",\"@id\":\"https:\/\/brasilnoticias.org\/site\/#\/schema\/person\/03bbbfe6c7634ad18c26444ea39049fa\"},\"headline\":\"Teixeira de Freitas: Seguran\u00e7a \u00e9 refor\u00e7ada no interior com entrega de viaturas e novas sedes da PM e Bombeiros\",\"datePublished\":\"2023-08-23T11:00:33+00:00\",\"mainEntityOfPage\":{\"@id\":\"https:\/\/brasilnoticias.org\/site\/teixeira-de-freitas-seguranca-e-reforcada-no-interior-com-entrega-de-viaturas-e-novas-sedes-da-pm-e-bombeiros\/\"},\"wordCount\":443,\"commentCount\":0,\"publisher\":{\"@id\":\"https:\/\/brasilnoticias.org\/site\/#organization\"},\"image\":{\"@id\":\"https:\/\/brasilnoticias.org\/site\/teixeira-de-freitas-seguranca-e-reforcada-no-interior-com-entrega-de-viaturas-e-novas-sedes-da-pm-e-bombeiros\/#primaryimage\"},\"thumbnailUrl\":\"https:\/\/brasilnoticias.org\/site\/wp-content\/uploads\/2023\/08\/POLICIA.jpg\",\"articleSection\":[\"Pol\u00edcia\",\"\u00daltimas\"],\"inLanguage\":\"pt-PT\",\"potentialAction\":[{\"@type\":\"CommentAction\",\"name\":\"Comment\",\"target\":[\"https:\/\/brasilnoticias.org\/site\/teixeira-de-freitas-seguranca-e-reforcada-no-interior-com-entrega-de-viaturas-e-novas-sedes-da-pm-e-bombeiros\/#respond\"]}]},{\"@type\":\"WebPage\",\"@id\":\"https:\/\/brasilnoticias.org\/site\/teixeira-de-freitas-seguranca-e-reforcada-no-interior-com-entrega-de-viaturas-e-novas-sedes-da-pm-e-bombeiros\/\",\"url\":\"https:\/\/brasilnoticias.org\/site\/teixeira-de-freitas-seguranca-e-reforcada-no-interior-com-entrega-de-viaturas-e-novas-sedes-da-pm-e-bombeiros\/\",\"name\":\"Teixeira de Freitas: Seguran\u00e7a \u00e9 refor\u00e7ada no interior com entrega de viaturas e novas sedes da PM e Bombeiros - Brasil not\u00edcias\",\"isPartOf\":{\"@id\":\"https:\/\/brasilnoticias.org\/site\/#website\"},\"primaryImageOfPage\":{\"@id\":\"https:\/\/brasilnoticias.org\/site\/teixeira-de-freitas-seguranca-e-reforcada-no-interior-com-entrega-de-viaturas-e-novas-sedes-da-pm-e-bombeiros\/#primaryimage\"},\"image\":{\"@id\":\"https:\/\/brasilnoticias.org\/site\/teixeira-de-freitas-seguranca-e-reforcada-no-interior-com-entrega-de-viaturas-e-novas-sedes-da-pm-e-bombeiros\/#primaryimage\"},\"thumbnailUrl\":\"https:\/\/brasilnoticias.org\/site\/wp-content\/uploads\/2023\/08\/POLICIA.jpg\",\"datePublished\":\"2023-08-23T11:00:33+00:00\",\"breadcrumb\":{\"@id\":\"https:\/\/brasilnoticias.org\/site\/teixeira-de-freitas-seguranca-e-reforcada-no-interior-com-entrega-de-viaturas-e-novas-sedes-da-pm-e-bombeiros\/#breadcrumb\"},\"inLanguage\":\"pt-PT\",\"potentialAction\":[{\"@type\":\"ReadAction\",\"target\":[\"https:\/\/brasilnoticias.org\/site\/teixeira-de-freitas-seguranca-e-reforcada-no-interior-com-entrega-de-viaturas-e-novas-sedes-da-pm-e-bombeiros\/\"]}]},{\"@type\":\"ImageObject\",\"inLanguage\":\"pt-PT\",\"@id\":\"https:\/\/brasilnoticias.org\/site\/teixeira-de-freitas-seguranca-e-reforcada-no-interior-com-entrega-de-viaturas-e-novas-sedes-da-pm-e-bombeiros\/#primaryimage\",\"url\":\"https:\/\/brasilnoticias.org\/site\/wp-content\/uploads\/2023\/08\/POLICIA.jpg\",\"contentUrl\":\"https:\/\/brasilnoticias.org\/site\/wp-content\/uploads\/2023\/08\/POLICIA.jpg\",\"width\":580,\"height\":280},{\"@type\":\"BreadcrumbList\",\"@id\":\"https:\/\/brasilnoticias.org\/site\/teixeira-de-freitas-seguranca-e-reforcada-no-interior-com-entrega-de-viaturas-e-novas-sedes-da-pm-e-bombeiros\/#breadcrumb\",\"itemListElement\":[{\"@type\":\"ListItem\",\"position\":1,\"name\":\"In\u00edcio\",\"item\":\"https:\/\/brasilnoticias.org\/site\/\"},{\"@type\":\"ListItem\",\"position\":2,\"name\":\"Teixeira de Freitas: Seguran\u00e7a \u00e9 refor\u00e7ada no interior com entrega de viaturas e novas sedes da PM e Bombeiros\"}]},{\"@type\":\"WebSite\",\"@id\":\"https:\/\/brasilnoticias.org\/site\/#website\",\"url\":\"https:\/\/brasilnoticias.org\/site\/\",\"name\":\"Brasil not\u00edcias\",\"description\":\"Brasil not\u00edcias\",\"publisher\":{\"@id\":\"https:\/\/brasilnoticias.org\/site\/#organization\"},\"potentialAction\":[{\"@type\":\"SearchAction\",\"target\":{\"@type\":\"EntryPoint\",\"urlTemplate\":\"https:\/\/brasilnoticias.org\/site\/?s={search_term_string}\"},\"query-input\":{\"@type\":\"PropertyValueSpecification\",\"valueRequired\":true,\"valueName\":\"search_term_string\"}}],\"inLanguage\":\"pt-PT\"},{\"@type\":\"Organization\",\"@id\":\"https:\/\/brasilnoticias.org\/site\/#organization\",\"name\":\"Brasil not\u00edcias\",\"url\":\"https:\/\/brasilnoticias.org\/site\/\",\"logo\":{\"@type\":\"ImageObject\",\"inLanguage\":\"pt-PT\",\"@id\":\"https:\/\/brasilnoticias.org\/site\/#\/schema\/logo\/image\/\",\"url\":\"https:\/\/brasilnoticias.org\/site\/wp-content\/uploads\/2022\/05\/cropped-brasilnoticias-mini.jpg\",\"contentUrl\":\"https:\/\/brasilnoticias.org\/site\/wp-content\/uploads\/2022\/05\/cropped-brasilnoticias-mini.jpg\",\"width\":314,\"height\":86,\"caption\":\"Brasil not\u00edcias\"},\"image\":{\"@id\":\"https:\/\/brasilnoticias.org\/site\/#\/schema\/logo\/image\/\"}},{\"@type\":\"Person\",\"@id\":\"https:\/\/brasilnoticias.org\/site\/#\/schema\/person\/03bbbfe6c7634ad18c26444ea39049fa\",\"name\":\"Reda\u00e7\u00e3o\",\"image\":{\"@type\":\"ImageObject\",\"inLanguage\":\"pt-PT\",\"@id\":\"https:\/\/brasilnoticias.org\/site\/#\/schema\/person\/image\/\",\"url\":\"https:\/\/secure.gravatar.com\/avatar\/9ecaf7327a696cb23ad926fedded5f1f04d7049de9e445375d55b48c001a6e42?s=96&d=mm&r=g\",\"contentUrl\":\"https:\/\/secure.gravatar.com\/avatar\/9ecaf7327a696cb23ad926fedded5f1f04d7049de9e445375d55b48c001a6e42?s=96&d=mm&r=g\",\"caption\":\"Reda\u00e7\u00e3o\"},\"url\":\"https:\/\/brasilnoticias.org\/site\/author\/henrique\/\"}]}<\/script>\n<!-- \/ Yoast SEO plugin. -->","yoast_head_json":{"title":"Teixeira de Freitas: Seguran\u00e7a \u00e9 refor\u00e7ada no interior com entrega de viaturas e novas sedes da PM e Bombeiros - Brasil not\u00edcias","robots":{"index":"index","follow":"follow","max-snippet":"max-snippet:-1","max-image-preview":"max-image-preview:large","max-video-preview":"max-video-preview:-1"},"canonical":"https:\/\/brasilnoticias.org\/site\/teixeira-de-freitas-seguranca-e-reforcada-no-interior-com-entrega-de-viaturas-e-novas-sedes-da-pm-e-bombeiros\/","og_locale":"pt_PT","og_type":"article","og_title":"Teixeira de Freitas: Seguran\u00e7a \u00e9 refor\u00e7ada no interior com entrega de viaturas e novas sedes da PM e Bombeiros - Brasil not\u00edcias","og_description":"A entrega foi realizada, nesta ter\u00e7a-feira (22), com a presen\u00e7a do governador Jer\u00f4nimo Rodrigues A cidade de Teixeira de Freitas","og_url":"https:\/\/brasilnoticias.org\/site\/teixeira-de-freitas-seguranca-e-reforcada-no-interior-com-entrega-de-viaturas-e-novas-sedes-da-pm-e-bombeiros\/","og_site_name":"Brasil not\u00edcias","article_published_time":"2023-08-23T11:00:33+00:00","og_image":[{"width":580,"height":280,"url":"https:\/\/brasilnoticias.org\/site\/wp-content\/uploads\/2023\/08\/POLICIA.jpg","type":"image\/jpeg"}],"author":"Reda\u00e7\u00e3o","twitter_card":"summary_large_image","twitter_misc":{"Escrito por":"Reda\u00e7\u00e3o"},"schema":{"@context":"https:\/\/schema.org","@graph":[{"@type":"Article","@id":"https:\/\/brasilnoticias.org\/site\/teixeira-de-freitas-seguranca-e-reforcada-no-interior-com-entrega-de-viaturas-e-novas-sedes-da-pm-e-bombeiros\/#article","isPartOf":{"@id":"https:\/\/brasilnoticias.org\/site\/teixeira-de-freitas-seguranca-e-reforcada-no-interior-com-entrega-de-viaturas-e-novas-sedes-da-pm-e-bombeiros\/"},"author":{"name":"Reda\u00e7\u00e3o","@id":"https:\/\/brasilnoticias.org\/site\/#\/schema\/person\/03bbbfe6c7634ad18c26444ea39049fa"},"headline":"Teixeira de Freitas: Seguran\u00e7a \u00e9 refor\u00e7ada no interior com entrega de viaturas e novas sedes da PM e Bombeiros","datePublished":"2023-08-23T11:00:33+00:00","mainEntityOfPage":{"@id":"https:\/\/brasilnoticias.org\/site\/teixeira-de-freitas-seguranca-e-reforcada-no-interior-com-entrega-de-viaturas-e-novas-sedes-da-pm-e-bombeiros\/"},"wordCount":443,"commentCount":0,"publisher":{"@id":"https:\/\/brasilnoticias.org\/site\/#organization"},"image":{"@id":"https:\/\/brasilnoticias.org\/site\/teixeira-de-freitas-seguranca-e-reforcada-no-interior-com-entrega-de-viaturas-e-novas-sedes-da-pm-e-bombeiros\/#primaryimage"},"thumbnailUrl":"https:\/\/brasilnoticias.org\/site\/wp-content\/uploads\/2023\/08\/POLICIA.jpg","articleSection":["Pol\u00edcia","\u00daltimas"],"inLanguage":"pt-PT","potentialAction":[{"@type":"CommentAction","name":"Comment","target":["https:\/\/brasilnoticias.org\/site\/teixeira-de-freitas-seguranca-e-reforcada-no-interior-com-entrega-de-viaturas-e-novas-sedes-da-pm-e-bombeiros\/#respond"]}]},{"@type":"WebPage","@id":"https:\/\/brasilnoticias.org\/site\/teixeira-de-freitas-seguranca-e-reforcada-no-interior-com-entrega-de-viaturas-e-novas-sedes-da-pm-e-bombeiros\/","url":"https:\/\/brasilnoticias.org\/site\/teixeira-de-freitas-seguranca-e-reforcada-no-interior-com-entrega-de-viaturas-e-novas-sedes-da-pm-e-bombeiros\/","name":"Teixeira de Freitas: Seguran\u00e7a \u00e9 refor\u00e7ada no interior com entrega de viaturas e novas sedes da PM e Bombeiros - Brasil not\u00edcias","isPartOf":{"@id":"https:\/\/brasilnoticias.org\/site\/#website"},"primaryImageOfPage":{"@id":"https:\/\/brasilnoticias.org\/site\/teixeira-de-freitas-seguranca-e-reforcada-no-interior-com-entrega-de-viaturas-e-novas-sedes-da-pm-e-bombeiros\/#primaryimage"},"image":{"@id":"https:\/\/brasilnoticias.org\/site\/teixeira-de-freitas-seguranca-e-reforcada-no-interior-com-entrega-de-viaturas-e-novas-sedes-da-pm-e-bombeiros\/#primaryimage"},"thumbnailUrl":"https:\/\/brasilnoticias.org\/site\/wp-content\/uploads\/2023\/08\/POLICIA.jpg","datePublished":"2023-08-23T11:00:33+00:00","breadcrumb":{"@id":"https:\/\/brasilnoticias.org\/site\/teixeira-de-freitas-seguranca-e-reforcada-no-interior-com-entrega-de-viaturas-e-novas-sedes-da-pm-e-bombeiros\/#breadcrumb"},"inLanguage":"pt-PT","potentialAction":[{"@type":"ReadAction","target":["https:\/\/brasilnoticias.org\/site\/teixeira-de-freitas-seguranca-e-reforcada-no-interior-com-entrega-de-viaturas-e-novas-sedes-da-pm-e-bombeiros\/"]}]},{"@type":"ImageObject","inLanguage":"pt-PT","@id":"https:\/\/brasilnoticias.org\/site\/teixeira-de-freitas-seguranca-e-reforcada-no-interior-com-entrega-de-viaturas-e-novas-sedes-da-pm-e-bombeiros\/#primaryimage","url":"https:\/\/brasilnoticias.org\/site\/wp-content\/uploads\/2023\/08\/POLICIA.jpg","contentUrl":"https:\/\/brasilnoticias.org\/site\/wp-content\/uploads\/2023\/08\/POLICIA.jpg","width":580,"height":280},{"@type":"BreadcrumbList","@id":"https:\/\/brasilnoticias.org\/site\/teixeira-de-freitas-seguranca-e-reforcada-no-interior-com-entrega-de-viaturas-e-novas-sedes-da-pm-e-bombeiros\/#breadcrumb","itemListElement":[{"@type":"ListItem","position":1,"name":"In\u00edcio","item":"https:\/\/brasilnoticias.org\/site\/"},{"@type":"ListItem","position":2,"name":"Teixeira de Freitas: Seguran\u00e7a \u00e9 refor\u00e7ada no interior com entrega de viaturas e novas sedes da PM e Bombeiros"}]},{"@type":"WebSite","@id":"https:\/\/brasilnoticias.org\/site\/#website","url":"https:\/\/brasilnoticias.org\/site\/","name":"Brasil not\u00edcias","description":"Brasil not\u00edcias","publisher":{"@id":"https:\/\/brasilnoticias.org\/site\/#organization"},"potentialAction":[{"@type":"SearchAction","target":{"@type":"EntryPoint","urlTemplate":"https:\/\/brasilnoticias.org\/site\/?s={search_term_string}"},"query-input":{"@type":"PropertyValueSpecification","valueRequired":true,"valueName":"search_term_string"}}],"inLanguage":"pt-PT"},{"@type":"Organization","@id":"https:\/\/brasilnoticias.org\/site\/#organization","name":"Brasil not\u00edcias","url":"https:\/\/brasilnoticias.org\/site\/","logo":{"@type":"ImageObject","inLanguage":"pt-PT","@id":"https:\/\/brasilnoticias.org\/site\/#\/schema\/logo\/image\/","url":"https:\/\/brasilnoticias.org\/site\/wp-content\/uploads\/2022\/05\/cropped-brasilnoticias-mini.jpg","contentUrl":"https:\/\/brasilnoticias.org\/site\/wp-content\/uploads\/2022\/05\/cropped-brasilnoticias-mini.jpg","width":314,"height":86,"caption":"Brasil not\u00edcias"},"image":{"@id":"https:\/\/brasilnoticias.org\/site\/#\/schema\/logo\/image\/"}},{"@type":"Person","@id":"https:\/\/brasilnoticias.org\/site\/#\/schema\/person\/03bbbfe6c7634ad18c26444ea39049fa","name":"Reda\u00e7\u00e3o","image":{"@type":"ImageObject","inLanguage":"pt-PT","@id":"https:\/\/brasilnoticias.org\/site\/#\/schema\/person\/image\/","url":"https:\/\/secure.gravatar.com\/avatar\/9ecaf7327a696cb23ad926fedded5f1f04d7049de9e445375d55b48c001a6e42?s=96&d=mm&r=g","contentUrl":"https:\/\/secure.gravatar.com\/avatar\/9ecaf7327a696cb23ad926fedded5f1f04d7049de9e445375d55b48c001a6e42?s=96&d=mm&r=g","caption":"Reda\u00e7\u00e3o"},"url":"https:\/\/brasilnoticias.org\/site\/author\/henrique\/"}]}},"_links":{"self":[{"href":"https:\/\/brasilnoticias.org\/site\/wp-json\/wp\/v2\/posts\/8538","targetHints":{"allow":["GET"]}}],"collection":[{"href":"https:\/\/brasilnoticias.org\/site\/wp-json\/wp\/v2\/posts"}],"about":[{"href":"https:\/\/brasilnoticias.org\/site\/wp-json\/wp\/v2\/types\/post"}],"author":[{"embeddable":true,"href":"https:\/\/brasilnoticias.org\/site\/wp-json\/wp\/v2\/users\/4"}],"replies":[{"embeddable":true,"href":"https:\/\/brasilnoticias.org\/site\/wp-json\/wp\/v2\/comments?post=8538"}],"version-history":[{"count":1,"href":"https:\/\/brasilnoticias.org\/site\/wp-json\/wp\/v2\/posts\/8538\/revisions"}],"predecessor-version":[{"id":8540,"href":"https:\/\/brasilnoticias.org\/site\/wp-json\/wp\/v2\/posts\/8538\/revisions\/8540"}],"wp:featuredmedia":[{"embeddable":true,"href":"https:\/\/brasilnoticias.org\/site\/wp-json\/wp\/v2\/media\/8539"}],"wp:attachment":[{"href":"https:\/\/brasilnoticias.org\/site\/wp-json\/wp\/v2\/media?parent=8538"}],"wp:term":[{"taxonomy":"category","embeddable":true,"href":"https:\/\/brasilnoticias.org\/site\/wp-json\/wp\/v2\/categories?post=8538"},{"taxonomy":"post_tag","embeddable":true,"href":"https:\/\/brasilnoticias.org\/site\/wp-json\/wp\/v2\/tags?post=8538"}],"curies":[{"name":"wp","href":"https:\/\/api.w.org\/{rel}","templated":true}]}}