{"id":8541,"date":"2023-08-23T09:00:13","date_gmt":"2023-08-23T12:00:13","guid":{"rendered":"https:\/\/brasilnoticias.org\/site\/?p=8541"},"modified":"2023-08-22T20:54:04","modified_gmt":"2023-08-22T23:54:04","slug":"dois-homens-flagrados-em-julgamento-do-crime-sao-mortos-pela-pm-em-lauro-de-freitas","status":"publish","type":"post","link":"https:\/\/brasilnoticias.org\/site\/dois-homens-flagrados-em-julgamento-do-crime-sao-mortos-pela-pm-em-lauro-de-freitas\/","title":{"rendered":"Dois homens flagrados em \u2018julgamento do crime\u2019 s\u00e3o mortos pela PM em Lauro de Freitas"},"content":{"rendered":"<p>Armamento e drogas foram apreendidos<\/p>\n<p>Dois suspeitos de tr\u00e1fico foram mortos a tiros pela Pol\u00edcia Militar na tarde desta segunda-feira (21), na localidade conhecida como Terra Prometida, em Vida Nova, Salvador. Os dois trocaram tiros com a PM depois que foram flagrados em um grupo que fazia um \u201cjulgamento do crime\u201d, segundo a pol\u00edcia.<\/p>\n<p>Equipes da 81\u00aa Companhia Independente de Pol\u00edcia Militar (CIPM) foram at\u00e9 o local averiguar a den\u00fancia de os criminosos estavam fazendo um \u201cjulgamento\u201d l\u00e1. Ao chegar, encontraram um grupo de dez homens armados, que atiraram. Houve um tiroteio e ao final dois homens feridos foram encontrados. Os dois chegaram a ser socorridos para o Hospital Menandro de Farias, mas acabaram morrendo.<\/p>\n<p>Com os dois, a PM apreendeu dois rev\u00f3lveres calibres 38 e 32, uma pistola falsa, um carregador de pistola calibre 380, e uma mochila com crack, maconha e coca\u00edna.<\/p>\n<p>Durante a troca de tiros, um suspeito fugiu e invadiu uma resid\u00eancia para tentar escapar. Ele acabou preso e foi levado para a 27\u00aa Delegacia. (Correio24h)<\/p>\n<p>Foto: Divulga\u00e7\u00e3o<br \/>\nVoz da Bahia<\/p>\n","protected":false},"excerpt":{"rendered":"<p>Armamento e drogas foram apreendidos Dois suspeitos de tr\u00e1fico foram mortos a tiros pela Pol\u00edcia Militar na tarde desta segunda-feira<\/p>\n","protected":false},"author":4,"featured_media":8542,"comment_status":"open","ping_status":"open","sticky":false,"template":"","format":"standard","meta":{"colormag_page_container_layout":"default_layout","colormag_page_sidebar_layout":"default_layout","_FSMCFIC_featured_image_caption":"","_FSMCFIC_featured_image_nocaption":"","_FSMCFIC_featured_image_hide":"","footnotes":""},"categories":[3,1],"tags":[],"class_list":["post-8541","post","type-post","status-publish","format-standard","has-post-thumbnail","hentry","category-policia","category-ultimas"],"yoast_head":"<!-- This site is optimized with the Yoast SEO plugin v27.1.1 - https:\/\/yoast.com\/product\/yoast-seo-wordpress\/ -->\n<title>Dois homens flagrados em \u2018julgamento do crime\u2019 s\u00e3o mortos pela PM em Lauro de Freitas - Brasil not\u00edcias<\/title>\n<meta name=\"robots\" content=\"index, follow, max-snippet:-1, max-image-preview:large, max-video-preview:-1\" \/>\n<link rel=\"canonical\" href=\"https:\/\/brasilnoticias.org\/site\/dois-homens-flagrados-em-julgamento-do-crime-sao-mortos-pela-pm-em-lauro-de-freitas\/\" \/>\n<meta property=\"og:locale\" content=\"pt_PT\" \/>\n<meta property=\"og:type\" content=\"article\" \/>\n<meta property=\"og:title\" content=\"Dois homens flagrados em \u2018julgamento do crime\u2019 s\u00e3o mortos pela PM em Lauro de Freitas - Brasil not\u00edcias\" \/>\n<meta property=\"og:description\" content=\"Armamento e drogas foram apreendidos Dois suspeitos de tr\u00e1fico foram mortos a tiros pela Pol\u00edcia Militar na tarde desta segunda-feira\" \/>\n<meta property=\"og:url\" content=\"https:\/\/brasilnoticias.org\/site\/dois-homens-flagrados-em-julgamento-do-crime-sao-mortos-pela-pm-em-lauro-de-freitas\/\" \/>\n<meta property=\"og:site_name\" content=\"Brasil not\u00edcias\" \/>\n<meta property=\"article:published_time\" content=\"2023-08-23T12:00:13+00:00\" \/>\n<meta property=\"og:image\" content=\"https:\/\/brasilnoticias.org\/site\/wp-content\/uploads\/2023\/08\/a0ba36da-fd52-423f-8bb8-dd060688fd13-e1692735104645.jpg\" \/>\n\t<meta property=\"og:image:width\" content=\"580\" \/>\n\t<meta property=\"og:image:height\" content=\"280\" \/>\n\t<meta property=\"og:image:type\" content=\"image\/jpeg\" \/>\n<meta name=\"author\" content=\"Reda\u00e7\u00e3o\" \/>\n<meta name=\"twitter:card\" content=\"summary_large_image\" \/>\n<meta name=\"twitter:label1\" content=\"Escrito por\" \/>\n\t<meta name=\"twitter:data1\" content=\"Reda\u00e7\u00e3o\" \/>\n<script type=\"application\/ld+json\" class=\"yoast-schema-graph\">{\"@context\":\"https:\/\/schema.org\",\"@graph\":[{\"@type\":\"Article\",\"@id\":\"https:\/\/brasilnoticias.org\/site\/dois-homens-flagrados-em-julgamento-do-crime-sao-mortos-pela-pm-em-lauro-de-freitas\/#article\",\"isPartOf\":{\"@id\":\"https:\/\/brasilnoticias.org\/site\/dois-homens-flagrados-em-julgamento-do-crime-sao-mortos-pela-pm-em-lauro-de-freitas\/\"},\"author\":{\"name\":\"Reda\u00e7\u00e3o\",\"@id\":\"https:\/\/brasilnoticias.org\/site\/#\/schema\/person\/03bbbfe6c7634ad18c26444ea39049fa\"},\"headline\":\"Dois homens flagrados em \u2018julgamento do crime\u2019 s\u00e3o mortos pela PM em Lauro de Freitas\",\"datePublished\":\"2023-08-23T12:00:13+00:00\",\"mainEntityOfPage\":{\"@id\":\"https:\/\/brasilnoticias.org\/site\/dois-homens-flagrados-em-julgamento-do-crime-sao-mortos-pela-pm-em-lauro-de-freitas\/\"},\"wordCount\":195,\"commentCount\":0,\"publisher\":{\"@id\":\"https:\/\/brasilnoticias.org\/site\/#organization\"},\"image\":{\"@id\":\"https:\/\/brasilnoticias.org\/site\/dois-homens-flagrados-em-julgamento-do-crime-sao-mortos-pela-pm-em-lauro-de-freitas\/#primaryimage\"},\"thumbnailUrl\":\"https:\/\/brasilnoticias.org\/site\/wp-content\/uploads\/2023\/08\/a0ba36da-fd52-423f-8bb8-dd060688fd13-e1692735104645.jpg\",\"articleSection\":[\"Pol\u00edcia\",\"\u00daltimas\"],\"inLanguage\":\"pt-PT\",\"potentialAction\":[{\"@type\":\"CommentAction\",\"name\":\"Comment\",\"target\":[\"https:\/\/brasilnoticias.org\/site\/dois-homens-flagrados-em-julgamento-do-crime-sao-mortos-pela-pm-em-lauro-de-freitas\/#respond\"]}]},{\"@type\":\"WebPage\",\"@id\":\"https:\/\/brasilnoticias.org\/site\/dois-homens-flagrados-em-julgamento-do-crime-sao-mortos-pela-pm-em-lauro-de-freitas\/\",\"url\":\"https:\/\/brasilnoticias.org\/site\/dois-homens-flagrados-em-julgamento-do-crime-sao-mortos-pela-pm-em-lauro-de-freitas\/\",\"name\":\"Dois homens flagrados em \u2018julgamento do crime\u2019 s\u00e3o mortos pela PM em Lauro de Freitas - Brasil not\u00edcias\",\"isPartOf\":{\"@id\":\"https:\/\/brasilnoticias.org\/site\/#website\"},\"primaryImageOfPage\":{\"@id\":\"https:\/\/brasilnoticias.org\/site\/dois-homens-flagrados-em-julgamento-do-crime-sao-mortos-pela-pm-em-lauro-de-freitas\/#primaryimage\"},\"image\":{\"@id\":\"https:\/\/brasilnoticias.org\/site\/dois-homens-flagrados-em-julgamento-do-crime-sao-mortos-pela-pm-em-lauro-de-freitas\/#primaryimage\"},\"thumbnailUrl\":\"https:\/\/brasilnoticias.org\/site\/wp-content\/uploads\/2023\/08\/a0ba36da-fd52-423f-8bb8-dd060688fd13-e1692735104645.jpg\",\"datePublished\":\"2023-08-23T12:00:13+00:00\",\"breadcrumb\":{\"@id\":\"https:\/\/brasilnoticias.org\/site\/dois-homens-flagrados-em-julgamento-do-crime-sao-mortos-pela-pm-em-lauro-de-freitas\/#breadcrumb\"},\"inLanguage\":\"pt-PT\",\"potentialAction\":[{\"@type\":\"ReadAction\",\"target\":[\"https:\/\/brasilnoticias.org\/site\/dois-homens-flagrados-em-julgamento-do-crime-sao-mortos-pela-pm-em-lauro-de-freitas\/\"]}]},{\"@type\":\"ImageObject\",\"inLanguage\":\"pt-PT\",\"@id\":\"https:\/\/brasilnoticias.org\/site\/dois-homens-flagrados-em-julgamento-do-crime-sao-mortos-pela-pm-em-lauro-de-freitas\/#primaryimage\",\"url\":\"https:\/\/brasilnoticias.org\/site\/wp-content\/uploads\/2023\/08\/a0ba36da-fd52-423f-8bb8-dd060688fd13-e1692735104645.jpg\",\"contentUrl\":\"https:\/\/brasilnoticias.org\/site\/wp-content\/uploads\/2023\/08\/a0ba36da-fd52-423f-8bb8-dd060688fd13-e1692735104645.jpg\",\"width\":580,\"height\":280},{\"@type\":\"BreadcrumbList\",\"@id\":\"https:\/\/brasilnoticias.org\/site\/dois-homens-flagrados-em-julgamento-do-crime-sao-mortos-pela-pm-em-lauro-de-freitas\/#breadcrumb\",\"itemListElement\":[{\"@type\":\"ListItem\",\"position\":1,\"name\":\"In\u00edcio\",\"item\":\"https:\/\/brasilnoticias.org\/site\/\"},{\"@type\":\"ListItem\",\"position\":2,\"name\":\"Dois homens flagrados em \u2018julgamento do crime\u2019 s\u00e3o mortos pela PM em Lauro de Freitas\"}]},{\"@type\":\"WebSite\",\"@id\":\"https:\/\/brasilnoticias.org\/site\/#website\",\"url\":\"https:\/\/brasilnoticias.org\/site\/\",\"name\":\"Brasil not\u00edcias\",\"description\":\"Brasil not\u00edcias\",\"publisher\":{\"@id\":\"https:\/\/brasilnoticias.org\/site\/#organization\"},\"potentialAction\":[{\"@type\":\"SearchAction\",\"target\":{\"@type\":\"EntryPoint\",\"urlTemplate\":\"https:\/\/brasilnoticias.org\/site\/?s={search_term_string}\"},\"query-input\":{\"@type\":\"PropertyValueSpecification\",\"valueRequired\":true,\"valueName\":\"search_term_string\"}}],\"inLanguage\":\"pt-PT\"},{\"@type\":\"Organization\",\"@id\":\"https:\/\/brasilnoticias.org\/site\/#organization\",\"name\":\"Brasil not\u00edcias\",\"url\":\"https:\/\/brasilnoticias.org\/site\/\",\"logo\":{\"@type\":\"ImageObject\",\"inLanguage\":\"pt-PT\",\"@id\":\"https:\/\/brasilnoticias.org\/site\/#\/schema\/logo\/image\/\",\"url\":\"https:\/\/brasilnoticias.org\/site\/wp-content\/uploads\/2022\/05\/cropped-brasilnoticias-mini.jpg\",\"contentUrl\":\"https:\/\/brasilnoticias.org\/site\/wp-content\/uploads\/2022\/05\/cropped-brasilnoticias-mini.jpg\",\"width\":314,\"height\":86,\"caption\":\"Brasil not\u00edcias\"},\"image\":{\"@id\":\"https:\/\/brasilnoticias.org\/site\/#\/schema\/logo\/image\/\"}},{\"@type\":\"Person\",\"@id\":\"https:\/\/brasilnoticias.org\/site\/#\/schema\/person\/03bbbfe6c7634ad18c26444ea39049fa\",\"name\":\"Reda\u00e7\u00e3o\",\"image\":{\"@type\":\"ImageObject\",\"inLanguage\":\"pt-PT\",\"@id\":\"https:\/\/brasilnoticias.org\/site\/#\/schema\/person\/image\/\",\"url\":\"https:\/\/secure.gravatar.com\/avatar\/9ecaf7327a696cb23ad926fedded5f1f04d7049de9e445375d55b48c001a6e42?s=96&d=mm&r=g\",\"contentUrl\":\"https:\/\/secure.gravatar.com\/avatar\/9ecaf7327a696cb23ad926fedded5f1f04d7049de9e445375d55b48c001a6e42?s=96&d=mm&r=g\",\"caption\":\"Reda\u00e7\u00e3o\"},\"url\":\"https:\/\/brasilnoticias.org\/site\/author\/henrique\/\"}]}<\/script>\n<!-- \/ Yoast SEO plugin. -->","yoast_head_json":{"title":"Dois homens flagrados em \u2018julgamento do crime\u2019 s\u00e3o mortos pela PM em Lauro de Freitas - Brasil not\u00edcias","robots":{"index":"index","follow":"follow","max-snippet":"max-snippet:-1","max-image-preview":"max-image-preview:large","max-video-preview":"max-video-preview:-1"},"canonical":"https:\/\/brasilnoticias.org\/site\/dois-homens-flagrados-em-julgamento-do-crime-sao-mortos-pela-pm-em-lauro-de-freitas\/","og_locale":"pt_PT","og_type":"article","og_title":"Dois homens flagrados em \u2018julgamento do crime\u2019 s\u00e3o mortos pela PM em Lauro de Freitas - Brasil not\u00edcias","og_description":"Armamento e drogas foram apreendidos Dois suspeitos de tr\u00e1fico foram mortos a tiros pela Pol\u00edcia Militar na tarde desta segunda-feira","og_url":"https:\/\/brasilnoticias.org\/site\/dois-homens-flagrados-em-julgamento-do-crime-sao-mortos-pela-pm-em-lauro-de-freitas\/","og_site_name":"Brasil not\u00edcias","article_published_time":"2023-08-23T12:00:13+00:00","og_image":[{"width":580,"height":280,"url":"https:\/\/brasilnoticias.org\/site\/wp-content\/uploads\/2023\/08\/a0ba36da-fd52-423f-8bb8-dd060688fd13-e1692735104645.jpg","type":"image\/jpeg"}],"author":"Reda\u00e7\u00e3o","twitter_card":"summary_large_image","twitter_misc":{"Escrito por":"Reda\u00e7\u00e3o"},"schema":{"@context":"https:\/\/schema.org","@graph":[{"@type":"Article","@id":"https:\/\/brasilnoticias.org\/site\/dois-homens-flagrados-em-julgamento-do-crime-sao-mortos-pela-pm-em-lauro-de-freitas\/#article","isPartOf":{"@id":"https:\/\/brasilnoticias.org\/site\/dois-homens-flagrados-em-julgamento-do-crime-sao-mortos-pela-pm-em-lauro-de-freitas\/"},"author":{"name":"Reda\u00e7\u00e3o","@id":"https:\/\/brasilnoticias.org\/site\/#\/schema\/person\/03bbbfe6c7634ad18c26444ea39049fa"},"headline":"Dois homens flagrados em \u2018julgamento do crime\u2019 s\u00e3o mortos pela PM em Lauro de Freitas","datePublished":"2023-08-23T12:00:13+00:00","mainEntityOfPage":{"@id":"https:\/\/brasilnoticias.org\/site\/dois-homens-flagrados-em-julgamento-do-crime-sao-mortos-pela-pm-em-lauro-de-freitas\/"},"wordCount":195,"commentCount":0,"publisher":{"@id":"https:\/\/brasilnoticias.org\/site\/#organization"},"image":{"@id":"https:\/\/brasilnoticias.org\/site\/dois-homens-flagrados-em-julgamento-do-crime-sao-mortos-pela-pm-em-lauro-de-freitas\/#primaryimage"},"thumbnailUrl":"https:\/\/brasilnoticias.org\/site\/wp-content\/uploads\/2023\/08\/a0ba36da-fd52-423f-8bb8-dd060688fd13-e1692735104645.jpg","articleSection":["Pol\u00edcia","\u00daltimas"],"inLanguage":"pt-PT","potentialAction":[{"@type":"CommentAction","name":"Comment","target":["https:\/\/brasilnoticias.org\/site\/dois-homens-flagrados-em-julgamento-do-crime-sao-mortos-pela-pm-em-lauro-de-freitas\/#respond"]}]},{"@type":"WebPage","@id":"https:\/\/brasilnoticias.org\/site\/dois-homens-flagrados-em-julgamento-do-crime-sao-mortos-pela-pm-em-lauro-de-freitas\/","url":"https:\/\/brasilnoticias.org\/site\/dois-homens-flagrados-em-julgamento-do-crime-sao-mortos-pela-pm-em-lauro-de-freitas\/","name":"Dois homens flagrados em \u2018julgamento do crime\u2019 s\u00e3o mortos pela PM em Lauro de Freitas - Brasil not\u00edcias","isPartOf":{"@id":"https:\/\/brasilnoticias.org\/site\/#website"},"primaryImageOfPage":{"@id":"https:\/\/brasilnoticias.org\/site\/dois-homens-flagrados-em-julgamento-do-crime-sao-mortos-pela-pm-em-lauro-de-freitas\/#primaryimage"},"image":{"@id":"https:\/\/brasilnoticias.org\/site\/dois-homens-flagrados-em-julgamento-do-crime-sao-mortos-pela-pm-em-lauro-de-freitas\/#primaryimage"},"thumbnailUrl":"https:\/\/brasilnoticias.org\/site\/wp-content\/uploads\/2023\/08\/a0ba36da-fd52-423f-8bb8-dd060688fd13-e1692735104645.jpg","datePublished":"2023-08-23T12:00:13+00:00","breadcrumb":{"@id":"https:\/\/brasilnoticias.org\/site\/dois-homens-flagrados-em-julgamento-do-crime-sao-mortos-pela-pm-em-lauro-de-freitas\/#breadcrumb"},"inLanguage":"pt-PT","potentialAction":[{"@type":"ReadAction","target":["https:\/\/brasilnoticias.org\/site\/dois-homens-flagrados-em-julgamento-do-crime-sao-mortos-pela-pm-em-lauro-de-freitas\/"]}]},{"@type":"ImageObject","inLanguage":"pt-PT","@id":"https:\/\/brasilnoticias.org\/site\/dois-homens-flagrados-em-julgamento-do-crime-sao-mortos-pela-pm-em-lauro-de-freitas\/#primaryimage","url":"https:\/\/brasilnoticias.org\/site\/wp-content\/uploads\/2023\/08\/a0ba36da-fd52-423f-8bb8-dd060688fd13-e1692735104645.jpg","contentUrl":"https:\/\/brasilnoticias.org\/site\/wp-content\/uploads\/2023\/08\/a0ba36da-fd52-423f-8bb8-dd060688fd13-e1692735104645.jpg","width":580,"height":280},{"@type":"BreadcrumbList","@id":"https:\/\/brasilnoticias.org\/site\/dois-homens-flagrados-em-julgamento-do-crime-sao-mortos-pela-pm-em-lauro-de-freitas\/#breadcrumb","itemListElement":[{"@type":"ListItem","position":1,"name":"In\u00edcio","item":"https:\/\/brasilnoticias.org\/site\/"},{"@type":"ListItem","position":2,"name":"Dois homens flagrados em \u2018julgamento do crime\u2019 s\u00e3o mortos pela PM em Lauro de Freitas"}]},{"@type":"WebSite","@id":"https:\/\/brasilnoticias.org\/site\/#website","url":"https:\/\/brasilnoticias.org\/site\/","name":"Brasil not\u00edcias","description":"Brasil not\u00edcias","publisher":{"@id":"https:\/\/brasilnoticias.org\/site\/#organization"},"potentialAction":[{"@type":"SearchAction","target":{"@type":"EntryPoint","urlTemplate":"https:\/\/brasilnoticias.org\/site\/?s={search_term_string}"},"query-input":{"@type":"PropertyValueSpecification","valueRequired":true,"valueName":"search_term_string"}}],"inLanguage":"pt-PT"},{"@type":"Organization","@id":"https:\/\/brasilnoticias.org\/site\/#organization","name":"Brasil not\u00edcias","url":"https:\/\/brasilnoticias.org\/site\/","logo":{"@type":"ImageObject","inLanguage":"pt-PT","@id":"https:\/\/brasilnoticias.org\/site\/#\/schema\/logo\/image\/","url":"https:\/\/brasilnoticias.org\/site\/wp-content\/uploads\/2022\/05\/cropped-brasilnoticias-mini.jpg","contentUrl":"https:\/\/brasilnoticias.org\/site\/wp-content\/uploads\/2022\/05\/cropped-brasilnoticias-mini.jpg","width":314,"height":86,"caption":"Brasil not\u00edcias"},"image":{"@id":"https:\/\/brasilnoticias.org\/site\/#\/schema\/logo\/image\/"}},{"@type":"Person","@id":"https:\/\/brasilnoticias.org\/site\/#\/schema\/person\/03bbbfe6c7634ad18c26444ea39049fa","name":"Reda\u00e7\u00e3o","image":{"@type":"ImageObject","inLanguage":"pt-PT","@id":"https:\/\/brasilnoticias.org\/site\/#\/schema\/person\/image\/","url":"https:\/\/secure.gravatar.com\/avatar\/9ecaf7327a696cb23ad926fedded5f1f04d7049de9e445375d55b48c001a6e42?s=96&d=mm&r=g","contentUrl":"https:\/\/secure.gravatar.com\/avatar\/9ecaf7327a696cb23ad926fedded5f1f04d7049de9e445375d55b48c001a6e42?s=96&d=mm&r=g","caption":"Reda\u00e7\u00e3o"},"url":"https:\/\/brasilnoticias.org\/site\/author\/henrique\/"}]}},"_links":{"self":[{"href":"https:\/\/brasilnoticias.org\/site\/wp-json\/wp\/v2\/posts\/8541","targetHints":{"allow":["GET"]}}],"collection":[{"href":"https:\/\/brasilnoticias.org\/site\/wp-json\/wp\/v2\/posts"}],"about":[{"href":"https:\/\/brasilnoticias.org\/site\/wp-json\/wp\/v2\/types\/post"}],"author":[{"embeddable":true,"href":"https:\/\/brasilnoticias.org\/site\/wp-json\/wp\/v2\/users\/4"}],"replies":[{"embeddable":true,"href":"https:\/\/brasilnoticias.org\/site\/wp-json\/wp\/v2\/comments?post=8541"}],"version-history":[{"count":1,"href":"https:\/\/brasilnoticias.org\/site\/wp-json\/wp\/v2\/posts\/8541\/revisions"}],"predecessor-version":[{"id":8543,"href":"https:\/\/brasilnoticias.org\/site\/wp-json\/wp\/v2\/posts\/8541\/revisions\/8543"}],"wp:featuredmedia":[{"embeddable":true,"href":"https:\/\/brasilnoticias.org\/site\/wp-json\/wp\/v2\/media\/8542"}],"wp:attachment":[{"href":"https:\/\/brasilnoticias.org\/site\/wp-json\/wp\/v2\/media?parent=8541"}],"wp:term":[{"taxonomy":"category","embeddable":true,"href":"https:\/\/brasilnoticias.org\/site\/wp-json\/wp\/v2\/categories?post=8541"},{"taxonomy":"post_tag","embeddable":true,"href":"https:\/\/brasilnoticias.org\/site\/wp-json\/wp\/v2\/tags?post=8541"}],"curies":[{"name":"wp","href":"https:\/\/api.w.org\/{rel}","templated":true}]}}