{"id":8557,"date":"2023-08-23T21:21:55","date_gmt":"2023-08-24T00:21:55","guid":{"rendered":"https:\/\/brasilnoticias.org\/site\/?p=8557"},"modified":"2023-08-23T21:21:55","modified_gmt":"2023-08-24T00:21:55","slug":"salvador-esta-entre-10-capitais-com-menor-competitividade-do-pais-indica-levantamento","status":"publish","type":"post","link":"https:\/\/brasilnoticias.org\/site\/salvador-esta-entre-10-capitais-com-menor-competitividade-do-pais-indica-levantamento\/","title":{"rendered":"Salvador est\u00e1 entre 10 capitais com menor competitividade do pa\u00eds, indica levantamento"},"content":{"rendered":"<p>Capital baiana caiu 15 coloca\u00e7\u00f5es em pesquisa de competitividade, ancorada pela quest\u00e3o econ\u00f4mica<\/p>\n<p>Salvador caiu no ranking de competitividade no ranking geral do levantamento feito pelo Centro de Lideran\u00e7a P\u00fablica (CLP), divulgado nesta quarta-feira (23\/8). A pesquisa mostrou que a capital baiana perdeu 15 posi\u00e7\u00f5es na lista de efici\u00eancia entre as cidades do pa\u00eds e ocupa a 208\u00aa coloca\u00e7\u00e3o no ranking de 410 munic\u00edpios.<\/p>\n<p>Dentre o fator que mais afetou a cidade foi o de \u201cEconomia\u201d, que mostrou um decr\u00e9scimo de 60 posi\u00e7\u00f5es no ranking geral. Dentre os pilares de avalia\u00e7\u00e3o est\u00e3o crit\u00e9rios como: inser\u00e7\u00e3o econ\u00f4mica, inova\u00e7\u00e3o e dinamismo econ\u00f4mico, capital humano e telecomunica\u00e7\u00f5es.<\/p>\n<p>A cidade tamb\u00e9m apresentou uma queda de duas posi\u00e7\u00f5es, no crit\u00e9rio de \u201cSociedade\u201d, que avalia quesitos como acesso \u00e0 sa\u00fade, seguran\u00e7a e qualidade e acesso de educa\u00e7\u00e3o.<\/p>\n<p>NO TOPO<\/p>\n<p>Florian\u00f3polis \u00e9 a cidade de melhor posi\u00e7\u00e3o na pesquisa geral, acompanhada de S\u00e3o Paulo e Barueri. A cidade nordestina de melhor coloca\u00e7\u00e3o \u00e9 Recife, ocupante da 37\u00aa coloca\u00e7\u00e3o, ap\u00f3s apresentar significativa melhora em todos os crit\u00e9rios (fiscais, sociais e institucionais).<\/p>\n<p>NO NORDESTE<\/p>\n<p>No quadro comparativo entre os nordestinos, Salvador perdeu espa\u00e7o e est\u00e1 fora das 10 cidades com melhor avalia\u00e7\u00e3o de competitividade (11\u00aa posi\u00e7\u00e3o), atr\u00e1s de: Recife (PE), Fortaleza (CE), Sobral (CE), Jo\u00e3o Pessoa (PB), Teresina (PI), Caruaru (PE), Aracaju (SE), Garanhuns (PE), Campina Grande (PB) e Serra Talhada (PE).<\/p>\n<p>DADOS DE SALVADOR<\/p>\n<p>Capital humano \u2013 121\u00ba (perdeu duas posi\u00e7\u00f5es);<br \/>\nSeguran\u00e7a \u2013 349\u00ba (perdeu 13 posi\u00e7\u00f5es);<br \/>\nAcesso \u00e0 educa\u00e7\u00e3o \u2013 331\u00ba (perdeu 13 posi\u00e7\u00f5es);<br \/>\nQualidade em educa\u00e7\u00e3o \u2013 328\u00ba (subiu 13 posi\u00e7\u00f5es);<br \/>\nQualidade da sa\u00fade \u2013 340\u00ba (perdeu 13 posi\u00e7\u00f5es);<br \/>\nAcesso \u00e0 sa\u00fade \u2013 337\u00ba (perdeu 13 posi\u00e7\u00f5es);<br \/>\nSaneamento \u2013 170\u00ba (perdeu 78 posi\u00e7\u00f5es);<br \/>\nMeio ambiente \u2013 358\u00ba (subiu 13 posi\u00e7\u00f5es);<br \/>\nTelecomunica\u00e7\u00f5es \u2013 352\u00ba (perdeu 13 posi\u00e7\u00f5es);<br \/>\nSustentabilidade fiscal \u2013 10\u00ba (subiu 22 posi\u00e7\u00f5es);<br \/>\nInova\u00e7\u00e3o e dinamismo \u2013 65\u00ba (perdeu cinco posi\u00e7\u00f5es);<br \/>\nFuncionamento da m\u00e1quina p\u00fablica \u2013 75\u00ba (perdeu quatro posi\u00e7\u00f5es);<br \/>\nInser\u00e7\u00e3o econ\u00f4mica \u2013 223\u00ba (perdeu 129 posi\u00e7\u00f5es).<\/p>\n<p>BAHIA<\/p>\n<p>Ainda na pesquisa, foi divulgado o levantamento por estados, onde a Bahia protagonizou a maior queda na edi\u00e7\u00e3o de 2023 do ranking em compara\u00e7\u00e3o com o estudo de 2022, saindo da 17\u00aa coloca\u00e7\u00e3o em 2022, para o 24\u00ba lugar, neste ano. Dentre os dez pilares analisados pelo Centro de Lideran\u00e7a P\u00fablica (CLP), que elabora o levantamento, o estado caiu em sete, ficou est\u00e1vel em dois e subiu em apenas dois.<\/p>\n<p>Foto: Max Haack \/ Secom<br \/>\nAratu On<\/p>\n","protected":false},"excerpt":{"rendered":"<p>Capital baiana caiu 15 coloca\u00e7\u00f5es em pesquisa de competitividade, ancorada pela quest\u00e3o econ\u00f4mica Salvador caiu no ranking de competitividade no<\/p>\n","protected":false},"author":4,"featured_media":8558,"comment_status":"open","ping_status":"open","sticky":false,"template":"","format":"standard","meta":{"colormag_page_container_layout":"default_layout","colormag_page_sidebar_layout":"default_layout","_FSMCFIC_featured_image_caption":"","_FSMCFIC_featured_image_nocaption":"","_FSMCFIC_featured_image_hide":"","footnotes":""},"categories":[5,1],"tags":[],"class_list":["post-8557","post","type-post","status-publish","format-standard","has-post-thumbnail","hentry","category-politica","category-ultimas"],"yoast_head":"<!-- This site is optimized with the Yoast SEO plugin v27.1.1 - https:\/\/yoast.com\/product\/yoast-seo-wordpress\/ -->\n<title>Salvador est\u00e1 entre 10 capitais com menor competitividade do pa\u00eds, indica levantamento - Brasil not\u00edcias<\/title>\n<meta name=\"robots\" content=\"index, follow, max-snippet:-1, max-image-preview:large, max-video-preview:-1\" \/>\n<link rel=\"canonical\" href=\"https:\/\/brasilnoticias.org\/site\/salvador-esta-entre-10-capitais-com-menor-competitividade-do-pais-indica-levantamento\/\" \/>\n<meta property=\"og:locale\" content=\"pt_PT\" \/>\n<meta property=\"og:type\" content=\"article\" \/>\n<meta property=\"og:title\" content=\"Salvador est\u00e1 entre 10 capitais com menor competitividade do pa\u00eds, indica levantamento - Brasil not\u00edcias\" \/>\n<meta property=\"og:description\" content=\"Capital baiana caiu 15 coloca\u00e7\u00f5es em pesquisa de competitividade, ancorada pela quest\u00e3o econ\u00f4mica Salvador caiu no ranking de competitividade no\" \/>\n<meta property=\"og:url\" content=\"https:\/\/brasilnoticias.org\/site\/salvador-esta-entre-10-capitais-com-menor-competitividade-do-pais-indica-levantamento\/\" \/>\n<meta property=\"og:site_name\" content=\"Brasil not\u00edcias\" \/>\n<meta property=\"article:published_time\" content=\"2023-08-24T00:21:55+00:00\" \/>\n<meta property=\"og:image\" content=\"https:\/\/brasilnoticias.org\/site\/wp-content\/uploads\/2023\/08\/imagem-destacada-em-periperi-bruno-reis-se-mostra-confiante-com-mudanca-do-carna-740x470-1.jpg\" \/>\n\t<meta property=\"og:image:width\" content=\"740\" \/>\n\t<meta property=\"og:image:height\" content=\"470\" \/>\n\t<meta property=\"og:image:type\" content=\"image\/jpeg\" \/>\n<meta name=\"author\" content=\"Reda\u00e7\u00e3o\" \/>\n<meta name=\"twitter:card\" content=\"summary_large_image\" \/>\n<meta name=\"twitter:label1\" content=\"Escrito por\" \/>\n\t<meta name=\"twitter:data1\" content=\"Reda\u00e7\u00e3o\" \/>\n<script type=\"application\/ld+json\" class=\"yoast-schema-graph\">{\"@context\":\"https:\/\/schema.org\",\"@graph\":[{\"@type\":\"Article\",\"@id\":\"https:\/\/brasilnoticias.org\/site\/salvador-esta-entre-10-capitais-com-menor-competitividade-do-pais-indica-levantamento\/#article\",\"isPartOf\":{\"@id\":\"https:\/\/brasilnoticias.org\/site\/salvador-esta-entre-10-capitais-com-menor-competitividade-do-pais-indica-levantamento\/\"},\"author\":{\"name\":\"Reda\u00e7\u00e3o\",\"@id\":\"https:\/\/brasilnoticias.org\/site\/#\/schema\/person\/03bbbfe6c7634ad18c26444ea39049fa\"},\"headline\":\"Salvador est\u00e1 entre 10 capitais com menor competitividade do pa\u00eds, indica levantamento\",\"datePublished\":\"2023-08-24T00:21:55+00:00\",\"mainEntityOfPage\":{\"@id\":\"https:\/\/brasilnoticias.org\/site\/salvador-esta-entre-10-capitais-com-menor-competitividade-do-pais-indica-levantamento\/\"},\"wordCount\":423,\"commentCount\":0,\"publisher\":{\"@id\":\"https:\/\/brasilnoticias.org\/site\/#organization\"},\"image\":{\"@id\":\"https:\/\/brasilnoticias.org\/site\/salvador-esta-entre-10-capitais-com-menor-competitividade-do-pais-indica-levantamento\/#primaryimage\"},\"thumbnailUrl\":\"https:\/\/brasilnoticias.org\/site\/wp-content\/uploads\/2023\/08\/imagem-destacada-em-periperi-bruno-reis-se-mostra-confiante-com-mudanca-do-carna-740x470-1.jpg\",\"articleSection\":[\"Pol\u00edtica\",\"\u00daltimas\"],\"inLanguage\":\"pt-PT\",\"potentialAction\":[{\"@type\":\"CommentAction\",\"name\":\"Comment\",\"target\":[\"https:\/\/brasilnoticias.org\/site\/salvador-esta-entre-10-capitais-com-menor-competitividade-do-pais-indica-levantamento\/#respond\"]}]},{\"@type\":\"WebPage\",\"@id\":\"https:\/\/brasilnoticias.org\/site\/salvador-esta-entre-10-capitais-com-menor-competitividade-do-pais-indica-levantamento\/\",\"url\":\"https:\/\/brasilnoticias.org\/site\/salvador-esta-entre-10-capitais-com-menor-competitividade-do-pais-indica-levantamento\/\",\"name\":\"Salvador est\u00e1 entre 10 capitais com menor competitividade do pa\u00eds, indica levantamento - Brasil not\u00edcias\",\"isPartOf\":{\"@id\":\"https:\/\/brasilnoticias.org\/site\/#website\"},\"primaryImageOfPage\":{\"@id\":\"https:\/\/brasilnoticias.org\/site\/salvador-esta-entre-10-capitais-com-menor-competitividade-do-pais-indica-levantamento\/#primaryimage\"},\"image\":{\"@id\":\"https:\/\/brasilnoticias.org\/site\/salvador-esta-entre-10-capitais-com-menor-competitividade-do-pais-indica-levantamento\/#primaryimage\"},\"thumbnailUrl\":\"https:\/\/brasilnoticias.org\/site\/wp-content\/uploads\/2023\/08\/imagem-destacada-em-periperi-bruno-reis-se-mostra-confiante-com-mudanca-do-carna-740x470-1.jpg\",\"datePublished\":\"2023-08-24T00:21:55+00:00\",\"breadcrumb\":{\"@id\":\"https:\/\/brasilnoticias.org\/site\/salvador-esta-entre-10-capitais-com-menor-competitividade-do-pais-indica-levantamento\/#breadcrumb\"},\"inLanguage\":\"pt-PT\",\"potentialAction\":[{\"@type\":\"ReadAction\",\"target\":[\"https:\/\/brasilnoticias.org\/site\/salvador-esta-entre-10-capitais-com-menor-competitividade-do-pais-indica-levantamento\/\"]}]},{\"@type\":\"ImageObject\",\"inLanguage\":\"pt-PT\",\"@id\":\"https:\/\/brasilnoticias.org\/site\/salvador-esta-entre-10-capitais-com-menor-competitividade-do-pais-indica-levantamento\/#primaryimage\",\"url\":\"https:\/\/brasilnoticias.org\/site\/wp-content\/uploads\/2023\/08\/imagem-destacada-em-periperi-bruno-reis-se-mostra-confiante-com-mudanca-do-carna-740x470-1.jpg\",\"contentUrl\":\"https:\/\/brasilnoticias.org\/site\/wp-content\/uploads\/2023\/08\/imagem-destacada-em-periperi-bruno-reis-se-mostra-confiante-com-mudanca-do-carna-740x470-1.jpg\",\"width\":740,\"height\":470},{\"@type\":\"BreadcrumbList\",\"@id\":\"https:\/\/brasilnoticias.org\/site\/salvador-esta-entre-10-capitais-com-menor-competitividade-do-pais-indica-levantamento\/#breadcrumb\",\"itemListElement\":[{\"@type\":\"ListItem\",\"position\":1,\"name\":\"In\u00edcio\",\"item\":\"https:\/\/brasilnoticias.org\/site\/\"},{\"@type\":\"ListItem\",\"position\":2,\"name\":\"Salvador est\u00e1 entre 10 capitais com menor competitividade do pa\u00eds, indica levantamento\"}]},{\"@type\":\"WebSite\",\"@id\":\"https:\/\/brasilnoticias.org\/site\/#website\",\"url\":\"https:\/\/brasilnoticias.org\/site\/\",\"name\":\"Brasil not\u00edcias\",\"description\":\"Brasil not\u00edcias\",\"publisher\":{\"@id\":\"https:\/\/brasilnoticias.org\/site\/#organization\"},\"potentialAction\":[{\"@type\":\"SearchAction\",\"target\":{\"@type\":\"EntryPoint\",\"urlTemplate\":\"https:\/\/brasilnoticias.org\/site\/?s={search_term_string}\"},\"query-input\":{\"@type\":\"PropertyValueSpecification\",\"valueRequired\":true,\"valueName\":\"search_term_string\"}}],\"inLanguage\":\"pt-PT\"},{\"@type\":\"Organization\",\"@id\":\"https:\/\/brasilnoticias.org\/site\/#organization\",\"name\":\"Brasil not\u00edcias\",\"url\":\"https:\/\/brasilnoticias.org\/site\/\",\"logo\":{\"@type\":\"ImageObject\",\"inLanguage\":\"pt-PT\",\"@id\":\"https:\/\/brasilnoticias.org\/site\/#\/schema\/logo\/image\/\",\"url\":\"https:\/\/brasilnoticias.org\/site\/wp-content\/uploads\/2022\/05\/cropped-brasilnoticias-mini.jpg\",\"contentUrl\":\"https:\/\/brasilnoticias.org\/site\/wp-content\/uploads\/2022\/05\/cropped-brasilnoticias-mini.jpg\",\"width\":314,\"height\":86,\"caption\":\"Brasil not\u00edcias\"},\"image\":{\"@id\":\"https:\/\/brasilnoticias.org\/site\/#\/schema\/logo\/image\/\"}},{\"@type\":\"Person\",\"@id\":\"https:\/\/brasilnoticias.org\/site\/#\/schema\/person\/03bbbfe6c7634ad18c26444ea39049fa\",\"name\":\"Reda\u00e7\u00e3o\",\"image\":{\"@type\":\"ImageObject\",\"inLanguage\":\"pt-PT\",\"@id\":\"https:\/\/brasilnoticias.org\/site\/#\/schema\/person\/image\/\",\"url\":\"https:\/\/secure.gravatar.com\/avatar\/9ecaf7327a696cb23ad926fedded5f1f04d7049de9e445375d55b48c001a6e42?s=96&d=mm&r=g\",\"contentUrl\":\"https:\/\/secure.gravatar.com\/avatar\/9ecaf7327a696cb23ad926fedded5f1f04d7049de9e445375d55b48c001a6e42?s=96&d=mm&r=g\",\"caption\":\"Reda\u00e7\u00e3o\"},\"url\":\"https:\/\/brasilnoticias.org\/site\/author\/henrique\/\"}]}<\/script>\n<!-- \/ Yoast SEO plugin. -->","yoast_head_json":{"title":"Salvador est\u00e1 entre 10 capitais com menor competitividade do pa\u00eds, indica levantamento - Brasil not\u00edcias","robots":{"index":"index","follow":"follow","max-snippet":"max-snippet:-1","max-image-preview":"max-image-preview:large","max-video-preview":"max-video-preview:-1"},"canonical":"https:\/\/brasilnoticias.org\/site\/salvador-esta-entre-10-capitais-com-menor-competitividade-do-pais-indica-levantamento\/","og_locale":"pt_PT","og_type":"article","og_title":"Salvador est\u00e1 entre 10 capitais com menor competitividade do pa\u00eds, indica levantamento - Brasil not\u00edcias","og_description":"Capital baiana caiu 15 coloca\u00e7\u00f5es em pesquisa de competitividade, ancorada pela quest\u00e3o econ\u00f4mica Salvador caiu no ranking de competitividade no","og_url":"https:\/\/brasilnoticias.org\/site\/salvador-esta-entre-10-capitais-com-menor-competitividade-do-pais-indica-levantamento\/","og_site_name":"Brasil not\u00edcias","article_published_time":"2023-08-24T00:21:55+00:00","og_image":[{"width":740,"height":470,"url":"https:\/\/brasilnoticias.org\/site\/wp-content\/uploads\/2023\/08\/imagem-destacada-em-periperi-bruno-reis-se-mostra-confiante-com-mudanca-do-carna-740x470-1.jpg","type":"image\/jpeg"}],"author":"Reda\u00e7\u00e3o","twitter_card":"summary_large_image","twitter_misc":{"Escrito por":"Reda\u00e7\u00e3o"},"schema":{"@context":"https:\/\/schema.org","@graph":[{"@type":"Article","@id":"https:\/\/brasilnoticias.org\/site\/salvador-esta-entre-10-capitais-com-menor-competitividade-do-pais-indica-levantamento\/#article","isPartOf":{"@id":"https:\/\/brasilnoticias.org\/site\/salvador-esta-entre-10-capitais-com-menor-competitividade-do-pais-indica-levantamento\/"},"author":{"name":"Reda\u00e7\u00e3o","@id":"https:\/\/brasilnoticias.org\/site\/#\/schema\/person\/03bbbfe6c7634ad18c26444ea39049fa"},"headline":"Salvador est\u00e1 entre 10 capitais com menor competitividade do pa\u00eds, indica levantamento","datePublished":"2023-08-24T00:21:55+00:00","mainEntityOfPage":{"@id":"https:\/\/brasilnoticias.org\/site\/salvador-esta-entre-10-capitais-com-menor-competitividade-do-pais-indica-levantamento\/"},"wordCount":423,"commentCount":0,"publisher":{"@id":"https:\/\/brasilnoticias.org\/site\/#organization"},"image":{"@id":"https:\/\/brasilnoticias.org\/site\/salvador-esta-entre-10-capitais-com-menor-competitividade-do-pais-indica-levantamento\/#primaryimage"},"thumbnailUrl":"https:\/\/brasilnoticias.org\/site\/wp-content\/uploads\/2023\/08\/imagem-destacada-em-periperi-bruno-reis-se-mostra-confiante-com-mudanca-do-carna-740x470-1.jpg","articleSection":["Pol\u00edtica","\u00daltimas"],"inLanguage":"pt-PT","potentialAction":[{"@type":"CommentAction","name":"Comment","target":["https:\/\/brasilnoticias.org\/site\/salvador-esta-entre-10-capitais-com-menor-competitividade-do-pais-indica-levantamento\/#respond"]}]},{"@type":"WebPage","@id":"https:\/\/brasilnoticias.org\/site\/salvador-esta-entre-10-capitais-com-menor-competitividade-do-pais-indica-levantamento\/","url":"https:\/\/brasilnoticias.org\/site\/salvador-esta-entre-10-capitais-com-menor-competitividade-do-pais-indica-levantamento\/","name":"Salvador est\u00e1 entre 10 capitais com menor competitividade do pa\u00eds, indica levantamento - Brasil not\u00edcias","isPartOf":{"@id":"https:\/\/brasilnoticias.org\/site\/#website"},"primaryImageOfPage":{"@id":"https:\/\/brasilnoticias.org\/site\/salvador-esta-entre-10-capitais-com-menor-competitividade-do-pais-indica-levantamento\/#primaryimage"},"image":{"@id":"https:\/\/brasilnoticias.org\/site\/salvador-esta-entre-10-capitais-com-menor-competitividade-do-pais-indica-levantamento\/#primaryimage"},"thumbnailUrl":"https:\/\/brasilnoticias.org\/site\/wp-content\/uploads\/2023\/08\/imagem-destacada-em-periperi-bruno-reis-se-mostra-confiante-com-mudanca-do-carna-740x470-1.jpg","datePublished":"2023-08-24T00:21:55+00:00","breadcrumb":{"@id":"https:\/\/brasilnoticias.org\/site\/salvador-esta-entre-10-capitais-com-menor-competitividade-do-pais-indica-levantamento\/#breadcrumb"},"inLanguage":"pt-PT","potentialAction":[{"@type":"ReadAction","target":["https:\/\/brasilnoticias.org\/site\/salvador-esta-entre-10-capitais-com-menor-competitividade-do-pais-indica-levantamento\/"]}]},{"@type":"ImageObject","inLanguage":"pt-PT","@id":"https:\/\/brasilnoticias.org\/site\/salvador-esta-entre-10-capitais-com-menor-competitividade-do-pais-indica-levantamento\/#primaryimage","url":"https:\/\/brasilnoticias.org\/site\/wp-content\/uploads\/2023\/08\/imagem-destacada-em-periperi-bruno-reis-se-mostra-confiante-com-mudanca-do-carna-740x470-1.jpg","contentUrl":"https:\/\/brasilnoticias.org\/site\/wp-content\/uploads\/2023\/08\/imagem-destacada-em-periperi-bruno-reis-se-mostra-confiante-com-mudanca-do-carna-740x470-1.jpg","width":740,"height":470},{"@type":"BreadcrumbList","@id":"https:\/\/brasilnoticias.org\/site\/salvador-esta-entre-10-capitais-com-menor-competitividade-do-pais-indica-levantamento\/#breadcrumb","itemListElement":[{"@type":"ListItem","position":1,"name":"In\u00edcio","item":"https:\/\/brasilnoticias.org\/site\/"},{"@type":"ListItem","position":2,"name":"Salvador est\u00e1 entre 10 capitais com menor competitividade do pa\u00eds, indica levantamento"}]},{"@type":"WebSite","@id":"https:\/\/brasilnoticias.org\/site\/#website","url":"https:\/\/brasilnoticias.org\/site\/","name":"Brasil not\u00edcias","description":"Brasil not\u00edcias","publisher":{"@id":"https:\/\/brasilnoticias.org\/site\/#organization"},"potentialAction":[{"@type":"SearchAction","target":{"@type":"EntryPoint","urlTemplate":"https:\/\/brasilnoticias.org\/site\/?s={search_term_string}"},"query-input":{"@type":"PropertyValueSpecification","valueRequired":true,"valueName":"search_term_string"}}],"inLanguage":"pt-PT"},{"@type":"Organization","@id":"https:\/\/brasilnoticias.org\/site\/#organization","name":"Brasil not\u00edcias","url":"https:\/\/brasilnoticias.org\/site\/","logo":{"@type":"ImageObject","inLanguage":"pt-PT","@id":"https:\/\/brasilnoticias.org\/site\/#\/schema\/logo\/image\/","url":"https:\/\/brasilnoticias.org\/site\/wp-content\/uploads\/2022\/05\/cropped-brasilnoticias-mini.jpg","contentUrl":"https:\/\/brasilnoticias.org\/site\/wp-content\/uploads\/2022\/05\/cropped-brasilnoticias-mini.jpg","width":314,"height":86,"caption":"Brasil not\u00edcias"},"image":{"@id":"https:\/\/brasilnoticias.org\/site\/#\/schema\/logo\/image\/"}},{"@type":"Person","@id":"https:\/\/brasilnoticias.org\/site\/#\/schema\/person\/03bbbfe6c7634ad18c26444ea39049fa","name":"Reda\u00e7\u00e3o","image":{"@type":"ImageObject","inLanguage":"pt-PT","@id":"https:\/\/brasilnoticias.org\/site\/#\/schema\/person\/image\/","url":"https:\/\/secure.gravatar.com\/avatar\/9ecaf7327a696cb23ad926fedded5f1f04d7049de9e445375d55b48c001a6e42?s=96&d=mm&r=g","contentUrl":"https:\/\/secure.gravatar.com\/avatar\/9ecaf7327a696cb23ad926fedded5f1f04d7049de9e445375d55b48c001a6e42?s=96&d=mm&r=g","caption":"Reda\u00e7\u00e3o"},"url":"https:\/\/brasilnoticias.org\/site\/author\/henrique\/"}]}},"_links":{"self":[{"href":"https:\/\/brasilnoticias.org\/site\/wp-json\/wp\/v2\/posts\/8557","targetHints":{"allow":["GET"]}}],"collection":[{"href":"https:\/\/brasilnoticias.org\/site\/wp-json\/wp\/v2\/posts"}],"about":[{"href":"https:\/\/brasilnoticias.org\/site\/wp-json\/wp\/v2\/types\/post"}],"author":[{"embeddable":true,"href":"https:\/\/brasilnoticias.org\/site\/wp-json\/wp\/v2\/users\/4"}],"replies":[{"embeddable":true,"href":"https:\/\/brasilnoticias.org\/site\/wp-json\/wp\/v2\/comments?post=8557"}],"version-history":[{"count":1,"href":"https:\/\/brasilnoticias.org\/site\/wp-json\/wp\/v2\/posts\/8557\/revisions"}],"predecessor-version":[{"id":8559,"href":"https:\/\/brasilnoticias.org\/site\/wp-json\/wp\/v2\/posts\/8557\/revisions\/8559"}],"wp:featuredmedia":[{"embeddable":true,"href":"https:\/\/brasilnoticias.org\/site\/wp-json\/wp\/v2\/media\/8558"}],"wp:attachment":[{"href":"https:\/\/brasilnoticias.org\/site\/wp-json\/wp\/v2\/media?parent=8557"}],"wp:term":[{"taxonomy":"category","embeddable":true,"href":"https:\/\/brasilnoticias.org\/site\/wp-json\/wp\/v2\/categories?post=8557"},{"taxonomy":"post_tag","embeddable":true,"href":"https:\/\/brasilnoticias.org\/site\/wp-json\/wp\/v2\/tags?post=8557"}],"curies":[{"name":"wp","href":"https:\/\/api.w.org\/{rel}","templated":true}]}}