{"id":856,"date":"2022-06-10T12:18:55","date_gmt":"2022-06-10T15:18:55","guid":{"rendered":"https:\/\/brasilnoticias.org\/site\/?p=856"},"modified":"2022-06-10T12:18:55","modified_gmt":"2022-06-10T15:18:55","slug":"bolsonaro-pgr-investiga-brasileiros-que-fizeram-cobrancas-a-aras-em-paris","status":"publish","type":"post","link":"https:\/\/brasilnoticias.org\/site\/bolsonaro-pgr-investiga-brasileiros-que-fizeram-cobrancas-a-aras-em-paris\/","title":{"rendered":"Bolsonaro: PGR investiga brasileiros que fizeram cobran\u00e7as a Aras em Paris"},"content":{"rendered":"<p>A\u00a0<a href=\"https:\/\/www.bnews.com.br\/tags\/pgr\" target=\"_blank\" rel=\"noopener\">Procuradoria-Geral da Rep\u00fablica<\/a>\u00a0acionou a\u00a0<a href=\"https:\/\/www.bnews.com.br\/tags\/pf\" target=\"_blank\" rel=\"noopener\">Pol\u00edcia Federal<\/a>\u00a0para abrir\u00a0<a href=\"https:\/\/www.bnews.com.br\/noticias\/crime-e-justica-bahia\/assista-augusto-aras-e-contido-por-seguranca-durante-discursao-com-colega-na-pgr.html\" target=\"_blank\" rel=\"noopener\">uma investiga\u00e7\u00e3o contra ao menos tr\u00eas brasileiros que abordaram o chefe<\/a>\u00a0do \u00f3rg\u00e3o,\u00a0<a href=\"https:\/\/www.bnews.com.br\/tags\/augusto-aras\" target=\"_blank\" rel=\"noopener\">Augusto Aras<\/a>, durante suas f\u00e9rias em Paris.<\/p>\n<p>Um v\u00eddeo publicado em redes sociais mostra Aras atravessando a rua e sendo cobrado para atuar em apura\u00e7\u00f5es envolvendo suspeitas do governo de\u00a0<a href=\"https:\/\/www.bnews.com.br\/tags\/bolsonaro\" target=\"_blank\" rel=\"noopener\">Jair Bolsonaro (PL)<\/a>, como\u00a0<a href=\"https:\/\/www.bnews.com.br\/noticias\/politica\/pastores-suspeitos-de-corrupcao-no-mec-visitaram-planalto-35-vezes-sob-bolsonaro.html\" target=\"_blank\" rel=\"noopener\">esc\u00e2ndalos no MEC (Minist\u00e9rio da Educa\u00e7\u00e3o)<\/a>.<\/p>\n<p>O pedido foi assinado pela vice-procuradora-geral da Rep\u00fablica, Lind\u00f4ra Ara\u00fajo, logo ap\u00f3s o epis\u00f3dio ocorrer, no m\u00eas de abril. A Folha entrou em contato com a PGR, mas n\u00e3o houve resposta at\u00e9 a conclus\u00e3o do texto.<\/p>\n<p>Ap\u00f3s a abordagem na capital francesa,<a href=\"https:\/\/www.bnews.com.br\/noticias\/politica\/augusto-aras-obtem-vitoria-no-conselho-superior-do-mp.html\" target=\"_blank\" rel=\"noopener\">\u00a0auxiliares do chefe do Minist\u00e9rio P\u00fablico Federal redobraram os cuidados<\/a>\u00a0com sua seguran\u00e7a.<\/p>\n<p>De acordo com informa\u00e7\u00f5es obtidas pela reportagem, a PF ouviu algumas das pessoas que criticaram Aras assim que eles retornaram de viagem, ainda no aeroporto de Guarulhos (SP).<\/p>\n<p>Lind\u00f4ra cita na requisi\u00e7\u00e3o um artigo da lei n\u00ba 14.197, que trata dos crimes contra as institui\u00e7\u00f5es. O dispositivo diz que \u00e9 crime tentar, com emprego de viol\u00eancia ou grave amea\u00e7a, abolir o Estado democr\u00e1tico de Direito, impedindo ou restringindo o exerc\u00edcio dos poderes constitucionais.<\/p>\n<p>Sancionado em agosto de 2021, o texto da lei revogou a LSN (Lei de Seguran\u00e7a Nacional), editada na ditadura militar (1964-1985).<\/p>\n<p>O mesmo artigo da lei foi citado no julgamento do\u00a0<a href=\"https:\/\/www.bnews.com.br\/tags\/stf\" target=\"_blank\" rel=\"noopener\">STF (Supremo Tribunal Federal)<\/a>\u00a0que resultou na condena\u00e7\u00e3o do d<a href=\"https:\/\/www.bnews.com.br\/noticias\/politica\/contas-bancarias-da-esposa-de-daniel-silveira-sao-bloqueadas-pelo-stf.html\" target=\"_blank\" rel=\"noopener\">eputado bolsonarista Daniel Silveira (PTB) a oitos anos e nove meses de pris\u00e3o por ataques verbais<\/a>\u00a0e amea\u00e7as a ministros da corte.<\/p>\n<p>A Folha apurou que a Pol\u00edcia Federal abriu inqu\u00e9rito para investigar os cr\u00edticos de Aras por inj\u00faria e difama\u00e7\u00e3o, mas n\u00e3o pelos supostos crimes citados pela Procuradoria.<\/p>\n<p>Aras foi abordado por um grupo de brasileiros na capital francesa, onde passava f\u00e9rias com a fam\u00edlia.<\/p>\n<p>V\u00eddeo publicado nas redes sociais mostra um deles, que n\u00e3o foi identificado, cobrando do chefe do Minist\u00e9rio P\u00fablico Federal investiga\u00e7\u00f5es sobre a administra\u00e7\u00e3o Bolsonaro.<\/p>\n<p>E a\u00ed, procurador? Dar rolezinho em Paris \u00e9 legal, e abrir processo, procurador? Vamos l\u00e1 investigar, procurador, ou vai continuar engavetando? Vamos l\u00e1 fazer o seu trabalho?&#8221;<\/p>\n<p>E prossegue: &#8220;Vamos investigar o bolsol\u00e3o do MEC,\u00a0<a href=\"https:\/\/www.bnews.com.br\/noticias\/crime-e-justica-bahia\/caiu-no-zap-augusto-aras-vaza-propria-conversa-com-pedido-de-paulo-guedes-para-escapar-da-pf-leia.html\" target=\"_blank\" rel=\"noopener\">pastor fazendo reuni\u00e3o, o Bolsonaro gastando milh\u00f5es em Viagra para o Ex\u00e9rcito<\/a>. Cad\u00ea investiga\u00e7\u00e3o, procurador? Aqui em Paris tem nada para encontrar, n\u00e3o. Tem que procurar l\u00e1 em Bras\u00edlia&#8221;.<\/p>\n<p>O v\u00eddeo ainda mostra uma pessoa afirmando: &#8220;Tudo por uma vaguinha no STF, n\u00e9? Tudo por uma vaguinha&#8221;. Ao final da abordagem, Aras foi xingado. A grava\u00e7\u00e3o foi posteriormente apagada das redes sociais.<\/p>\n<p>&nbsp;<\/p>\n<p>&nbsp;<\/p>\n<p>&nbsp;<\/p>\n<p>Bnews<\/p>\n","protected":false},"excerpt":{"rendered":"<p>A\u00a0Procuradoria-Geral da Rep\u00fablica\u00a0acionou a\u00a0Pol\u00edcia Federal\u00a0para abrir\u00a0uma investiga\u00e7\u00e3o contra ao menos tr\u00eas brasileiros que abordaram o chefe\u00a0do \u00f3rg\u00e3o,\u00a0Augusto Aras, durante suas<\/p>\n","protected":false},"author":2,"featured_media":857,"comment_status":"open","ping_status":"open","sticky":false,"template":"","format":"standard","meta":{"colormag_page_container_layout":"default_layout","colormag_page_sidebar_layout":"default_layout","_FSMCFIC_featured_image_caption":"","_FSMCFIC_featured_image_nocaption":"","_FSMCFIC_featured_image_hide":"","footnotes":""},"categories":[7,1],"tags":[],"class_list":["post-856","post","type-post","status-publish","format-standard","has-post-thumbnail","hentry","category-justica","category-ultimas"],"yoast_head":"<!-- This site is optimized with the Yoast SEO plugin v27.1.1 - https:\/\/yoast.com\/product\/yoast-seo-wordpress\/ -->\n<title>Bolsonaro: PGR investiga brasileiros que fizeram cobran\u00e7as a Aras em Paris - Brasil not\u00edcias<\/title>\n<meta name=\"robots\" content=\"index, follow, max-snippet:-1, max-image-preview:large, max-video-preview:-1\" \/>\n<link rel=\"canonical\" href=\"https:\/\/brasilnoticias.org\/site\/bolsonaro-pgr-investiga-brasileiros-que-fizeram-cobrancas-a-aras-em-paris\/\" \/>\n<meta property=\"og:locale\" content=\"pt_PT\" \/>\n<meta property=\"og:type\" content=\"article\" \/>\n<meta property=\"og:title\" content=\"Bolsonaro: PGR investiga brasileiros que fizeram cobran\u00e7as a Aras em Paris - Brasil not\u00edcias\" \/>\n<meta property=\"og:description\" content=\"A\u00a0Procuradoria-Geral da Rep\u00fablica\u00a0acionou a\u00a0Pol\u00edcia Federal\u00a0para abrir\u00a0uma investiga\u00e7\u00e3o contra ao menos tr\u00eas brasileiros que abordaram o chefe\u00a0do \u00f3rg\u00e3o,\u00a0Augusto Aras, durante suas\" \/>\n<meta property=\"og:url\" content=\"https:\/\/brasilnoticias.org\/site\/bolsonaro-pgr-investiga-brasileiros-que-fizeram-cobrancas-a-aras-em-paris\/\" \/>\n<meta property=\"og:site_name\" content=\"Brasil not\u00edcias\" \/>\n<meta property=\"article:published_time\" content=\"2022-06-10T15:18:55+00:00\" \/>\n<meta property=\"og:image\" content=\"https:\/\/brasilnoticias.org\/site\/wp-content\/uploads\/2022\/06\/pgr_investiga_brasileiros_que_fizeram_cobrancas_a_aras_em_paris_widelg.jpg\" \/>\n\t<meta property=\"og:image:width\" content=\"800\" \/>\n\t<meta property=\"og:image:height\" content=\"450\" \/>\n\t<meta property=\"og:image:type\" content=\"image\/jpeg\" \/>\n<meta name=\"author\" content=\"Reda\u00e7\u00e3o\" \/>\n<meta name=\"twitter:card\" content=\"summary_large_image\" \/>\n<meta name=\"twitter:label1\" content=\"Escrito por\" \/>\n\t<meta name=\"twitter:data1\" content=\"Reda\u00e7\u00e3o\" \/>\n\t<meta name=\"twitter:label2\" content=\"Tempo estimado de leitura\" \/>\n\t<meta name=\"twitter:data2\" content=\"2 minutos\" \/>\n<script type=\"application\/ld+json\" class=\"yoast-schema-graph\">{\"@context\":\"https:\/\/schema.org\",\"@graph\":[{\"@type\":\"Article\",\"@id\":\"https:\/\/brasilnoticias.org\/site\/bolsonaro-pgr-investiga-brasileiros-que-fizeram-cobrancas-a-aras-em-paris\/#article\",\"isPartOf\":{\"@id\":\"https:\/\/brasilnoticias.org\/site\/bolsonaro-pgr-investiga-brasileiros-que-fizeram-cobrancas-a-aras-em-paris\/\"},\"author\":{\"name\":\"Reda\u00e7\u00e3o\",\"@id\":\"https:\/\/brasilnoticias.org\/site\/#\/schema\/person\/f609fa847b5314f1c8b983342f34c798\"},\"headline\":\"Bolsonaro: PGR investiga brasileiros que fizeram cobran\u00e7as a Aras em Paris\",\"datePublished\":\"2022-06-10T15:18:55+00:00\",\"mainEntityOfPage\":{\"@id\":\"https:\/\/brasilnoticias.org\/site\/bolsonaro-pgr-investiga-brasileiros-que-fizeram-cobrancas-a-aras-em-paris\/\"},\"wordCount\":488,\"commentCount\":0,\"publisher\":{\"@id\":\"https:\/\/brasilnoticias.org\/site\/#organization\"},\"image\":{\"@id\":\"https:\/\/brasilnoticias.org\/site\/bolsonaro-pgr-investiga-brasileiros-que-fizeram-cobrancas-a-aras-em-paris\/#primaryimage\"},\"thumbnailUrl\":\"https:\/\/brasilnoticias.org\/site\/wp-content\/uploads\/2022\/06\/pgr_investiga_brasileiros_que_fizeram_cobrancas_a_aras_em_paris_widelg.jpg\",\"articleSection\":[\"Justi\u00e7a\",\"\u00daltimas\"],\"inLanguage\":\"pt-PT\",\"potentialAction\":[{\"@type\":\"CommentAction\",\"name\":\"Comment\",\"target\":[\"https:\/\/brasilnoticias.org\/site\/bolsonaro-pgr-investiga-brasileiros-que-fizeram-cobrancas-a-aras-em-paris\/#respond\"]}]},{\"@type\":\"WebPage\",\"@id\":\"https:\/\/brasilnoticias.org\/site\/bolsonaro-pgr-investiga-brasileiros-que-fizeram-cobrancas-a-aras-em-paris\/\",\"url\":\"https:\/\/brasilnoticias.org\/site\/bolsonaro-pgr-investiga-brasileiros-que-fizeram-cobrancas-a-aras-em-paris\/\",\"name\":\"Bolsonaro: PGR investiga brasileiros que fizeram cobran\u00e7as a Aras em Paris - Brasil not\u00edcias\",\"isPartOf\":{\"@id\":\"https:\/\/brasilnoticias.org\/site\/#website\"},\"primaryImageOfPage\":{\"@id\":\"https:\/\/brasilnoticias.org\/site\/bolsonaro-pgr-investiga-brasileiros-que-fizeram-cobrancas-a-aras-em-paris\/#primaryimage\"},\"image\":{\"@id\":\"https:\/\/brasilnoticias.org\/site\/bolsonaro-pgr-investiga-brasileiros-que-fizeram-cobrancas-a-aras-em-paris\/#primaryimage\"},\"thumbnailUrl\":\"https:\/\/brasilnoticias.org\/site\/wp-content\/uploads\/2022\/06\/pgr_investiga_brasileiros_que_fizeram_cobrancas_a_aras_em_paris_widelg.jpg\",\"datePublished\":\"2022-06-10T15:18:55+00:00\",\"breadcrumb\":{\"@id\":\"https:\/\/brasilnoticias.org\/site\/bolsonaro-pgr-investiga-brasileiros-que-fizeram-cobrancas-a-aras-em-paris\/#breadcrumb\"},\"inLanguage\":\"pt-PT\",\"potentialAction\":[{\"@type\":\"ReadAction\",\"target\":[\"https:\/\/brasilnoticias.org\/site\/bolsonaro-pgr-investiga-brasileiros-que-fizeram-cobrancas-a-aras-em-paris\/\"]}]},{\"@type\":\"ImageObject\",\"inLanguage\":\"pt-PT\",\"@id\":\"https:\/\/brasilnoticias.org\/site\/bolsonaro-pgr-investiga-brasileiros-que-fizeram-cobrancas-a-aras-em-paris\/#primaryimage\",\"url\":\"https:\/\/brasilnoticias.org\/site\/wp-content\/uploads\/2022\/06\/pgr_investiga_brasileiros_que_fizeram_cobrancas_a_aras_em_paris_widelg.jpg\",\"contentUrl\":\"https:\/\/brasilnoticias.org\/site\/wp-content\/uploads\/2022\/06\/pgr_investiga_brasileiros_que_fizeram_cobrancas_a_aras_em_paris_widelg.jpg\",\"width\":800,\"height\":450},{\"@type\":\"BreadcrumbList\",\"@id\":\"https:\/\/brasilnoticias.org\/site\/bolsonaro-pgr-investiga-brasileiros-que-fizeram-cobrancas-a-aras-em-paris\/#breadcrumb\",\"itemListElement\":[{\"@type\":\"ListItem\",\"position\":1,\"name\":\"In\u00edcio\",\"item\":\"https:\/\/brasilnoticias.org\/site\/\"},{\"@type\":\"ListItem\",\"position\":2,\"name\":\"Bolsonaro: PGR investiga brasileiros que fizeram cobran\u00e7as a Aras em Paris\"}]},{\"@type\":\"WebSite\",\"@id\":\"https:\/\/brasilnoticias.org\/site\/#website\",\"url\":\"https:\/\/brasilnoticias.org\/site\/\",\"name\":\"Brasil not\u00edcias\",\"description\":\"Brasil not\u00edcias\",\"publisher\":{\"@id\":\"https:\/\/brasilnoticias.org\/site\/#organization\"},\"potentialAction\":[{\"@type\":\"SearchAction\",\"target\":{\"@type\":\"EntryPoint\",\"urlTemplate\":\"https:\/\/brasilnoticias.org\/site\/?s={search_term_string}\"},\"query-input\":{\"@type\":\"PropertyValueSpecification\",\"valueRequired\":true,\"valueName\":\"search_term_string\"}}],\"inLanguage\":\"pt-PT\"},{\"@type\":\"Organization\",\"@id\":\"https:\/\/brasilnoticias.org\/site\/#organization\",\"name\":\"Brasil not\u00edcias\",\"url\":\"https:\/\/brasilnoticias.org\/site\/\",\"logo\":{\"@type\":\"ImageObject\",\"inLanguage\":\"pt-PT\",\"@id\":\"https:\/\/brasilnoticias.org\/site\/#\/schema\/logo\/image\/\",\"url\":\"https:\/\/brasilnoticias.org\/site\/wp-content\/uploads\/2022\/05\/cropped-brasilnoticias-mini.jpg\",\"contentUrl\":\"https:\/\/brasilnoticias.org\/site\/wp-content\/uploads\/2022\/05\/cropped-brasilnoticias-mini.jpg\",\"width\":314,\"height\":86,\"caption\":\"Brasil not\u00edcias\"},\"image\":{\"@id\":\"https:\/\/brasilnoticias.org\/site\/#\/schema\/logo\/image\/\"}},{\"@type\":\"Person\",\"@id\":\"https:\/\/brasilnoticias.org\/site\/#\/schema\/person\/f609fa847b5314f1c8b983342f34c798\",\"name\":\"Reda\u00e7\u00e3o\",\"image\":{\"@type\":\"ImageObject\",\"inLanguage\":\"pt-PT\",\"@id\":\"https:\/\/brasilnoticias.org\/site\/#\/schema\/person\/image\/\",\"url\":\"https:\/\/secure.gravatar.com\/avatar\/447284c06c1ad8b46465a36de9cd0d8326b73387a22799b8b1ffb1fbcff2ed0c?s=96&d=mm&r=g\",\"contentUrl\":\"https:\/\/secure.gravatar.com\/avatar\/447284c06c1ad8b46465a36de9cd0d8326b73387a22799b8b1ffb1fbcff2ed0c?s=96&d=mm&r=g\",\"caption\":\"Reda\u00e7\u00e3o\"},\"url\":\"https:\/\/brasilnoticias.org\/site\/author\/redacao\/\"}]}<\/script>\n<!-- \/ Yoast SEO plugin. -->","yoast_head_json":{"title":"Bolsonaro: PGR investiga brasileiros que fizeram cobran\u00e7as a Aras em Paris - Brasil not\u00edcias","robots":{"index":"index","follow":"follow","max-snippet":"max-snippet:-1","max-image-preview":"max-image-preview:large","max-video-preview":"max-video-preview:-1"},"canonical":"https:\/\/brasilnoticias.org\/site\/bolsonaro-pgr-investiga-brasileiros-que-fizeram-cobrancas-a-aras-em-paris\/","og_locale":"pt_PT","og_type":"article","og_title":"Bolsonaro: PGR investiga brasileiros que fizeram cobran\u00e7as a Aras em Paris - Brasil not\u00edcias","og_description":"A\u00a0Procuradoria-Geral da Rep\u00fablica\u00a0acionou a\u00a0Pol\u00edcia Federal\u00a0para abrir\u00a0uma investiga\u00e7\u00e3o contra ao menos tr\u00eas brasileiros que abordaram o chefe\u00a0do \u00f3rg\u00e3o,\u00a0Augusto Aras, durante suas","og_url":"https:\/\/brasilnoticias.org\/site\/bolsonaro-pgr-investiga-brasileiros-que-fizeram-cobrancas-a-aras-em-paris\/","og_site_name":"Brasil not\u00edcias","article_published_time":"2022-06-10T15:18:55+00:00","og_image":[{"width":800,"height":450,"url":"https:\/\/brasilnoticias.org\/site\/wp-content\/uploads\/2022\/06\/pgr_investiga_brasileiros_que_fizeram_cobrancas_a_aras_em_paris_widelg.jpg","type":"image\/jpeg"}],"author":"Reda\u00e7\u00e3o","twitter_card":"summary_large_image","twitter_misc":{"Escrito por":"Reda\u00e7\u00e3o","Tempo estimado de leitura":"2 minutos"},"schema":{"@context":"https:\/\/schema.org","@graph":[{"@type":"Article","@id":"https:\/\/brasilnoticias.org\/site\/bolsonaro-pgr-investiga-brasileiros-que-fizeram-cobrancas-a-aras-em-paris\/#article","isPartOf":{"@id":"https:\/\/brasilnoticias.org\/site\/bolsonaro-pgr-investiga-brasileiros-que-fizeram-cobrancas-a-aras-em-paris\/"},"author":{"name":"Reda\u00e7\u00e3o","@id":"https:\/\/brasilnoticias.org\/site\/#\/schema\/person\/f609fa847b5314f1c8b983342f34c798"},"headline":"Bolsonaro: PGR investiga brasileiros que fizeram cobran\u00e7as a Aras em Paris","datePublished":"2022-06-10T15:18:55+00:00","mainEntityOfPage":{"@id":"https:\/\/brasilnoticias.org\/site\/bolsonaro-pgr-investiga-brasileiros-que-fizeram-cobrancas-a-aras-em-paris\/"},"wordCount":488,"commentCount":0,"publisher":{"@id":"https:\/\/brasilnoticias.org\/site\/#organization"},"image":{"@id":"https:\/\/brasilnoticias.org\/site\/bolsonaro-pgr-investiga-brasileiros-que-fizeram-cobrancas-a-aras-em-paris\/#primaryimage"},"thumbnailUrl":"https:\/\/brasilnoticias.org\/site\/wp-content\/uploads\/2022\/06\/pgr_investiga_brasileiros_que_fizeram_cobrancas_a_aras_em_paris_widelg.jpg","articleSection":["Justi\u00e7a","\u00daltimas"],"inLanguage":"pt-PT","potentialAction":[{"@type":"CommentAction","name":"Comment","target":["https:\/\/brasilnoticias.org\/site\/bolsonaro-pgr-investiga-brasileiros-que-fizeram-cobrancas-a-aras-em-paris\/#respond"]}]},{"@type":"WebPage","@id":"https:\/\/brasilnoticias.org\/site\/bolsonaro-pgr-investiga-brasileiros-que-fizeram-cobrancas-a-aras-em-paris\/","url":"https:\/\/brasilnoticias.org\/site\/bolsonaro-pgr-investiga-brasileiros-que-fizeram-cobrancas-a-aras-em-paris\/","name":"Bolsonaro: PGR investiga brasileiros que fizeram cobran\u00e7as a Aras em Paris - Brasil not\u00edcias","isPartOf":{"@id":"https:\/\/brasilnoticias.org\/site\/#website"},"primaryImageOfPage":{"@id":"https:\/\/brasilnoticias.org\/site\/bolsonaro-pgr-investiga-brasileiros-que-fizeram-cobrancas-a-aras-em-paris\/#primaryimage"},"image":{"@id":"https:\/\/brasilnoticias.org\/site\/bolsonaro-pgr-investiga-brasileiros-que-fizeram-cobrancas-a-aras-em-paris\/#primaryimage"},"thumbnailUrl":"https:\/\/brasilnoticias.org\/site\/wp-content\/uploads\/2022\/06\/pgr_investiga_brasileiros_que_fizeram_cobrancas_a_aras_em_paris_widelg.jpg","datePublished":"2022-06-10T15:18:55+00:00","breadcrumb":{"@id":"https:\/\/brasilnoticias.org\/site\/bolsonaro-pgr-investiga-brasileiros-que-fizeram-cobrancas-a-aras-em-paris\/#breadcrumb"},"inLanguage":"pt-PT","potentialAction":[{"@type":"ReadAction","target":["https:\/\/brasilnoticias.org\/site\/bolsonaro-pgr-investiga-brasileiros-que-fizeram-cobrancas-a-aras-em-paris\/"]}]},{"@type":"ImageObject","inLanguage":"pt-PT","@id":"https:\/\/brasilnoticias.org\/site\/bolsonaro-pgr-investiga-brasileiros-que-fizeram-cobrancas-a-aras-em-paris\/#primaryimage","url":"https:\/\/brasilnoticias.org\/site\/wp-content\/uploads\/2022\/06\/pgr_investiga_brasileiros_que_fizeram_cobrancas_a_aras_em_paris_widelg.jpg","contentUrl":"https:\/\/brasilnoticias.org\/site\/wp-content\/uploads\/2022\/06\/pgr_investiga_brasileiros_que_fizeram_cobrancas_a_aras_em_paris_widelg.jpg","width":800,"height":450},{"@type":"BreadcrumbList","@id":"https:\/\/brasilnoticias.org\/site\/bolsonaro-pgr-investiga-brasileiros-que-fizeram-cobrancas-a-aras-em-paris\/#breadcrumb","itemListElement":[{"@type":"ListItem","position":1,"name":"In\u00edcio","item":"https:\/\/brasilnoticias.org\/site\/"},{"@type":"ListItem","position":2,"name":"Bolsonaro: PGR investiga brasileiros que fizeram cobran\u00e7as a Aras em Paris"}]},{"@type":"WebSite","@id":"https:\/\/brasilnoticias.org\/site\/#website","url":"https:\/\/brasilnoticias.org\/site\/","name":"Brasil not\u00edcias","description":"Brasil not\u00edcias","publisher":{"@id":"https:\/\/brasilnoticias.org\/site\/#organization"},"potentialAction":[{"@type":"SearchAction","target":{"@type":"EntryPoint","urlTemplate":"https:\/\/brasilnoticias.org\/site\/?s={search_term_string}"},"query-input":{"@type":"PropertyValueSpecification","valueRequired":true,"valueName":"search_term_string"}}],"inLanguage":"pt-PT"},{"@type":"Organization","@id":"https:\/\/brasilnoticias.org\/site\/#organization","name":"Brasil not\u00edcias","url":"https:\/\/brasilnoticias.org\/site\/","logo":{"@type":"ImageObject","inLanguage":"pt-PT","@id":"https:\/\/brasilnoticias.org\/site\/#\/schema\/logo\/image\/","url":"https:\/\/brasilnoticias.org\/site\/wp-content\/uploads\/2022\/05\/cropped-brasilnoticias-mini.jpg","contentUrl":"https:\/\/brasilnoticias.org\/site\/wp-content\/uploads\/2022\/05\/cropped-brasilnoticias-mini.jpg","width":314,"height":86,"caption":"Brasil not\u00edcias"},"image":{"@id":"https:\/\/brasilnoticias.org\/site\/#\/schema\/logo\/image\/"}},{"@type":"Person","@id":"https:\/\/brasilnoticias.org\/site\/#\/schema\/person\/f609fa847b5314f1c8b983342f34c798","name":"Reda\u00e7\u00e3o","image":{"@type":"ImageObject","inLanguage":"pt-PT","@id":"https:\/\/brasilnoticias.org\/site\/#\/schema\/person\/image\/","url":"https:\/\/secure.gravatar.com\/avatar\/447284c06c1ad8b46465a36de9cd0d8326b73387a22799b8b1ffb1fbcff2ed0c?s=96&d=mm&r=g","contentUrl":"https:\/\/secure.gravatar.com\/avatar\/447284c06c1ad8b46465a36de9cd0d8326b73387a22799b8b1ffb1fbcff2ed0c?s=96&d=mm&r=g","caption":"Reda\u00e7\u00e3o"},"url":"https:\/\/brasilnoticias.org\/site\/author\/redacao\/"}]}},"_links":{"self":[{"href":"https:\/\/brasilnoticias.org\/site\/wp-json\/wp\/v2\/posts\/856","targetHints":{"allow":["GET"]}}],"collection":[{"href":"https:\/\/brasilnoticias.org\/site\/wp-json\/wp\/v2\/posts"}],"about":[{"href":"https:\/\/brasilnoticias.org\/site\/wp-json\/wp\/v2\/types\/post"}],"author":[{"embeddable":true,"href":"https:\/\/brasilnoticias.org\/site\/wp-json\/wp\/v2\/users\/2"}],"replies":[{"embeddable":true,"href":"https:\/\/brasilnoticias.org\/site\/wp-json\/wp\/v2\/comments?post=856"}],"version-history":[{"count":1,"href":"https:\/\/brasilnoticias.org\/site\/wp-json\/wp\/v2\/posts\/856\/revisions"}],"predecessor-version":[{"id":858,"href":"https:\/\/brasilnoticias.org\/site\/wp-json\/wp\/v2\/posts\/856\/revisions\/858"}],"wp:featuredmedia":[{"embeddable":true,"href":"https:\/\/brasilnoticias.org\/site\/wp-json\/wp\/v2\/media\/857"}],"wp:attachment":[{"href":"https:\/\/brasilnoticias.org\/site\/wp-json\/wp\/v2\/media?parent=856"}],"wp:term":[{"taxonomy":"category","embeddable":true,"href":"https:\/\/brasilnoticias.org\/site\/wp-json\/wp\/v2\/categories?post=856"},{"taxonomy":"post_tag","embeddable":true,"href":"https:\/\/brasilnoticias.org\/site\/wp-json\/wp\/v2\/tags?post=856"}],"curies":[{"name":"wp","href":"https:\/\/api.w.org\/{rel}","templated":true}]}}