{"id":8575,"date":"2023-08-24T22:04:20","date_gmt":"2023-08-25T01:04:20","guid":{"rendered":"https:\/\/brasilnoticias.org\/site\/?p=8575"},"modified":"2023-08-24T22:04:20","modified_gmt":"2023-08-25T01:04:20","slug":"andre-mendonca-pede-vista-e-paralisa-julgamento-sobre-porte-de-drogas-no-stf","status":"publish","type":"post","link":"https:\/\/brasilnoticias.org\/site\/andre-mendonca-pede-vista-e-paralisa-julgamento-sobre-porte-de-drogas-no-stf\/","title":{"rendered":"Andr\u00e9 Mendon\u00e7a pede vista e paralisa julgamento sobre porte de drogas no STF"},"content":{"rendered":"<p>Pedido de vista n\u00e3o impediu a ministra Rosa Weber de antecipar o voto pela descriminaliza\u00e7\u00e3o do porte de maconha<\/p>\n<p>O ministro Andr\u00e9 Mendon\u00e7a, do Supremo Tribunal Federal (STF), paralisou, nesta quinta-feira (24\/8), o julgamento que pode descriminalizar o porte de drogas para consumo pessoal. O pedido de vista, por\u00e9m, n\u00e3o impediu a presidente da Corte, ministra Rosa Weber, de antecipar o voto dela. O placar est\u00e1 em 5 a 1 pela descriminaliza\u00e7\u00e3o do porte de maconha.<\/p>\n<p>H\u00e1, entretanto, maioria por 6 a 0 para que a Corte fixe um crit\u00e9rio objetivo capaz de distinguir usu\u00e1rio de traficante. O debate \u00e9 travado no RE 635.659 (Tema 506 da repercuss\u00e3o geral). Nele, a Defensoria P\u00fablica do Estado de S\u00e3o Paulo questiona uma decis\u00e3o que manteve a condena\u00e7\u00e3o de um homem com quem foram apreendidas tr\u00eas gramas de maconha.<\/p>\n<p>O alvo do julgamento \u00e9 o artigo 28 da Lei de Drogas, que estabelece penas para quem adquirir, guardar, tiver em dep\u00f3sito, transportar ou trouxer consigo entorpecentes para consumo pessoal. N\u00e3o h\u00e1 men\u00e7\u00e3o direta \u00e0 maconha, mas os ministros decidiram restringir a tese ao caso em discuss\u00e3o.<\/p>\n<p>Os ministros Gilmar Mendes, Edson Fachin, Lu\u00eds Roberto Barroso, Alexandre de Moraes e, agora, Rosa Weber votaram pela descriminaliza\u00e7\u00e3o. O ministro Cristiano Zanin foi o \u00fanico a se manifestar contra.<\/p>\n<p>O ministro Andr\u00e9 Mendon\u00e7a pediu vista ap\u00f3s o voto de Zanin. Mendon\u00e7a tem at\u00e9 90 dias para devolver o processo ao plen\u00e1rio.<\/p>\n<p>Diverg\u00eancia<br \/>\nO mais novo no plen\u00e1rio, Cristiano Zanin abriu a diverg\u00eancia. At\u00e9 o seu voto, o placar era de 4 a 0 pela descriminaliza\u00e7\u00e3o do porte de maconha.<\/p>\n<p>O ministro julgou que o sistema judicial criminal \u00e9 falho e vem permitindo um encarceramento massivo, sobretudo de pessoas vulner\u00e1veis, mas considerou que a declara\u00e7\u00e3o da inconstitucionalidade do art. 28 \u201cpoderia at\u00e9 agravar o problema\u201d.<\/p>\n<p>Zanin votou pela constitucionalidade do artigo, mantendo a criminaliza\u00e7\u00e3o, mas acompanhou a proposta inicial do ministro Barroso para fixar um crit\u00e9rio de 25 gramas ou seis plantas f\u00eameas para diferenciar usu\u00e1rio de traficante.<\/p>\n<p>Antecipa\u00e7\u00e3o<br \/>\nA ministra Rosa Weber, que completa em outubro 75 anos, a idade da aposentadoria provis\u00f3ria, decidiu antecipar o voto. No meio da sess\u00e3o, ela disse que preferia a vers\u00e3o original do voto de Gilmar Mendes, que abrangia todas as drogas, mas reconheceu a necessidade de se caminhar para um consenso.<\/p>\n<p>Segundo ela, a l\u00f3gica \u00e9 a mesma para descriminalizar o porte de drogas e o porte de maconha, de modo que o Tribunal teria logo de se debru\u00e7ar sobre as demais.<\/p>\n<p>Mas \u201cme convenci que, nessa tem\u00e1tica, talvez seja mais adequado ficar em um exame mais minimalista e ficar restrito ao pedido, ou seja, \u00e0 maconha. Tenho sempre me pautado em observar a jurisprud\u00eancia da Corte, mas acho que aqui precisamos dar um passo a frente\u201d.<\/p>\n<p>Weber argumentou que criminalizar o porte de drogas para preservar a sa\u00fade p\u00fablica \u00e9 um equ\u00edvoco. Para ela, a destina\u00e7\u00e3o pessoal tem liga\u00e7\u00e3o com o perigo aos direitos alheios.<\/p>\n<p>Reajuste<br \/>\nO ministro Gilmar Mendes, o primeiro a se pronunciar na sess\u00e3o desta quinta-feira, reconsiderou sua posi\u00e7\u00e3o. Mendes \u00e9 o relator do recurso e havia votado pela descriminaliza\u00e7\u00e3o do porte para uso pessoal de todas as drogas. Ele pediu mais tempo para refletir ap\u00f3s o voto do ministro Alexandre de Moraes.<\/p>\n<p>Moraes foi o quarto a votar no caso e limitou-se \u00e0 maconha, assim como tinham feito Edson Fachin e Lu\u00eds Roberto Barroso antes dele. Sua exposi\u00e7\u00e3o considerou os efeitos colaterais da falta de crit\u00e9rios objetivos para diferenciar consumo pr\u00f3prio de tr\u00e1fico e a diferen\u00e7a de tratamento dependendo da ra\u00e7a, idade e escolaridade da pessoa.<\/p>\n<p>Nesta quinta-feira, Gilmar Mendes voltou com um voto reajustado em linha com o do colega. Mendes defendeu a constru\u00e7\u00e3o de uma tese que expresse o entendimento do Tribunal diante da sensibilidade da mat\u00e9ria, al\u00e9m da passagem do tempo, da evolu\u00e7\u00e3o da jurisprud\u00eancia e das mudan\u00e7as legislativas.<\/p>\n<p>Mendes tamb\u00e9m deixou um recado: \u201cN\u00e3o houve um aceno do Tribunal em dire\u00e7\u00e3o, em nenhum momento, \u00e0 libera\u00e7\u00e3o de entorpecentes, nem mesmo de qualquer esp\u00e9cie de avan\u00e7o indevido sobre as compet\u00eancias do Congresso Nacional quanto ao reconhecimento do car\u00e1ter il\u00edcito do porte de drogas, ainda que para consumo pr\u00f3prio.\u201d<\/p>\n<p>Quem faz esse tipo de declara\u00e7\u00e3o, afirmou, \u201ccertamente n\u00e3o compreende as diferentes propostas submetidas ao escrut\u00ednio da Corte ou n\u00e3o se deu ao trabalho de acompanhar os debates orais realizados ao longo da sess\u00e3o de julgamento\u201d.<\/p>\n<p>O ministro, da mesma forma, adotou os par\u00e2metros sugeridos por Moraes para a diferencia\u00e7\u00e3o entre usu\u00e1rio e traficante. Moraes prop\u00f4s que deve ser presumido usu\u00e1rio quem portar at\u00e9 60 gramas de maconha ou seis plantas f\u00eameas.<\/p>\n<p>Em seu voto, Barroso indicou um limite de 25 gramas ou seis plantas f\u00eameas. Na sess\u00e3o desta quinta, o ministro afirmou que estaria disposto a elevar o n\u00famero para at\u00e9 100 gramas. \u201cResolve o problema\u201d. Mas, caso o consenso se forme ao redor de 60 gramas, disse que n\u00e3o teria resist\u00eancia de sua parte.<\/p>\n<p>Foto: Carlos Moura\/SCO\/STF<br \/>\nJota<\/p>\n","protected":false},"excerpt":{"rendered":"<p>Pedido de vista n\u00e3o impediu a ministra Rosa Weber de antecipar o voto pela descriminaliza\u00e7\u00e3o do porte de maconha O<\/p>\n","protected":false},"author":4,"featured_media":8576,"comment_status":"open","ping_status":"open","sticky":false,"template":"","format":"standard","meta":{"colormag_page_container_layout":"default_layout","colormag_page_sidebar_layout":"default_layout","_FSMCFIC_featured_image_caption":"","_FSMCFIC_featured_image_nocaption":"","_FSMCFIC_featured_image_hide":"","footnotes":""},"categories":[7,1],"tags":[],"class_list":["post-8575","post","type-post","status-publish","format-standard","has-post-thumbnail","hentry","category-justica","category-ultimas"],"yoast_head":"<!-- This site is optimized with the Yoast SEO plugin v27.1.1 - https:\/\/yoast.com\/product\/yoast-seo-wordpress\/ -->\n<title>Andr\u00e9 Mendon\u00e7a pede vista e paralisa julgamento sobre porte de drogas no STF - Brasil not\u00edcias<\/title>\n<meta name=\"robots\" content=\"index, follow, max-snippet:-1, max-image-preview:large, max-video-preview:-1\" \/>\n<link rel=\"canonical\" href=\"https:\/\/brasilnoticias.org\/site\/andre-mendonca-pede-vista-e-paralisa-julgamento-sobre-porte-de-drogas-no-stf\/\" \/>\n<meta property=\"og:locale\" content=\"pt_PT\" \/>\n<meta property=\"og:type\" content=\"article\" \/>\n<meta property=\"og:title\" content=\"Andr\u00e9 Mendon\u00e7a pede vista e paralisa julgamento sobre porte de drogas no STF - Brasil not\u00edcias\" \/>\n<meta property=\"og:description\" content=\"Pedido de vista n\u00e3o impediu a ministra Rosa Weber de antecipar o voto pela descriminaliza\u00e7\u00e3o do porte de maconha O\" \/>\n<meta property=\"og:url\" content=\"https:\/\/brasilnoticias.org\/site\/andre-mendonca-pede-vista-e-paralisa-julgamento-sobre-porte-de-drogas-no-stf\/\" \/>\n<meta property=\"og:site_name\" content=\"Brasil not\u00edcias\" \/>\n<meta property=\"article:published_time\" content=\"2023-08-25T01:04:20+00:00\" \/>\n<meta property=\"og:image\" content=\"https:\/\/brasilnoticias.org\/site\/wp-content\/uploads\/2023\/08\/52441529977-0862a8fe5c-h-1024x683-1.jpg\" \/>\n\t<meta property=\"og:image:width\" content=\"1024\" \/>\n\t<meta property=\"og:image:height\" content=\"683\" \/>\n\t<meta property=\"og:image:type\" content=\"image\/jpeg\" \/>\n<meta name=\"author\" content=\"Reda\u00e7\u00e3o\" \/>\n<meta name=\"twitter:card\" content=\"summary_large_image\" \/>\n<meta name=\"twitter:label1\" content=\"Escrito por\" \/>\n\t<meta name=\"twitter:data1\" content=\"Reda\u00e7\u00e3o\" \/>\n<script type=\"application\/ld+json\" class=\"yoast-schema-graph\">{\"@context\":\"https:\/\/schema.org\",\"@graph\":[{\"@type\":\"Article\",\"@id\":\"https:\/\/brasilnoticias.org\/site\/andre-mendonca-pede-vista-e-paralisa-julgamento-sobre-porte-de-drogas-no-stf\/#article\",\"isPartOf\":{\"@id\":\"https:\/\/brasilnoticias.org\/site\/andre-mendonca-pede-vista-e-paralisa-julgamento-sobre-porte-de-drogas-no-stf\/\"},\"author\":{\"name\":\"Reda\u00e7\u00e3o\",\"@id\":\"https:\/\/brasilnoticias.org\/site\/#\/schema\/person\/03bbbfe6c7634ad18c26444ea39049fa\"},\"headline\":\"Andr\u00e9 Mendon\u00e7a pede vista e paralisa julgamento sobre porte de drogas no STF\",\"datePublished\":\"2023-08-25T01:04:20+00:00\",\"mainEntityOfPage\":{\"@id\":\"https:\/\/brasilnoticias.org\/site\/andre-mendonca-pede-vista-e-paralisa-julgamento-sobre-porte-de-drogas-no-stf\/\"},\"wordCount\":895,\"commentCount\":0,\"publisher\":{\"@id\":\"https:\/\/brasilnoticias.org\/site\/#organization\"},\"image\":{\"@id\":\"https:\/\/brasilnoticias.org\/site\/andre-mendonca-pede-vista-e-paralisa-julgamento-sobre-porte-de-drogas-no-stf\/#primaryimage\"},\"thumbnailUrl\":\"https:\/\/brasilnoticias.org\/site\/wp-content\/uploads\/2023\/08\/52441529977-0862a8fe5c-h-1024x683-1.jpg\",\"articleSection\":[\"Justi\u00e7a\",\"\u00daltimas\"],\"inLanguage\":\"pt-PT\",\"potentialAction\":[{\"@type\":\"CommentAction\",\"name\":\"Comment\",\"target\":[\"https:\/\/brasilnoticias.org\/site\/andre-mendonca-pede-vista-e-paralisa-julgamento-sobre-porte-de-drogas-no-stf\/#respond\"]}]},{\"@type\":\"WebPage\",\"@id\":\"https:\/\/brasilnoticias.org\/site\/andre-mendonca-pede-vista-e-paralisa-julgamento-sobre-porte-de-drogas-no-stf\/\",\"url\":\"https:\/\/brasilnoticias.org\/site\/andre-mendonca-pede-vista-e-paralisa-julgamento-sobre-porte-de-drogas-no-stf\/\",\"name\":\"Andr\u00e9 Mendon\u00e7a pede vista e paralisa julgamento sobre porte de drogas no STF - Brasil not\u00edcias\",\"isPartOf\":{\"@id\":\"https:\/\/brasilnoticias.org\/site\/#website\"},\"primaryImageOfPage\":{\"@id\":\"https:\/\/brasilnoticias.org\/site\/andre-mendonca-pede-vista-e-paralisa-julgamento-sobre-porte-de-drogas-no-stf\/#primaryimage\"},\"image\":{\"@id\":\"https:\/\/brasilnoticias.org\/site\/andre-mendonca-pede-vista-e-paralisa-julgamento-sobre-porte-de-drogas-no-stf\/#primaryimage\"},\"thumbnailUrl\":\"https:\/\/brasilnoticias.org\/site\/wp-content\/uploads\/2023\/08\/52441529977-0862a8fe5c-h-1024x683-1.jpg\",\"datePublished\":\"2023-08-25T01:04:20+00:00\",\"breadcrumb\":{\"@id\":\"https:\/\/brasilnoticias.org\/site\/andre-mendonca-pede-vista-e-paralisa-julgamento-sobre-porte-de-drogas-no-stf\/#breadcrumb\"},\"inLanguage\":\"pt-PT\",\"potentialAction\":[{\"@type\":\"ReadAction\",\"target\":[\"https:\/\/brasilnoticias.org\/site\/andre-mendonca-pede-vista-e-paralisa-julgamento-sobre-porte-de-drogas-no-stf\/\"]}]},{\"@type\":\"ImageObject\",\"inLanguage\":\"pt-PT\",\"@id\":\"https:\/\/brasilnoticias.org\/site\/andre-mendonca-pede-vista-e-paralisa-julgamento-sobre-porte-de-drogas-no-stf\/#primaryimage\",\"url\":\"https:\/\/brasilnoticias.org\/site\/wp-content\/uploads\/2023\/08\/52441529977-0862a8fe5c-h-1024x683-1.jpg\",\"contentUrl\":\"https:\/\/brasilnoticias.org\/site\/wp-content\/uploads\/2023\/08\/52441529977-0862a8fe5c-h-1024x683-1.jpg\",\"width\":1024,\"height\":683},{\"@type\":\"BreadcrumbList\",\"@id\":\"https:\/\/brasilnoticias.org\/site\/andre-mendonca-pede-vista-e-paralisa-julgamento-sobre-porte-de-drogas-no-stf\/#breadcrumb\",\"itemListElement\":[{\"@type\":\"ListItem\",\"position\":1,\"name\":\"In\u00edcio\",\"item\":\"https:\/\/brasilnoticias.org\/site\/\"},{\"@type\":\"ListItem\",\"position\":2,\"name\":\"Andr\u00e9 Mendon\u00e7a pede vista e paralisa julgamento sobre porte de drogas no STF\"}]},{\"@type\":\"WebSite\",\"@id\":\"https:\/\/brasilnoticias.org\/site\/#website\",\"url\":\"https:\/\/brasilnoticias.org\/site\/\",\"name\":\"Brasil not\u00edcias\",\"description\":\"Brasil not\u00edcias\",\"publisher\":{\"@id\":\"https:\/\/brasilnoticias.org\/site\/#organization\"},\"potentialAction\":[{\"@type\":\"SearchAction\",\"target\":{\"@type\":\"EntryPoint\",\"urlTemplate\":\"https:\/\/brasilnoticias.org\/site\/?s={search_term_string}\"},\"query-input\":{\"@type\":\"PropertyValueSpecification\",\"valueRequired\":true,\"valueName\":\"search_term_string\"}}],\"inLanguage\":\"pt-PT\"},{\"@type\":\"Organization\",\"@id\":\"https:\/\/brasilnoticias.org\/site\/#organization\",\"name\":\"Brasil not\u00edcias\",\"url\":\"https:\/\/brasilnoticias.org\/site\/\",\"logo\":{\"@type\":\"ImageObject\",\"inLanguage\":\"pt-PT\",\"@id\":\"https:\/\/brasilnoticias.org\/site\/#\/schema\/logo\/image\/\",\"url\":\"https:\/\/brasilnoticias.org\/site\/wp-content\/uploads\/2022\/05\/cropped-brasilnoticias-mini.jpg\",\"contentUrl\":\"https:\/\/brasilnoticias.org\/site\/wp-content\/uploads\/2022\/05\/cropped-brasilnoticias-mini.jpg\",\"width\":314,\"height\":86,\"caption\":\"Brasil not\u00edcias\"},\"image\":{\"@id\":\"https:\/\/brasilnoticias.org\/site\/#\/schema\/logo\/image\/\"}},{\"@type\":\"Person\",\"@id\":\"https:\/\/brasilnoticias.org\/site\/#\/schema\/person\/03bbbfe6c7634ad18c26444ea39049fa\",\"name\":\"Reda\u00e7\u00e3o\",\"image\":{\"@type\":\"ImageObject\",\"inLanguage\":\"pt-PT\",\"@id\":\"https:\/\/brasilnoticias.org\/site\/#\/schema\/person\/image\/\",\"url\":\"https:\/\/secure.gravatar.com\/avatar\/9ecaf7327a696cb23ad926fedded5f1f04d7049de9e445375d55b48c001a6e42?s=96&d=mm&r=g\",\"contentUrl\":\"https:\/\/secure.gravatar.com\/avatar\/9ecaf7327a696cb23ad926fedded5f1f04d7049de9e445375d55b48c001a6e42?s=96&d=mm&r=g\",\"caption\":\"Reda\u00e7\u00e3o\"},\"url\":\"https:\/\/brasilnoticias.org\/site\/author\/henrique\/\"}]}<\/script>\n<!-- \/ Yoast SEO plugin. -->","yoast_head_json":{"title":"Andr\u00e9 Mendon\u00e7a pede vista e paralisa julgamento sobre porte de drogas no STF - Brasil not\u00edcias","robots":{"index":"index","follow":"follow","max-snippet":"max-snippet:-1","max-image-preview":"max-image-preview:large","max-video-preview":"max-video-preview:-1"},"canonical":"https:\/\/brasilnoticias.org\/site\/andre-mendonca-pede-vista-e-paralisa-julgamento-sobre-porte-de-drogas-no-stf\/","og_locale":"pt_PT","og_type":"article","og_title":"Andr\u00e9 Mendon\u00e7a pede vista e paralisa julgamento sobre porte de drogas no STF - Brasil not\u00edcias","og_description":"Pedido de vista n\u00e3o impediu a ministra Rosa Weber de antecipar o voto pela descriminaliza\u00e7\u00e3o do porte de maconha O","og_url":"https:\/\/brasilnoticias.org\/site\/andre-mendonca-pede-vista-e-paralisa-julgamento-sobre-porte-de-drogas-no-stf\/","og_site_name":"Brasil not\u00edcias","article_published_time":"2023-08-25T01:04:20+00:00","og_image":[{"width":1024,"height":683,"url":"https:\/\/brasilnoticias.org\/site\/wp-content\/uploads\/2023\/08\/52441529977-0862a8fe5c-h-1024x683-1.jpg","type":"image\/jpeg"}],"author":"Reda\u00e7\u00e3o","twitter_card":"summary_large_image","twitter_misc":{"Escrito por":"Reda\u00e7\u00e3o"},"schema":{"@context":"https:\/\/schema.org","@graph":[{"@type":"Article","@id":"https:\/\/brasilnoticias.org\/site\/andre-mendonca-pede-vista-e-paralisa-julgamento-sobre-porte-de-drogas-no-stf\/#article","isPartOf":{"@id":"https:\/\/brasilnoticias.org\/site\/andre-mendonca-pede-vista-e-paralisa-julgamento-sobre-porte-de-drogas-no-stf\/"},"author":{"name":"Reda\u00e7\u00e3o","@id":"https:\/\/brasilnoticias.org\/site\/#\/schema\/person\/03bbbfe6c7634ad18c26444ea39049fa"},"headline":"Andr\u00e9 Mendon\u00e7a pede vista e paralisa julgamento sobre porte de drogas no STF","datePublished":"2023-08-25T01:04:20+00:00","mainEntityOfPage":{"@id":"https:\/\/brasilnoticias.org\/site\/andre-mendonca-pede-vista-e-paralisa-julgamento-sobre-porte-de-drogas-no-stf\/"},"wordCount":895,"commentCount":0,"publisher":{"@id":"https:\/\/brasilnoticias.org\/site\/#organization"},"image":{"@id":"https:\/\/brasilnoticias.org\/site\/andre-mendonca-pede-vista-e-paralisa-julgamento-sobre-porte-de-drogas-no-stf\/#primaryimage"},"thumbnailUrl":"https:\/\/brasilnoticias.org\/site\/wp-content\/uploads\/2023\/08\/52441529977-0862a8fe5c-h-1024x683-1.jpg","articleSection":["Justi\u00e7a","\u00daltimas"],"inLanguage":"pt-PT","potentialAction":[{"@type":"CommentAction","name":"Comment","target":["https:\/\/brasilnoticias.org\/site\/andre-mendonca-pede-vista-e-paralisa-julgamento-sobre-porte-de-drogas-no-stf\/#respond"]}]},{"@type":"WebPage","@id":"https:\/\/brasilnoticias.org\/site\/andre-mendonca-pede-vista-e-paralisa-julgamento-sobre-porte-de-drogas-no-stf\/","url":"https:\/\/brasilnoticias.org\/site\/andre-mendonca-pede-vista-e-paralisa-julgamento-sobre-porte-de-drogas-no-stf\/","name":"Andr\u00e9 Mendon\u00e7a pede vista e paralisa julgamento sobre porte de drogas no STF - Brasil not\u00edcias","isPartOf":{"@id":"https:\/\/brasilnoticias.org\/site\/#website"},"primaryImageOfPage":{"@id":"https:\/\/brasilnoticias.org\/site\/andre-mendonca-pede-vista-e-paralisa-julgamento-sobre-porte-de-drogas-no-stf\/#primaryimage"},"image":{"@id":"https:\/\/brasilnoticias.org\/site\/andre-mendonca-pede-vista-e-paralisa-julgamento-sobre-porte-de-drogas-no-stf\/#primaryimage"},"thumbnailUrl":"https:\/\/brasilnoticias.org\/site\/wp-content\/uploads\/2023\/08\/52441529977-0862a8fe5c-h-1024x683-1.jpg","datePublished":"2023-08-25T01:04:20+00:00","breadcrumb":{"@id":"https:\/\/brasilnoticias.org\/site\/andre-mendonca-pede-vista-e-paralisa-julgamento-sobre-porte-de-drogas-no-stf\/#breadcrumb"},"inLanguage":"pt-PT","potentialAction":[{"@type":"ReadAction","target":["https:\/\/brasilnoticias.org\/site\/andre-mendonca-pede-vista-e-paralisa-julgamento-sobre-porte-de-drogas-no-stf\/"]}]},{"@type":"ImageObject","inLanguage":"pt-PT","@id":"https:\/\/brasilnoticias.org\/site\/andre-mendonca-pede-vista-e-paralisa-julgamento-sobre-porte-de-drogas-no-stf\/#primaryimage","url":"https:\/\/brasilnoticias.org\/site\/wp-content\/uploads\/2023\/08\/52441529977-0862a8fe5c-h-1024x683-1.jpg","contentUrl":"https:\/\/brasilnoticias.org\/site\/wp-content\/uploads\/2023\/08\/52441529977-0862a8fe5c-h-1024x683-1.jpg","width":1024,"height":683},{"@type":"BreadcrumbList","@id":"https:\/\/brasilnoticias.org\/site\/andre-mendonca-pede-vista-e-paralisa-julgamento-sobre-porte-de-drogas-no-stf\/#breadcrumb","itemListElement":[{"@type":"ListItem","position":1,"name":"In\u00edcio","item":"https:\/\/brasilnoticias.org\/site\/"},{"@type":"ListItem","position":2,"name":"Andr\u00e9 Mendon\u00e7a pede vista e paralisa julgamento sobre porte de drogas no STF"}]},{"@type":"WebSite","@id":"https:\/\/brasilnoticias.org\/site\/#website","url":"https:\/\/brasilnoticias.org\/site\/","name":"Brasil not\u00edcias","description":"Brasil not\u00edcias","publisher":{"@id":"https:\/\/brasilnoticias.org\/site\/#organization"},"potentialAction":[{"@type":"SearchAction","target":{"@type":"EntryPoint","urlTemplate":"https:\/\/brasilnoticias.org\/site\/?s={search_term_string}"},"query-input":{"@type":"PropertyValueSpecification","valueRequired":true,"valueName":"search_term_string"}}],"inLanguage":"pt-PT"},{"@type":"Organization","@id":"https:\/\/brasilnoticias.org\/site\/#organization","name":"Brasil not\u00edcias","url":"https:\/\/brasilnoticias.org\/site\/","logo":{"@type":"ImageObject","inLanguage":"pt-PT","@id":"https:\/\/brasilnoticias.org\/site\/#\/schema\/logo\/image\/","url":"https:\/\/brasilnoticias.org\/site\/wp-content\/uploads\/2022\/05\/cropped-brasilnoticias-mini.jpg","contentUrl":"https:\/\/brasilnoticias.org\/site\/wp-content\/uploads\/2022\/05\/cropped-brasilnoticias-mini.jpg","width":314,"height":86,"caption":"Brasil not\u00edcias"},"image":{"@id":"https:\/\/brasilnoticias.org\/site\/#\/schema\/logo\/image\/"}},{"@type":"Person","@id":"https:\/\/brasilnoticias.org\/site\/#\/schema\/person\/03bbbfe6c7634ad18c26444ea39049fa","name":"Reda\u00e7\u00e3o","image":{"@type":"ImageObject","inLanguage":"pt-PT","@id":"https:\/\/brasilnoticias.org\/site\/#\/schema\/person\/image\/","url":"https:\/\/secure.gravatar.com\/avatar\/9ecaf7327a696cb23ad926fedded5f1f04d7049de9e445375d55b48c001a6e42?s=96&d=mm&r=g","contentUrl":"https:\/\/secure.gravatar.com\/avatar\/9ecaf7327a696cb23ad926fedded5f1f04d7049de9e445375d55b48c001a6e42?s=96&d=mm&r=g","caption":"Reda\u00e7\u00e3o"},"url":"https:\/\/brasilnoticias.org\/site\/author\/henrique\/"}]}},"_links":{"self":[{"href":"https:\/\/brasilnoticias.org\/site\/wp-json\/wp\/v2\/posts\/8575","targetHints":{"allow":["GET"]}}],"collection":[{"href":"https:\/\/brasilnoticias.org\/site\/wp-json\/wp\/v2\/posts"}],"about":[{"href":"https:\/\/brasilnoticias.org\/site\/wp-json\/wp\/v2\/types\/post"}],"author":[{"embeddable":true,"href":"https:\/\/brasilnoticias.org\/site\/wp-json\/wp\/v2\/users\/4"}],"replies":[{"embeddable":true,"href":"https:\/\/brasilnoticias.org\/site\/wp-json\/wp\/v2\/comments?post=8575"}],"version-history":[{"count":1,"href":"https:\/\/brasilnoticias.org\/site\/wp-json\/wp\/v2\/posts\/8575\/revisions"}],"predecessor-version":[{"id":8577,"href":"https:\/\/brasilnoticias.org\/site\/wp-json\/wp\/v2\/posts\/8575\/revisions\/8577"}],"wp:featuredmedia":[{"embeddable":true,"href":"https:\/\/brasilnoticias.org\/site\/wp-json\/wp\/v2\/media\/8576"}],"wp:attachment":[{"href":"https:\/\/brasilnoticias.org\/site\/wp-json\/wp\/v2\/media?parent=8575"}],"wp:term":[{"taxonomy":"category","embeddable":true,"href":"https:\/\/brasilnoticias.org\/site\/wp-json\/wp\/v2\/categories?post=8575"},{"taxonomy":"post_tag","embeddable":true,"href":"https:\/\/brasilnoticias.org\/site\/wp-json\/wp\/v2\/tags?post=8575"}],"curies":[{"name":"wp","href":"https:\/\/api.w.org\/{rel}","templated":true}]}}