{"id":859,"date":"2022-06-12T10:50:52","date_gmt":"2022-06-12T13:50:52","guid":{"rendered":"https:\/\/brasilnoticias.org\/site\/?p=859"},"modified":"2022-06-12T10:50:52","modified_gmt":"2022-06-12T13:50:52","slug":"dois-homens-sao-executados-dentro-de-pousada-em-feira-de-santana","status":"publish","type":"post","link":"https:\/\/brasilnoticias.org\/site\/dois-homens-sao-executados-dentro-de-pousada-em-feira-de-santana\/","title":{"rendered":"Dois homens s\u00e3o executados dentro de pousada em Feira de Santana"},"content":{"rendered":"<p class=\"lead\">Os homens executados, na noite desta sexta-feira (10), estavam acompanhados de uma mulher quando o crime ocorreu<\/p>\n<p class=\"autor\"><span class=\"d-inline-block\"><img loading=\"lazy\" decoding=\"async\" class=\"mr-1\" src=\"https:\/\/www.bnews.com.br\/static\/img\/clock_icon.svg\" alt=\"\" width=\"14\" height=\"15\" \/>Publicado em 12\/06\/2022, \u00e0s 08h42<\/span>\u00a0\u00a0\u00a0\u00a0<span class=\"d-inline-block\"><img loading=\"lazy\" decoding=\"async\" class=\"mr-1\" src=\"https:\/\/www.bnews.com.br\/static\/img\/camera_icon.svg\" alt=\"\" width=\"14\" height=\"15\" \/>Reprodu\u00e7\u00e3o\/TV Suba\u00e9<\/span>\u00a0\u00a0\u00a0\u00a0<img loading=\"lazy\" decoding=\"async\" class=\"mr-1\" src=\"https:\/\/www.bnews.com.br\/static\/img\/profile_icon.svg\" alt=\"\" width=\"14\" height=\"15\" \/>Reda\u00e7\u00e3o BNews<\/p>\n<div class=\"addthis_block d-flex align-items-center my-2\">\n<p class=\"social-text text-uppercase mb-0 pr-2\">COMPARTILHE:<\/p>\n<div class=\"addthis_inline_share_toolbox\" data-url=\"https:\/\/www.bnews.com.br\/noticias\/cidades\/dois-homens-sao-executados-dentro-de-pousada-em-feira-de-santana.html\" data-title=\"Dois homens s\u00e3o executados dentro de pousada em Feira de Santana\" data-description=\"Os homens executados, na noite desta sexta-feira (10), estavam acompanhados de uma mulher quando o crime ocorreu\">\n<div id=\"atstbx\" class=\"at-resp-share-element at-style-responsive at-mobile addthis-smartlayers addthis-animated at4-show\" role=\"region\" aria-labelledby=\"at-f62fee33-7781-4ad6-bb5f-c80613b079e6\"><span id=\"at-f62fee33-7781-4ad6-bb5f-c80613b079e6\" class=\"at4-visually-hidden\"><\/span><\/p>\n<div class=\"at-share-btn-elements\"><\/div>\n<\/div>\n<\/div>\n<\/div>\n<div class=\"artigo_texto\">\n<p>Dois homens foram executados, na noite desta sexta-feira (10), dentro de uma pousada no munic\u00edpio de Feira de Santana, cerca de 100 km de Salvador. Informa\u00e7\u00f5es preliminares da Pol\u00edcia Civil d\u00e3o conta de que as v\u00edtimas estavam acompanhadas de uma mulher quando o crime ocorreu.<\/p>\n<p>Na ocasi\u00e3o, dois homens e uma mulher entraram no estabelecimento e pediram um quarto. Contudo, pouco tempo depois, homens armados invadiram o local e atiraram contra as v\u00edtimas.<\/p>\n<p>Ap\u00f3s o crime, os apontados fugiram da pousada. De acordo com o G1, n\u00e3o h\u00e1 informa\u00e7\u00f5es se a mulher tamb\u00e9m foi atingida e o estado de sa\u00fade dela.<\/p>\n<p>As guias de per\u00edcia e remo\u00e7\u00e3o dos corpos foram expedidas e testemunhas j\u00e1 prestaram depoimento \u00e0 pol\u00edcia. O caso ser\u00e1 investigado pela Delegacia de Homic\u00eddios de Feira de Santana.<\/p>\n<\/div>\n<p>&nbsp;<\/p>\n<p>&nbsp;<\/p>\n<p>&nbsp;<\/p>\n<p>Bnews<\/p>\n","protected":false},"excerpt":{"rendered":"<p>Os homens executados, na noite desta sexta-feira (10), estavam acompanhados de uma mulher quando o crime ocorreu Publicado em 12\/06\/2022,<\/p>\n","protected":false},"author":2,"featured_media":860,"comment_status":"open","ping_status":"open","sticky":false,"template":"","format":"standard","meta":{"colormag_page_container_layout":"default_layout","colormag_page_sidebar_layout":"default_layout","_FSMCFIC_featured_image_caption":"","_FSMCFIC_featured_image_nocaption":"","_FSMCFIC_featured_image_hide":"","footnotes":""},"categories":[3,1],"tags":[],"class_list":["post-859","post","type-post","status-publish","format-standard","has-post-thumbnail","hentry","category-policia","category-ultimas"],"yoast_head":"<!-- This site is optimized with the Yoast SEO plugin v27.1.1 - https:\/\/yoast.com\/product\/yoast-seo-wordpress\/ -->\n<title>Dois homens s\u00e3o executados dentro de pousada em Feira de Santana - Brasil not\u00edcias<\/title>\n<meta name=\"robots\" content=\"index, follow, max-snippet:-1, max-image-preview:large, max-video-preview:-1\" \/>\n<link rel=\"canonical\" href=\"https:\/\/brasilnoticias.org\/site\/dois-homens-sao-executados-dentro-de-pousada-em-feira-de-santana\/\" \/>\n<meta property=\"og:locale\" content=\"pt_PT\" \/>\n<meta property=\"og:type\" content=\"article\" \/>\n<meta property=\"og:title\" content=\"Dois homens s\u00e3o executados dentro de pousada em Feira de Santana - Brasil not\u00edcias\" \/>\n<meta property=\"og:description\" content=\"Os homens executados, na noite desta sexta-feira (10), estavam acompanhados de uma mulher quando o crime ocorreu Publicado em 12\/06\/2022,\" \/>\n<meta property=\"og:url\" content=\"https:\/\/brasilnoticias.org\/site\/dois-homens-sao-executados-dentro-de-pousada-em-feira-de-santana\/\" \/>\n<meta property=\"og:site_name\" content=\"Brasil not\u00edcias\" \/>\n<meta property=\"article:published_time\" content=\"2022-06-12T13:50:52+00:00\" \/>\n<meta property=\"og:image\" content=\"https:\/\/brasilnoticias.org\/site\/wp-content\/uploads\/2022\/06\/sem_titulo_TIYmXGC_widelg.jpg\" \/>\n\t<meta property=\"og:image:width\" content=\"643\" \/>\n\t<meta property=\"og:image:height\" content=\"327\" \/>\n\t<meta property=\"og:image:type\" content=\"image\/jpeg\" \/>\n<meta name=\"author\" content=\"Reda\u00e7\u00e3o\" \/>\n<meta name=\"twitter:card\" content=\"summary_large_image\" \/>\n<meta name=\"twitter:label1\" content=\"Escrito por\" \/>\n\t<meta name=\"twitter:data1\" content=\"Reda\u00e7\u00e3o\" \/>\n\t<meta name=\"twitter:label2\" content=\"Tempo estimado de leitura\" \/>\n\t<meta name=\"twitter:data2\" content=\"1 minuto\" \/>\n<script type=\"application\/ld+json\" class=\"yoast-schema-graph\">{\"@context\":\"https:\/\/schema.org\",\"@graph\":[{\"@type\":\"Article\",\"@id\":\"https:\/\/brasilnoticias.org\/site\/dois-homens-sao-executados-dentro-de-pousada-em-feira-de-santana\/#article\",\"isPartOf\":{\"@id\":\"https:\/\/brasilnoticias.org\/site\/dois-homens-sao-executados-dentro-de-pousada-em-feira-de-santana\/\"},\"author\":{\"name\":\"Reda\u00e7\u00e3o\",\"@id\":\"https:\/\/brasilnoticias.org\/site\/#\/schema\/person\/f609fa847b5314f1c8b983342f34c798\"},\"headline\":\"Dois homens s\u00e3o executados dentro de pousada em Feira de Santana\",\"datePublished\":\"2022-06-12T13:50:52+00:00\",\"mainEntityOfPage\":{\"@id\":\"https:\/\/brasilnoticias.org\/site\/dois-homens-sao-executados-dentro-de-pousada-em-feira-de-santana\/\"},\"wordCount\":187,\"commentCount\":0,\"publisher\":{\"@id\":\"https:\/\/brasilnoticias.org\/site\/#organization\"},\"image\":{\"@id\":\"https:\/\/brasilnoticias.org\/site\/dois-homens-sao-executados-dentro-de-pousada-em-feira-de-santana\/#primaryimage\"},\"thumbnailUrl\":\"https:\/\/brasilnoticias.org\/site\/wp-content\/uploads\/2022\/06\/sem_titulo_TIYmXGC_widelg.jpg\",\"articleSection\":[\"Pol\u00edcia\",\"\u00daltimas\"],\"inLanguage\":\"pt-PT\",\"potentialAction\":[{\"@type\":\"CommentAction\",\"name\":\"Comment\",\"target\":[\"https:\/\/brasilnoticias.org\/site\/dois-homens-sao-executados-dentro-de-pousada-em-feira-de-santana\/#respond\"]}]},{\"@type\":\"WebPage\",\"@id\":\"https:\/\/brasilnoticias.org\/site\/dois-homens-sao-executados-dentro-de-pousada-em-feira-de-santana\/\",\"url\":\"https:\/\/brasilnoticias.org\/site\/dois-homens-sao-executados-dentro-de-pousada-em-feira-de-santana\/\",\"name\":\"Dois homens s\u00e3o executados dentro de pousada em Feira de Santana - Brasil not\u00edcias\",\"isPartOf\":{\"@id\":\"https:\/\/brasilnoticias.org\/site\/#website\"},\"primaryImageOfPage\":{\"@id\":\"https:\/\/brasilnoticias.org\/site\/dois-homens-sao-executados-dentro-de-pousada-em-feira-de-santana\/#primaryimage\"},\"image\":{\"@id\":\"https:\/\/brasilnoticias.org\/site\/dois-homens-sao-executados-dentro-de-pousada-em-feira-de-santana\/#primaryimage\"},\"thumbnailUrl\":\"https:\/\/brasilnoticias.org\/site\/wp-content\/uploads\/2022\/06\/sem_titulo_TIYmXGC_widelg.jpg\",\"datePublished\":\"2022-06-12T13:50:52+00:00\",\"breadcrumb\":{\"@id\":\"https:\/\/brasilnoticias.org\/site\/dois-homens-sao-executados-dentro-de-pousada-em-feira-de-santana\/#breadcrumb\"},\"inLanguage\":\"pt-PT\",\"potentialAction\":[{\"@type\":\"ReadAction\",\"target\":[\"https:\/\/brasilnoticias.org\/site\/dois-homens-sao-executados-dentro-de-pousada-em-feira-de-santana\/\"]}]},{\"@type\":\"ImageObject\",\"inLanguage\":\"pt-PT\",\"@id\":\"https:\/\/brasilnoticias.org\/site\/dois-homens-sao-executados-dentro-de-pousada-em-feira-de-santana\/#primaryimage\",\"url\":\"https:\/\/brasilnoticias.org\/site\/wp-content\/uploads\/2022\/06\/sem_titulo_TIYmXGC_widelg.jpg\",\"contentUrl\":\"https:\/\/brasilnoticias.org\/site\/wp-content\/uploads\/2022\/06\/sem_titulo_TIYmXGC_widelg.jpg\",\"width\":643,\"height\":327},{\"@type\":\"BreadcrumbList\",\"@id\":\"https:\/\/brasilnoticias.org\/site\/dois-homens-sao-executados-dentro-de-pousada-em-feira-de-santana\/#breadcrumb\",\"itemListElement\":[{\"@type\":\"ListItem\",\"position\":1,\"name\":\"In\u00edcio\",\"item\":\"https:\/\/brasilnoticias.org\/site\/\"},{\"@type\":\"ListItem\",\"position\":2,\"name\":\"Dois homens s\u00e3o executados dentro de pousada em Feira de Santana\"}]},{\"@type\":\"WebSite\",\"@id\":\"https:\/\/brasilnoticias.org\/site\/#website\",\"url\":\"https:\/\/brasilnoticias.org\/site\/\",\"name\":\"Brasil not\u00edcias\",\"description\":\"Brasil not\u00edcias\",\"publisher\":{\"@id\":\"https:\/\/brasilnoticias.org\/site\/#organization\"},\"potentialAction\":[{\"@type\":\"SearchAction\",\"target\":{\"@type\":\"EntryPoint\",\"urlTemplate\":\"https:\/\/brasilnoticias.org\/site\/?s={search_term_string}\"},\"query-input\":{\"@type\":\"PropertyValueSpecification\",\"valueRequired\":true,\"valueName\":\"search_term_string\"}}],\"inLanguage\":\"pt-PT\"},{\"@type\":\"Organization\",\"@id\":\"https:\/\/brasilnoticias.org\/site\/#organization\",\"name\":\"Brasil not\u00edcias\",\"url\":\"https:\/\/brasilnoticias.org\/site\/\",\"logo\":{\"@type\":\"ImageObject\",\"inLanguage\":\"pt-PT\",\"@id\":\"https:\/\/brasilnoticias.org\/site\/#\/schema\/logo\/image\/\",\"url\":\"https:\/\/brasilnoticias.org\/site\/wp-content\/uploads\/2022\/05\/cropped-brasilnoticias-mini.jpg\",\"contentUrl\":\"https:\/\/brasilnoticias.org\/site\/wp-content\/uploads\/2022\/05\/cropped-brasilnoticias-mini.jpg\",\"width\":314,\"height\":86,\"caption\":\"Brasil not\u00edcias\"},\"image\":{\"@id\":\"https:\/\/brasilnoticias.org\/site\/#\/schema\/logo\/image\/\"}},{\"@type\":\"Person\",\"@id\":\"https:\/\/brasilnoticias.org\/site\/#\/schema\/person\/f609fa847b5314f1c8b983342f34c798\",\"name\":\"Reda\u00e7\u00e3o\",\"image\":{\"@type\":\"ImageObject\",\"inLanguage\":\"pt-PT\",\"@id\":\"https:\/\/brasilnoticias.org\/site\/#\/schema\/person\/image\/\",\"url\":\"https:\/\/secure.gravatar.com\/avatar\/447284c06c1ad8b46465a36de9cd0d8326b73387a22799b8b1ffb1fbcff2ed0c?s=96&d=mm&r=g\",\"contentUrl\":\"https:\/\/secure.gravatar.com\/avatar\/447284c06c1ad8b46465a36de9cd0d8326b73387a22799b8b1ffb1fbcff2ed0c?s=96&d=mm&r=g\",\"caption\":\"Reda\u00e7\u00e3o\"},\"url\":\"https:\/\/brasilnoticias.org\/site\/author\/redacao\/\"}]}<\/script>\n<!-- \/ Yoast SEO plugin. -->","yoast_head_json":{"title":"Dois homens s\u00e3o executados dentro de pousada em Feira de Santana - Brasil not\u00edcias","robots":{"index":"index","follow":"follow","max-snippet":"max-snippet:-1","max-image-preview":"max-image-preview:large","max-video-preview":"max-video-preview:-1"},"canonical":"https:\/\/brasilnoticias.org\/site\/dois-homens-sao-executados-dentro-de-pousada-em-feira-de-santana\/","og_locale":"pt_PT","og_type":"article","og_title":"Dois homens s\u00e3o executados dentro de pousada em Feira de Santana - Brasil not\u00edcias","og_description":"Os homens executados, na noite desta sexta-feira (10), estavam acompanhados de uma mulher quando o crime ocorreu Publicado em 12\/06\/2022,","og_url":"https:\/\/brasilnoticias.org\/site\/dois-homens-sao-executados-dentro-de-pousada-em-feira-de-santana\/","og_site_name":"Brasil not\u00edcias","article_published_time":"2022-06-12T13:50:52+00:00","og_image":[{"width":643,"height":327,"url":"https:\/\/brasilnoticias.org\/site\/wp-content\/uploads\/2022\/06\/sem_titulo_TIYmXGC_widelg.jpg","type":"image\/jpeg"}],"author":"Reda\u00e7\u00e3o","twitter_card":"summary_large_image","twitter_misc":{"Escrito por":"Reda\u00e7\u00e3o","Tempo estimado de leitura":"1 minuto"},"schema":{"@context":"https:\/\/schema.org","@graph":[{"@type":"Article","@id":"https:\/\/brasilnoticias.org\/site\/dois-homens-sao-executados-dentro-de-pousada-em-feira-de-santana\/#article","isPartOf":{"@id":"https:\/\/brasilnoticias.org\/site\/dois-homens-sao-executados-dentro-de-pousada-em-feira-de-santana\/"},"author":{"name":"Reda\u00e7\u00e3o","@id":"https:\/\/brasilnoticias.org\/site\/#\/schema\/person\/f609fa847b5314f1c8b983342f34c798"},"headline":"Dois homens s\u00e3o executados dentro de pousada em Feira de Santana","datePublished":"2022-06-12T13:50:52+00:00","mainEntityOfPage":{"@id":"https:\/\/brasilnoticias.org\/site\/dois-homens-sao-executados-dentro-de-pousada-em-feira-de-santana\/"},"wordCount":187,"commentCount":0,"publisher":{"@id":"https:\/\/brasilnoticias.org\/site\/#organization"},"image":{"@id":"https:\/\/brasilnoticias.org\/site\/dois-homens-sao-executados-dentro-de-pousada-em-feira-de-santana\/#primaryimage"},"thumbnailUrl":"https:\/\/brasilnoticias.org\/site\/wp-content\/uploads\/2022\/06\/sem_titulo_TIYmXGC_widelg.jpg","articleSection":["Pol\u00edcia","\u00daltimas"],"inLanguage":"pt-PT","potentialAction":[{"@type":"CommentAction","name":"Comment","target":["https:\/\/brasilnoticias.org\/site\/dois-homens-sao-executados-dentro-de-pousada-em-feira-de-santana\/#respond"]}]},{"@type":"WebPage","@id":"https:\/\/brasilnoticias.org\/site\/dois-homens-sao-executados-dentro-de-pousada-em-feira-de-santana\/","url":"https:\/\/brasilnoticias.org\/site\/dois-homens-sao-executados-dentro-de-pousada-em-feira-de-santana\/","name":"Dois homens s\u00e3o executados dentro de pousada em Feira de Santana - Brasil not\u00edcias","isPartOf":{"@id":"https:\/\/brasilnoticias.org\/site\/#website"},"primaryImageOfPage":{"@id":"https:\/\/brasilnoticias.org\/site\/dois-homens-sao-executados-dentro-de-pousada-em-feira-de-santana\/#primaryimage"},"image":{"@id":"https:\/\/brasilnoticias.org\/site\/dois-homens-sao-executados-dentro-de-pousada-em-feira-de-santana\/#primaryimage"},"thumbnailUrl":"https:\/\/brasilnoticias.org\/site\/wp-content\/uploads\/2022\/06\/sem_titulo_TIYmXGC_widelg.jpg","datePublished":"2022-06-12T13:50:52+00:00","breadcrumb":{"@id":"https:\/\/brasilnoticias.org\/site\/dois-homens-sao-executados-dentro-de-pousada-em-feira-de-santana\/#breadcrumb"},"inLanguage":"pt-PT","potentialAction":[{"@type":"ReadAction","target":["https:\/\/brasilnoticias.org\/site\/dois-homens-sao-executados-dentro-de-pousada-em-feira-de-santana\/"]}]},{"@type":"ImageObject","inLanguage":"pt-PT","@id":"https:\/\/brasilnoticias.org\/site\/dois-homens-sao-executados-dentro-de-pousada-em-feira-de-santana\/#primaryimage","url":"https:\/\/brasilnoticias.org\/site\/wp-content\/uploads\/2022\/06\/sem_titulo_TIYmXGC_widelg.jpg","contentUrl":"https:\/\/brasilnoticias.org\/site\/wp-content\/uploads\/2022\/06\/sem_titulo_TIYmXGC_widelg.jpg","width":643,"height":327},{"@type":"BreadcrumbList","@id":"https:\/\/brasilnoticias.org\/site\/dois-homens-sao-executados-dentro-de-pousada-em-feira-de-santana\/#breadcrumb","itemListElement":[{"@type":"ListItem","position":1,"name":"In\u00edcio","item":"https:\/\/brasilnoticias.org\/site\/"},{"@type":"ListItem","position":2,"name":"Dois homens s\u00e3o executados dentro de pousada em Feira de Santana"}]},{"@type":"WebSite","@id":"https:\/\/brasilnoticias.org\/site\/#website","url":"https:\/\/brasilnoticias.org\/site\/","name":"Brasil not\u00edcias","description":"Brasil not\u00edcias","publisher":{"@id":"https:\/\/brasilnoticias.org\/site\/#organization"},"potentialAction":[{"@type":"SearchAction","target":{"@type":"EntryPoint","urlTemplate":"https:\/\/brasilnoticias.org\/site\/?s={search_term_string}"},"query-input":{"@type":"PropertyValueSpecification","valueRequired":true,"valueName":"search_term_string"}}],"inLanguage":"pt-PT"},{"@type":"Organization","@id":"https:\/\/brasilnoticias.org\/site\/#organization","name":"Brasil not\u00edcias","url":"https:\/\/brasilnoticias.org\/site\/","logo":{"@type":"ImageObject","inLanguage":"pt-PT","@id":"https:\/\/brasilnoticias.org\/site\/#\/schema\/logo\/image\/","url":"https:\/\/brasilnoticias.org\/site\/wp-content\/uploads\/2022\/05\/cropped-brasilnoticias-mini.jpg","contentUrl":"https:\/\/brasilnoticias.org\/site\/wp-content\/uploads\/2022\/05\/cropped-brasilnoticias-mini.jpg","width":314,"height":86,"caption":"Brasil not\u00edcias"},"image":{"@id":"https:\/\/brasilnoticias.org\/site\/#\/schema\/logo\/image\/"}},{"@type":"Person","@id":"https:\/\/brasilnoticias.org\/site\/#\/schema\/person\/f609fa847b5314f1c8b983342f34c798","name":"Reda\u00e7\u00e3o","image":{"@type":"ImageObject","inLanguage":"pt-PT","@id":"https:\/\/brasilnoticias.org\/site\/#\/schema\/person\/image\/","url":"https:\/\/secure.gravatar.com\/avatar\/447284c06c1ad8b46465a36de9cd0d8326b73387a22799b8b1ffb1fbcff2ed0c?s=96&d=mm&r=g","contentUrl":"https:\/\/secure.gravatar.com\/avatar\/447284c06c1ad8b46465a36de9cd0d8326b73387a22799b8b1ffb1fbcff2ed0c?s=96&d=mm&r=g","caption":"Reda\u00e7\u00e3o"},"url":"https:\/\/brasilnoticias.org\/site\/author\/redacao\/"}]}},"_links":{"self":[{"href":"https:\/\/brasilnoticias.org\/site\/wp-json\/wp\/v2\/posts\/859","targetHints":{"allow":["GET"]}}],"collection":[{"href":"https:\/\/brasilnoticias.org\/site\/wp-json\/wp\/v2\/posts"}],"about":[{"href":"https:\/\/brasilnoticias.org\/site\/wp-json\/wp\/v2\/types\/post"}],"author":[{"embeddable":true,"href":"https:\/\/brasilnoticias.org\/site\/wp-json\/wp\/v2\/users\/2"}],"replies":[{"embeddable":true,"href":"https:\/\/brasilnoticias.org\/site\/wp-json\/wp\/v2\/comments?post=859"}],"version-history":[{"count":1,"href":"https:\/\/brasilnoticias.org\/site\/wp-json\/wp\/v2\/posts\/859\/revisions"}],"predecessor-version":[{"id":861,"href":"https:\/\/brasilnoticias.org\/site\/wp-json\/wp\/v2\/posts\/859\/revisions\/861"}],"wp:featuredmedia":[{"embeddable":true,"href":"https:\/\/brasilnoticias.org\/site\/wp-json\/wp\/v2\/media\/860"}],"wp:attachment":[{"href":"https:\/\/brasilnoticias.org\/site\/wp-json\/wp\/v2\/media?parent=859"}],"wp:term":[{"taxonomy":"category","embeddable":true,"href":"https:\/\/brasilnoticias.org\/site\/wp-json\/wp\/v2\/categories?post=859"},{"taxonomy":"post_tag","embeddable":true,"href":"https:\/\/brasilnoticias.org\/site\/wp-json\/wp\/v2\/tags?post=859"}],"curies":[{"name":"wp","href":"https:\/\/api.w.org\/{rel}","templated":true}]}}