{"id":8590,"date":"2023-08-24T22:17:34","date_gmt":"2023-08-25T01:17:34","guid":{"rendered":"https:\/\/brasilnoticias.org\/site\/?p=8590"},"modified":"2023-08-24T22:17:34","modified_gmt":"2023-08-25T01:17:34","slug":"forca-invicta-declara-apoio-ao-comandante-geral-da-pmba-as-acoes-de-combate-a-violencia-na-bahia","status":"publish","type":"post","link":"https:\/\/brasilnoticias.org\/site\/forca-invicta-declara-apoio-ao-comandante-geral-da-pmba-as-acoes-de-combate-a-violencia-na-bahia\/","title":{"rendered":"For\u00e7a Invicta declara apoio ao Comandante-Geral da PMBA \u00e0s a\u00e7\u00f5es de combate \u00e0 viol\u00eancia na Bahia"},"content":{"rendered":"<p>Comandante Coutinho foi reconhecido pelo trabalho na busca pela redu\u00e7\u00e3o dos \u00edndices de criminalidade no estado<\/p>\n<p>A For\u00e7a Invicta, Associa\u00e7\u00e3o dos Oficiais Militares Estaduais da Bahia, expressou apoio ao Comandante-Geral da PMBA, Paulo Coutinho, na \u00faltima quarta-feira (23). De acordo com os militares, o reconhecimento vem em considera\u00e7\u00e3o aos esfor\u00e7os empreendidos na busca pela redu\u00e7\u00e3o dos \u00edndices de criminalidade no estado.<\/p>\n<p>Segundo informa\u00e7\u00f5es da Secretaria de Seguran\u00e7a P\u00fablica (SSP), em 2022, houve uma queda de 5,9% nos \u00edndices de mortes violentas (homic\u00eddios, latroc\u00ednios e les\u00f5es dolosas seguidas de morte) em compara\u00e7\u00e3o com o ano de 2021. Este \u00eaxito colocou a Bahia entre os 10 estados brasileiros que mais reduziram esses tipos de ocorr\u00eancias.<\/p>\n<p>Al\u00e9m disso, no primeiro semestre de 2023, tamb\u00e9m houve uma diminui\u00e7\u00e3o nos casos em rela\u00e7\u00e3o ao mesmo per\u00edodo do ano anterior. Foram 2.522 registros nos primeiros seis meses deste ano, em contrapartida aos 2.643 casos computados no mesmo per\u00edodo do ano passado, o que resultou em uma redu\u00e7\u00e3o de 4,5%.<\/p>\n<p>Foto: Divulga\u00e7\u00e3o<br \/>\nCNN<\/p>\n","protected":false},"excerpt":{"rendered":"<p>Comandante Coutinho foi reconhecido pelo trabalho na busca pela redu\u00e7\u00e3o dos \u00edndices de criminalidade no estado A For\u00e7a Invicta, Associa\u00e7\u00e3o<\/p>\n","protected":false},"author":4,"featured_media":8591,"comment_status":"open","ping_status":"open","sticky":false,"template":"","format":"standard","meta":{"colormag_page_container_layout":"default_layout","colormag_page_sidebar_layout":"default_layout","_FSMCFIC_featured_image_caption":"","_FSMCFIC_featured_image_nocaption":"","_FSMCFIC_featured_image_hide":"","footnotes":""},"categories":[3,1],"tags":[],"class_list":["post-8590","post","type-post","status-publish","format-standard","has-post-thumbnail","hentry","category-policia","category-ultimas"],"yoast_head":"<!-- This site is optimized with the Yoast SEO plugin v27.1.1 - https:\/\/yoast.com\/product\/yoast-seo-wordpress\/ -->\n<title>For\u00e7a Invicta declara apoio ao Comandante-Geral da PMBA \u00e0s a\u00e7\u00f5es de combate \u00e0 viol\u00eancia na Bahia - Brasil not\u00edcias<\/title>\n<meta name=\"robots\" content=\"index, follow, max-snippet:-1, max-image-preview:large, max-video-preview:-1\" \/>\n<link rel=\"canonical\" href=\"https:\/\/brasilnoticias.org\/site\/forca-invicta-declara-apoio-ao-comandante-geral-da-pmba-as-acoes-de-combate-a-violencia-na-bahia\/\" \/>\n<meta property=\"og:locale\" content=\"pt_PT\" \/>\n<meta property=\"og:type\" content=\"article\" \/>\n<meta property=\"og:title\" content=\"For\u00e7a Invicta declara apoio ao Comandante-Geral da PMBA \u00e0s a\u00e7\u00f5es de combate \u00e0 viol\u00eancia na Bahia - Brasil not\u00edcias\" \/>\n<meta property=\"og:description\" content=\"Comandante Coutinho foi reconhecido pelo trabalho na busca pela redu\u00e7\u00e3o dos \u00edndices de criminalidade no estado A For\u00e7a Invicta, Associa\u00e7\u00e3o\" \/>\n<meta property=\"og:url\" content=\"https:\/\/brasilnoticias.org\/site\/forca-invicta-declara-apoio-ao-comandante-geral-da-pmba-as-acoes-de-combate-a-violencia-na-bahia\/\" \/>\n<meta property=\"og:site_name\" content=\"Brasil not\u00edcias\" \/>\n<meta property=\"article:published_time\" content=\"2023-08-25T01:17:34+00:00\" \/>\n<meta property=\"og:image\" content=\"https:\/\/brasilnoticias.org\/site\/wp-content\/uploads\/2023\/08\/imagem_do_whatsapp_de_2023-08-24_as_20.00.52_widelg.jpg\" \/>\n\t<meta property=\"og:image:width\" content=\"800\" \/>\n\t<meta property=\"og:image:height\" content=\"450\" \/>\n\t<meta property=\"og:image:type\" content=\"image\/jpeg\" \/>\n<meta name=\"author\" content=\"Reda\u00e7\u00e3o\" \/>\n<meta name=\"twitter:card\" content=\"summary_large_image\" \/>\n<meta name=\"twitter:label1\" content=\"Escrito por\" \/>\n\t<meta name=\"twitter:data1\" content=\"Reda\u00e7\u00e3o\" \/>\n<script type=\"application\/ld+json\" class=\"yoast-schema-graph\">{\"@context\":\"https:\/\/schema.org\",\"@graph\":[{\"@type\":\"Article\",\"@id\":\"https:\/\/brasilnoticias.org\/site\/forca-invicta-declara-apoio-ao-comandante-geral-da-pmba-as-acoes-de-combate-a-violencia-na-bahia\/#article\",\"isPartOf\":{\"@id\":\"https:\/\/brasilnoticias.org\/site\/forca-invicta-declara-apoio-ao-comandante-geral-da-pmba-as-acoes-de-combate-a-violencia-na-bahia\/\"},\"author\":{\"name\":\"Reda\u00e7\u00e3o\",\"@id\":\"https:\/\/brasilnoticias.org\/site\/#\/schema\/person\/03bbbfe6c7634ad18c26444ea39049fa\"},\"headline\":\"For\u00e7a Invicta declara apoio ao Comandante-Geral da PMBA \u00e0s a\u00e7\u00f5es de combate \u00e0 viol\u00eancia na Bahia\",\"datePublished\":\"2023-08-25T01:17:34+00:00\",\"mainEntityOfPage\":{\"@id\":\"https:\/\/brasilnoticias.org\/site\/forca-invicta-declara-apoio-ao-comandante-geral-da-pmba-as-acoes-de-combate-a-violencia-na-bahia\/\"},\"wordCount\":197,\"commentCount\":0,\"publisher\":{\"@id\":\"https:\/\/brasilnoticias.org\/site\/#organization\"},\"image\":{\"@id\":\"https:\/\/brasilnoticias.org\/site\/forca-invicta-declara-apoio-ao-comandante-geral-da-pmba-as-acoes-de-combate-a-violencia-na-bahia\/#primaryimage\"},\"thumbnailUrl\":\"https:\/\/brasilnoticias.org\/site\/wp-content\/uploads\/2023\/08\/imagem_do_whatsapp_de_2023-08-24_as_20.00.52_widelg.jpg\",\"articleSection\":[\"Pol\u00edcia\",\"\u00daltimas\"],\"inLanguage\":\"pt-PT\",\"potentialAction\":[{\"@type\":\"CommentAction\",\"name\":\"Comment\",\"target\":[\"https:\/\/brasilnoticias.org\/site\/forca-invicta-declara-apoio-ao-comandante-geral-da-pmba-as-acoes-de-combate-a-violencia-na-bahia\/#respond\"]}]},{\"@type\":\"WebPage\",\"@id\":\"https:\/\/brasilnoticias.org\/site\/forca-invicta-declara-apoio-ao-comandante-geral-da-pmba-as-acoes-de-combate-a-violencia-na-bahia\/\",\"url\":\"https:\/\/brasilnoticias.org\/site\/forca-invicta-declara-apoio-ao-comandante-geral-da-pmba-as-acoes-de-combate-a-violencia-na-bahia\/\",\"name\":\"For\u00e7a Invicta declara apoio ao Comandante-Geral da PMBA \u00e0s a\u00e7\u00f5es de combate \u00e0 viol\u00eancia na Bahia - Brasil not\u00edcias\",\"isPartOf\":{\"@id\":\"https:\/\/brasilnoticias.org\/site\/#website\"},\"primaryImageOfPage\":{\"@id\":\"https:\/\/brasilnoticias.org\/site\/forca-invicta-declara-apoio-ao-comandante-geral-da-pmba-as-acoes-de-combate-a-violencia-na-bahia\/#primaryimage\"},\"image\":{\"@id\":\"https:\/\/brasilnoticias.org\/site\/forca-invicta-declara-apoio-ao-comandante-geral-da-pmba-as-acoes-de-combate-a-violencia-na-bahia\/#primaryimage\"},\"thumbnailUrl\":\"https:\/\/brasilnoticias.org\/site\/wp-content\/uploads\/2023\/08\/imagem_do_whatsapp_de_2023-08-24_as_20.00.52_widelg.jpg\",\"datePublished\":\"2023-08-25T01:17:34+00:00\",\"breadcrumb\":{\"@id\":\"https:\/\/brasilnoticias.org\/site\/forca-invicta-declara-apoio-ao-comandante-geral-da-pmba-as-acoes-de-combate-a-violencia-na-bahia\/#breadcrumb\"},\"inLanguage\":\"pt-PT\",\"potentialAction\":[{\"@type\":\"ReadAction\",\"target\":[\"https:\/\/brasilnoticias.org\/site\/forca-invicta-declara-apoio-ao-comandante-geral-da-pmba-as-acoes-de-combate-a-violencia-na-bahia\/\"]}]},{\"@type\":\"ImageObject\",\"inLanguage\":\"pt-PT\",\"@id\":\"https:\/\/brasilnoticias.org\/site\/forca-invicta-declara-apoio-ao-comandante-geral-da-pmba-as-acoes-de-combate-a-violencia-na-bahia\/#primaryimage\",\"url\":\"https:\/\/brasilnoticias.org\/site\/wp-content\/uploads\/2023\/08\/imagem_do_whatsapp_de_2023-08-24_as_20.00.52_widelg.jpg\",\"contentUrl\":\"https:\/\/brasilnoticias.org\/site\/wp-content\/uploads\/2023\/08\/imagem_do_whatsapp_de_2023-08-24_as_20.00.52_widelg.jpg\",\"width\":800,\"height\":450},{\"@type\":\"BreadcrumbList\",\"@id\":\"https:\/\/brasilnoticias.org\/site\/forca-invicta-declara-apoio-ao-comandante-geral-da-pmba-as-acoes-de-combate-a-violencia-na-bahia\/#breadcrumb\",\"itemListElement\":[{\"@type\":\"ListItem\",\"position\":1,\"name\":\"In\u00edcio\",\"item\":\"https:\/\/brasilnoticias.org\/site\/\"},{\"@type\":\"ListItem\",\"position\":2,\"name\":\"For\u00e7a Invicta declara apoio ao Comandante-Geral da PMBA \u00e0s a\u00e7\u00f5es de combate \u00e0 viol\u00eancia na Bahia\"}]},{\"@type\":\"WebSite\",\"@id\":\"https:\/\/brasilnoticias.org\/site\/#website\",\"url\":\"https:\/\/brasilnoticias.org\/site\/\",\"name\":\"Brasil not\u00edcias\",\"description\":\"Brasil not\u00edcias\",\"publisher\":{\"@id\":\"https:\/\/brasilnoticias.org\/site\/#organization\"},\"potentialAction\":[{\"@type\":\"SearchAction\",\"target\":{\"@type\":\"EntryPoint\",\"urlTemplate\":\"https:\/\/brasilnoticias.org\/site\/?s={search_term_string}\"},\"query-input\":{\"@type\":\"PropertyValueSpecification\",\"valueRequired\":true,\"valueName\":\"search_term_string\"}}],\"inLanguage\":\"pt-PT\"},{\"@type\":\"Organization\",\"@id\":\"https:\/\/brasilnoticias.org\/site\/#organization\",\"name\":\"Brasil not\u00edcias\",\"url\":\"https:\/\/brasilnoticias.org\/site\/\",\"logo\":{\"@type\":\"ImageObject\",\"inLanguage\":\"pt-PT\",\"@id\":\"https:\/\/brasilnoticias.org\/site\/#\/schema\/logo\/image\/\",\"url\":\"https:\/\/brasilnoticias.org\/site\/wp-content\/uploads\/2022\/05\/cropped-brasilnoticias-mini.jpg\",\"contentUrl\":\"https:\/\/brasilnoticias.org\/site\/wp-content\/uploads\/2022\/05\/cropped-brasilnoticias-mini.jpg\",\"width\":314,\"height\":86,\"caption\":\"Brasil not\u00edcias\"},\"image\":{\"@id\":\"https:\/\/brasilnoticias.org\/site\/#\/schema\/logo\/image\/\"}},{\"@type\":\"Person\",\"@id\":\"https:\/\/brasilnoticias.org\/site\/#\/schema\/person\/03bbbfe6c7634ad18c26444ea39049fa\",\"name\":\"Reda\u00e7\u00e3o\",\"image\":{\"@type\":\"ImageObject\",\"inLanguage\":\"pt-PT\",\"@id\":\"https:\/\/brasilnoticias.org\/site\/#\/schema\/person\/image\/\",\"url\":\"https:\/\/secure.gravatar.com\/avatar\/9ecaf7327a696cb23ad926fedded5f1f04d7049de9e445375d55b48c001a6e42?s=96&d=mm&r=g\",\"contentUrl\":\"https:\/\/secure.gravatar.com\/avatar\/9ecaf7327a696cb23ad926fedded5f1f04d7049de9e445375d55b48c001a6e42?s=96&d=mm&r=g\",\"caption\":\"Reda\u00e7\u00e3o\"},\"url\":\"https:\/\/brasilnoticias.org\/site\/author\/henrique\/\"}]}<\/script>\n<!-- \/ Yoast SEO plugin. -->","yoast_head_json":{"title":"For\u00e7a Invicta declara apoio ao Comandante-Geral da PMBA \u00e0s a\u00e7\u00f5es de combate \u00e0 viol\u00eancia na Bahia - Brasil not\u00edcias","robots":{"index":"index","follow":"follow","max-snippet":"max-snippet:-1","max-image-preview":"max-image-preview:large","max-video-preview":"max-video-preview:-1"},"canonical":"https:\/\/brasilnoticias.org\/site\/forca-invicta-declara-apoio-ao-comandante-geral-da-pmba-as-acoes-de-combate-a-violencia-na-bahia\/","og_locale":"pt_PT","og_type":"article","og_title":"For\u00e7a Invicta declara apoio ao Comandante-Geral da PMBA \u00e0s a\u00e7\u00f5es de combate \u00e0 viol\u00eancia na Bahia - Brasil not\u00edcias","og_description":"Comandante Coutinho foi reconhecido pelo trabalho na busca pela redu\u00e7\u00e3o dos \u00edndices de criminalidade no estado A For\u00e7a Invicta, Associa\u00e7\u00e3o","og_url":"https:\/\/brasilnoticias.org\/site\/forca-invicta-declara-apoio-ao-comandante-geral-da-pmba-as-acoes-de-combate-a-violencia-na-bahia\/","og_site_name":"Brasil not\u00edcias","article_published_time":"2023-08-25T01:17:34+00:00","og_image":[{"width":800,"height":450,"url":"https:\/\/brasilnoticias.org\/site\/wp-content\/uploads\/2023\/08\/imagem_do_whatsapp_de_2023-08-24_as_20.00.52_widelg.jpg","type":"image\/jpeg"}],"author":"Reda\u00e7\u00e3o","twitter_card":"summary_large_image","twitter_misc":{"Escrito por":"Reda\u00e7\u00e3o"},"schema":{"@context":"https:\/\/schema.org","@graph":[{"@type":"Article","@id":"https:\/\/brasilnoticias.org\/site\/forca-invicta-declara-apoio-ao-comandante-geral-da-pmba-as-acoes-de-combate-a-violencia-na-bahia\/#article","isPartOf":{"@id":"https:\/\/brasilnoticias.org\/site\/forca-invicta-declara-apoio-ao-comandante-geral-da-pmba-as-acoes-de-combate-a-violencia-na-bahia\/"},"author":{"name":"Reda\u00e7\u00e3o","@id":"https:\/\/brasilnoticias.org\/site\/#\/schema\/person\/03bbbfe6c7634ad18c26444ea39049fa"},"headline":"For\u00e7a Invicta declara apoio ao Comandante-Geral da PMBA \u00e0s a\u00e7\u00f5es de combate \u00e0 viol\u00eancia na Bahia","datePublished":"2023-08-25T01:17:34+00:00","mainEntityOfPage":{"@id":"https:\/\/brasilnoticias.org\/site\/forca-invicta-declara-apoio-ao-comandante-geral-da-pmba-as-acoes-de-combate-a-violencia-na-bahia\/"},"wordCount":197,"commentCount":0,"publisher":{"@id":"https:\/\/brasilnoticias.org\/site\/#organization"},"image":{"@id":"https:\/\/brasilnoticias.org\/site\/forca-invicta-declara-apoio-ao-comandante-geral-da-pmba-as-acoes-de-combate-a-violencia-na-bahia\/#primaryimage"},"thumbnailUrl":"https:\/\/brasilnoticias.org\/site\/wp-content\/uploads\/2023\/08\/imagem_do_whatsapp_de_2023-08-24_as_20.00.52_widelg.jpg","articleSection":["Pol\u00edcia","\u00daltimas"],"inLanguage":"pt-PT","potentialAction":[{"@type":"CommentAction","name":"Comment","target":["https:\/\/brasilnoticias.org\/site\/forca-invicta-declara-apoio-ao-comandante-geral-da-pmba-as-acoes-de-combate-a-violencia-na-bahia\/#respond"]}]},{"@type":"WebPage","@id":"https:\/\/brasilnoticias.org\/site\/forca-invicta-declara-apoio-ao-comandante-geral-da-pmba-as-acoes-de-combate-a-violencia-na-bahia\/","url":"https:\/\/brasilnoticias.org\/site\/forca-invicta-declara-apoio-ao-comandante-geral-da-pmba-as-acoes-de-combate-a-violencia-na-bahia\/","name":"For\u00e7a Invicta declara apoio ao Comandante-Geral da PMBA \u00e0s a\u00e7\u00f5es de combate \u00e0 viol\u00eancia na Bahia - Brasil not\u00edcias","isPartOf":{"@id":"https:\/\/brasilnoticias.org\/site\/#website"},"primaryImageOfPage":{"@id":"https:\/\/brasilnoticias.org\/site\/forca-invicta-declara-apoio-ao-comandante-geral-da-pmba-as-acoes-de-combate-a-violencia-na-bahia\/#primaryimage"},"image":{"@id":"https:\/\/brasilnoticias.org\/site\/forca-invicta-declara-apoio-ao-comandante-geral-da-pmba-as-acoes-de-combate-a-violencia-na-bahia\/#primaryimage"},"thumbnailUrl":"https:\/\/brasilnoticias.org\/site\/wp-content\/uploads\/2023\/08\/imagem_do_whatsapp_de_2023-08-24_as_20.00.52_widelg.jpg","datePublished":"2023-08-25T01:17:34+00:00","breadcrumb":{"@id":"https:\/\/brasilnoticias.org\/site\/forca-invicta-declara-apoio-ao-comandante-geral-da-pmba-as-acoes-de-combate-a-violencia-na-bahia\/#breadcrumb"},"inLanguage":"pt-PT","potentialAction":[{"@type":"ReadAction","target":["https:\/\/brasilnoticias.org\/site\/forca-invicta-declara-apoio-ao-comandante-geral-da-pmba-as-acoes-de-combate-a-violencia-na-bahia\/"]}]},{"@type":"ImageObject","inLanguage":"pt-PT","@id":"https:\/\/brasilnoticias.org\/site\/forca-invicta-declara-apoio-ao-comandante-geral-da-pmba-as-acoes-de-combate-a-violencia-na-bahia\/#primaryimage","url":"https:\/\/brasilnoticias.org\/site\/wp-content\/uploads\/2023\/08\/imagem_do_whatsapp_de_2023-08-24_as_20.00.52_widelg.jpg","contentUrl":"https:\/\/brasilnoticias.org\/site\/wp-content\/uploads\/2023\/08\/imagem_do_whatsapp_de_2023-08-24_as_20.00.52_widelg.jpg","width":800,"height":450},{"@type":"BreadcrumbList","@id":"https:\/\/brasilnoticias.org\/site\/forca-invicta-declara-apoio-ao-comandante-geral-da-pmba-as-acoes-de-combate-a-violencia-na-bahia\/#breadcrumb","itemListElement":[{"@type":"ListItem","position":1,"name":"In\u00edcio","item":"https:\/\/brasilnoticias.org\/site\/"},{"@type":"ListItem","position":2,"name":"For\u00e7a Invicta declara apoio ao Comandante-Geral da PMBA \u00e0s a\u00e7\u00f5es de combate \u00e0 viol\u00eancia na Bahia"}]},{"@type":"WebSite","@id":"https:\/\/brasilnoticias.org\/site\/#website","url":"https:\/\/brasilnoticias.org\/site\/","name":"Brasil not\u00edcias","description":"Brasil not\u00edcias","publisher":{"@id":"https:\/\/brasilnoticias.org\/site\/#organization"},"potentialAction":[{"@type":"SearchAction","target":{"@type":"EntryPoint","urlTemplate":"https:\/\/brasilnoticias.org\/site\/?s={search_term_string}"},"query-input":{"@type":"PropertyValueSpecification","valueRequired":true,"valueName":"search_term_string"}}],"inLanguage":"pt-PT"},{"@type":"Organization","@id":"https:\/\/brasilnoticias.org\/site\/#organization","name":"Brasil not\u00edcias","url":"https:\/\/brasilnoticias.org\/site\/","logo":{"@type":"ImageObject","inLanguage":"pt-PT","@id":"https:\/\/brasilnoticias.org\/site\/#\/schema\/logo\/image\/","url":"https:\/\/brasilnoticias.org\/site\/wp-content\/uploads\/2022\/05\/cropped-brasilnoticias-mini.jpg","contentUrl":"https:\/\/brasilnoticias.org\/site\/wp-content\/uploads\/2022\/05\/cropped-brasilnoticias-mini.jpg","width":314,"height":86,"caption":"Brasil not\u00edcias"},"image":{"@id":"https:\/\/brasilnoticias.org\/site\/#\/schema\/logo\/image\/"}},{"@type":"Person","@id":"https:\/\/brasilnoticias.org\/site\/#\/schema\/person\/03bbbfe6c7634ad18c26444ea39049fa","name":"Reda\u00e7\u00e3o","image":{"@type":"ImageObject","inLanguage":"pt-PT","@id":"https:\/\/brasilnoticias.org\/site\/#\/schema\/person\/image\/","url":"https:\/\/secure.gravatar.com\/avatar\/9ecaf7327a696cb23ad926fedded5f1f04d7049de9e445375d55b48c001a6e42?s=96&d=mm&r=g","contentUrl":"https:\/\/secure.gravatar.com\/avatar\/9ecaf7327a696cb23ad926fedded5f1f04d7049de9e445375d55b48c001a6e42?s=96&d=mm&r=g","caption":"Reda\u00e7\u00e3o"},"url":"https:\/\/brasilnoticias.org\/site\/author\/henrique\/"}]}},"_links":{"self":[{"href":"https:\/\/brasilnoticias.org\/site\/wp-json\/wp\/v2\/posts\/8590","targetHints":{"allow":["GET"]}}],"collection":[{"href":"https:\/\/brasilnoticias.org\/site\/wp-json\/wp\/v2\/posts"}],"about":[{"href":"https:\/\/brasilnoticias.org\/site\/wp-json\/wp\/v2\/types\/post"}],"author":[{"embeddable":true,"href":"https:\/\/brasilnoticias.org\/site\/wp-json\/wp\/v2\/users\/4"}],"replies":[{"embeddable":true,"href":"https:\/\/brasilnoticias.org\/site\/wp-json\/wp\/v2\/comments?post=8590"}],"version-history":[{"count":1,"href":"https:\/\/brasilnoticias.org\/site\/wp-json\/wp\/v2\/posts\/8590\/revisions"}],"predecessor-version":[{"id":8592,"href":"https:\/\/brasilnoticias.org\/site\/wp-json\/wp\/v2\/posts\/8590\/revisions\/8592"}],"wp:featuredmedia":[{"embeddable":true,"href":"https:\/\/brasilnoticias.org\/site\/wp-json\/wp\/v2\/media\/8591"}],"wp:attachment":[{"href":"https:\/\/brasilnoticias.org\/site\/wp-json\/wp\/v2\/media?parent=8590"}],"wp:term":[{"taxonomy":"category","embeddable":true,"href":"https:\/\/brasilnoticias.org\/site\/wp-json\/wp\/v2\/categories?post=8590"},{"taxonomy":"post_tag","embeddable":true,"href":"https:\/\/brasilnoticias.org\/site\/wp-json\/wp\/v2\/tags?post=8590"}],"curies":[{"name":"wp","href":"https:\/\/api.w.org\/{rel}","templated":true}]}}