{"id":8600,"date":"2023-08-25T07:00:09","date_gmt":"2023-08-25T10:00:09","guid":{"rendered":"https:\/\/brasilnoticias.org\/site\/?p=8600"},"modified":"2023-08-25T00:45:05","modified_gmt":"2023-08-25T03:45:05","slug":"em-xique-xique-governador-acompanha-ministro-da-integracao-e-desenvolvimento-regional-waldez-goes-em-anuncios-de-investimentos","status":"publish","type":"post","link":"https:\/\/brasilnoticias.org\/site\/em-xique-xique-governador-acompanha-ministro-da-integracao-e-desenvolvimento-regional-waldez-goes-em-anuncios-de-investimentos\/","title":{"rendered":"Em Xique-Xique, governador acompanha ministro da Integra\u00e7\u00e3o e Desenvolvimento Regional, Waldez G\u00f3es, em an\u00fancios de investimentos"},"content":{"rendered":"<p>Em visita ao munic\u00edpio de Xique-Xique, nesta quinta-feira (24), o governador Jer\u00f4nimo Rodrigues, acompanhado pelo ministro da Integra\u00e7\u00e3o e Desenvolvimento Regional, Waldez G\u00f3es, participou do lan\u00e7amento do edital que autoriza estudos para concess\u00e3o do Projeto de Irriga\u00e7\u00e3o do Vale do Iui\u00fa. A a\u00e7\u00e3o ir\u00e1 viabilizar uma Parceria P\u00fablico-Privada (PPP), voltada \u00e0 execu\u00e7\u00e3o de obras de infraestrutura para capta\u00e7\u00e3o e distribui\u00e7\u00e3o de \u00e1gua no empreendimento, que tem o potencial de gerar empregos e alavancar o desenvolvimento da Bahia.<\/p>\n<p>\u201cEmbora j\u00e1 tenha muita coisa feita, hoje viemos anunciar a autoriza\u00e7\u00e3o do in\u00edcio para esse projeto e oficializar, com as presen\u00e7as do Governo Federal, do Governo do Estado e dos munic\u00edpios que compreendem a import\u00e2ncia do projeto\u201d, afirmou Jer\u00f4nimo Rodrigues.<\/p>\n<p>Sob a gest\u00e3o da Companhia de Desenvolvimento dos Vales do S\u00e3o Francisco e do Parna\u00edba (Codevasf), o empreendimento est\u00e1 situado na parte sudoeste da Bahia, na regi\u00e3o conhecida como M\u00e9dio S\u00e3o Francisco. Esta \u00e1rea engloba os munic\u00edpios de Iui\u00fa e Sebasti\u00e3o Laranjeiras. An\u00e1lises preliminares demonstram que \u00e9 vi\u00e1vel irrigar cerca de 51,7 mil hectares nessa regi\u00e3o, evidenciando um grande potencial devido \u00e0 qualidade do solo, um clima favor\u00e1vel e o acesso \u00e0 \u00e1gua do rio S\u00e3o Francisco. Al\u00e9m disso, a presen\u00e7a de uma rede rodovi\u00e1ria adequada tamb\u00e9m facilita o escoamento da produ\u00e7\u00e3o.<\/p>\n<p>De acordo com o ministro Waldez Goes, o impacto social esperado com a obra \u00e9 grande. \u201cEsse \u00e9 tido como um dos maiores projetos de irriga\u00e7\u00e3o da Am\u00e9rica Latina. S\u00e3o 50 mil hectares e aqui j\u00e1 foram investidos pelo Governo Federal aproximadamente R$ 1,2 bilh\u00e3o, e criamos agora, atrav\u00e9s de uma concess\u00e3o, as condi\u00e7\u00f5es para que mais de R$ 1 bilh\u00e3o seja investido\u201d. Ainda conforme o ministro, o projeto vai se transformar em uma grande oportunidade de gera\u00e7\u00e3o de emprego e renda e de produ\u00e7\u00e3o de alimentos de baixas emiss\u00f5es.<\/p>\n<p>Outras a\u00e7\u00f5es<\/p>\n<p>Durante a cerim\u00f4nia, tamb\u00e9m foi formalizado um protocolo de inten\u00e7\u00f5es entre o Minist\u00e9rio da Integra\u00e7\u00e3o e Desenvolvimento Regional (MIDR), por meio da Codevasf, e o Instituto Federal de Educa\u00e7\u00e3o, Ci\u00eancia e Tecnologia Baiano (IF Baiano). O objetivo \u00e9 estabelecer a concess\u00e3o de dois lotes irrig\u00e1veis, destinados \u00e0 cria\u00e7\u00e3o de viveiros voltados para a produ\u00e7\u00e3o de mudas de esp\u00e9cies nativas, como aroeira e angico, bem como mudas c\u00edtricas.<\/p>\n<p>Al\u00e9m disso, o protocolo prev\u00ea ainda a instala\u00e7\u00e3o de um Centro de Transfer\u00eancia de Tecnologia em Irriga\u00e7\u00e3o e a introdu\u00e7\u00e3o de novas culturas em \u00e1reas do Per\u00edmetro Irrigado Baixio do Irec\u00ea, considerado o maior projeto de irriga\u00e7\u00e3o da Am\u00e9rica Latina. O empreendimento est\u00e1 localizado entre os munic\u00edpios de Xique-Xique e Itagua\u00e7u da Bahia, e j\u00e1 iniciou suas atividades produtivas. At\u00e9 o final de 2024, o investimento em obras de infraestrutura e produ\u00e7\u00e3o deve chegar a R$ 500 milh\u00f5es em uma \u00e1rea de oito mil hectares.<\/p>\n<p>Na ocasi\u00e3o, o presidente do Banco do Nordeste, Paulo C\u00e2mara, assinou um contrato de limite de garantia com o subconcession\u00e1rio Agr\u00edcola Mattioni Ltda, no valor de R$ 38 milh\u00f5es.<\/p>\n<p>Foto: Rafael Martins GOVBA<br \/>\nGOVBA<\/p>\n","protected":false},"excerpt":{"rendered":"<p>Em visita ao munic\u00edpio de Xique-Xique, nesta quinta-feira (24), o governador Jer\u00f4nimo Rodrigues, acompanhado pelo ministro da Integra\u00e7\u00e3o e Desenvolvimento<\/p>\n","protected":false},"author":4,"featured_media":8601,"comment_status":"open","ping_status":"open","sticky":false,"template":"","format":"standard","meta":{"colormag_page_container_layout":"default_layout","colormag_page_sidebar_layout":"default_layout","_FSMCFIC_featured_image_caption":"","_FSMCFIC_featured_image_nocaption":"","_FSMCFIC_featured_image_hide":"","footnotes":""},"categories":[5,1],"tags":[],"class_list":["post-8600","post","type-post","status-publish","format-standard","has-post-thumbnail","hentry","category-politica","category-ultimas"],"yoast_head":"<!-- This site is optimized with the Yoast SEO plugin v27.1.1 - https:\/\/yoast.com\/product\/yoast-seo-wordpress\/ -->\n<title>Em Xique-Xique, governador acompanha ministro da Integra\u00e7\u00e3o e Desenvolvimento Regional, Waldez G\u00f3es, em an\u00fancios de investimentos - Brasil not\u00edcias<\/title>\n<meta name=\"robots\" content=\"index, follow, max-snippet:-1, max-image-preview:large, max-video-preview:-1\" \/>\n<link rel=\"canonical\" href=\"https:\/\/brasilnoticias.org\/site\/em-xique-xique-governador-acompanha-ministro-da-integracao-e-desenvolvimento-regional-waldez-goes-em-anuncios-de-investimentos\/\" \/>\n<meta property=\"og:locale\" content=\"pt_PT\" \/>\n<meta property=\"og:type\" content=\"article\" \/>\n<meta property=\"og:title\" content=\"Em Xique-Xique, governador acompanha ministro da Integra\u00e7\u00e3o e Desenvolvimento Regional, Waldez G\u00f3es, em an\u00fancios de investimentos - Brasil not\u00edcias\" \/>\n<meta property=\"og:description\" content=\"Em visita ao munic\u00edpio de Xique-Xique, nesta quinta-feira (24), o governador Jer\u00f4nimo Rodrigues, acompanhado pelo ministro da Integra\u00e7\u00e3o e Desenvolvimento\" \/>\n<meta property=\"og:url\" content=\"https:\/\/brasilnoticias.org\/site\/em-xique-xique-governador-acompanha-ministro-da-integracao-e-desenvolvimento-regional-waldez-goes-em-anuncios-de-investimentos\/\" \/>\n<meta property=\"og:site_name\" content=\"Brasil not\u00edcias\" \/>\n<meta property=\"article:published_time\" content=\"2023-08-25T10:00:09+00:00\" \/>\n<meta property=\"og:image\" content=\"https:\/\/brasilnoticias.org\/site\/wp-content\/uploads\/2023\/08\/Xique-Xique-Foto-Rafael-Martins-GOVBA-5-696x464-1.jpeg\" \/>\n\t<meta property=\"og:image:width\" content=\"696\" \/>\n\t<meta property=\"og:image:height\" content=\"464\" \/>\n\t<meta property=\"og:image:type\" content=\"image\/jpeg\" \/>\n<meta name=\"author\" content=\"Reda\u00e7\u00e3o\" \/>\n<meta name=\"twitter:card\" content=\"summary_large_image\" \/>\n<meta name=\"twitter:label1\" content=\"Escrito por\" \/>\n\t<meta name=\"twitter:data1\" content=\"Reda\u00e7\u00e3o\" \/>\n<script type=\"application\/ld+json\" class=\"yoast-schema-graph\">{\"@context\":\"https:\/\/schema.org\",\"@graph\":[{\"@type\":\"Article\",\"@id\":\"https:\/\/brasilnoticias.org\/site\/em-xique-xique-governador-acompanha-ministro-da-integracao-e-desenvolvimento-regional-waldez-goes-em-anuncios-de-investimentos\/#article\",\"isPartOf\":{\"@id\":\"https:\/\/brasilnoticias.org\/site\/em-xique-xique-governador-acompanha-ministro-da-integracao-e-desenvolvimento-regional-waldez-goes-em-anuncios-de-investimentos\/\"},\"author\":{\"name\":\"Reda\u00e7\u00e3o\",\"@id\":\"https:\/\/brasilnoticias.org\/site\/#\/schema\/person\/03bbbfe6c7634ad18c26444ea39049fa\"},\"headline\":\"Em Xique-Xique, governador acompanha ministro da Integra\u00e7\u00e3o e Desenvolvimento Regional, Waldez G\u00f3es, em an\u00fancios de investimentos\",\"datePublished\":\"2023-08-25T10:00:09+00:00\",\"mainEntityOfPage\":{\"@id\":\"https:\/\/brasilnoticias.org\/site\/em-xique-xique-governador-acompanha-ministro-da-integracao-e-desenvolvimento-regional-waldez-goes-em-anuncios-de-investimentos\/\"},\"wordCount\":568,\"commentCount\":0,\"publisher\":{\"@id\":\"https:\/\/brasilnoticias.org\/site\/#organization\"},\"image\":{\"@id\":\"https:\/\/brasilnoticias.org\/site\/em-xique-xique-governador-acompanha-ministro-da-integracao-e-desenvolvimento-regional-waldez-goes-em-anuncios-de-investimentos\/#primaryimage\"},\"thumbnailUrl\":\"https:\/\/brasilnoticias.org\/site\/wp-content\/uploads\/2023\/08\/Xique-Xique-Foto-Rafael-Martins-GOVBA-5-696x464-1.jpeg\",\"articleSection\":[\"Pol\u00edtica\",\"\u00daltimas\"],\"inLanguage\":\"pt-PT\",\"potentialAction\":[{\"@type\":\"CommentAction\",\"name\":\"Comment\",\"target\":[\"https:\/\/brasilnoticias.org\/site\/em-xique-xique-governador-acompanha-ministro-da-integracao-e-desenvolvimento-regional-waldez-goes-em-anuncios-de-investimentos\/#respond\"]}]},{\"@type\":\"WebPage\",\"@id\":\"https:\/\/brasilnoticias.org\/site\/em-xique-xique-governador-acompanha-ministro-da-integracao-e-desenvolvimento-regional-waldez-goes-em-anuncios-de-investimentos\/\",\"url\":\"https:\/\/brasilnoticias.org\/site\/em-xique-xique-governador-acompanha-ministro-da-integracao-e-desenvolvimento-regional-waldez-goes-em-anuncios-de-investimentos\/\",\"name\":\"Em Xique-Xique, governador acompanha ministro da Integra\u00e7\u00e3o e Desenvolvimento Regional, Waldez G\u00f3es, em an\u00fancios de investimentos - Brasil not\u00edcias\",\"isPartOf\":{\"@id\":\"https:\/\/brasilnoticias.org\/site\/#website\"},\"primaryImageOfPage\":{\"@id\":\"https:\/\/brasilnoticias.org\/site\/em-xique-xique-governador-acompanha-ministro-da-integracao-e-desenvolvimento-regional-waldez-goes-em-anuncios-de-investimentos\/#primaryimage\"},\"image\":{\"@id\":\"https:\/\/brasilnoticias.org\/site\/em-xique-xique-governador-acompanha-ministro-da-integracao-e-desenvolvimento-regional-waldez-goes-em-anuncios-de-investimentos\/#primaryimage\"},\"thumbnailUrl\":\"https:\/\/brasilnoticias.org\/site\/wp-content\/uploads\/2023\/08\/Xique-Xique-Foto-Rafael-Martins-GOVBA-5-696x464-1.jpeg\",\"datePublished\":\"2023-08-25T10:00:09+00:00\",\"breadcrumb\":{\"@id\":\"https:\/\/brasilnoticias.org\/site\/em-xique-xique-governador-acompanha-ministro-da-integracao-e-desenvolvimento-regional-waldez-goes-em-anuncios-de-investimentos\/#breadcrumb\"},\"inLanguage\":\"pt-PT\",\"potentialAction\":[{\"@type\":\"ReadAction\",\"target\":[\"https:\/\/brasilnoticias.org\/site\/em-xique-xique-governador-acompanha-ministro-da-integracao-e-desenvolvimento-regional-waldez-goes-em-anuncios-de-investimentos\/\"]}]},{\"@type\":\"ImageObject\",\"inLanguage\":\"pt-PT\",\"@id\":\"https:\/\/brasilnoticias.org\/site\/em-xique-xique-governador-acompanha-ministro-da-integracao-e-desenvolvimento-regional-waldez-goes-em-anuncios-de-investimentos\/#primaryimage\",\"url\":\"https:\/\/brasilnoticias.org\/site\/wp-content\/uploads\/2023\/08\/Xique-Xique-Foto-Rafael-Martins-GOVBA-5-696x464-1.jpeg\",\"contentUrl\":\"https:\/\/brasilnoticias.org\/site\/wp-content\/uploads\/2023\/08\/Xique-Xique-Foto-Rafael-Martins-GOVBA-5-696x464-1.jpeg\",\"width\":696,\"height\":464},{\"@type\":\"BreadcrumbList\",\"@id\":\"https:\/\/brasilnoticias.org\/site\/em-xique-xique-governador-acompanha-ministro-da-integracao-e-desenvolvimento-regional-waldez-goes-em-anuncios-de-investimentos\/#breadcrumb\",\"itemListElement\":[{\"@type\":\"ListItem\",\"position\":1,\"name\":\"In\u00edcio\",\"item\":\"https:\/\/brasilnoticias.org\/site\/\"},{\"@type\":\"ListItem\",\"position\":2,\"name\":\"Em Xique-Xique, governador acompanha ministro da Integra\u00e7\u00e3o e Desenvolvimento Regional, Waldez G\u00f3es, em an\u00fancios de investimentos\"}]},{\"@type\":\"WebSite\",\"@id\":\"https:\/\/brasilnoticias.org\/site\/#website\",\"url\":\"https:\/\/brasilnoticias.org\/site\/\",\"name\":\"Brasil not\u00edcias\",\"description\":\"Brasil not\u00edcias\",\"publisher\":{\"@id\":\"https:\/\/brasilnoticias.org\/site\/#organization\"},\"potentialAction\":[{\"@type\":\"SearchAction\",\"target\":{\"@type\":\"EntryPoint\",\"urlTemplate\":\"https:\/\/brasilnoticias.org\/site\/?s={search_term_string}\"},\"query-input\":{\"@type\":\"PropertyValueSpecification\",\"valueRequired\":true,\"valueName\":\"search_term_string\"}}],\"inLanguage\":\"pt-PT\"},{\"@type\":\"Organization\",\"@id\":\"https:\/\/brasilnoticias.org\/site\/#organization\",\"name\":\"Brasil not\u00edcias\",\"url\":\"https:\/\/brasilnoticias.org\/site\/\",\"logo\":{\"@type\":\"ImageObject\",\"inLanguage\":\"pt-PT\",\"@id\":\"https:\/\/brasilnoticias.org\/site\/#\/schema\/logo\/image\/\",\"url\":\"https:\/\/brasilnoticias.org\/site\/wp-content\/uploads\/2022\/05\/cropped-brasilnoticias-mini.jpg\",\"contentUrl\":\"https:\/\/brasilnoticias.org\/site\/wp-content\/uploads\/2022\/05\/cropped-brasilnoticias-mini.jpg\",\"width\":314,\"height\":86,\"caption\":\"Brasil not\u00edcias\"},\"image\":{\"@id\":\"https:\/\/brasilnoticias.org\/site\/#\/schema\/logo\/image\/\"}},{\"@type\":\"Person\",\"@id\":\"https:\/\/brasilnoticias.org\/site\/#\/schema\/person\/03bbbfe6c7634ad18c26444ea39049fa\",\"name\":\"Reda\u00e7\u00e3o\",\"image\":{\"@type\":\"ImageObject\",\"inLanguage\":\"pt-PT\",\"@id\":\"https:\/\/brasilnoticias.org\/site\/#\/schema\/person\/image\/\",\"url\":\"https:\/\/secure.gravatar.com\/avatar\/9ecaf7327a696cb23ad926fedded5f1f04d7049de9e445375d55b48c001a6e42?s=96&d=mm&r=g\",\"contentUrl\":\"https:\/\/secure.gravatar.com\/avatar\/9ecaf7327a696cb23ad926fedded5f1f04d7049de9e445375d55b48c001a6e42?s=96&d=mm&r=g\",\"caption\":\"Reda\u00e7\u00e3o\"},\"url\":\"https:\/\/brasilnoticias.org\/site\/author\/henrique\/\"}]}<\/script>\n<!-- \/ Yoast SEO plugin. -->","yoast_head_json":{"title":"Em Xique-Xique, governador acompanha ministro da Integra\u00e7\u00e3o e Desenvolvimento Regional, Waldez G\u00f3es, em an\u00fancios de investimentos - Brasil not\u00edcias","robots":{"index":"index","follow":"follow","max-snippet":"max-snippet:-1","max-image-preview":"max-image-preview:large","max-video-preview":"max-video-preview:-1"},"canonical":"https:\/\/brasilnoticias.org\/site\/em-xique-xique-governador-acompanha-ministro-da-integracao-e-desenvolvimento-regional-waldez-goes-em-anuncios-de-investimentos\/","og_locale":"pt_PT","og_type":"article","og_title":"Em Xique-Xique, governador acompanha ministro da Integra\u00e7\u00e3o e Desenvolvimento Regional, Waldez G\u00f3es, em an\u00fancios de investimentos - Brasil not\u00edcias","og_description":"Em visita ao munic\u00edpio de Xique-Xique, nesta quinta-feira (24), o governador Jer\u00f4nimo Rodrigues, acompanhado pelo ministro da Integra\u00e7\u00e3o e Desenvolvimento","og_url":"https:\/\/brasilnoticias.org\/site\/em-xique-xique-governador-acompanha-ministro-da-integracao-e-desenvolvimento-regional-waldez-goes-em-anuncios-de-investimentos\/","og_site_name":"Brasil not\u00edcias","article_published_time":"2023-08-25T10:00:09+00:00","og_image":[{"width":696,"height":464,"url":"https:\/\/brasilnoticias.org\/site\/wp-content\/uploads\/2023\/08\/Xique-Xique-Foto-Rafael-Martins-GOVBA-5-696x464-1.jpeg","type":"image\/jpeg"}],"author":"Reda\u00e7\u00e3o","twitter_card":"summary_large_image","twitter_misc":{"Escrito por":"Reda\u00e7\u00e3o"},"schema":{"@context":"https:\/\/schema.org","@graph":[{"@type":"Article","@id":"https:\/\/brasilnoticias.org\/site\/em-xique-xique-governador-acompanha-ministro-da-integracao-e-desenvolvimento-regional-waldez-goes-em-anuncios-de-investimentos\/#article","isPartOf":{"@id":"https:\/\/brasilnoticias.org\/site\/em-xique-xique-governador-acompanha-ministro-da-integracao-e-desenvolvimento-regional-waldez-goes-em-anuncios-de-investimentos\/"},"author":{"name":"Reda\u00e7\u00e3o","@id":"https:\/\/brasilnoticias.org\/site\/#\/schema\/person\/03bbbfe6c7634ad18c26444ea39049fa"},"headline":"Em Xique-Xique, governador acompanha ministro da Integra\u00e7\u00e3o e Desenvolvimento Regional, Waldez G\u00f3es, em an\u00fancios de investimentos","datePublished":"2023-08-25T10:00:09+00:00","mainEntityOfPage":{"@id":"https:\/\/brasilnoticias.org\/site\/em-xique-xique-governador-acompanha-ministro-da-integracao-e-desenvolvimento-regional-waldez-goes-em-anuncios-de-investimentos\/"},"wordCount":568,"commentCount":0,"publisher":{"@id":"https:\/\/brasilnoticias.org\/site\/#organization"},"image":{"@id":"https:\/\/brasilnoticias.org\/site\/em-xique-xique-governador-acompanha-ministro-da-integracao-e-desenvolvimento-regional-waldez-goes-em-anuncios-de-investimentos\/#primaryimage"},"thumbnailUrl":"https:\/\/brasilnoticias.org\/site\/wp-content\/uploads\/2023\/08\/Xique-Xique-Foto-Rafael-Martins-GOVBA-5-696x464-1.jpeg","articleSection":["Pol\u00edtica","\u00daltimas"],"inLanguage":"pt-PT","potentialAction":[{"@type":"CommentAction","name":"Comment","target":["https:\/\/brasilnoticias.org\/site\/em-xique-xique-governador-acompanha-ministro-da-integracao-e-desenvolvimento-regional-waldez-goes-em-anuncios-de-investimentos\/#respond"]}]},{"@type":"WebPage","@id":"https:\/\/brasilnoticias.org\/site\/em-xique-xique-governador-acompanha-ministro-da-integracao-e-desenvolvimento-regional-waldez-goes-em-anuncios-de-investimentos\/","url":"https:\/\/brasilnoticias.org\/site\/em-xique-xique-governador-acompanha-ministro-da-integracao-e-desenvolvimento-regional-waldez-goes-em-anuncios-de-investimentos\/","name":"Em Xique-Xique, governador acompanha ministro da Integra\u00e7\u00e3o e Desenvolvimento Regional, Waldez G\u00f3es, em an\u00fancios de investimentos - Brasil not\u00edcias","isPartOf":{"@id":"https:\/\/brasilnoticias.org\/site\/#website"},"primaryImageOfPage":{"@id":"https:\/\/brasilnoticias.org\/site\/em-xique-xique-governador-acompanha-ministro-da-integracao-e-desenvolvimento-regional-waldez-goes-em-anuncios-de-investimentos\/#primaryimage"},"image":{"@id":"https:\/\/brasilnoticias.org\/site\/em-xique-xique-governador-acompanha-ministro-da-integracao-e-desenvolvimento-regional-waldez-goes-em-anuncios-de-investimentos\/#primaryimage"},"thumbnailUrl":"https:\/\/brasilnoticias.org\/site\/wp-content\/uploads\/2023\/08\/Xique-Xique-Foto-Rafael-Martins-GOVBA-5-696x464-1.jpeg","datePublished":"2023-08-25T10:00:09+00:00","breadcrumb":{"@id":"https:\/\/brasilnoticias.org\/site\/em-xique-xique-governador-acompanha-ministro-da-integracao-e-desenvolvimento-regional-waldez-goes-em-anuncios-de-investimentos\/#breadcrumb"},"inLanguage":"pt-PT","potentialAction":[{"@type":"ReadAction","target":["https:\/\/brasilnoticias.org\/site\/em-xique-xique-governador-acompanha-ministro-da-integracao-e-desenvolvimento-regional-waldez-goes-em-anuncios-de-investimentos\/"]}]},{"@type":"ImageObject","inLanguage":"pt-PT","@id":"https:\/\/brasilnoticias.org\/site\/em-xique-xique-governador-acompanha-ministro-da-integracao-e-desenvolvimento-regional-waldez-goes-em-anuncios-de-investimentos\/#primaryimage","url":"https:\/\/brasilnoticias.org\/site\/wp-content\/uploads\/2023\/08\/Xique-Xique-Foto-Rafael-Martins-GOVBA-5-696x464-1.jpeg","contentUrl":"https:\/\/brasilnoticias.org\/site\/wp-content\/uploads\/2023\/08\/Xique-Xique-Foto-Rafael-Martins-GOVBA-5-696x464-1.jpeg","width":696,"height":464},{"@type":"BreadcrumbList","@id":"https:\/\/brasilnoticias.org\/site\/em-xique-xique-governador-acompanha-ministro-da-integracao-e-desenvolvimento-regional-waldez-goes-em-anuncios-de-investimentos\/#breadcrumb","itemListElement":[{"@type":"ListItem","position":1,"name":"In\u00edcio","item":"https:\/\/brasilnoticias.org\/site\/"},{"@type":"ListItem","position":2,"name":"Em Xique-Xique, governador acompanha ministro da Integra\u00e7\u00e3o e Desenvolvimento Regional, Waldez G\u00f3es, em an\u00fancios de investimentos"}]},{"@type":"WebSite","@id":"https:\/\/brasilnoticias.org\/site\/#website","url":"https:\/\/brasilnoticias.org\/site\/","name":"Brasil not\u00edcias","description":"Brasil not\u00edcias","publisher":{"@id":"https:\/\/brasilnoticias.org\/site\/#organization"},"potentialAction":[{"@type":"SearchAction","target":{"@type":"EntryPoint","urlTemplate":"https:\/\/brasilnoticias.org\/site\/?s={search_term_string}"},"query-input":{"@type":"PropertyValueSpecification","valueRequired":true,"valueName":"search_term_string"}}],"inLanguage":"pt-PT"},{"@type":"Organization","@id":"https:\/\/brasilnoticias.org\/site\/#organization","name":"Brasil not\u00edcias","url":"https:\/\/brasilnoticias.org\/site\/","logo":{"@type":"ImageObject","inLanguage":"pt-PT","@id":"https:\/\/brasilnoticias.org\/site\/#\/schema\/logo\/image\/","url":"https:\/\/brasilnoticias.org\/site\/wp-content\/uploads\/2022\/05\/cropped-brasilnoticias-mini.jpg","contentUrl":"https:\/\/brasilnoticias.org\/site\/wp-content\/uploads\/2022\/05\/cropped-brasilnoticias-mini.jpg","width":314,"height":86,"caption":"Brasil not\u00edcias"},"image":{"@id":"https:\/\/brasilnoticias.org\/site\/#\/schema\/logo\/image\/"}},{"@type":"Person","@id":"https:\/\/brasilnoticias.org\/site\/#\/schema\/person\/03bbbfe6c7634ad18c26444ea39049fa","name":"Reda\u00e7\u00e3o","image":{"@type":"ImageObject","inLanguage":"pt-PT","@id":"https:\/\/brasilnoticias.org\/site\/#\/schema\/person\/image\/","url":"https:\/\/secure.gravatar.com\/avatar\/9ecaf7327a696cb23ad926fedded5f1f04d7049de9e445375d55b48c001a6e42?s=96&d=mm&r=g","contentUrl":"https:\/\/secure.gravatar.com\/avatar\/9ecaf7327a696cb23ad926fedded5f1f04d7049de9e445375d55b48c001a6e42?s=96&d=mm&r=g","caption":"Reda\u00e7\u00e3o"},"url":"https:\/\/brasilnoticias.org\/site\/author\/henrique\/"}]}},"_links":{"self":[{"href":"https:\/\/brasilnoticias.org\/site\/wp-json\/wp\/v2\/posts\/8600","targetHints":{"allow":["GET"]}}],"collection":[{"href":"https:\/\/brasilnoticias.org\/site\/wp-json\/wp\/v2\/posts"}],"about":[{"href":"https:\/\/brasilnoticias.org\/site\/wp-json\/wp\/v2\/types\/post"}],"author":[{"embeddable":true,"href":"https:\/\/brasilnoticias.org\/site\/wp-json\/wp\/v2\/users\/4"}],"replies":[{"embeddable":true,"href":"https:\/\/brasilnoticias.org\/site\/wp-json\/wp\/v2\/comments?post=8600"}],"version-history":[{"count":1,"href":"https:\/\/brasilnoticias.org\/site\/wp-json\/wp\/v2\/posts\/8600\/revisions"}],"predecessor-version":[{"id":8602,"href":"https:\/\/brasilnoticias.org\/site\/wp-json\/wp\/v2\/posts\/8600\/revisions\/8602"}],"wp:featuredmedia":[{"embeddable":true,"href":"https:\/\/brasilnoticias.org\/site\/wp-json\/wp\/v2\/media\/8601"}],"wp:attachment":[{"href":"https:\/\/brasilnoticias.org\/site\/wp-json\/wp\/v2\/media?parent=8600"}],"wp:term":[{"taxonomy":"category","embeddable":true,"href":"https:\/\/brasilnoticias.org\/site\/wp-json\/wp\/v2\/categories?post=8600"},{"taxonomy":"post_tag","embeddable":true,"href":"https:\/\/brasilnoticias.org\/site\/wp-json\/wp\/v2\/tags?post=8600"}],"curies":[{"name":"wp","href":"https:\/\/api.w.org\/{rel}","templated":true}]}}