{"id":8604,"date":"2023-08-25T08:00:36","date_gmt":"2023-08-25T11:00:36","guid":{"rendered":"https:\/\/brasilnoticias.org\/site\/?p=8604"},"modified":"2023-08-25T00:48:31","modified_gmt":"2023-08-25T03:48:31","slug":"defesa-civil-da-bahia-marca-presenca-no-iv-congresso-internacional-de-desastres-em-massa","status":"publish","type":"post","link":"https:\/\/brasilnoticias.org\/site\/defesa-civil-da-bahia-marca-presenca-no-iv-congresso-internacional-de-desastres-em-massa\/","title":{"rendered":"Defesa Civil da Bahia marca presen\u00e7a no IV Congresso Internacional de Desastres em Massa"},"content":{"rendered":"<p>O superintendente de Prote\u00e7\u00e3o e Defesa Civil da Bahia (Sudec), Heber Santana, vai marcar presen\u00e7a na solenidade de abertura oficial do IV Congresso Internacional de Desastres em Massa (CIDEM), nesta quinta-feira (24), em Feira de Santana. O evento tem como objetivo integrar as for\u00e7as de seguran\u00e7a, salvar um n\u00famero maior de vidas, proteger patrim\u00f4nios e garantir tamb\u00e9m uma preven\u00e7\u00e3o mais efetiva em casos de desastres. Na sexta-feira (25), o coordenador adjunto da Sudec, Osny Bomfim, vai ministrar uma palestra sobre Atua\u00e7\u00e3o da Defesa Civil do Estado da Bahia em Desastres.<\/p>\n<p>Com programa\u00e7\u00e3o que teve in\u00edcio na quarta (23) e segue at\u00e9 s\u00e1bado (26), o congresso conta com etapa te\u00f3rica, que ocorre na Universidade Estadual de Feira de Santana (Uefs) e na Faculdade Unef, al\u00e9m de simulado de acidente em massa e treinamento das ag\u00eancias e institui\u00e7\u00f5es envolvidas, que ser\u00e1 realizado na \u00e1rea de treinamento em desastres da Uefs e no Hospital Cl\u00e9riston Andrade.<\/p>\n<p>Este ano, o tema do CIDEM ser\u00e1 \u201cDesastres com inunda\u00e7\u00f5es, barragens e produtos perigosos (QBRN \u2013 Qu\u00edmicos, Biol\u00f3gicos, Radioativos Nucleares)\u201d e contar\u00e1 com a participa\u00e7\u00e3o de profissionais da sa\u00fade, peritos nacionais e internacionais, psic\u00f3logos, m\u00e9dicos, enfermeiros, biom\u00e9dicos, engenheiros, entre outros, membros das equipes de resgate e for\u00e7as de seguran\u00e7a em geral e auxiliares.<\/p>\n<p>Segundo o professor da Universidade Estadual de Feira de Santana (Uefs) e da Faculdade UNEF, Jeidson Marques, esta \u00e9 uma das maiores edi\u00e7\u00f5es do CIDEM, que conta com a participa\u00e7\u00e3o de representantes de diversos pa\u00edses como Portugal, Argentina, Per\u00fa, Paraguai, entre outros. \u201cRealizamos na edi\u00e7\u00e3o de 2018 o maior evento do mundo desta natureza, agora teremos um evento mais maduro e impactante. Ser\u00e1 mais uma grande oportunidade para trocar experi\u00eancias, ampliar conhecimentos e qualificar a capacidade de atendimento e de resposta aos acidentes em massa dos mais diversos tipos\u201d, pontuou.<\/p>\n<p>Jeidson ainda destacou que ap\u00f3s uma pandemia e diversos desastres recentes com inunda\u00e7\u00f5es, barragens e deslizamentos, todos agora entendem a import\u00e2ncia de se preocupar com desastres, pois impacta na vida de todos. \u201cTreinamentos e interc\u00e2mbio sempre s\u00e3o cruciais para avan\u00e7ar na integra\u00e7\u00e3o e atender as demandas com mais compet\u00eancia e teremos aqui em Feira a oportunidade de conhecer e dialogar sobre os mecanismos mais eficientes para lidar com essas situa\u00e7\u00f5es, mais uma vez. Feira de Santana j\u00e1 \u00e9 refer\u00eancia para o mundo com este evento e continuaremos sendo\u201d, enfatizou.<\/p>\n<p>Desastres em massa<\/p>\n<p>Desastres em massa s\u00e3o fatos que extrapolam a capacidade de atendimento e per\u00edcia das institui\u00e7\u00f5es de emerg\u00eancia, seguran\u00e7a e sa\u00fade de uma cidade ou regi\u00e3o. S\u00e3o situa\u00e7\u00f5es em que o n\u00famero de v\u00edtimas \u00e9 muito maior do que a estrutura dos hospitais, Servi\u00e7o de Atendimento M\u00f3vel de Urg\u00eancia (Samu), Instituto M\u00e9dico Legal (IML), empresas de resgate, entre outras.<\/p>\n<p>Foto: Imagem ilustrativa do II CIDEM, em 2016<br \/>\nGOVBA<\/p>\n","protected":false},"excerpt":{"rendered":"<p>O superintendente de Prote\u00e7\u00e3o e Defesa Civil da Bahia (Sudec), Heber Santana, vai marcar presen\u00e7a na solenidade de abertura oficial<\/p>\n","protected":false},"author":4,"featured_media":8605,"comment_status":"open","ping_status":"open","sticky":false,"template":"","format":"standard","meta":{"colormag_page_container_layout":"default_layout","colormag_page_sidebar_layout":"default_layout","_FSMCFIC_featured_image_caption":"","_FSMCFIC_featured_image_nocaption":"","_FSMCFIC_featured_image_hide":"","footnotes":""},"categories":[2,1],"tags":[],"class_list":["post-8604","post","type-post","status-publish","format-standard","has-post-thumbnail","hentry","category-noticias","category-ultimas"],"yoast_head":"<!-- This site is optimized with the Yoast SEO plugin v27.1.1 - https:\/\/yoast.com\/product\/yoast-seo-wordpress\/ -->\n<title>Defesa Civil da Bahia marca presen\u00e7a no IV Congresso Internacional de Desastres em Massa - Brasil not\u00edcias<\/title>\n<meta name=\"robots\" content=\"index, follow, max-snippet:-1, max-image-preview:large, max-video-preview:-1\" \/>\n<link rel=\"canonical\" href=\"https:\/\/brasilnoticias.org\/site\/defesa-civil-da-bahia-marca-presenca-no-iv-congresso-internacional-de-desastres-em-massa\/\" \/>\n<meta property=\"og:locale\" content=\"pt_PT\" \/>\n<meta property=\"og:type\" content=\"article\" \/>\n<meta property=\"og:title\" content=\"Defesa Civil da Bahia marca presen\u00e7a no IV Congresso Internacional de Desastres em Massa - Brasil not\u00edcias\" \/>\n<meta property=\"og:description\" content=\"O superintendente de Prote\u00e7\u00e3o e Defesa Civil da Bahia (Sudec), Heber Santana, vai marcar presen\u00e7a na solenidade de abertura oficial\" \/>\n<meta property=\"og:url\" content=\"https:\/\/brasilnoticias.org\/site\/defesa-civil-da-bahia-marca-presenca-no-iv-congresso-internacional-de-desastres-em-massa\/\" \/>\n<meta property=\"og:site_name\" content=\"Brasil not\u00edcias\" \/>\n<meta property=\"article:published_time\" content=\"2023-08-25T11:00:36+00:00\" \/>\n<meta property=\"og:image\" content=\"https:\/\/brasilnoticias.org\/site\/wp-content\/uploads\/2023\/08\/WhatsApp-Image-2023-08-15-at-18.11.39-696x522-1.jpeg\" \/>\n\t<meta property=\"og:image:width\" content=\"696\" \/>\n\t<meta property=\"og:image:height\" content=\"522\" \/>\n\t<meta property=\"og:image:type\" content=\"image\/jpeg\" \/>\n<meta name=\"author\" content=\"Reda\u00e7\u00e3o\" \/>\n<meta name=\"twitter:card\" content=\"summary_large_image\" \/>\n<meta name=\"twitter:label1\" content=\"Escrito por\" \/>\n\t<meta name=\"twitter:data1\" content=\"Reda\u00e7\u00e3o\" \/>\n<script type=\"application\/ld+json\" class=\"yoast-schema-graph\">{\"@context\":\"https:\/\/schema.org\",\"@graph\":[{\"@type\":\"Article\",\"@id\":\"https:\/\/brasilnoticias.org\/site\/defesa-civil-da-bahia-marca-presenca-no-iv-congresso-internacional-de-desastres-em-massa\/#article\",\"isPartOf\":{\"@id\":\"https:\/\/brasilnoticias.org\/site\/defesa-civil-da-bahia-marca-presenca-no-iv-congresso-internacional-de-desastres-em-massa\/\"},\"author\":{\"name\":\"Reda\u00e7\u00e3o\",\"@id\":\"https:\/\/brasilnoticias.org\/site\/#\/schema\/person\/03bbbfe6c7634ad18c26444ea39049fa\"},\"headline\":\"Defesa Civil da Bahia marca presen\u00e7a no IV Congresso Internacional de Desastres em Massa\",\"datePublished\":\"2023-08-25T11:00:36+00:00\",\"mainEntityOfPage\":{\"@id\":\"https:\/\/brasilnoticias.org\/site\/defesa-civil-da-bahia-marca-presenca-no-iv-congresso-internacional-de-desastres-em-massa\/\"},\"wordCount\":517,\"commentCount\":0,\"publisher\":{\"@id\":\"https:\/\/brasilnoticias.org\/site\/#organization\"},\"image\":{\"@id\":\"https:\/\/brasilnoticias.org\/site\/defesa-civil-da-bahia-marca-presenca-no-iv-congresso-internacional-de-desastres-em-massa\/#primaryimage\"},\"thumbnailUrl\":\"https:\/\/brasilnoticias.org\/site\/wp-content\/uploads\/2023\/08\/WhatsApp-Image-2023-08-15-at-18.11.39-696x522-1.jpeg\",\"articleSection\":[\"Not\u00edcias\",\"\u00daltimas\"],\"inLanguage\":\"pt-PT\",\"potentialAction\":[{\"@type\":\"CommentAction\",\"name\":\"Comment\",\"target\":[\"https:\/\/brasilnoticias.org\/site\/defesa-civil-da-bahia-marca-presenca-no-iv-congresso-internacional-de-desastres-em-massa\/#respond\"]}]},{\"@type\":\"WebPage\",\"@id\":\"https:\/\/brasilnoticias.org\/site\/defesa-civil-da-bahia-marca-presenca-no-iv-congresso-internacional-de-desastres-em-massa\/\",\"url\":\"https:\/\/brasilnoticias.org\/site\/defesa-civil-da-bahia-marca-presenca-no-iv-congresso-internacional-de-desastres-em-massa\/\",\"name\":\"Defesa Civil da Bahia marca presen\u00e7a no IV Congresso Internacional de Desastres em Massa - Brasil not\u00edcias\",\"isPartOf\":{\"@id\":\"https:\/\/brasilnoticias.org\/site\/#website\"},\"primaryImageOfPage\":{\"@id\":\"https:\/\/brasilnoticias.org\/site\/defesa-civil-da-bahia-marca-presenca-no-iv-congresso-internacional-de-desastres-em-massa\/#primaryimage\"},\"image\":{\"@id\":\"https:\/\/brasilnoticias.org\/site\/defesa-civil-da-bahia-marca-presenca-no-iv-congresso-internacional-de-desastres-em-massa\/#primaryimage\"},\"thumbnailUrl\":\"https:\/\/brasilnoticias.org\/site\/wp-content\/uploads\/2023\/08\/WhatsApp-Image-2023-08-15-at-18.11.39-696x522-1.jpeg\",\"datePublished\":\"2023-08-25T11:00:36+00:00\",\"breadcrumb\":{\"@id\":\"https:\/\/brasilnoticias.org\/site\/defesa-civil-da-bahia-marca-presenca-no-iv-congresso-internacional-de-desastres-em-massa\/#breadcrumb\"},\"inLanguage\":\"pt-PT\",\"potentialAction\":[{\"@type\":\"ReadAction\",\"target\":[\"https:\/\/brasilnoticias.org\/site\/defesa-civil-da-bahia-marca-presenca-no-iv-congresso-internacional-de-desastres-em-massa\/\"]}]},{\"@type\":\"ImageObject\",\"inLanguage\":\"pt-PT\",\"@id\":\"https:\/\/brasilnoticias.org\/site\/defesa-civil-da-bahia-marca-presenca-no-iv-congresso-internacional-de-desastres-em-massa\/#primaryimage\",\"url\":\"https:\/\/brasilnoticias.org\/site\/wp-content\/uploads\/2023\/08\/WhatsApp-Image-2023-08-15-at-18.11.39-696x522-1.jpeg\",\"contentUrl\":\"https:\/\/brasilnoticias.org\/site\/wp-content\/uploads\/2023\/08\/WhatsApp-Image-2023-08-15-at-18.11.39-696x522-1.jpeg\",\"width\":696,\"height\":522},{\"@type\":\"BreadcrumbList\",\"@id\":\"https:\/\/brasilnoticias.org\/site\/defesa-civil-da-bahia-marca-presenca-no-iv-congresso-internacional-de-desastres-em-massa\/#breadcrumb\",\"itemListElement\":[{\"@type\":\"ListItem\",\"position\":1,\"name\":\"In\u00edcio\",\"item\":\"https:\/\/brasilnoticias.org\/site\/\"},{\"@type\":\"ListItem\",\"position\":2,\"name\":\"Defesa Civil da Bahia marca presen\u00e7a no IV Congresso Internacional de Desastres em Massa\"}]},{\"@type\":\"WebSite\",\"@id\":\"https:\/\/brasilnoticias.org\/site\/#website\",\"url\":\"https:\/\/brasilnoticias.org\/site\/\",\"name\":\"Brasil not\u00edcias\",\"description\":\"Brasil not\u00edcias\",\"publisher\":{\"@id\":\"https:\/\/brasilnoticias.org\/site\/#organization\"},\"potentialAction\":[{\"@type\":\"SearchAction\",\"target\":{\"@type\":\"EntryPoint\",\"urlTemplate\":\"https:\/\/brasilnoticias.org\/site\/?s={search_term_string}\"},\"query-input\":{\"@type\":\"PropertyValueSpecification\",\"valueRequired\":true,\"valueName\":\"search_term_string\"}}],\"inLanguage\":\"pt-PT\"},{\"@type\":\"Organization\",\"@id\":\"https:\/\/brasilnoticias.org\/site\/#organization\",\"name\":\"Brasil not\u00edcias\",\"url\":\"https:\/\/brasilnoticias.org\/site\/\",\"logo\":{\"@type\":\"ImageObject\",\"inLanguage\":\"pt-PT\",\"@id\":\"https:\/\/brasilnoticias.org\/site\/#\/schema\/logo\/image\/\",\"url\":\"https:\/\/brasilnoticias.org\/site\/wp-content\/uploads\/2022\/05\/cropped-brasilnoticias-mini.jpg\",\"contentUrl\":\"https:\/\/brasilnoticias.org\/site\/wp-content\/uploads\/2022\/05\/cropped-brasilnoticias-mini.jpg\",\"width\":314,\"height\":86,\"caption\":\"Brasil not\u00edcias\"},\"image\":{\"@id\":\"https:\/\/brasilnoticias.org\/site\/#\/schema\/logo\/image\/\"}},{\"@type\":\"Person\",\"@id\":\"https:\/\/brasilnoticias.org\/site\/#\/schema\/person\/03bbbfe6c7634ad18c26444ea39049fa\",\"name\":\"Reda\u00e7\u00e3o\",\"image\":{\"@type\":\"ImageObject\",\"inLanguage\":\"pt-PT\",\"@id\":\"https:\/\/brasilnoticias.org\/site\/#\/schema\/person\/image\/\",\"url\":\"https:\/\/secure.gravatar.com\/avatar\/9ecaf7327a696cb23ad926fedded5f1f04d7049de9e445375d55b48c001a6e42?s=96&d=mm&r=g\",\"contentUrl\":\"https:\/\/secure.gravatar.com\/avatar\/9ecaf7327a696cb23ad926fedded5f1f04d7049de9e445375d55b48c001a6e42?s=96&d=mm&r=g\",\"caption\":\"Reda\u00e7\u00e3o\"},\"url\":\"https:\/\/brasilnoticias.org\/site\/author\/henrique\/\"}]}<\/script>\n<!-- \/ Yoast SEO plugin. -->","yoast_head_json":{"title":"Defesa Civil da Bahia marca presen\u00e7a no IV Congresso Internacional de Desastres em Massa - Brasil not\u00edcias","robots":{"index":"index","follow":"follow","max-snippet":"max-snippet:-1","max-image-preview":"max-image-preview:large","max-video-preview":"max-video-preview:-1"},"canonical":"https:\/\/brasilnoticias.org\/site\/defesa-civil-da-bahia-marca-presenca-no-iv-congresso-internacional-de-desastres-em-massa\/","og_locale":"pt_PT","og_type":"article","og_title":"Defesa Civil da Bahia marca presen\u00e7a no IV Congresso Internacional de Desastres em Massa - Brasil not\u00edcias","og_description":"O superintendente de Prote\u00e7\u00e3o e Defesa Civil da Bahia (Sudec), Heber Santana, vai marcar presen\u00e7a na solenidade de abertura oficial","og_url":"https:\/\/brasilnoticias.org\/site\/defesa-civil-da-bahia-marca-presenca-no-iv-congresso-internacional-de-desastres-em-massa\/","og_site_name":"Brasil not\u00edcias","article_published_time":"2023-08-25T11:00:36+00:00","og_image":[{"width":696,"height":522,"url":"https:\/\/brasilnoticias.org\/site\/wp-content\/uploads\/2023\/08\/WhatsApp-Image-2023-08-15-at-18.11.39-696x522-1.jpeg","type":"image\/jpeg"}],"author":"Reda\u00e7\u00e3o","twitter_card":"summary_large_image","twitter_misc":{"Escrito por":"Reda\u00e7\u00e3o"},"schema":{"@context":"https:\/\/schema.org","@graph":[{"@type":"Article","@id":"https:\/\/brasilnoticias.org\/site\/defesa-civil-da-bahia-marca-presenca-no-iv-congresso-internacional-de-desastres-em-massa\/#article","isPartOf":{"@id":"https:\/\/brasilnoticias.org\/site\/defesa-civil-da-bahia-marca-presenca-no-iv-congresso-internacional-de-desastres-em-massa\/"},"author":{"name":"Reda\u00e7\u00e3o","@id":"https:\/\/brasilnoticias.org\/site\/#\/schema\/person\/03bbbfe6c7634ad18c26444ea39049fa"},"headline":"Defesa Civil da Bahia marca presen\u00e7a no IV Congresso Internacional de Desastres em Massa","datePublished":"2023-08-25T11:00:36+00:00","mainEntityOfPage":{"@id":"https:\/\/brasilnoticias.org\/site\/defesa-civil-da-bahia-marca-presenca-no-iv-congresso-internacional-de-desastres-em-massa\/"},"wordCount":517,"commentCount":0,"publisher":{"@id":"https:\/\/brasilnoticias.org\/site\/#organization"},"image":{"@id":"https:\/\/brasilnoticias.org\/site\/defesa-civil-da-bahia-marca-presenca-no-iv-congresso-internacional-de-desastres-em-massa\/#primaryimage"},"thumbnailUrl":"https:\/\/brasilnoticias.org\/site\/wp-content\/uploads\/2023\/08\/WhatsApp-Image-2023-08-15-at-18.11.39-696x522-1.jpeg","articleSection":["Not\u00edcias","\u00daltimas"],"inLanguage":"pt-PT","potentialAction":[{"@type":"CommentAction","name":"Comment","target":["https:\/\/brasilnoticias.org\/site\/defesa-civil-da-bahia-marca-presenca-no-iv-congresso-internacional-de-desastres-em-massa\/#respond"]}]},{"@type":"WebPage","@id":"https:\/\/brasilnoticias.org\/site\/defesa-civil-da-bahia-marca-presenca-no-iv-congresso-internacional-de-desastres-em-massa\/","url":"https:\/\/brasilnoticias.org\/site\/defesa-civil-da-bahia-marca-presenca-no-iv-congresso-internacional-de-desastres-em-massa\/","name":"Defesa Civil da Bahia marca presen\u00e7a no IV Congresso Internacional de Desastres em Massa - Brasil not\u00edcias","isPartOf":{"@id":"https:\/\/brasilnoticias.org\/site\/#website"},"primaryImageOfPage":{"@id":"https:\/\/brasilnoticias.org\/site\/defesa-civil-da-bahia-marca-presenca-no-iv-congresso-internacional-de-desastres-em-massa\/#primaryimage"},"image":{"@id":"https:\/\/brasilnoticias.org\/site\/defesa-civil-da-bahia-marca-presenca-no-iv-congresso-internacional-de-desastres-em-massa\/#primaryimage"},"thumbnailUrl":"https:\/\/brasilnoticias.org\/site\/wp-content\/uploads\/2023\/08\/WhatsApp-Image-2023-08-15-at-18.11.39-696x522-1.jpeg","datePublished":"2023-08-25T11:00:36+00:00","breadcrumb":{"@id":"https:\/\/brasilnoticias.org\/site\/defesa-civil-da-bahia-marca-presenca-no-iv-congresso-internacional-de-desastres-em-massa\/#breadcrumb"},"inLanguage":"pt-PT","potentialAction":[{"@type":"ReadAction","target":["https:\/\/brasilnoticias.org\/site\/defesa-civil-da-bahia-marca-presenca-no-iv-congresso-internacional-de-desastres-em-massa\/"]}]},{"@type":"ImageObject","inLanguage":"pt-PT","@id":"https:\/\/brasilnoticias.org\/site\/defesa-civil-da-bahia-marca-presenca-no-iv-congresso-internacional-de-desastres-em-massa\/#primaryimage","url":"https:\/\/brasilnoticias.org\/site\/wp-content\/uploads\/2023\/08\/WhatsApp-Image-2023-08-15-at-18.11.39-696x522-1.jpeg","contentUrl":"https:\/\/brasilnoticias.org\/site\/wp-content\/uploads\/2023\/08\/WhatsApp-Image-2023-08-15-at-18.11.39-696x522-1.jpeg","width":696,"height":522},{"@type":"BreadcrumbList","@id":"https:\/\/brasilnoticias.org\/site\/defesa-civil-da-bahia-marca-presenca-no-iv-congresso-internacional-de-desastres-em-massa\/#breadcrumb","itemListElement":[{"@type":"ListItem","position":1,"name":"In\u00edcio","item":"https:\/\/brasilnoticias.org\/site\/"},{"@type":"ListItem","position":2,"name":"Defesa Civil da Bahia marca presen\u00e7a no IV Congresso Internacional de Desastres em Massa"}]},{"@type":"WebSite","@id":"https:\/\/brasilnoticias.org\/site\/#website","url":"https:\/\/brasilnoticias.org\/site\/","name":"Brasil not\u00edcias","description":"Brasil not\u00edcias","publisher":{"@id":"https:\/\/brasilnoticias.org\/site\/#organization"},"potentialAction":[{"@type":"SearchAction","target":{"@type":"EntryPoint","urlTemplate":"https:\/\/brasilnoticias.org\/site\/?s={search_term_string}"},"query-input":{"@type":"PropertyValueSpecification","valueRequired":true,"valueName":"search_term_string"}}],"inLanguage":"pt-PT"},{"@type":"Organization","@id":"https:\/\/brasilnoticias.org\/site\/#organization","name":"Brasil not\u00edcias","url":"https:\/\/brasilnoticias.org\/site\/","logo":{"@type":"ImageObject","inLanguage":"pt-PT","@id":"https:\/\/brasilnoticias.org\/site\/#\/schema\/logo\/image\/","url":"https:\/\/brasilnoticias.org\/site\/wp-content\/uploads\/2022\/05\/cropped-brasilnoticias-mini.jpg","contentUrl":"https:\/\/brasilnoticias.org\/site\/wp-content\/uploads\/2022\/05\/cropped-brasilnoticias-mini.jpg","width":314,"height":86,"caption":"Brasil not\u00edcias"},"image":{"@id":"https:\/\/brasilnoticias.org\/site\/#\/schema\/logo\/image\/"}},{"@type":"Person","@id":"https:\/\/brasilnoticias.org\/site\/#\/schema\/person\/03bbbfe6c7634ad18c26444ea39049fa","name":"Reda\u00e7\u00e3o","image":{"@type":"ImageObject","inLanguage":"pt-PT","@id":"https:\/\/brasilnoticias.org\/site\/#\/schema\/person\/image\/","url":"https:\/\/secure.gravatar.com\/avatar\/9ecaf7327a696cb23ad926fedded5f1f04d7049de9e445375d55b48c001a6e42?s=96&d=mm&r=g","contentUrl":"https:\/\/secure.gravatar.com\/avatar\/9ecaf7327a696cb23ad926fedded5f1f04d7049de9e445375d55b48c001a6e42?s=96&d=mm&r=g","caption":"Reda\u00e7\u00e3o"},"url":"https:\/\/brasilnoticias.org\/site\/author\/henrique\/"}]}},"_links":{"self":[{"href":"https:\/\/brasilnoticias.org\/site\/wp-json\/wp\/v2\/posts\/8604","targetHints":{"allow":["GET"]}}],"collection":[{"href":"https:\/\/brasilnoticias.org\/site\/wp-json\/wp\/v2\/posts"}],"about":[{"href":"https:\/\/brasilnoticias.org\/site\/wp-json\/wp\/v2\/types\/post"}],"author":[{"embeddable":true,"href":"https:\/\/brasilnoticias.org\/site\/wp-json\/wp\/v2\/users\/4"}],"replies":[{"embeddable":true,"href":"https:\/\/brasilnoticias.org\/site\/wp-json\/wp\/v2\/comments?post=8604"}],"version-history":[{"count":1,"href":"https:\/\/brasilnoticias.org\/site\/wp-json\/wp\/v2\/posts\/8604\/revisions"}],"predecessor-version":[{"id":8606,"href":"https:\/\/brasilnoticias.org\/site\/wp-json\/wp\/v2\/posts\/8604\/revisions\/8606"}],"wp:featuredmedia":[{"embeddable":true,"href":"https:\/\/brasilnoticias.org\/site\/wp-json\/wp\/v2\/media\/8605"}],"wp:attachment":[{"href":"https:\/\/brasilnoticias.org\/site\/wp-json\/wp\/v2\/media?parent=8604"}],"wp:term":[{"taxonomy":"category","embeddable":true,"href":"https:\/\/brasilnoticias.org\/site\/wp-json\/wp\/v2\/categories?post=8604"},{"taxonomy":"post_tag","embeddable":true,"href":"https:\/\/brasilnoticias.org\/site\/wp-json\/wp\/v2\/tags?post=8604"}],"curies":[{"name":"wp","href":"https:\/\/api.w.org\/{rel}","templated":true}]}}