{"id":8615,"date":"2023-08-25T22:25:56","date_gmt":"2023-08-26T01:25:56","guid":{"rendered":"https:\/\/brasilnoticias.org\/site\/?p=8615"},"modified":"2023-08-25T22:25:56","modified_gmt":"2023-08-26T01:25:56","slug":"pf-descobre-que-seguranca-de-lula-participava-de-grupo-golpista-no-whatsapp","status":"publish","type":"post","link":"https:\/\/brasilnoticias.org\/site\/pf-descobre-que-seguranca-de-lula-participava-de-grupo-golpista-no-whatsapp\/","title":{"rendered":"PF descobre que seguran\u00e7a de Lula participava de grupo golpista no Whatsapp"},"content":{"rendered":"<p>O tenente coronel Andr\u00e9 Luis Cruz Correia j\u00e1 acompanhou o presidente Luiz In\u00e1cio Lula da Silva (PT) em viagens ao exterior, como a ida \u00e0 B\u00e9lgica<\/p>\n<p>Com a apreens\u00e3o do celular de Mauro Cid, a Pol\u00edcia Federal descobriu que o tenente coronel Andr\u00e9 Luis Cruz Correia, um dos seguran\u00e7as do presidente Luiz In\u00e1cio Lula da Silva (PT), participava de grupo de militares que defendiam um golpe de estado. As informa\u00e7\u00f5es s\u00e3o do blog da jornalista Andr\u00e9ia Sadi no G1.<\/p>\n<p>Ainda de acordo com a publica\u00e7\u00e3o, o tenente estava no mesmo grupo que o ex-ajudante de ordens do ex-presidente Jair Bolsonaro. Correia \u00e9 subordinado do Gabinete de Seguran\u00e7a Institucional (GSI) e j\u00e1 participou inclusive de viagens ao exterior com Lula, como foi o caso da ida \u00e0 B\u00e9lgica. Integrantes do GSI apontam que antes do general ser julgado \u00e9 preciso saber se ele interagiu ou participou ativamente das conversas.<\/p>\n<p>O ministro do \u00f3rg\u00e3o, general Marcos Antonio Amaro, disse ao G1 que Correia foi demitido e saiu da seguran\u00e7a presidencial. Ele afirmou desconhecer a exist\u00eancia do relat\u00f3rio que indica a presen\u00e7a do ex-seguran\u00e7a em grupo golpista.<\/p>\n<p>Foto: Ricardo Stuckert\/PR<br \/>\nPor: Metro1<\/p>\n","protected":false},"excerpt":{"rendered":"<p>O tenente coronel Andr\u00e9 Luis Cruz Correia j\u00e1 acompanhou o presidente Luiz In\u00e1cio Lula da Silva (PT) em viagens ao<\/p>\n","protected":false},"author":4,"featured_media":8616,"comment_status":"open","ping_status":"open","sticky":false,"template":"","format":"standard","meta":{"colormag_page_container_layout":"default_layout","colormag_page_sidebar_layout":"default_layout","_FSMCFIC_featured_image_caption":"","_FSMCFIC_featured_image_nocaption":"","_FSMCFIC_featured_image_hide":"","footnotes":""},"categories":[5,1],"tags":[],"class_list":["post-8615","post","type-post","status-publish","format-standard","has-post-thumbnail","hentry","category-politica","category-ultimas"],"yoast_head":"<!-- This site is optimized with the Yoast SEO plugin v27.1.1 - https:\/\/yoast.com\/product\/yoast-seo-wordpress\/ -->\n<title>PF descobre que seguran\u00e7a de Lula participava de grupo golpista no Whatsapp - Brasil not\u00edcias<\/title>\n<meta name=\"robots\" content=\"index, follow, max-snippet:-1, max-image-preview:large, max-video-preview:-1\" \/>\n<link rel=\"canonical\" href=\"https:\/\/brasilnoticias.org\/site\/pf-descobre-que-seguranca-de-lula-participava-de-grupo-golpista-no-whatsapp\/\" \/>\n<meta property=\"og:locale\" content=\"pt_PT\" \/>\n<meta property=\"og:type\" content=\"article\" \/>\n<meta property=\"og:title\" content=\"PF descobre que seguran\u00e7a de Lula participava de grupo golpista no Whatsapp - Brasil not\u00edcias\" \/>\n<meta property=\"og:description\" content=\"O tenente coronel Andr\u00e9 Luis Cruz Correia j\u00e1 acompanhou o presidente Luiz In\u00e1cio Lula da Silva (PT) em viagens ao\" \/>\n<meta property=\"og:url\" content=\"https:\/\/brasilnoticias.org\/site\/pf-descobre-que-seguranca-de-lula-participava-de-grupo-golpista-no-whatsapp\/\" \/>\n<meta property=\"og:site_name\" content=\"Brasil not\u00edcias\" \/>\n<meta property=\"article:published_time\" content=\"2023-08-26T01:25:56+00:00\" \/>\n<meta property=\"og:image\" content=\"https:\/\/brasilnoticias.org\/site\/wp-content\/uploads\/2023\/08\/140271pf-descobre-que-seguranca-de-lula-participava-de-grupo-golpista-no-whatsapp-3.jpg\" \/>\n\t<meta property=\"og:image:width\" content=\"1600\" \/>\n\t<meta property=\"og:image:height\" content=\"752\" \/>\n\t<meta property=\"og:image:type\" content=\"image\/jpeg\" \/>\n<meta name=\"author\" content=\"Reda\u00e7\u00e3o\" \/>\n<meta name=\"twitter:card\" content=\"summary_large_image\" \/>\n<meta name=\"twitter:label1\" content=\"Escrito por\" \/>\n\t<meta name=\"twitter:data1\" content=\"Reda\u00e7\u00e3o\" \/>\n<script type=\"application\/ld+json\" class=\"yoast-schema-graph\">{\"@context\":\"https:\/\/schema.org\",\"@graph\":[{\"@type\":\"Article\",\"@id\":\"https:\/\/brasilnoticias.org\/site\/pf-descobre-que-seguranca-de-lula-participava-de-grupo-golpista-no-whatsapp\/#article\",\"isPartOf\":{\"@id\":\"https:\/\/brasilnoticias.org\/site\/pf-descobre-que-seguranca-de-lula-participava-de-grupo-golpista-no-whatsapp\/\"},\"author\":{\"name\":\"Reda\u00e7\u00e3o\",\"@id\":\"https:\/\/brasilnoticias.org\/site\/#\/schema\/person\/03bbbfe6c7634ad18c26444ea39049fa\"},\"headline\":\"PF descobre que seguran\u00e7a de Lula participava de grupo golpista no Whatsapp\",\"datePublished\":\"2023-08-26T01:25:56+00:00\",\"mainEntityOfPage\":{\"@id\":\"https:\/\/brasilnoticias.org\/site\/pf-descobre-que-seguranca-de-lula-participava-de-grupo-golpista-no-whatsapp\/\"},\"wordCount\":217,\"commentCount\":0,\"publisher\":{\"@id\":\"https:\/\/brasilnoticias.org\/site\/#organization\"},\"image\":{\"@id\":\"https:\/\/brasilnoticias.org\/site\/pf-descobre-que-seguranca-de-lula-participava-de-grupo-golpista-no-whatsapp\/#primaryimage\"},\"thumbnailUrl\":\"https:\/\/brasilnoticias.org\/site\/wp-content\/uploads\/2023\/08\/140271pf-descobre-que-seguranca-de-lula-participava-de-grupo-golpista-no-whatsapp-3.jpg\",\"articleSection\":[\"Pol\u00edtica\",\"\u00daltimas\"],\"inLanguage\":\"pt-PT\",\"potentialAction\":[{\"@type\":\"CommentAction\",\"name\":\"Comment\",\"target\":[\"https:\/\/brasilnoticias.org\/site\/pf-descobre-que-seguranca-de-lula-participava-de-grupo-golpista-no-whatsapp\/#respond\"]}]},{\"@type\":\"WebPage\",\"@id\":\"https:\/\/brasilnoticias.org\/site\/pf-descobre-que-seguranca-de-lula-participava-de-grupo-golpista-no-whatsapp\/\",\"url\":\"https:\/\/brasilnoticias.org\/site\/pf-descobre-que-seguranca-de-lula-participava-de-grupo-golpista-no-whatsapp\/\",\"name\":\"PF descobre que seguran\u00e7a de Lula participava de grupo golpista no Whatsapp - Brasil not\u00edcias\",\"isPartOf\":{\"@id\":\"https:\/\/brasilnoticias.org\/site\/#website\"},\"primaryImageOfPage\":{\"@id\":\"https:\/\/brasilnoticias.org\/site\/pf-descobre-que-seguranca-de-lula-participava-de-grupo-golpista-no-whatsapp\/#primaryimage\"},\"image\":{\"@id\":\"https:\/\/brasilnoticias.org\/site\/pf-descobre-que-seguranca-de-lula-participava-de-grupo-golpista-no-whatsapp\/#primaryimage\"},\"thumbnailUrl\":\"https:\/\/brasilnoticias.org\/site\/wp-content\/uploads\/2023\/08\/140271pf-descobre-que-seguranca-de-lula-participava-de-grupo-golpista-no-whatsapp-3.jpg\",\"datePublished\":\"2023-08-26T01:25:56+00:00\",\"breadcrumb\":{\"@id\":\"https:\/\/brasilnoticias.org\/site\/pf-descobre-que-seguranca-de-lula-participava-de-grupo-golpista-no-whatsapp\/#breadcrumb\"},\"inLanguage\":\"pt-PT\",\"potentialAction\":[{\"@type\":\"ReadAction\",\"target\":[\"https:\/\/brasilnoticias.org\/site\/pf-descobre-que-seguranca-de-lula-participava-de-grupo-golpista-no-whatsapp\/\"]}]},{\"@type\":\"ImageObject\",\"inLanguage\":\"pt-PT\",\"@id\":\"https:\/\/brasilnoticias.org\/site\/pf-descobre-que-seguranca-de-lula-participava-de-grupo-golpista-no-whatsapp\/#primaryimage\",\"url\":\"https:\/\/brasilnoticias.org\/site\/wp-content\/uploads\/2023\/08\/140271pf-descobre-que-seguranca-de-lula-participava-de-grupo-golpista-no-whatsapp-3.jpg\",\"contentUrl\":\"https:\/\/brasilnoticias.org\/site\/wp-content\/uploads\/2023\/08\/140271pf-descobre-que-seguranca-de-lula-participava-de-grupo-golpista-no-whatsapp-3.jpg\",\"width\":1600,\"height\":752},{\"@type\":\"BreadcrumbList\",\"@id\":\"https:\/\/brasilnoticias.org\/site\/pf-descobre-que-seguranca-de-lula-participava-de-grupo-golpista-no-whatsapp\/#breadcrumb\",\"itemListElement\":[{\"@type\":\"ListItem\",\"position\":1,\"name\":\"In\u00edcio\",\"item\":\"https:\/\/brasilnoticias.org\/site\/\"},{\"@type\":\"ListItem\",\"position\":2,\"name\":\"PF descobre que seguran\u00e7a de Lula participava de grupo golpista no Whatsapp\"}]},{\"@type\":\"WebSite\",\"@id\":\"https:\/\/brasilnoticias.org\/site\/#website\",\"url\":\"https:\/\/brasilnoticias.org\/site\/\",\"name\":\"Brasil not\u00edcias\",\"description\":\"Brasil not\u00edcias\",\"publisher\":{\"@id\":\"https:\/\/brasilnoticias.org\/site\/#organization\"},\"potentialAction\":[{\"@type\":\"SearchAction\",\"target\":{\"@type\":\"EntryPoint\",\"urlTemplate\":\"https:\/\/brasilnoticias.org\/site\/?s={search_term_string}\"},\"query-input\":{\"@type\":\"PropertyValueSpecification\",\"valueRequired\":true,\"valueName\":\"search_term_string\"}}],\"inLanguage\":\"pt-PT\"},{\"@type\":\"Organization\",\"@id\":\"https:\/\/brasilnoticias.org\/site\/#organization\",\"name\":\"Brasil not\u00edcias\",\"url\":\"https:\/\/brasilnoticias.org\/site\/\",\"logo\":{\"@type\":\"ImageObject\",\"inLanguage\":\"pt-PT\",\"@id\":\"https:\/\/brasilnoticias.org\/site\/#\/schema\/logo\/image\/\",\"url\":\"https:\/\/brasilnoticias.org\/site\/wp-content\/uploads\/2022\/05\/cropped-brasilnoticias-mini.jpg\",\"contentUrl\":\"https:\/\/brasilnoticias.org\/site\/wp-content\/uploads\/2022\/05\/cropped-brasilnoticias-mini.jpg\",\"width\":314,\"height\":86,\"caption\":\"Brasil not\u00edcias\"},\"image\":{\"@id\":\"https:\/\/brasilnoticias.org\/site\/#\/schema\/logo\/image\/\"}},{\"@type\":\"Person\",\"@id\":\"https:\/\/brasilnoticias.org\/site\/#\/schema\/person\/03bbbfe6c7634ad18c26444ea39049fa\",\"name\":\"Reda\u00e7\u00e3o\",\"image\":{\"@type\":\"ImageObject\",\"inLanguage\":\"pt-PT\",\"@id\":\"https:\/\/brasilnoticias.org\/site\/#\/schema\/person\/image\/\",\"url\":\"https:\/\/secure.gravatar.com\/avatar\/9ecaf7327a696cb23ad926fedded5f1f04d7049de9e445375d55b48c001a6e42?s=96&d=mm&r=g\",\"contentUrl\":\"https:\/\/secure.gravatar.com\/avatar\/9ecaf7327a696cb23ad926fedded5f1f04d7049de9e445375d55b48c001a6e42?s=96&d=mm&r=g\",\"caption\":\"Reda\u00e7\u00e3o\"},\"url\":\"https:\/\/brasilnoticias.org\/site\/author\/henrique\/\"}]}<\/script>\n<!-- \/ Yoast SEO plugin. -->","yoast_head_json":{"title":"PF descobre que seguran\u00e7a de Lula participava de grupo golpista no Whatsapp - Brasil not\u00edcias","robots":{"index":"index","follow":"follow","max-snippet":"max-snippet:-1","max-image-preview":"max-image-preview:large","max-video-preview":"max-video-preview:-1"},"canonical":"https:\/\/brasilnoticias.org\/site\/pf-descobre-que-seguranca-de-lula-participava-de-grupo-golpista-no-whatsapp\/","og_locale":"pt_PT","og_type":"article","og_title":"PF descobre que seguran\u00e7a de Lula participava de grupo golpista no Whatsapp - Brasil not\u00edcias","og_description":"O tenente coronel Andr\u00e9 Luis Cruz Correia j\u00e1 acompanhou o presidente Luiz In\u00e1cio Lula da Silva (PT) em viagens ao","og_url":"https:\/\/brasilnoticias.org\/site\/pf-descobre-que-seguranca-de-lula-participava-de-grupo-golpista-no-whatsapp\/","og_site_name":"Brasil not\u00edcias","article_published_time":"2023-08-26T01:25:56+00:00","og_image":[{"width":1600,"height":752,"url":"https:\/\/brasilnoticias.org\/site\/wp-content\/uploads\/2023\/08\/140271pf-descobre-que-seguranca-de-lula-participava-de-grupo-golpista-no-whatsapp-3.jpg","type":"image\/jpeg"}],"author":"Reda\u00e7\u00e3o","twitter_card":"summary_large_image","twitter_misc":{"Escrito por":"Reda\u00e7\u00e3o"},"schema":{"@context":"https:\/\/schema.org","@graph":[{"@type":"Article","@id":"https:\/\/brasilnoticias.org\/site\/pf-descobre-que-seguranca-de-lula-participava-de-grupo-golpista-no-whatsapp\/#article","isPartOf":{"@id":"https:\/\/brasilnoticias.org\/site\/pf-descobre-que-seguranca-de-lula-participava-de-grupo-golpista-no-whatsapp\/"},"author":{"name":"Reda\u00e7\u00e3o","@id":"https:\/\/brasilnoticias.org\/site\/#\/schema\/person\/03bbbfe6c7634ad18c26444ea39049fa"},"headline":"PF descobre que seguran\u00e7a de Lula participava de grupo golpista no Whatsapp","datePublished":"2023-08-26T01:25:56+00:00","mainEntityOfPage":{"@id":"https:\/\/brasilnoticias.org\/site\/pf-descobre-que-seguranca-de-lula-participava-de-grupo-golpista-no-whatsapp\/"},"wordCount":217,"commentCount":0,"publisher":{"@id":"https:\/\/brasilnoticias.org\/site\/#organization"},"image":{"@id":"https:\/\/brasilnoticias.org\/site\/pf-descobre-que-seguranca-de-lula-participava-de-grupo-golpista-no-whatsapp\/#primaryimage"},"thumbnailUrl":"https:\/\/brasilnoticias.org\/site\/wp-content\/uploads\/2023\/08\/140271pf-descobre-que-seguranca-de-lula-participava-de-grupo-golpista-no-whatsapp-3.jpg","articleSection":["Pol\u00edtica","\u00daltimas"],"inLanguage":"pt-PT","potentialAction":[{"@type":"CommentAction","name":"Comment","target":["https:\/\/brasilnoticias.org\/site\/pf-descobre-que-seguranca-de-lula-participava-de-grupo-golpista-no-whatsapp\/#respond"]}]},{"@type":"WebPage","@id":"https:\/\/brasilnoticias.org\/site\/pf-descobre-que-seguranca-de-lula-participava-de-grupo-golpista-no-whatsapp\/","url":"https:\/\/brasilnoticias.org\/site\/pf-descobre-que-seguranca-de-lula-participava-de-grupo-golpista-no-whatsapp\/","name":"PF descobre que seguran\u00e7a de Lula participava de grupo golpista no Whatsapp - Brasil not\u00edcias","isPartOf":{"@id":"https:\/\/brasilnoticias.org\/site\/#website"},"primaryImageOfPage":{"@id":"https:\/\/brasilnoticias.org\/site\/pf-descobre-que-seguranca-de-lula-participava-de-grupo-golpista-no-whatsapp\/#primaryimage"},"image":{"@id":"https:\/\/brasilnoticias.org\/site\/pf-descobre-que-seguranca-de-lula-participava-de-grupo-golpista-no-whatsapp\/#primaryimage"},"thumbnailUrl":"https:\/\/brasilnoticias.org\/site\/wp-content\/uploads\/2023\/08\/140271pf-descobre-que-seguranca-de-lula-participava-de-grupo-golpista-no-whatsapp-3.jpg","datePublished":"2023-08-26T01:25:56+00:00","breadcrumb":{"@id":"https:\/\/brasilnoticias.org\/site\/pf-descobre-que-seguranca-de-lula-participava-de-grupo-golpista-no-whatsapp\/#breadcrumb"},"inLanguage":"pt-PT","potentialAction":[{"@type":"ReadAction","target":["https:\/\/brasilnoticias.org\/site\/pf-descobre-que-seguranca-de-lula-participava-de-grupo-golpista-no-whatsapp\/"]}]},{"@type":"ImageObject","inLanguage":"pt-PT","@id":"https:\/\/brasilnoticias.org\/site\/pf-descobre-que-seguranca-de-lula-participava-de-grupo-golpista-no-whatsapp\/#primaryimage","url":"https:\/\/brasilnoticias.org\/site\/wp-content\/uploads\/2023\/08\/140271pf-descobre-que-seguranca-de-lula-participava-de-grupo-golpista-no-whatsapp-3.jpg","contentUrl":"https:\/\/brasilnoticias.org\/site\/wp-content\/uploads\/2023\/08\/140271pf-descobre-que-seguranca-de-lula-participava-de-grupo-golpista-no-whatsapp-3.jpg","width":1600,"height":752},{"@type":"BreadcrumbList","@id":"https:\/\/brasilnoticias.org\/site\/pf-descobre-que-seguranca-de-lula-participava-de-grupo-golpista-no-whatsapp\/#breadcrumb","itemListElement":[{"@type":"ListItem","position":1,"name":"In\u00edcio","item":"https:\/\/brasilnoticias.org\/site\/"},{"@type":"ListItem","position":2,"name":"PF descobre que seguran\u00e7a de Lula participava de grupo golpista no Whatsapp"}]},{"@type":"WebSite","@id":"https:\/\/brasilnoticias.org\/site\/#website","url":"https:\/\/brasilnoticias.org\/site\/","name":"Brasil not\u00edcias","description":"Brasil not\u00edcias","publisher":{"@id":"https:\/\/brasilnoticias.org\/site\/#organization"},"potentialAction":[{"@type":"SearchAction","target":{"@type":"EntryPoint","urlTemplate":"https:\/\/brasilnoticias.org\/site\/?s={search_term_string}"},"query-input":{"@type":"PropertyValueSpecification","valueRequired":true,"valueName":"search_term_string"}}],"inLanguage":"pt-PT"},{"@type":"Organization","@id":"https:\/\/brasilnoticias.org\/site\/#organization","name":"Brasil not\u00edcias","url":"https:\/\/brasilnoticias.org\/site\/","logo":{"@type":"ImageObject","inLanguage":"pt-PT","@id":"https:\/\/brasilnoticias.org\/site\/#\/schema\/logo\/image\/","url":"https:\/\/brasilnoticias.org\/site\/wp-content\/uploads\/2022\/05\/cropped-brasilnoticias-mini.jpg","contentUrl":"https:\/\/brasilnoticias.org\/site\/wp-content\/uploads\/2022\/05\/cropped-brasilnoticias-mini.jpg","width":314,"height":86,"caption":"Brasil not\u00edcias"},"image":{"@id":"https:\/\/brasilnoticias.org\/site\/#\/schema\/logo\/image\/"}},{"@type":"Person","@id":"https:\/\/brasilnoticias.org\/site\/#\/schema\/person\/03bbbfe6c7634ad18c26444ea39049fa","name":"Reda\u00e7\u00e3o","image":{"@type":"ImageObject","inLanguage":"pt-PT","@id":"https:\/\/brasilnoticias.org\/site\/#\/schema\/person\/image\/","url":"https:\/\/secure.gravatar.com\/avatar\/9ecaf7327a696cb23ad926fedded5f1f04d7049de9e445375d55b48c001a6e42?s=96&d=mm&r=g","contentUrl":"https:\/\/secure.gravatar.com\/avatar\/9ecaf7327a696cb23ad926fedded5f1f04d7049de9e445375d55b48c001a6e42?s=96&d=mm&r=g","caption":"Reda\u00e7\u00e3o"},"url":"https:\/\/brasilnoticias.org\/site\/author\/henrique\/"}]}},"_links":{"self":[{"href":"https:\/\/brasilnoticias.org\/site\/wp-json\/wp\/v2\/posts\/8615","targetHints":{"allow":["GET"]}}],"collection":[{"href":"https:\/\/brasilnoticias.org\/site\/wp-json\/wp\/v2\/posts"}],"about":[{"href":"https:\/\/brasilnoticias.org\/site\/wp-json\/wp\/v2\/types\/post"}],"author":[{"embeddable":true,"href":"https:\/\/brasilnoticias.org\/site\/wp-json\/wp\/v2\/users\/4"}],"replies":[{"embeddable":true,"href":"https:\/\/brasilnoticias.org\/site\/wp-json\/wp\/v2\/comments?post=8615"}],"version-history":[{"count":1,"href":"https:\/\/brasilnoticias.org\/site\/wp-json\/wp\/v2\/posts\/8615\/revisions"}],"predecessor-version":[{"id":8617,"href":"https:\/\/brasilnoticias.org\/site\/wp-json\/wp\/v2\/posts\/8615\/revisions\/8617"}],"wp:featuredmedia":[{"embeddable":true,"href":"https:\/\/brasilnoticias.org\/site\/wp-json\/wp\/v2\/media\/8616"}],"wp:attachment":[{"href":"https:\/\/brasilnoticias.org\/site\/wp-json\/wp\/v2\/media?parent=8615"}],"wp:term":[{"taxonomy":"category","embeddable":true,"href":"https:\/\/brasilnoticias.org\/site\/wp-json\/wp\/v2\/categories?post=8615"},{"taxonomy":"post_tag","embeddable":true,"href":"https:\/\/brasilnoticias.org\/site\/wp-json\/wp\/v2\/tags?post=8615"}],"curies":[{"name":"wp","href":"https:\/\/api.w.org\/{rel}","templated":true}]}}