{"id":862,"date":"2022-06-12T11:14:24","date_gmt":"2022-06-12T14:14:24","guid":{"rendered":"https:\/\/brasilnoticias.org\/site\/?p=862"},"modified":"2022-06-12T11:14:24","modified_gmt":"2022-06-12T14:14:24","slug":"cidade-brasileira-registra-temperatura-negativa-na-ultima-madrugada","status":"publish","type":"post","link":"https:\/\/brasilnoticias.org\/site\/cidade-brasileira-registra-temperatura-negativa-na-ultima-madrugada\/","title":{"rendered":"Cidade brasileira registra temperatura negativa na \u00faltima madrugada"},"content":{"rendered":"<p>A cidade de General Carneiro, no Paran\u00e1, registrou a temperatura negativa de -3,9\u00b0 na madrugada deste domingo (12). Diversas outras cidades da regi\u00e3o Sul do pa\u00eds registraram temperaturas baixas, inclusive negativas, no dia de hoje devido a uma massa de ar polar registrada pelo Sistema de Tecnologia e Monitoramento Ambiental do Paran\u00e1 (Simepar).<\/p>\n<p>De acordo com os meteorologistas, 44 esta\u00e7\u00f5es meteorol\u00f3gicas registraram as temperaturas mais frias do ano. Mais nove cidades registaram temperaturas negativas, s\u00e3o elas: Palmas (-2,6\u00b0C), Guarapuava (-2,5\u00b0C), Pinh\u00e3o (-1,5\u00b0C), Ponta Grossa (-0,9\u00b0C), Lapa (-0,2\u00b0C), Francisco Beltr\u00e3o (-0,1\u00b0C), Cascavel (-0,1\u00b0C), Pinh\u00e3o (-0,6\u00b0) e Pato Branco (-0,6\u00b0).<\/p>\n<p>A capital do Paran\u00e1, Curitiba, amanheceu com os term\u00f4metros marcando 2,8\u00b0C.<\/p>\n<p>A aus\u00eancia de vento tamb\u00e9m favoreceu a forma\u00e7\u00e3o de geadas. De acordo com o Simepar a previs\u00e3o \u00e9 que o frio intenso e as baixas temperaturas se prolonguem at\u00e9 o in\u00edcio desta semana. A possibilidade de geada na pr\u00f3xima segunda-feira (13) \u00e9 grande.<\/p>\n<p>&nbsp;<\/p>\n<p>&nbsp;<\/p>\n<p>&nbsp;<\/p>\n<p>Bnews<\/p>\n","protected":false},"excerpt":{"rendered":"<p>A cidade de General Carneiro, no Paran\u00e1, registrou a temperatura negativa de -3,9\u00b0 na madrugada deste domingo (12). Diversas outras<\/p>\n","protected":false},"author":2,"featured_media":863,"comment_status":"open","ping_status":"open","sticky":false,"template":"","format":"standard","meta":{"colormag_page_container_layout":"default_layout","colormag_page_sidebar_layout":"default_layout","_FSMCFIC_featured_image_caption":"","_FSMCFIC_featured_image_nocaption":"","_FSMCFIC_featured_image_hide":"","footnotes":""},"categories":[2,1],"tags":[],"class_list":["post-862","post","type-post","status-publish","format-standard","has-post-thumbnail","hentry","category-noticias","category-ultimas"],"yoast_head":"<!-- This site is optimized with the Yoast SEO plugin v27.1.1 - https:\/\/yoast.com\/product\/yoast-seo-wordpress\/ -->\n<title>Cidade brasileira registra temperatura negativa na \u00faltima madrugada - Brasil not\u00edcias<\/title>\n<meta name=\"robots\" content=\"index, follow, max-snippet:-1, max-image-preview:large, max-video-preview:-1\" \/>\n<link rel=\"canonical\" href=\"https:\/\/brasilnoticias.org\/site\/cidade-brasileira-registra-temperatura-negativa-na-ultima-madrugada\/\" \/>\n<meta property=\"og:locale\" content=\"pt_PT\" \/>\n<meta property=\"og:type\" content=\"article\" \/>\n<meta property=\"og:title\" content=\"Cidade brasileira registra temperatura negativa na \u00faltima madrugada - Brasil not\u00edcias\" \/>\n<meta property=\"og:description\" content=\"A cidade de General Carneiro, no Paran\u00e1, registrou a temperatura negativa de -3,9\u00b0 na madrugada deste domingo (12). Diversas outras\" \/>\n<meta property=\"og:url\" content=\"https:\/\/brasilnoticias.org\/site\/cidade-brasileira-registra-temperatura-negativa-na-ultima-madrugada\/\" \/>\n<meta property=\"og:site_name\" content=\"Brasil not\u00edcias\" \/>\n<meta property=\"article:published_time\" content=\"2022-06-12T14:14:24+00:00\" \/>\n<meta property=\"og:image\" content=\"https:\/\/brasilnoticias.org\/site\/wp-content\/uploads\/2022\/06\/49968398347_b6b879dc32_o_widelg.jpg\" \/>\n\t<meta property=\"og:image:width\" content=\"800\" \/>\n\t<meta property=\"og:image:height\" content=\"450\" \/>\n\t<meta property=\"og:image:type\" content=\"image\/jpeg\" \/>\n<meta name=\"author\" content=\"Reda\u00e7\u00e3o\" \/>\n<meta name=\"twitter:card\" content=\"summary_large_image\" \/>\n<meta name=\"twitter:label1\" content=\"Escrito por\" \/>\n\t<meta name=\"twitter:data1\" content=\"Reda\u00e7\u00e3o\" \/>\n\t<meta name=\"twitter:label2\" content=\"Tempo estimado de leitura\" \/>\n\t<meta name=\"twitter:data2\" content=\"1 minuto\" \/>\n<script type=\"application\/ld+json\" class=\"yoast-schema-graph\">{\"@context\":\"https:\/\/schema.org\",\"@graph\":[{\"@type\":\"Article\",\"@id\":\"https:\/\/brasilnoticias.org\/site\/cidade-brasileira-registra-temperatura-negativa-na-ultima-madrugada\/#article\",\"isPartOf\":{\"@id\":\"https:\/\/brasilnoticias.org\/site\/cidade-brasileira-registra-temperatura-negativa-na-ultima-madrugada\/\"},\"author\":{\"name\":\"Reda\u00e7\u00e3o\",\"@id\":\"https:\/\/brasilnoticias.org\/site\/#\/schema\/person\/f609fa847b5314f1c8b983342f34c798\"},\"headline\":\"Cidade brasileira registra temperatura negativa na \u00faltima madrugada\",\"datePublished\":\"2022-06-12T14:14:24+00:00\",\"mainEntityOfPage\":{\"@id\":\"https:\/\/brasilnoticias.org\/site\/cidade-brasileira-registra-temperatura-negativa-na-ultima-madrugada\/\"},\"wordCount\":181,\"commentCount\":0,\"publisher\":{\"@id\":\"https:\/\/brasilnoticias.org\/site\/#organization\"},\"image\":{\"@id\":\"https:\/\/brasilnoticias.org\/site\/cidade-brasileira-registra-temperatura-negativa-na-ultima-madrugada\/#primaryimage\"},\"thumbnailUrl\":\"https:\/\/brasilnoticias.org\/site\/wp-content\/uploads\/2022\/06\/49968398347_b6b879dc32_o_widelg.jpg\",\"articleSection\":[\"Not\u00edcias\",\"\u00daltimas\"],\"inLanguage\":\"pt-PT\",\"potentialAction\":[{\"@type\":\"CommentAction\",\"name\":\"Comment\",\"target\":[\"https:\/\/brasilnoticias.org\/site\/cidade-brasileira-registra-temperatura-negativa-na-ultima-madrugada\/#respond\"]}]},{\"@type\":\"WebPage\",\"@id\":\"https:\/\/brasilnoticias.org\/site\/cidade-brasileira-registra-temperatura-negativa-na-ultima-madrugada\/\",\"url\":\"https:\/\/brasilnoticias.org\/site\/cidade-brasileira-registra-temperatura-negativa-na-ultima-madrugada\/\",\"name\":\"Cidade brasileira registra temperatura negativa na \u00faltima madrugada - Brasil not\u00edcias\",\"isPartOf\":{\"@id\":\"https:\/\/brasilnoticias.org\/site\/#website\"},\"primaryImageOfPage\":{\"@id\":\"https:\/\/brasilnoticias.org\/site\/cidade-brasileira-registra-temperatura-negativa-na-ultima-madrugada\/#primaryimage\"},\"image\":{\"@id\":\"https:\/\/brasilnoticias.org\/site\/cidade-brasileira-registra-temperatura-negativa-na-ultima-madrugada\/#primaryimage\"},\"thumbnailUrl\":\"https:\/\/brasilnoticias.org\/site\/wp-content\/uploads\/2022\/06\/49968398347_b6b879dc32_o_widelg.jpg\",\"datePublished\":\"2022-06-12T14:14:24+00:00\",\"breadcrumb\":{\"@id\":\"https:\/\/brasilnoticias.org\/site\/cidade-brasileira-registra-temperatura-negativa-na-ultima-madrugada\/#breadcrumb\"},\"inLanguage\":\"pt-PT\",\"potentialAction\":[{\"@type\":\"ReadAction\",\"target\":[\"https:\/\/brasilnoticias.org\/site\/cidade-brasileira-registra-temperatura-negativa-na-ultima-madrugada\/\"]}]},{\"@type\":\"ImageObject\",\"inLanguage\":\"pt-PT\",\"@id\":\"https:\/\/brasilnoticias.org\/site\/cidade-brasileira-registra-temperatura-negativa-na-ultima-madrugada\/#primaryimage\",\"url\":\"https:\/\/brasilnoticias.org\/site\/wp-content\/uploads\/2022\/06\/49968398347_b6b879dc32_o_widelg.jpg\",\"contentUrl\":\"https:\/\/brasilnoticias.org\/site\/wp-content\/uploads\/2022\/06\/49968398347_b6b879dc32_o_widelg.jpg\",\"width\":800,\"height\":450},{\"@type\":\"BreadcrumbList\",\"@id\":\"https:\/\/brasilnoticias.org\/site\/cidade-brasileira-registra-temperatura-negativa-na-ultima-madrugada\/#breadcrumb\",\"itemListElement\":[{\"@type\":\"ListItem\",\"position\":1,\"name\":\"In\u00edcio\",\"item\":\"https:\/\/brasilnoticias.org\/site\/\"},{\"@type\":\"ListItem\",\"position\":2,\"name\":\"Cidade brasileira registra temperatura negativa na \u00faltima madrugada\"}]},{\"@type\":\"WebSite\",\"@id\":\"https:\/\/brasilnoticias.org\/site\/#website\",\"url\":\"https:\/\/brasilnoticias.org\/site\/\",\"name\":\"Brasil not\u00edcias\",\"description\":\"Brasil not\u00edcias\",\"publisher\":{\"@id\":\"https:\/\/brasilnoticias.org\/site\/#organization\"},\"potentialAction\":[{\"@type\":\"SearchAction\",\"target\":{\"@type\":\"EntryPoint\",\"urlTemplate\":\"https:\/\/brasilnoticias.org\/site\/?s={search_term_string}\"},\"query-input\":{\"@type\":\"PropertyValueSpecification\",\"valueRequired\":true,\"valueName\":\"search_term_string\"}}],\"inLanguage\":\"pt-PT\"},{\"@type\":\"Organization\",\"@id\":\"https:\/\/brasilnoticias.org\/site\/#organization\",\"name\":\"Brasil not\u00edcias\",\"url\":\"https:\/\/brasilnoticias.org\/site\/\",\"logo\":{\"@type\":\"ImageObject\",\"inLanguage\":\"pt-PT\",\"@id\":\"https:\/\/brasilnoticias.org\/site\/#\/schema\/logo\/image\/\",\"url\":\"https:\/\/brasilnoticias.org\/site\/wp-content\/uploads\/2022\/05\/cropped-brasilnoticias-mini.jpg\",\"contentUrl\":\"https:\/\/brasilnoticias.org\/site\/wp-content\/uploads\/2022\/05\/cropped-brasilnoticias-mini.jpg\",\"width\":314,\"height\":86,\"caption\":\"Brasil not\u00edcias\"},\"image\":{\"@id\":\"https:\/\/brasilnoticias.org\/site\/#\/schema\/logo\/image\/\"}},{\"@type\":\"Person\",\"@id\":\"https:\/\/brasilnoticias.org\/site\/#\/schema\/person\/f609fa847b5314f1c8b983342f34c798\",\"name\":\"Reda\u00e7\u00e3o\",\"image\":{\"@type\":\"ImageObject\",\"inLanguage\":\"pt-PT\",\"@id\":\"https:\/\/brasilnoticias.org\/site\/#\/schema\/person\/image\/\",\"url\":\"https:\/\/secure.gravatar.com\/avatar\/447284c06c1ad8b46465a36de9cd0d8326b73387a22799b8b1ffb1fbcff2ed0c?s=96&d=mm&r=g\",\"contentUrl\":\"https:\/\/secure.gravatar.com\/avatar\/447284c06c1ad8b46465a36de9cd0d8326b73387a22799b8b1ffb1fbcff2ed0c?s=96&d=mm&r=g\",\"caption\":\"Reda\u00e7\u00e3o\"},\"url\":\"https:\/\/brasilnoticias.org\/site\/author\/redacao\/\"}]}<\/script>\n<!-- \/ Yoast SEO plugin. -->","yoast_head_json":{"title":"Cidade brasileira registra temperatura negativa na \u00faltima madrugada - Brasil not\u00edcias","robots":{"index":"index","follow":"follow","max-snippet":"max-snippet:-1","max-image-preview":"max-image-preview:large","max-video-preview":"max-video-preview:-1"},"canonical":"https:\/\/brasilnoticias.org\/site\/cidade-brasileira-registra-temperatura-negativa-na-ultima-madrugada\/","og_locale":"pt_PT","og_type":"article","og_title":"Cidade brasileira registra temperatura negativa na \u00faltima madrugada - Brasil not\u00edcias","og_description":"A cidade de General Carneiro, no Paran\u00e1, registrou a temperatura negativa de -3,9\u00b0 na madrugada deste domingo (12). Diversas outras","og_url":"https:\/\/brasilnoticias.org\/site\/cidade-brasileira-registra-temperatura-negativa-na-ultima-madrugada\/","og_site_name":"Brasil not\u00edcias","article_published_time":"2022-06-12T14:14:24+00:00","og_image":[{"width":800,"height":450,"url":"https:\/\/brasilnoticias.org\/site\/wp-content\/uploads\/2022\/06\/49968398347_b6b879dc32_o_widelg.jpg","type":"image\/jpeg"}],"author":"Reda\u00e7\u00e3o","twitter_card":"summary_large_image","twitter_misc":{"Escrito por":"Reda\u00e7\u00e3o","Tempo estimado de leitura":"1 minuto"},"schema":{"@context":"https:\/\/schema.org","@graph":[{"@type":"Article","@id":"https:\/\/brasilnoticias.org\/site\/cidade-brasileira-registra-temperatura-negativa-na-ultima-madrugada\/#article","isPartOf":{"@id":"https:\/\/brasilnoticias.org\/site\/cidade-brasileira-registra-temperatura-negativa-na-ultima-madrugada\/"},"author":{"name":"Reda\u00e7\u00e3o","@id":"https:\/\/brasilnoticias.org\/site\/#\/schema\/person\/f609fa847b5314f1c8b983342f34c798"},"headline":"Cidade brasileira registra temperatura negativa na \u00faltima madrugada","datePublished":"2022-06-12T14:14:24+00:00","mainEntityOfPage":{"@id":"https:\/\/brasilnoticias.org\/site\/cidade-brasileira-registra-temperatura-negativa-na-ultima-madrugada\/"},"wordCount":181,"commentCount":0,"publisher":{"@id":"https:\/\/brasilnoticias.org\/site\/#organization"},"image":{"@id":"https:\/\/brasilnoticias.org\/site\/cidade-brasileira-registra-temperatura-negativa-na-ultima-madrugada\/#primaryimage"},"thumbnailUrl":"https:\/\/brasilnoticias.org\/site\/wp-content\/uploads\/2022\/06\/49968398347_b6b879dc32_o_widelg.jpg","articleSection":["Not\u00edcias","\u00daltimas"],"inLanguage":"pt-PT","potentialAction":[{"@type":"CommentAction","name":"Comment","target":["https:\/\/brasilnoticias.org\/site\/cidade-brasileira-registra-temperatura-negativa-na-ultima-madrugada\/#respond"]}]},{"@type":"WebPage","@id":"https:\/\/brasilnoticias.org\/site\/cidade-brasileira-registra-temperatura-negativa-na-ultima-madrugada\/","url":"https:\/\/brasilnoticias.org\/site\/cidade-brasileira-registra-temperatura-negativa-na-ultima-madrugada\/","name":"Cidade brasileira registra temperatura negativa na \u00faltima madrugada - Brasil not\u00edcias","isPartOf":{"@id":"https:\/\/brasilnoticias.org\/site\/#website"},"primaryImageOfPage":{"@id":"https:\/\/brasilnoticias.org\/site\/cidade-brasileira-registra-temperatura-negativa-na-ultima-madrugada\/#primaryimage"},"image":{"@id":"https:\/\/brasilnoticias.org\/site\/cidade-brasileira-registra-temperatura-negativa-na-ultima-madrugada\/#primaryimage"},"thumbnailUrl":"https:\/\/brasilnoticias.org\/site\/wp-content\/uploads\/2022\/06\/49968398347_b6b879dc32_o_widelg.jpg","datePublished":"2022-06-12T14:14:24+00:00","breadcrumb":{"@id":"https:\/\/brasilnoticias.org\/site\/cidade-brasileira-registra-temperatura-negativa-na-ultima-madrugada\/#breadcrumb"},"inLanguage":"pt-PT","potentialAction":[{"@type":"ReadAction","target":["https:\/\/brasilnoticias.org\/site\/cidade-brasileira-registra-temperatura-negativa-na-ultima-madrugada\/"]}]},{"@type":"ImageObject","inLanguage":"pt-PT","@id":"https:\/\/brasilnoticias.org\/site\/cidade-brasileira-registra-temperatura-negativa-na-ultima-madrugada\/#primaryimage","url":"https:\/\/brasilnoticias.org\/site\/wp-content\/uploads\/2022\/06\/49968398347_b6b879dc32_o_widelg.jpg","contentUrl":"https:\/\/brasilnoticias.org\/site\/wp-content\/uploads\/2022\/06\/49968398347_b6b879dc32_o_widelg.jpg","width":800,"height":450},{"@type":"BreadcrumbList","@id":"https:\/\/brasilnoticias.org\/site\/cidade-brasileira-registra-temperatura-negativa-na-ultima-madrugada\/#breadcrumb","itemListElement":[{"@type":"ListItem","position":1,"name":"In\u00edcio","item":"https:\/\/brasilnoticias.org\/site\/"},{"@type":"ListItem","position":2,"name":"Cidade brasileira registra temperatura negativa na \u00faltima madrugada"}]},{"@type":"WebSite","@id":"https:\/\/brasilnoticias.org\/site\/#website","url":"https:\/\/brasilnoticias.org\/site\/","name":"Brasil not\u00edcias","description":"Brasil not\u00edcias","publisher":{"@id":"https:\/\/brasilnoticias.org\/site\/#organization"},"potentialAction":[{"@type":"SearchAction","target":{"@type":"EntryPoint","urlTemplate":"https:\/\/brasilnoticias.org\/site\/?s={search_term_string}"},"query-input":{"@type":"PropertyValueSpecification","valueRequired":true,"valueName":"search_term_string"}}],"inLanguage":"pt-PT"},{"@type":"Organization","@id":"https:\/\/brasilnoticias.org\/site\/#organization","name":"Brasil not\u00edcias","url":"https:\/\/brasilnoticias.org\/site\/","logo":{"@type":"ImageObject","inLanguage":"pt-PT","@id":"https:\/\/brasilnoticias.org\/site\/#\/schema\/logo\/image\/","url":"https:\/\/brasilnoticias.org\/site\/wp-content\/uploads\/2022\/05\/cropped-brasilnoticias-mini.jpg","contentUrl":"https:\/\/brasilnoticias.org\/site\/wp-content\/uploads\/2022\/05\/cropped-brasilnoticias-mini.jpg","width":314,"height":86,"caption":"Brasil not\u00edcias"},"image":{"@id":"https:\/\/brasilnoticias.org\/site\/#\/schema\/logo\/image\/"}},{"@type":"Person","@id":"https:\/\/brasilnoticias.org\/site\/#\/schema\/person\/f609fa847b5314f1c8b983342f34c798","name":"Reda\u00e7\u00e3o","image":{"@type":"ImageObject","inLanguage":"pt-PT","@id":"https:\/\/brasilnoticias.org\/site\/#\/schema\/person\/image\/","url":"https:\/\/secure.gravatar.com\/avatar\/447284c06c1ad8b46465a36de9cd0d8326b73387a22799b8b1ffb1fbcff2ed0c?s=96&d=mm&r=g","contentUrl":"https:\/\/secure.gravatar.com\/avatar\/447284c06c1ad8b46465a36de9cd0d8326b73387a22799b8b1ffb1fbcff2ed0c?s=96&d=mm&r=g","caption":"Reda\u00e7\u00e3o"},"url":"https:\/\/brasilnoticias.org\/site\/author\/redacao\/"}]}},"_links":{"self":[{"href":"https:\/\/brasilnoticias.org\/site\/wp-json\/wp\/v2\/posts\/862","targetHints":{"allow":["GET"]}}],"collection":[{"href":"https:\/\/brasilnoticias.org\/site\/wp-json\/wp\/v2\/posts"}],"about":[{"href":"https:\/\/brasilnoticias.org\/site\/wp-json\/wp\/v2\/types\/post"}],"author":[{"embeddable":true,"href":"https:\/\/brasilnoticias.org\/site\/wp-json\/wp\/v2\/users\/2"}],"replies":[{"embeddable":true,"href":"https:\/\/brasilnoticias.org\/site\/wp-json\/wp\/v2\/comments?post=862"}],"version-history":[{"count":1,"href":"https:\/\/brasilnoticias.org\/site\/wp-json\/wp\/v2\/posts\/862\/revisions"}],"predecessor-version":[{"id":864,"href":"https:\/\/brasilnoticias.org\/site\/wp-json\/wp\/v2\/posts\/862\/revisions\/864"}],"wp:featuredmedia":[{"embeddable":true,"href":"https:\/\/brasilnoticias.org\/site\/wp-json\/wp\/v2\/media\/863"}],"wp:attachment":[{"href":"https:\/\/brasilnoticias.org\/site\/wp-json\/wp\/v2\/media?parent=862"}],"wp:term":[{"taxonomy":"category","embeddable":true,"href":"https:\/\/brasilnoticias.org\/site\/wp-json\/wp\/v2\/categories?post=862"},{"taxonomy":"post_tag","embeddable":true,"href":"https:\/\/brasilnoticias.org\/site\/wp-json\/wp\/v2\/tags?post=862"}],"curies":[{"name":"wp","href":"https:\/\/api.w.org\/{rel}","templated":true}]}}