{"id":8624,"date":"2023-08-25T22:30:13","date_gmt":"2023-08-26T01:30:13","guid":{"rendered":"https:\/\/brasilnoticias.org\/site\/?p=8624"},"modified":"2023-08-25T22:30:13","modified_gmt":"2023-08-26T01:30:13","slug":"crise-no-pt-baiano-dirigente-acusa-presidente-do-partido-de-perseguicao-entenda","status":"publish","type":"post","link":"https:\/\/brasilnoticias.org\/site\/crise-no-pt-baiano-dirigente-acusa-presidente-do-partido-de-perseguicao-entenda\/","title":{"rendered":"Crise no PT baiano: dirigente acusa presidente do partido de persegui\u00e7\u00e3o; entenda"},"content":{"rendered":"<p>Filipe Almada diz que, internamente, \u00c9den Valadares do PT tentou articular a expuls\u00e3o dele e de Brisa Moura do partido<\/p>\n<p>A crise institucional segue no PT da Bahia. Ap\u00f3s a confus\u00e3o na reuni\u00e3o territorial, no fim de julho, o secret\u00e1rio de Assuntos Institucionais da sigla, Filipe Almada, acusou o presidente do partido no estado, \u00c9den Valadares, de encabe\u00e7ar uma articula\u00e7\u00e3o para prejudicar e expulsar ele e a secret\u00e1ria de Mulheres da legenda Brisa Moura, sua aliada.<\/p>\n<p>Na \u00faltima segunda-feira (21\/8), a secret\u00e1ria nacional de Organiza\u00e7\u00e3o do PT, Sonia Braga (CE), negou provimento a um recurso impetrado por Brisa, e determinou que ela n\u00e3o pode ocupar o cargo na legenda e outro que exerce na Secretaria de Pol\u00edticas para as Mulheres (CPM), no governo Jer\u00f4nimo.<\/p>\n<p>\u201cEla \u00e9 da mesma tend\u00eancia de \u00c9den, que \u00e9 a CNB [Construindo Um Novo Brasil. O recurso de \u00c9den ao qual ela d\u00e1 parecer favor\u00e1vel foi mudado de dia de vota\u00e7\u00e3o, porque coincidia com a vinda de Gleisi [Hofmann, presidente nacional do partido] e eles n\u00e3o queriam que a gente fizesse barulho\u201d, afirmou, em entrevista ao Aratu On.<\/p>\n<p>Gleisi chegou a Salvador na \u00faltima quinta-feira (24\/8) para o encontro territorial do partido, nesta sexta-feira(25\/8), em Salvador. Segundo Almada, o recurso impetrado pelo grupo de \u00c9den ser\u00e1 votado na pr\u00f3xima semana, em data a ser definida.<\/p>\n<p>O pedido refere-se \u00e0 revoga\u00e7\u00e3o para que oito aliados de \u00c9den sejam retirados da executiva e do diret\u00f3rio estadual da legenda, ponto de inflex\u00e3o que gerou a crise interna no partido.<\/p>\n<p>O grupo de Brisa e Almada acusa os oito aliados de \u00c9den de ocuparem de forma irregular os postos dentro do partido. \u201cEles rasgam o estatuto\u201d, criticou o petista.<\/p>\n<p>Almada ainda diz que, internamente, o presidente estadual do PT tentou articular uma expuls\u00e3o dele e de Brisa do partido, mas n\u00e3o teria obtido maioria dos votos para que isto acontecesse.<\/p>\n<p>\u201cEle diz que n\u00e3o era expuls\u00e3o, que era apenas medidas disciplinares, mas chamou a reuni\u00e3o da executiva, n\u00e3o debateu o ponto de pauta\u201d, atacou.<\/p>\n<p>DECIS\u00c3O NACIONAL<br \/>\nNa delibera\u00e7\u00e3o, Sonia Braga considera que Brisa Muraocupa, no PT e no Poder Executivo, \u201ccargos de mesmo n\u00edvel\u201d. \u201cA nomenclatura do cargo de Coordenadora II n\u00e3o altera o fato de que se trata de um posto hier\u00e1rquico, que se enquadra nas veda\u00e7\u00f5es definidas pela Executiva Nacional\u201d, diz trecho do documento ao qual o Aratu On obteve acesso.<\/p>\n<p>\u201cA natureza t\u00e9cnica das fun\u00e7\u00f5es n\u00e3o \u00e9 relevante para a an\u00e1lise, frente \u00e0 posi\u00e7\u00e3o formal que a recorrente [Brisa Moura] ocupa na estrutura do governo\u201d, sustenta.<\/p>\n<p>A secret\u00e1ria de Organiza\u00e7\u00e3o, segundo Almada, teria se baseado em crit\u00e9rios aplicados de forma isolada no Cear\u00e1, estado no qual tem sua base eleitoral. \u201cEst\u00e1 enquadrando Brisa numa quest\u00e3o espec\u00edfica do estado dela\u201d, defendeu.<br \/>\nPara ele, a decis\u00e3o \u00e9 incorreta, pois a delibera\u00e7\u00e3o obre ocupa\u00e7\u00e3o de cargos similares no partido e Estado foi divulgada no final de julho \u2013 Brisa foi nomeada para o cargo no PT em janeiro, e para o governo, em mar\u00e7o.<\/p>\n<p>\u201cVoc\u00ea gosta de futebol, entra no jogo, e avisa da regra no segundo tempo? N\u00e3o d\u00e1. Entramos com o recurso. Usamos esses argumentos e tamb\u00e9m fomos conversando\u201d, concluiu.<\/p>\n<p>Internamente, segundo apura\u00e7\u00e3o do Aratu On, \u00c9den vem recha\u00e7ando as acusa\u00e7\u00f5es de Almada, classificando-as como \u201cfake news\u201d. Procurado, o dirigente n\u00e3o respondeu aos questionamento da reportagem.<\/p>\n<p>A sigla se manifestou por meio de uma nota assinada pelo secret\u00e1rio de Organiza\u00e7\u00e3o do partido no estado, Omar Galdino.<\/p>\n<p>\u201cO PT \u00e9 um partido nacional, democr\u00e1tico, transparente e que se organiza em total conformidade com as Leis e seu Estatuto. Todo e qualquer filiado e filiada pode acionar as inst\u00e2ncias do PT caso deseje para reivindicar seus direitos. Sobre a referida quest\u00e3o, a C\u00e2mara de recursos do Diret\u00f3rio Nacional do PT analisou os recursos pedidos e decidiu pelo n\u00e3o provimento, conforme decis\u00e3o anexa, dando por encerrado o caso\u201d, afirmou.<\/p>\n<p>Foto: arquivo pessoal e Kleyzer Guedes\/divulga\u00e7\u00e3o<br \/>\nAratu On<\/p>\n","protected":false},"excerpt":{"rendered":"<p>Filipe Almada diz que, internamente, \u00c9den Valadares do PT tentou articular a expuls\u00e3o dele e de Brisa Moura do partido<\/p>\n","protected":false},"author":4,"featured_media":8625,"comment_status":"open","ping_status":"open","sticky":false,"template":"","format":"standard","meta":{"colormag_page_container_layout":"default_layout","colormag_page_sidebar_layout":"default_layout","_FSMCFIC_featured_image_caption":"","_FSMCFIC_featured_image_nocaption":"","_FSMCFIC_featured_image_hide":"","footnotes":""},"categories":[2,1],"tags":[],"class_list":["post-8624","post","type-post","status-publish","format-standard","has-post-thumbnail","hentry","category-noticias","category-ultimas"],"yoast_head":"<!-- This site is optimized with the Yoast SEO plugin v27.1.1 - https:\/\/yoast.com\/product\/yoast-seo-wordpress\/ -->\n<title>Crise no PT baiano: dirigente acusa presidente do partido de persegui\u00e7\u00e3o; entenda - Brasil not\u00edcias<\/title>\n<meta name=\"robots\" content=\"index, follow, max-snippet:-1, max-image-preview:large, max-video-preview:-1\" \/>\n<link rel=\"canonical\" href=\"https:\/\/brasilnoticias.org\/site\/crise-no-pt-baiano-dirigente-acusa-presidente-do-partido-de-perseguicao-entenda\/\" \/>\n<meta property=\"og:locale\" content=\"pt_PT\" \/>\n<meta property=\"og:type\" content=\"article\" \/>\n<meta property=\"og:title\" content=\"Crise no PT baiano: dirigente acusa presidente do partido de persegui\u00e7\u00e3o; entenda - Brasil not\u00edcias\" \/>\n<meta property=\"og:description\" content=\"Filipe Almada diz que, internamente, \u00c9den Valadares do PT tentou articular a expuls\u00e3o dele e de Brisa Moura do partido\" \/>\n<meta property=\"og:url\" content=\"https:\/\/brasilnoticias.org\/site\/crise-no-pt-baiano-dirigente-acusa-presidente-do-partido-de-perseguicao-entenda\/\" \/>\n<meta property=\"og:site_name\" content=\"Brasil not\u00edcias\" \/>\n<meta property=\"article:published_time\" content=\"2023-08-26T01:30:13+00:00\" \/>\n<meta property=\"og:image\" content=\"https:\/\/brasilnoticias.org\/site\/wp-content\/uploads\/2023\/08\/page-6.jpg\" \/>\n\t<meta property=\"og:image:width\" content=\"740\" \/>\n\t<meta property=\"og:image:height\" content=\"470\" \/>\n\t<meta property=\"og:image:type\" content=\"image\/jpeg\" \/>\n<meta name=\"author\" content=\"Reda\u00e7\u00e3o\" \/>\n<meta name=\"twitter:card\" content=\"summary_large_image\" \/>\n<meta name=\"twitter:label1\" content=\"Escrito por\" \/>\n\t<meta name=\"twitter:data1\" content=\"Reda\u00e7\u00e3o\" \/>\n<script type=\"application\/ld+json\" class=\"yoast-schema-graph\">{\"@context\":\"https:\/\/schema.org\",\"@graph\":[{\"@type\":\"Article\",\"@id\":\"https:\/\/brasilnoticias.org\/site\/crise-no-pt-baiano-dirigente-acusa-presidente-do-partido-de-perseguicao-entenda\/#article\",\"isPartOf\":{\"@id\":\"https:\/\/brasilnoticias.org\/site\/crise-no-pt-baiano-dirigente-acusa-presidente-do-partido-de-perseguicao-entenda\/\"},\"author\":{\"name\":\"Reda\u00e7\u00e3o\",\"@id\":\"https:\/\/brasilnoticias.org\/site\/#\/schema\/person\/03bbbfe6c7634ad18c26444ea39049fa\"},\"headline\":\"Crise no PT baiano: dirigente acusa presidente do partido de persegui\u00e7\u00e3o; entenda\",\"datePublished\":\"2023-08-26T01:30:13+00:00\",\"mainEntityOfPage\":{\"@id\":\"https:\/\/brasilnoticias.org\/site\/crise-no-pt-baiano-dirigente-acusa-presidente-do-partido-de-perseguicao-entenda\/\"},\"wordCount\":713,\"commentCount\":0,\"publisher\":{\"@id\":\"https:\/\/brasilnoticias.org\/site\/#organization\"},\"image\":{\"@id\":\"https:\/\/brasilnoticias.org\/site\/crise-no-pt-baiano-dirigente-acusa-presidente-do-partido-de-perseguicao-entenda\/#primaryimage\"},\"thumbnailUrl\":\"https:\/\/brasilnoticias.org\/site\/wp-content\/uploads\/2023\/08\/page-6.jpg\",\"articleSection\":[\"Not\u00edcias\",\"\u00daltimas\"],\"inLanguage\":\"pt-PT\",\"potentialAction\":[{\"@type\":\"CommentAction\",\"name\":\"Comment\",\"target\":[\"https:\/\/brasilnoticias.org\/site\/crise-no-pt-baiano-dirigente-acusa-presidente-do-partido-de-perseguicao-entenda\/#respond\"]}]},{\"@type\":\"WebPage\",\"@id\":\"https:\/\/brasilnoticias.org\/site\/crise-no-pt-baiano-dirigente-acusa-presidente-do-partido-de-perseguicao-entenda\/\",\"url\":\"https:\/\/brasilnoticias.org\/site\/crise-no-pt-baiano-dirigente-acusa-presidente-do-partido-de-perseguicao-entenda\/\",\"name\":\"Crise no PT baiano: dirigente acusa presidente do partido de persegui\u00e7\u00e3o; entenda - Brasil not\u00edcias\",\"isPartOf\":{\"@id\":\"https:\/\/brasilnoticias.org\/site\/#website\"},\"primaryImageOfPage\":{\"@id\":\"https:\/\/brasilnoticias.org\/site\/crise-no-pt-baiano-dirigente-acusa-presidente-do-partido-de-perseguicao-entenda\/#primaryimage\"},\"image\":{\"@id\":\"https:\/\/brasilnoticias.org\/site\/crise-no-pt-baiano-dirigente-acusa-presidente-do-partido-de-perseguicao-entenda\/#primaryimage\"},\"thumbnailUrl\":\"https:\/\/brasilnoticias.org\/site\/wp-content\/uploads\/2023\/08\/page-6.jpg\",\"datePublished\":\"2023-08-26T01:30:13+00:00\",\"breadcrumb\":{\"@id\":\"https:\/\/brasilnoticias.org\/site\/crise-no-pt-baiano-dirigente-acusa-presidente-do-partido-de-perseguicao-entenda\/#breadcrumb\"},\"inLanguage\":\"pt-PT\",\"potentialAction\":[{\"@type\":\"ReadAction\",\"target\":[\"https:\/\/brasilnoticias.org\/site\/crise-no-pt-baiano-dirigente-acusa-presidente-do-partido-de-perseguicao-entenda\/\"]}]},{\"@type\":\"ImageObject\",\"inLanguage\":\"pt-PT\",\"@id\":\"https:\/\/brasilnoticias.org\/site\/crise-no-pt-baiano-dirigente-acusa-presidente-do-partido-de-perseguicao-entenda\/#primaryimage\",\"url\":\"https:\/\/brasilnoticias.org\/site\/wp-content\/uploads\/2023\/08\/page-6.jpg\",\"contentUrl\":\"https:\/\/brasilnoticias.org\/site\/wp-content\/uploads\/2023\/08\/page-6.jpg\",\"width\":740,\"height\":470},{\"@type\":\"BreadcrumbList\",\"@id\":\"https:\/\/brasilnoticias.org\/site\/crise-no-pt-baiano-dirigente-acusa-presidente-do-partido-de-perseguicao-entenda\/#breadcrumb\",\"itemListElement\":[{\"@type\":\"ListItem\",\"position\":1,\"name\":\"In\u00edcio\",\"item\":\"https:\/\/brasilnoticias.org\/site\/\"},{\"@type\":\"ListItem\",\"position\":2,\"name\":\"Crise no PT baiano: dirigente acusa presidente do partido de persegui\u00e7\u00e3o; entenda\"}]},{\"@type\":\"WebSite\",\"@id\":\"https:\/\/brasilnoticias.org\/site\/#website\",\"url\":\"https:\/\/brasilnoticias.org\/site\/\",\"name\":\"Brasil not\u00edcias\",\"description\":\"Brasil not\u00edcias\",\"publisher\":{\"@id\":\"https:\/\/brasilnoticias.org\/site\/#organization\"},\"potentialAction\":[{\"@type\":\"SearchAction\",\"target\":{\"@type\":\"EntryPoint\",\"urlTemplate\":\"https:\/\/brasilnoticias.org\/site\/?s={search_term_string}\"},\"query-input\":{\"@type\":\"PropertyValueSpecification\",\"valueRequired\":true,\"valueName\":\"search_term_string\"}}],\"inLanguage\":\"pt-PT\"},{\"@type\":\"Organization\",\"@id\":\"https:\/\/brasilnoticias.org\/site\/#organization\",\"name\":\"Brasil not\u00edcias\",\"url\":\"https:\/\/brasilnoticias.org\/site\/\",\"logo\":{\"@type\":\"ImageObject\",\"inLanguage\":\"pt-PT\",\"@id\":\"https:\/\/brasilnoticias.org\/site\/#\/schema\/logo\/image\/\",\"url\":\"https:\/\/brasilnoticias.org\/site\/wp-content\/uploads\/2022\/05\/cropped-brasilnoticias-mini.jpg\",\"contentUrl\":\"https:\/\/brasilnoticias.org\/site\/wp-content\/uploads\/2022\/05\/cropped-brasilnoticias-mini.jpg\",\"width\":314,\"height\":86,\"caption\":\"Brasil not\u00edcias\"},\"image\":{\"@id\":\"https:\/\/brasilnoticias.org\/site\/#\/schema\/logo\/image\/\"}},{\"@type\":\"Person\",\"@id\":\"https:\/\/brasilnoticias.org\/site\/#\/schema\/person\/03bbbfe6c7634ad18c26444ea39049fa\",\"name\":\"Reda\u00e7\u00e3o\",\"image\":{\"@type\":\"ImageObject\",\"inLanguage\":\"pt-PT\",\"@id\":\"https:\/\/brasilnoticias.org\/site\/#\/schema\/person\/image\/\",\"url\":\"https:\/\/secure.gravatar.com\/avatar\/9ecaf7327a696cb23ad926fedded5f1f04d7049de9e445375d55b48c001a6e42?s=96&d=mm&r=g\",\"contentUrl\":\"https:\/\/secure.gravatar.com\/avatar\/9ecaf7327a696cb23ad926fedded5f1f04d7049de9e445375d55b48c001a6e42?s=96&d=mm&r=g\",\"caption\":\"Reda\u00e7\u00e3o\"},\"url\":\"https:\/\/brasilnoticias.org\/site\/author\/henrique\/\"}]}<\/script>\n<!-- \/ Yoast SEO plugin. -->","yoast_head_json":{"title":"Crise no PT baiano: dirigente acusa presidente do partido de persegui\u00e7\u00e3o; entenda - Brasil not\u00edcias","robots":{"index":"index","follow":"follow","max-snippet":"max-snippet:-1","max-image-preview":"max-image-preview:large","max-video-preview":"max-video-preview:-1"},"canonical":"https:\/\/brasilnoticias.org\/site\/crise-no-pt-baiano-dirigente-acusa-presidente-do-partido-de-perseguicao-entenda\/","og_locale":"pt_PT","og_type":"article","og_title":"Crise no PT baiano: dirigente acusa presidente do partido de persegui\u00e7\u00e3o; entenda - Brasil not\u00edcias","og_description":"Filipe Almada diz que, internamente, \u00c9den Valadares do PT tentou articular a expuls\u00e3o dele e de Brisa Moura do partido","og_url":"https:\/\/brasilnoticias.org\/site\/crise-no-pt-baiano-dirigente-acusa-presidente-do-partido-de-perseguicao-entenda\/","og_site_name":"Brasil not\u00edcias","article_published_time":"2023-08-26T01:30:13+00:00","og_image":[{"width":740,"height":470,"url":"https:\/\/brasilnoticias.org\/site\/wp-content\/uploads\/2023\/08\/page-6.jpg","type":"image\/jpeg"}],"author":"Reda\u00e7\u00e3o","twitter_card":"summary_large_image","twitter_misc":{"Escrito por":"Reda\u00e7\u00e3o"},"schema":{"@context":"https:\/\/schema.org","@graph":[{"@type":"Article","@id":"https:\/\/brasilnoticias.org\/site\/crise-no-pt-baiano-dirigente-acusa-presidente-do-partido-de-perseguicao-entenda\/#article","isPartOf":{"@id":"https:\/\/brasilnoticias.org\/site\/crise-no-pt-baiano-dirigente-acusa-presidente-do-partido-de-perseguicao-entenda\/"},"author":{"name":"Reda\u00e7\u00e3o","@id":"https:\/\/brasilnoticias.org\/site\/#\/schema\/person\/03bbbfe6c7634ad18c26444ea39049fa"},"headline":"Crise no PT baiano: dirigente acusa presidente do partido de persegui\u00e7\u00e3o; entenda","datePublished":"2023-08-26T01:30:13+00:00","mainEntityOfPage":{"@id":"https:\/\/brasilnoticias.org\/site\/crise-no-pt-baiano-dirigente-acusa-presidente-do-partido-de-perseguicao-entenda\/"},"wordCount":713,"commentCount":0,"publisher":{"@id":"https:\/\/brasilnoticias.org\/site\/#organization"},"image":{"@id":"https:\/\/brasilnoticias.org\/site\/crise-no-pt-baiano-dirigente-acusa-presidente-do-partido-de-perseguicao-entenda\/#primaryimage"},"thumbnailUrl":"https:\/\/brasilnoticias.org\/site\/wp-content\/uploads\/2023\/08\/page-6.jpg","articleSection":["Not\u00edcias","\u00daltimas"],"inLanguage":"pt-PT","potentialAction":[{"@type":"CommentAction","name":"Comment","target":["https:\/\/brasilnoticias.org\/site\/crise-no-pt-baiano-dirigente-acusa-presidente-do-partido-de-perseguicao-entenda\/#respond"]}]},{"@type":"WebPage","@id":"https:\/\/brasilnoticias.org\/site\/crise-no-pt-baiano-dirigente-acusa-presidente-do-partido-de-perseguicao-entenda\/","url":"https:\/\/brasilnoticias.org\/site\/crise-no-pt-baiano-dirigente-acusa-presidente-do-partido-de-perseguicao-entenda\/","name":"Crise no PT baiano: dirigente acusa presidente do partido de persegui\u00e7\u00e3o; entenda - Brasil not\u00edcias","isPartOf":{"@id":"https:\/\/brasilnoticias.org\/site\/#website"},"primaryImageOfPage":{"@id":"https:\/\/brasilnoticias.org\/site\/crise-no-pt-baiano-dirigente-acusa-presidente-do-partido-de-perseguicao-entenda\/#primaryimage"},"image":{"@id":"https:\/\/brasilnoticias.org\/site\/crise-no-pt-baiano-dirigente-acusa-presidente-do-partido-de-perseguicao-entenda\/#primaryimage"},"thumbnailUrl":"https:\/\/brasilnoticias.org\/site\/wp-content\/uploads\/2023\/08\/page-6.jpg","datePublished":"2023-08-26T01:30:13+00:00","breadcrumb":{"@id":"https:\/\/brasilnoticias.org\/site\/crise-no-pt-baiano-dirigente-acusa-presidente-do-partido-de-perseguicao-entenda\/#breadcrumb"},"inLanguage":"pt-PT","potentialAction":[{"@type":"ReadAction","target":["https:\/\/brasilnoticias.org\/site\/crise-no-pt-baiano-dirigente-acusa-presidente-do-partido-de-perseguicao-entenda\/"]}]},{"@type":"ImageObject","inLanguage":"pt-PT","@id":"https:\/\/brasilnoticias.org\/site\/crise-no-pt-baiano-dirigente-acusa-presidente-do-partido-de-perseguicao-entenda\/#primaryimage","url":"https:\/\/brasilnoticias.org\/site\/wp-content\/uploads\/2023\/08\/page-6.jpg","contentUrl":"https:\/\/brasilnoticias.org\/site\/wp-content\/uploads\/2023\/08\/page-6.jpg","width":740,"height":470},{"@type":"BreadcrumbList","@id":"https:\/\/brasilnoticias.org\/site\/crise-no-pt-baiano-dirigente-acusa-presidente-do-partido-de-perseguicao-entenda\/#breadcrumb","itemListElement":[{"@type":"ListItem","position":1,"name":"In\u00edcio","item":"https:\/\/brasilnoticias.org\/site\/"},{"@type":"ListItem","position":2,"name":"Crise no PT baiano: dirigente acusa presidente do partido de persegui\u00e7\u00e3o; entenda"}]},{"@type":"WebSite","@id":"https:\/\/brasilnoticias.org\/site\/#website","url":"https:\/\/brasilnoticias.org\/site\/","name":"Brasil not\u00edcias","description":"Brasil not\u00edcias","publisher":{"@id":"https:\/\/brasilnoticias.org\/site\/#organization"},"potentialAction":[{"@type":"SearchAction","target":{"@type":"EntryPoint","urlTemplate":"https:\/\/brasilnoticias.org\/site\/?s={search_term_string}"},"query-input":{"@type":"PropertyValueSpecification","valueRequired":true,"valueName":"search_term_string"}}],"inLanguage":"pt-PT"},{"@type":"Organization","@id":"https:\/\/brasilnoticias.org\/site\/#organization","name":"Brasil not\u00edcias","url":"https:\/\/brasilnoticias.org\/site\/","logo":{"@type":"ImageObject","inLanguage":"pt-PT","@id":"https:\/\/brasilnoticias.org\/site\/#\/schema\/logo\/image\/","url":"https:\/\/brasilnoticias.org\/site\/wp-content\/uploads\/2022\/05\/cropped-brasilnoticias-mini.jpg","contentUrl":"https:\/\/brasilnoticias.org\/site\/wp-content\/uploads\/2022\/05\/cropped-brasilnoticias-mini.jpg","width":314,"height":86,"caption":"Brasil not\u00edcias"},"image":{"@id":"https:\/\/brasilnoticias.org\/site\/#\/schema\/logo\/image\/"}},{"@type":"Person","@id":"https:\/\/brasilnoticias.org\/site\/#\/schema\/person\/03bbbfe6c7634ad18c26444ea39049fa","name":"Reda\u00e7\u00e3o","image":{"@type":"ImageObject","inLanguage":"pt-PT","@id":"https:\/\/brasilnoticias.org\/site\/#\/schema\/person\/image\/","url":"https:\/\/secure.gravatar.com\/avatar\/9ecaf7327a696cb23ad926fedded5f1f04d7049de9e445375d55b48c001a6e42?s=96&d=mm&r=g","contentUrl":"https:\/\/secure.gravatar.com\/avatar\/9ecaf7327a696cb23ad926fedded5f1f04d7049de9e445375d55b48c001a6e42?s=96&d=mm&r=g","caption":"Reda\u00e7\u00e3o"},"url":"https:\/\/brasilnoticias.org\/site\/author\/henrique\/"}]}},"_links":{"self":[{"href":"https:\/\/brasilnoticias.org\/site\/wp-json\/wp\/v2\/posts\/8624","targetHints":{"allow":["GET"]}}],"collection":[{"href":"https:\/\/brasilnoticias.org\/site\/wp-json\/wp\/v2\/posts"}],"about":[{"href":"https:\/\/brasilnoticias.org\/site\/wp-json\/wp\/v2\/types\/post"}],"author":[{"embeddable":true,"href":"https:\/\/brasilnoticias.org\/site\/wp-json\/wp\/v2\/users\/4"}],"replies":[{"embeddable":true,"href":"https:\/\/brasilnoticias.org\/site\/wp-json\/wp\/v2\/comments?post=8624"}],"version-history":[{"count":1,"href":"https:\/\/brasilnoticias.org\/site\/wp-json\/wp\/v2\/posts\/8624\/revisions"}],"predecessor-version":[{"id":8626,"href":"https:\/\/brasilnoticias.org\/site\/wp-json\/wp\/v2\/posts\/8624\/revisions\/8626"}],"wp:featuredmedia":[{"embeddable":true,"href":"https:\/\/brasilnoticias.org\/site\/wp-json\/wp\/v2\/media\/8625"}],"wp:attachment":[{"href":"https:\/\/brasilnoticias.org\/site\/wp-json\/wp\/v2\/media?parent=8624"}],"wp:term":[{"taxonomy":"category","embeddable":true,"href":"https:\/\/brasilnoticias.org\/site\/wp-json\/wp\/v2\/categories?post=8624"},{"taxonomy":"post_tag","embeddable":true,"href":"https:\/\/brasilnoticias.org\/site\/wp-json\/wp\/v2\/tags?post=8624"}],"curies":[{"name":"wp","href":"https:\/\/api.w.org\/{rel}","templated":true}]}}