{"id":8627,"date":"2023-08-26T06:00:37","date_gmt":"2023-08-26T09:00:37","guid":{"rendered":"https:\/\/brasilnoticias.org\/site\/?p=8627"},"modified":"2023-08-25T22:33:39","modified_gmt":"2023-08-26T01:33:39","slug":"governo-propoe-elevacao-de-limite-anual-do-mei-para-r-1449-mil","status":"publish","type":"post","link":"https:\/\/brasilnoticias.org\/site\/governo-propoe-elevacao-de-limite-anual-do-mei-para-r-1449-mil\/","title":{"rendered":"Governo prop\u00f5e eleva\u00e7\u00e3o de limite anual do MEI para R$ 144,9 mil"},"content":{"rendered":"<p>Proposta precisa ser aprovada pelo Congresso Nacional<\/p>\n<p>*Ag\u00eancia Brasil<\/p>\n<p>O teto de enquadramento do profissional aut\u00f4nomo em microempreendedor individual (MEI) poder\u00e1 quase dobrar. O Minist\u00e9rio do Desenvolvimento, Ind\u00fastria, Com\u00e9rcio e Servi\u00e7os (Mdic) informou na noite desta quinta-feira (24) que prop\u00f4s elevar de R$ 81 mil para R$ 144,9 mil o limite anual de faturamento para a categoria. A medida depende de aprova\u00e7\u00e3o do Congresso Nacional.<\/p>\n<p>No regime tribut\u00e1rio simplificado, os microempreendedores individuais pagam apenas a contribui\u00e7\u00e3o para a Previd\u00eancia Social e o Imposto sobre a Circula\u00e7\u00e3o de Mercadorias e Servi\u00e7os (ICMS) ou o Imposto sobre Servi\u00e7os (ISS), dependendo da atividade. O Mdic tamb\u00e9m quer criar uma \u201crampa de transi\u00e7\u00e3o\u201d para que o MEI que amplie o faturamento seja considerado microempresa e migre para o Simples Nacional.<\/p>\n<p>Segundo o Mdic, o Comit\u00ea T\u00e9cnico MEI, que faz parte do F\u00f3rum Permanente das Microempresas e Empresas de Pequeno Porte aprovou uma minuta com as medidas. \u201cO Mdic avalia agora o formato a ser adotado para envio da proposta ao Congresso Nacional\u201d, destacou a pasta.<\/p>\n<p>Atualmente, h\u00e1 15,4 milh\u00f5es de MEI registrados no pa\u00eds. Com o novo teto de faturamento, informou o Mdic, 470 mil novas empresas poder\u00e3o se transformar em MEI. A pasta n\u00e3o divulgou a estimativa de ren\u00fancia fiscal com a medida. De acordo com a Receita Federal, o governo deixa de arrecadar R$ 5,2 bilh\u00f5es por ano com o regime especial.<\/p>\n<p>NOVAS AL\u00cdQUOTAS<br \/>\nO governo tamb\u00e9m prop\u00f5e uma nova faixa de al\u00edquota no programa. O MEI que fatura at\u00e9 R$ 81 mil continuar\u00e1 a pagar 5% do sal\u00e1rio m\u00ednimo. Quem fatura de R$ 81 mil a R$ 144.912 pagar\u00e1 R$ 181,14 por m\u00eas, equivalente a 1,5% de R$ 12.076, que corresponde ao teto mensal de faturamento proposto.<\/p>\n<p>O Mdic tamb\u00e9m pretende criar uma \u201crampa de transi\u00e7\u00e3o\u201d que dar\u00e1 tempo ao empreendedor para adaptar-se \u00e0s mudan\u00e7as tribut\u00e1rias e operacionais quando passam de MEI para microempresa.<\/p>\n<p>O microempreendedor que exceder o teto do faturamento em at\u00e9 20% ter\u00e1 180 dias para fazer os ajustes necess\u00e1rios. Nesse per\u00edodo, n\u00e3o precisar\u00e1 emitir nota fiscal para todas as vendas, contratar contador nem realizar ajustes na Junta Comercial. Caso o faturamento ultrapasse o teto em mais de 20%, ser\u00e1 mantida a regra atual, de desenquadramento do MEI, mas o governo quer eliminar a retroatividade na transi\u00e7\u00e3o do regime tribut\u00e1rio.<\/p>\n<p>Hoje, os impostos cobrados s\u00e3o retroativos a janeiro do ano em que ocorreu a ultrapassagem. Dessa forma, se o MEI convertido em microempres\u00e1rio ultrapassar o limite em novembro, tem que recolher tributos sobre o ano inteiro. O governo quer que o pagamento seja proporcional, para que o MEI possa se organizar e fazer a transi\u00e7\u00e3o, sem impactar negativamente o pr\u00f3prio neg\u00f3cio.<\/p>\n<p>Foto: Marcello Casal JrAg\u00eancia Brasil<br \/>\nAratu On<\/p>\n","protected":false},"excerpt":{"rendered":"<p>Proposta precisa ser aprovada pelo Congresso Nacional *Ag\u00eancia Brasil O teto de enquadramento do profissional aut\u00f4nomo em microempreendedor individual (MEI)<\/p>\n","protected":false},"author":4,"featured_media":8628,"comment_status":"open","ping_status":"open","sticky":false,"template":"","format":"standard","meta":{"colormag_page_container_layout":"default_layout","colormag_page_sidebar_layout":"default_layout","_FSMCFIC_featured_image_caption":"","_FSMCFIC_featured_image_nocaption":"","_FSMCFIC_featured_image_hide":"","footnotes":""},"categories":[2,1],"tags":[],"class_list":["post-8627","post","type-post","status-publish","format-standard","has-post-thumbnail","hentry","category-noticias","category-ultimas"],"yoast_head":"<!-- This site is optimized with the Yoast SEO plugin v27.1.1 - https:\/\/yoast.com\/product\/yoast-seo-wordpress\/ -->\n<title>Governo prop\u00f5e eleva\u00e7\u00e3o de limite anual do MEI para R$ 144,9 mil - Brasil not\u00edcias<\/title>\n<meta name=\"robots\" content=\"index, follow, max-snippet:-1, max-image-preview:large, max-video-preview:-1\" \/>\n<link rel=\"canonical\" href=\"https:\/\/brasilnoticias.org\/site\/governo-propoe-elevacao-de-limite-anual-do-mei-para-r-1449-mil\/\" \/>\n<meta property=\"og:locale\" content=\"pt_PT\" \/>\n<meta property=\"og:type\" content=\"article\" \/>\n<meta property=\"og:title\" content=\"Governo prop\u00f5e eleva\u00e7\u00e3o de limite anual do MEI para R$ 144,9 mil - Brasil not\u00edcias\" \/>\n<meta property=\"og:description\" content=\"Proposta precisa ser aprovada pelo Congresso Nacional *Ag\u00eancia Brasil O teto de enquadramento do profissional aut\u00f4nomo em microempreendedor individual (MEI)\" \/>\n<meta property=\"og:url\" content=\"https:\/\/brasilnoticias.org\/site\/governo-propoe-elevacao-de-limite-anual-do-mei-para-r-1449-mil\/\" \/>\n<meta property=\"og:site_name\" content=\"Brasil not\u00edcias\" \/>\n<meta property=\"article:published_time\" content=\"2023-08-26T09:00:37+00:00\" \/>\n<meta property=\"og:image\" content=\"https:\/\/brasilnoticias.org\/site\/wp-content\/uploads\/2023\/08\/dinheiro-740x470-1.jpg\" \/>\n\t<meta property=\"og:image:width\" content=\"740\" \/>\n\t<meta property=\"og:image:height\" content=\"470\" \/>\n\t<meta property=\"og:image:type\" content=\"image\/jpeg\" \/>\n<meta name=\"author\" content=\"Reda\u00e7\u00e3o\" \/>\n<meta name=\"twitter:card\" content=\"summary_large_image\" \/>\n<meta name=\"twitter:label1\" content=\"Escrito por\" \/>\n\t<meta name=\"twitter:data1\" content=\"Reda\u00e7\u00e3o\" \/>\n<script type=\"application\/ld+json\" class=\"yoast-schema-graph\">{\"@context\":\"https:\/\/schema.org\",\"@graph\":[{\"@type\":\"Article\",\"@id\":\"https:\/\/brasilnoticias.org\/site\/governo-propoe-elevacao-de-limite-anual-do-mei-para-r-1449-mil\/#article\",\"isPartOf\":{\"@id\":\"https:\/\/brasilnoticias.org\/site\/governo-propoe-elevacao-de-limite-anual-do-mei-para-r-1449-mil\/\"},\"author\":{\"name\":\"Reda\u00e7\u00e3o\",\"@id\":\"https:\/\/brasilnoticias.org\/site\/#\/schema\/person\/03bbbfe6c7634ad18c26444ea39049fa\"},\"headline\":\"Governo prop\u00f5e eleva\u00e7\u00e3o de limite anual do MEI para R$ 144,9 mil\",\"datePublished\":\"2023-08-26T09:00:37+00:00\",\"mainEntityOfPage\":{\"@id\":\"https:\/\/brasilnoticias.org\/site\/governo-propoe-elevacao-de-limite-anual-do-mei-para-r-1449-mil\/\"},\"wordCount\":493,\"commentCount\":0,\"publisher\":{\"@id\":\"https:\/\/brasilnoticias.org\/site\/#organization\"},\"image\":{\"@id\":\"https:\/\/brasilnoticias.org\/site\/governo-propoe-elevacao-de-limite-anual-do-mei-para-r-1449-mil\/#primaryimage\"},\"thumbnailUrl\":\"https:\/\/brasilnoticias.org\/site\/wp-content\/uploads\/2023\/08\/dinheiro-740x470-1.jpg\",\"articleSection\":[\"Not\u00edcias\",\"\u00daltimas\"],\"inLanguage\":\"pt-PT\",\"potentialAction\":[{\"@type\":\"CommentAction\",\"name\":\"Comment\",\"target\":[\"https:\/\/brasilnoticias.org\/site\/governo-propoe-elevacao-de-limite-anual-do-mei-para-r-1449-mil\/#respond\"]}]},{\"@type\":\"WebPage\",\"@id\":\"https:\/\/brasilnoticias.org\/site\/governo-propoe-elevacao-de-limite-anual-do-mei-para-r-1449-mil\/\",\"url\":\"https:\/\/brasilnoticias.org\/site\/governo-propoe-elevacao-de-limite-anual-do-mei-para-r-1449-mil\/\",\"name\":\"Governo prop\u00f5e eleva\u00e7\u00e3o de limite anual do MEI para R$ 144,9 mil - Brasil not\u00edcias\",\"isPartOf\":{\"@id\":\"https:\/\/brasilnoticias.org\/site\/#website\"},\"primaryImageOfPage\":{\"@id\":\"https:\/\/brasilnoticias.org\/site\/governo-propoe-elevacao-de-limite-anual-do-mei-para-r-1449-mil\/#primaryimage\"},\"image\":{\"@id\":\"https:\/\/brasilnoticias.org\/site\/governo-propoe-elevacao-de-limite-anual-do-mei-para-r-1449-mil\/#primaryimage\"},\"thumbnailUrl\":\"https:\/\/brasilnoticias.org\/site\/wp-content\/uploads\/2023\/08\/dinheiro-740x470-1.jpg\",\"datePublished\":\"2023-08-26T09:00:37+00:00\",\"breadcrumb\":{\"@id\":\"https:\/\/brasilnoticias.org\/site\/governo-propoe-elevacao-de-limite-anual-do-mei-para-r-1449-mil\/#breadcrumb\"},\"inLanguage\":\"pt-PT\",\"potentialAction\":[{\"@type\":\"ReadAction\",\"target\":[\"https:\/\/brasilnoticias.org\/site\/governo-propoe-elevacao-de-limite-anual-do-mei-para-r-1449-mil\/\"]}]},{\"@type\":\"ImageObject\",\"inLanguage\":\"pt-PT\",\"@id\":\"https:\/\/brasilnoticias.org\/site\/governo-propoe-elevacao-de-limite-anual-do-mei-para-r-1449-mil\/#primaryimage\",\"url\":\"https:\/\/brasilnoticias.org\/site\/wp-content\/uploads\/2023\/08\/dinheiro-740x470-1.jpg\",\"contentUrl\":\"https:\/\/brasilnoticias.org\/site\/wp-content\/uploads\/2023\/08\/dinheiro-740x470-1.jpg\",\"width\":740,\"height\":470},{\"@type\":\"BreadcrumbList\",\"@id\":\"https:\/\/brasilnoticias.org\/site\/governo-propoe-elevacao-de-limite-anual-do-mei-para-r-1449-mil\/#breadcrumb\",\"itemListElement\":[{\"@type\":\"ListItem\",\"position\":1,\"name\":\"In\u00edcio\",\"item\":\"https:\/\/brasilnoticias.org\/site\/\"},{\"@type\":\"ListItem\",\"position\":2,\"name\":\"Governo prop\u00f5e eleva\u00e7\u00e3o de limite anual do MEI para R$ 144,9 mil\"}]},{\"@type\":\"WebSite\",\"@id\":\"https:\/\/brasilnoticias.org\/site\/#website\",\"url\":\"https:\/\/brasilnoticias.org\/site\/\",\"name\":\"Brasil not\u00edcias\",\"description\":\"Brasil not\u00edcias\",\"publisher\":{\"@id\":\"https:\/\/brasilnoticias.org\/site\/#organization\"},\"potentialAction\":[{\"@type\":\"SearchAction\",\"target\":{\"@type\":\"EntryPoint\",\"urlTemplate\":\"https:\/\/brasilnoticias.org\/site\/?s={search_term_string}\"},\"query-input\":{\"@type\":\"PropertyValueSpecification\",\"valueRequired\":true,\"valueName\":\"search_term_string\"}}],\"inLanguage\":\"pt-PT\"},{\"@type\":\"Organization\",\"@id\":\"https:\/\/brasilnoticias.org\/site\/#organization\",\"name\":\"Brasil not\u00edcias\",\"url\":\"https:\/\/brasilnoticias.org\/site\/\",\"logo\":{\"@type\":\"ImageObject\",\"inLanguage\":\"pt-PT\",\"@id\":\"https:\/\/brasilnoticias.org\/site\/#\/schema\/logo\/image\/\",\"url\":\"https:\/\/brasilnoticias.org\/site\/wp-content\/uploads\/2022\/05\/cropped-brasilnoticias-mini.jpg\",\"contentUrl\":\"https:\/\/brasilnoticias.org\/site\/wp-content\/uploads\/2022\/05\/cropped-brasilnoticias-mini.jpg\",\"width\":314,\"height\":86,\"caption\":\"Brasil not\u00edcias\"},\"image\":{\"@id\":\"https:\/\/brasilnoticias.org\/site\/#\/schema\/logo\/image\/\"}},{\"@type\":\"Person\",\"@id\":\"https:\/\/brasilnoticias.org\/site\/#\/schema\/person\/03bbbfe6c7634ad18c26444ea39049fa\",\"name\":\"Reda\u00e7\u00e3o\",\"image\":{\"@type\":\"ImageObject\",\"inLanguage\":\"pt-PT\",\"@id\":\"https:\/\/brasilnoticias.org\/site\/#\/schema\/person\/image\/\",\"url\":\"https:\/\/secure.gravatar.com\/avatar\/9ecaf7327a696cb23ad926fedded5f1f04d7049de9e445375d55b48c001a6e42?s=96&d=mm&r=g\",\"contentUrl\":\"https:\/\/secure.gravatar.com\/avatar\/9ecaf7327a696cb23ad926fedded5f1f04d7049de9e445375d55b48c001a6e42?s=96&d=mm&r=g\",\"caption\":\"Reda\u00e7\u00e3o\"},\"url\":\"https:\/\/brasilnoticias.org\/site\/author\/henrique\/\"}]}<\/script>\n<!-- \/ Yoast SEO plugin. -->","yoast_head_json":{"title":"Governo prop\u00f5e eleva\u00e7\u00e3o de limite anual do MEI para R$ 144,9 mil - Brasil not\u00edcias","robots":{"index":"index","follow":"follow","max-snippet":"max-snippet:-1","max-image-preview":"max-image-preview:large","max-video-preview":"max-video-preview:-1"},"canonical":"https:\/\/brasilnoticias.org\/site\/governo-propoe-elevacao-de-limite-anual-do-mei-para-r-1449-mil\/","og_locale":"pt_PT","og_type":"article","og_title":"Governo prop\u00f5e eleva\u00e7\u00e3o de limite anual do MEI para R$ 144,9 mil - Brasil not\u00edcias","og_description":"Proposta precisa ser aprovada pelo Congresso Nacional *Ag\u00eancia Brasil O teto de enquadramento do profissional aut\u00f4nomo em microempreendedor individual (MEI)","og_url":"https:\/\/brasilnoticias.org\/site\/governo-propoe-elevacao-de-limite-anual-do-mei-para-r-1449-mil\/","og_site_name":"Brasil not\u00edcias","article_published_time":"2023-08-26T09:00:37+00:00","og_image":[{"width":740,"height":470,"url":"https:\/\/brasilnoticias.org\/site\/wp-content\/uploads\/2023\/08\/dinheiro-740x470-1.jpg","type":"image\/jpeg"}],"author":"Reda\u00e7\u00e3o","twitter_card":"summary_large_image","twitter_misc":{"Escrito por":"Reda\u00e7\u00e3o"},"schema":{"@context":"https:\/\/schema.org","@graph":[{"@type":"Article","@id":"https:\/\/brasilnoticias.org\/site\/governo-propoe-elevacao-de-limite-anual-do-mei-para-r-1449-mil\/#article","isPartOf":{"@id":"https:\/\/brasilnoticias.org\/site\/governo-propoe-elevacao-de-limite-anual-do-mei-para-r-1449-mil\/"},"author":{"name":"Reda\u00e7\u00e3o","@id":"https:\/\/brasilnoticias.org\/site\/#\/schema\/person\/03bbbfe6c7634ad18c26444ea39049fa"},"headline":"Governo prop\u00f5e eleva\u00e7\u00e3o de limite anual do MEI para R$ 144,9 mil","datePublished":"2023-08-26T09:00:37+00:00","mainEntityOfPage":{"@id":"https:\/\/brasilnoticias.org\/site\/governo-propoe-elevacao-de-limite-anual-do-mei-para-r-1449-mil\/"},"wordCount":493,"commentCount":0,"publisher":{"@id":"https:\/\/brasilnoticias.org\/site\/#organization"},"image":{"@id":"https:\/\/brasilnoticias.org\/site\/governo-propoe-elevacao-de-limite-anual-do-mei-para-r-1449-mil\/#primaryimage"},"thumbnailUrl":"https:\/\/brasilnoticias.org\/site\/wp-content\/uploads\/2023\/08\/dinheiro-740x470-1.jpg","articleSection":["Not\u00edcias","\u00daltimas"],"inLanguage":"pt-PT","potentialAction":[{"@type":"CommentAction","name":"Comment","target":["https:\/\/brasilnoticias.org\/site\/governo-propoe-elevacao-de-limite-anual-do-mei-para-r-1449-mil\/#respond"]}]},{"@type":"WebPage","@id":"https:\/\/brasilnoticias.org\/site\/governo-propoe-elevacao-de-limite-anual-do-mei-para-r-1449-mil\/","url":"https:\/\/brasilnoticias.org\/site\/governo-propoe-elevacao-de-limite-anual-do-mei-para-r-1449-mil\/","name":"Governo prop\u00f5e eleva\u00e7\u00e3o de limite anual do MEI para R$ 144,9 mil - Brasil not\u00edcias","isPartOf":{"@id":"https:\/\/brasilnoticias.org\/site\/#website"},"primaryImageOfPage":{"@id":"https:\/\/brasilnoticias.org\/site\/governo-propoe-elevacao-de-limite-anual-do-mei-para-r-1449-mil\/#primaryimage"},"image":{"@id":"https:\/\/brasilnoticias.org\/site\/governo-propoe-elevacao-de-limite-anual-do-mei-para-r-1449-mil\/#primaryimage"},"thumbnailUrl":"https:\/\/brasilnoticias.org\/site\/wp-content\/uploads\/2023\/08\/dinheiro-740x470-1.jpg","datePublished":"2023-08-26T09:00:37+00:00","breadcrumb":{"@id":"https:\/\/brasilnoticias.org\/site\/governo-propoe-elevacao-de-limite-anual-do-mei-para-r-1449-mil\/#breadcrumb"},"inLanguage":"pt-PT","potentialAction":[{"@type":"ReadAction","target":["https:\/\/brasilnoticias.org\/site\/governo-propoe-elevacao-de-limite-anual-do-mei-para-r-1449-mil\/"]}]},{"@type":"ImageObject","inLanguage":"pt-PT","@id":"https:\/\/brasilnoticias.org\/site\/governo-propoe-elevacao-de-limite-anual-do-mei-para-r-1449-mil\/#primaryimage","url":"https:\/\/brasilnoticias.org\/site\/wp-content\/uploads\/2023\/08\/dinheiro-740x470-1.jpg","contentUrl":"https:\/\/brasilnoticias.org\/site\/wp-content\/uploads\/2023\/08\/dinheiro-740x470-1.jpg","width":740,"height":470},{"@type":"BreadcrumbList","@id":"https:\/\/brasilnoticias.org\/site\/governo-propoe-elevacao-de-limite-anual-do-mei-para-r-1449-mil\/#breadcrumb","itemListElement":[{"@type":"ListItem","position":1,"name":"In\u00edcio","item":"https:\/\/brasilnoticias.org\/site\/"},{"@type":"ListItem","position":2,"name":"Governo prop\u00f5e eleva\u00e7\u00e3o de limite anual do MEI para R$ 144,9 mil"}]},{"@type":"WebSite","@id":"https:\/\/brasilnoticias.org\/site\/#website","url":"https:\/\/brasilnoticias.org\/site\/","name":"Brasil not\u00edcias","description":"Brasil not\u00edcias","publisher":{"@id":"https:\/\/brasilnoticias.org\/site\/#organization"},"potentialAction":[{"@type":"SearchAction","target":{"@type":"EntryPoint","urlTemplate":"https:\/\/brasilnoticias.org\/site\/?s={search_term_string}"},"query-input":{"@type":"PropertyValueSpecification","valueRequired":true,"valueName":"search_term_string"}}],"inLanguage":"pt-PT"},{"@type":"Organization","@id":"https:\/\/brasilnoticias.org\/site\/#organization","name":"Brasil not\u00edcias","url":"https:\/\/brasilnoticias.org\/site\/","logo":{"@type":"ImageObject","inLanguage":"pt-PT","@id":"https:\/\/brasilnoticias.org\/site\/#\/schema\/logo\/image\/","url":"https:\/\/brasilnoticias.org\/site\/wp-content\/uploads\/2022\/05\/cropped-brasilnoticias-mini.jpg","contentUrl":"https:\/\/brasilnoticias.org\/site\/wp-content\/uploads\/2022\/05\/cropped-brasilnoticias-mini.jpg","width":314,"height":86,"caption":"Brasil not\u00edcias"},"image":{"@id":"https:\/\/brasilnoticias.org\/site\/#\/schema\/logo\/image\/"}},{"@type":"Person","@id":"https:\/\/brasilnoticias.org\/site\/#\/schema\/person\/03bbbfe6c7634ad18c26444ea39049fa","name":"Reda\u00e7\u00e3o","image":{"@type":"ImageObject","inLanguage":"pt-PT","@id":"https:\/\/brasilnoticias.org\/site\/#\/schema\/person\/image\/","url":"https:\/\/secure.gravatar.com\/avatar\/9ecaf7327a696cb23ad926fedded5f1f04d7049de9e445375d55b48c001a6e42?s=96&d=mm&r=g","contentUrl":"https:\/\/secure.gravatar.com\/avatar\/9ecaf7327a696cb23ad926fedded5f1f04d7049de9e445375d55b48c001a6e42?s=96&d=mm&r=g","caption":"Reda\u00e7\u00e3o"},"url":"https:\/\/brasilnoticias.org\/site\/author\/henrique\/"}]}},"_links":{"self":[{"href":"https:\/\/brasilnoticias.org\/site\/wp-json\/wp\/v2\/posts\/8627","targetHints":{"allow":["GET"]}}],"collection":[{"href":"https:\/\/brasilnoticias.org\/site\/wp-json\/wp\/v2\/posts"}],"about":[{"href":"https:\/\/brasilnoticias.org\/site\/wp-json\/wp\/v2\/types\/post"}],"author":[{"embeddable":true,"href":"https:\/\/brasilnoticias.org\/site\/wp-json\/wp\/v2\/users\/4"}],"replies":[{"embeddable":true,"href":"https:\/\/brasilnoticias.org\/site\/wp-json\/wp\/v2\/comments?post=8627"}],"version-history":[{"count":1,"href":"https:\/\/brasilnoticias.org\/site\/wp-json\/wp\/v2\/posts\/8627\/revisions"}],"predecessor-version":[{"id":8629,"href":"https:\/\/brasilnoticias.org\/site\/wp-json\/wp\/v2\/posts\/8627\/revisions\/8629"}],"wp:featuredmedia":[{"embeddable":true,"href":"https:\/\/brasilnoticias.org\/site\/wp-json\/wp\/v2\/media\/8628"}],"wp:attachment":[{"href":"https:\/\/brasilnoticias.org\/site\/wp-json\/wp\/v2\/media?parent=8627"}],"wp:term":[{"taxonomy":"category","embeddable":true,"href":"https:\/\/brasilnoticias.org\/site\/wp-json\/wp\/v2\/categories?post=8627"},{"taxonomy":"post_tag","embeddable":true,"href":"https:\/\/brasilnoticias.org\/site\/wp-json\/wp\/v2\/tags?post=8627"}],"curies":[{"name":"wp","href":"https:\/\/api.w.org\/{rel}","templated":true}]}}