{"id":8633,"date":"2023-08-26T08:00:29","date_gmt":"2023-08-26T11:00:29","guid":{"rendered":"https:\/\/brasilnoticias.org\/site\/?p=8633"},"modified":"2023-08-25T22:36:24","modified_gmt":"2023-08-26T01:36:24","slug":"luva-de-pedreiro-anuncia-que-sera-pai-cristiano-ronaldo-jr-vem-ai-to-feliz","status":"publish","type":"post","link":"https:\/\/brasilnoticias.org\/site\/luva-de-pedreiro-anuncia-que-sera-pai-cristiano-ronaldo-jr-vem-ai-to-feliz\/","title":{"rendered":"Luva de Pedreiro anuncia que ser\u00e1 pai: &#8220;Cristiano Ronaldo Jr. vem a\u00ed, t\u00f4 feliz&#8221;"},"content":{"rendered":"<p>O influenciador disse que a gravidez j\u00e1 est\u00e1 no quinto m\u00eas, mas n\u00e3o quis postar nada na internet porque &#8220;s\u00f3 tem pol\u00eamica&#8221;<\/p>\n<p>O influenciador Iran Ferreira, mais conhecido como Luva de Pedreiro, anunciou nesta sexta-feira (25) que ser\u00e1 pai e seu filho se chamar\u00e1 Cristiano Ronaldo Jr. Em uma publica\u00e7\u00e3o nas redes sociais, o jovem revelou que a gravidez da esposa j\u00e1 est\u00e1 no quinto m\u00eas, mas evitou comentar sobre a identidade da m\u00e3e da crian\u00e7a.<\/p>\n<p>\u201cEu n\u00e3o gosto de postar nada na internet, porque s\u00f3 tem pol\u00eamica. Vou ser pai, meu filho tem cinco meses e eu nunca falei a ningu\u00e9m na internet. Era pra falar em um momento especial, mas o pessoal estraga as coisas das pessoas, vou ser pai. Cristiano Ronaldo Jr. vem a\u00ed, t\u00f4 feliz\u201d, falou.<\/p>\n<p>Luva de Pedreiro deu a not\u00edcia em meio ao vazamento de um suposto v\u00eddeo \u00edntimo com a influenciadora Beca Barreto. Ele gravou uma s\u00e9rie de v\u00eddeos para esclarecer a pol\u00eamica e aproveitou para dar a not\u00edcia da gravidez aos seguidores.<\/p>\n<p>Foto: Divulga\u00e7\u00e3o\/Henrique Arcoverde<br \/>\nPor: Metro1<\/p>\n","protected":false},"excerpt":{"rendered":"<p>O influenciador disse que a gravidez j\u00e1 est\u00e1 no quinto m\u00eas, mas n\u00e3o quis postar nada na internet porque &#8220;s\u00f3<\/p>\n","protected":false},"author":4,"featured_media":8634,"comment_status":"open","ping_status":"open","sticky":false,"template":"","format":"standard","meta":{"colormag_page_container_layout":"default_layout","colormag_page_sidebar_layout":"default_layout","_FSMCFIC_featured_image_caption":"","_FSMCFIC_featured_image_nocaption":"","_FSMCFIC_featured_image_hide":"","footnotes":""},"categories":[8,1],"tags":[],"class_list":["post-8633","post","type-post","status-publish","format-standard","has-post-thumbnail","hentry","category-entretenimento","category-ultimas"],"yoast_head":"<!-- This site is optimized with the Yoast SEO plugin v27.1.1 - https:\/\/yoast.com\/product\/yoast-seo-wordpress\/ -->\n<title>Luva de Pedreiro anuncia que ser\u00e1 pai: &quot;Cristiano Ronaldo Jr. vem a\u00ed, t\u00f4 feliz&quot; - Brasil not\u00edcias<\/title>\n<meta name=\"robots\" content=\"index, follow, max-snippet:-1, max-image-preview:large, max-video-preview:-1\" \/>\n<link rel=\"canonical\" href=\"https:\/\/brasilnoticias.org\/site\/luva-de-pedreiro-anuncia-que-sera-pai-cristiano-ronaldo-jr-vem-ai-to-feliz\/\" \/>\n<meta property=\"og:locale\" content=\"pt_PT\" \/>\n<meta property=\"og:type\" content=\"article\" \/>\n<meta property=\"og:title\" content=\"Luva de Pedreiro anuncia que ser\u00e1 pai: &quot;Cristiano Ronaldo Jr. vem a\u00ed, t\u00f4 feliz&quot; - Brasil not\u00edcias\" \/>\n<meta property=\"og:description\" content=\"O influenciador disse que a gravidez j\u00e1 est\u00e1 no quinto m\u00eas, mas n\u00e3o quis postar nada na internet porque &#8220;s\u00f3\" \/>\n<meta property=\"og:url\" content=\"https:\/\/brasilnoticias.org\/site\/luva-de-pedreiro-anuncia-que-sera-pai-cristiano-ronaldo-jr-vem-ai-to-feliz\/\" \/>\n<meta property=\"og:site_name\" content=\"Brasil not\u00edcias\" \/>\n<meta property=\"article:published_time\" content=\"2023-08-26T11:00:29+00:00\" \/>\n<meta property=\"og:image\" content=\"https:\/\/brasilnoticias.org\/site\/wp-content\/uploads\/2023\/08\/140278luva-de-pedreiro-anuncia-que-sera-pai-cristiano-ronaldo-jr-vem-ai-to-feliz-3.jpg\" \/>\n\t<meta property=\"og:image:width\" content=\"1600\" \/>\n\t<meta property=\"og:image:height\" content=\"752\" \/>\n\t<meta property=\"og:image:type\" content=\"image\/jpeg\" \/>\n<meta name=\"author\" content=\"Reda\u00e7\u00e3o\" \/>\n<meta name=\"twitter:card\" content=\"summary_large_image\" \/>\n<meta name=\"twitter:label1\" content=\"Escrito por\" \/>\n\t<meta name=\"twitter:data1\" content=\"Reda\u00e7\u00e3o\" \/>\n<script type=\"application\/ld+json\" class=\"yoast-schema-graph\">{\"@context\":\"https:\/\/schema.org\",\"@graph\":[{\"@type\":\"Article\",\"@id\":\"https:\/\/brasilnoticias.org\/site\/luva-de-pedreiro-anuncia-que-sera-pai-cristiano-ronaldo-jr-vem-ai-to-feliz\/#article\",\"isPartOf\":{\"@id\":\"https:\/\/brasilnoticias.org\/site\/luva-de-pedreiro-anuncia-que-sera-pai-cristiano-ronaldo-jr-vem-ai-to-feliz\/\"},\"author\":{\"name\":\"Reda\u00e7\u00e3o\",\"@id\":\"https:\/\/brasilnoticias.org\/site\/#\/schema\/person\/03bbbfe6c7634ad18c26444ea39049fa\"},\"headline\":\"Luva de Pedreiro anuncia que ser\u00e1 pai: &#8220;Cristiano Ronaldo Jr. vem a\u00ed, t\u00f4 feliz&#8221;\",\"datePublished\":\"2023-08-26T11:00:29+00:00\",\"mainEntityOfPage\":{\"@id\":\"https:\/\/brasilnoticias.org\/site\/luva-de-pedreiro-anuncia-que-sera-pai-cristiano-ronaldo-jr-vem-ai-to-feliz\/\"},\"wordCount\":206,\"commentCount\":0,\"publisher\":{\"@id\":\"https:\/\/brasilnoticias.org\/site\/#organization\"},\"image\":{\"@id\":\"https:\/\/brasilnoticias.org\/site\/luva-de-pedreiro-anuncia-que-sera-pai-cristiano-ronaldo-jr-vem-ai-to-feliz\/#primaryimage\"},\"thumbnailUrl\":\"https:\/\/brasilnoticias.org\/site\/wp-content\/uploads\/2023\/08\/140278luva-de-pedreiro-anuncia-que-sera-pai-cristiano-ronaldo-jr-vem-ai-to-feliz-3.jpg\",\"articleSection\":[\"Entretenimento\",\"\u00daltimas\"],\"inLanguage\":\"pt-PT\",\"potentialAction\":[{\"@type\":\"CommentAction\",\"name\":\"Comment\",\"target\":[\"https:\/\/brasilnoticias.org\/site\/luva-de-pedreiro-anuncia-que-sera-pai-cristiano-ronaldo-jr-vem-ai-to-feliz\/#respond\"]}]},{\"@type\":\"WebPage\",\"@id\":\"https:\/\/brasilnoticias.org\/site\/luva-de-pedreiro-anuncia-que-sera-pai-cristiano-ronaldo-jr-vem-ai-to-feliz\/\",\"url\":\"https:\/\/brasilnoticias.org\/site\/luva-de-pedreiro-anuncia-que-sera-pai-cristiano-ronaldo-jr-vem-ai-to-feliz\/\",\"name\":\"Luva de Pedreiro anuncia que ser\u00e1 pai: \\\"Cristiano Ronaldo Jr. vem a\u00ed, t\u00f4 feliz\\\" - Brasil not\u00edcias\",\"isPartOf\":{\"@id\":\"https:\/\/brasilnoticias.org\/site\/#website\"},\"primaryImageOfPage\":{\"@id\":\"https:\/\/brasilnoticias.org\/site\/luva-de-pedreiro-anuncia-que-sera-pai-cristiano-ronaldo-jr-vem-ai-to-feliz\/#primaryimage\"},\"image\":{\"@id\":\"https:\/\/brasilnoticias.org\/site\/luva-de-pedreiro-anuncia-que-sera-pai-cristiano-ronaldo-jr-vem-ai-to-feliz\/#primaryimage\"},\"thumbnailUrl\":\"https:\/\/brasilnoticias.org\/site\/wp-content\/uploads\/2023\/08\/140278luva-de-pedreiro-anuncia-que-sera-pai-cristiano-ronaldo-jr-vem-ai-to-feliz-3.jpg\",\"datePublished\":\"2023-08-26T11:00:29+00:00\",\"breadcrumb\":{\"@id\":\"https:\/\/brasilnoticias.org\/site\/luva-de-pedreiro-anuncia-que-sera-pai-cristiano-ronaldo-jr-vem-ai-to-feliz\/#breadcrumb\"},\"inLanguage\":\"pt-PT\",\"potentialAction\":[{\"@type\":\"ReadAction\",\"target\":[\"https:\/\/brasilnoticias.org\/site\/luva-de-pedreiro-anuncia-que-sera-pai-cristiano-ronaldo-jr-vem-ai-to-feliz\/\"]}]},{\"@type\":\"ImageObject\",\"inLanguage\":\"pt-PT\",\"@id\":\"https:\/\/brasilnoticias.org\/site\/luva-de-pedreiro-anuncia-que-sera-pai-cristiano-ronaldo-jr-vem-ai-to-feliz\/#primaryimage\",\"url\":\"https:\/\/brasilnoticias.org\/site\/wp-content\/uploads\/2023\/08\/140278luva-de-pedreiro-anuncia-que-sera-pai-cristiano-ronaldo-jr-vem-ai-to-feliz-3.jpg\",\"contentUrl\":\"https:\/\/brasilnoticias.org\/site\/wp-content\/uploads\/2023\/08\/140278luva-de-pedreiro-anuncia-que-sera-pai-cristiano-ronaldo-jr-vem-ai-to-feliz-3.jpg\",\"width\":1600,\"height\":752},{\"@type\":\"BreadcrumbList\",\"@id\":\"https:\/\/brasilnoticias.org\/site\/luva-de-pedreiro-anuncia-que-sera-pai-cristiano-ronaldo-jr-vem-ai-to-feliz\/#breadcrumb\",\"itemListElement\":[{\"@type\":\"ListItem\",\"position\":1,\"name\":\"In\u00edcio\",\"item\":\"https:\/\/brasilnoticias.org\/site\/\"},{\"@type\":\"ListItem\",\"position\":2,\"name\":\"Luva de Pedreiro anuncia que ser\u00e1 pai: &#8220;Cristiano Ronaldo Jr. vem a\u00ed, t\u00f4 feliz&#8221;\"}]},{\"@type\":\"WebSite\",\"@id\":\"https:\/\/brasilnoticias.org\/site\/#website\",\"url\":\"https:\/\/brasilnoticias.org\/site\/\",\"name\":\"Brasil not\u00edcias\",\"description\":\"Brasil not\u00edcias\",\"publisher\":{\"@id\":\"https:\/\/brasilnoticias.org\/site\/#organization\"},\"potentialAction\":[{\"@type\":\"SearchAction\",\"target\":{\"@type\":\"EntryPoint\",\"urlTemplate\":\"https:\/\/brasilnoticias.org\/site\/?s={search_term_string}\"},\"query-input\":{\"@type\":\"PropertyValueSpecification\",\"valueRequired\":true,\"valueName\":\"search_term_string\"}}],\"inLanguage\":\"pt-PT\"},{\"@type\":\"Organization\",\"@id\":\"https:\/\/brasilnoticias.org\/site\/#organization\",\"name\":\"Brasil not\u00edcias\",\"url\":\"https:\/\/brasilnoticias.org\/site\/\",\"logo\":{\"@type\":\"ImageObject\",\"inLanguage\":\"pt-PT\",\"@id\":\"https:\/\/brasilnoticias.org\/site\/#\/schema\/logo\/image\/\",\"url\":\"https:\/\/brasilnoticias.org\/site\/wp-content\/uploads\/2022\/05\/cropped-brasilnoticias-mini.jpg\",\"contentUrl\":\"https:\/\/brasilnoticias.org\/site\/wp-content\/uploads\/2022\/05\/cropped-brasilnoticias-mini.jpg\",\"width\":314,\"height\":86,\"caption\":\"Brasil not\u00edcias\"},\"image\":{\"@id\":\"https:\/\/brasilnoticias.org\/site\/#\/schema\/logo\/image\/\"}},{\"@type\":\"Person\",\"@id\":\"https:\/\/brasilnoticias.org\/site\/#\/schema\/person\/03bbbfe6c7634ad18c26444ea39049fa\",\"name\":\"Reda\u00e7\u00e3o\",\"image\":{\"@type\":\"ImageObject\",\"inLanguage\":\"pt-PT\",\"@id\":\"https:\/\/brasilnoticias.org\/site\/#\/schema\/person\/image\/\",\"url\":\"https:\/\/secure.gravatar.com\/avatar\/9ecaf7327a696cb23ad926fedded5f1f04d7049de9e445375d55b48c001a6e42?s=96&d=mm&r=g\",\"contentUrl\":\"https:\/\/secure.gravatar.com\/avatar\/9ecaf7327a696cb23ad926fedded5f1f04d7049de9e445375d55b48c001a6e42?s=96&d=mm&r=g\",\"caption\":\"Reda\u00e7\u00e3o\"},\"url\":\"https:\/\/brasilnoticias.org\/site\/author\/henrique\/\"}]}<\/script>\n<!-- \/ Yoast SEO plugin. -->","yoast_head_json":{"title":"Luva de Pedreiro anuncia que ser\u00e1 pai: \"Cristiano Ronaldo Jr. vem a\u00ed, t\u00f4 feliz\" - Brasil not\u00edcias","robots":{"index":"index","follow":"follow","max-snippet":"max-snippet:-1","max-image-preview":"max-image-preview:large","max-video-preview":"max-video-preview:-1"},"canonical":"https:\/\/brasilnoticias.org\/site\/luva-de-pedreiro-anuncia-que-sera-pai-cristiano-ronaldo-jr-vem-ai-to-feliz\/","og_locale":"pt_PT","og_type":"article","og_title":"Luva de Pedreiro anuncia que ser\u00e1 pai: \"Cristiano Ronaldo Jr. vem a\u00ed, t\u00f4 feliz\" - Brasil not\u00edcias","og_description":"O influenciador disse que a gravidez j\u00e1 est\u00e1 no quinto m\u00eas, mas n\u00e3o quis postar nada na internet porque &#8220;s\u00f3","og_url":"https:\/\/brasilnoticias.org\/site\/luva-de-pedreiro-anuncia-que-sera-pai-cristiano-ronaldo-jr-vem-ai-to-feliz\/","og_site_name":"Brasil not\u00edcias","article_published_time":"2023-08-26T11:00:29+00:00","og_image":[{"width":1600,"height":752,"url":"https:\/\/brasilnoticias.org\/site\/wp-content\/uploads\/2023\/08\/140278luva-de-pedreiro-anuncia-que-sera-pai-cristiano-ronaldo-jr-vem-ai-to-feliz-3.jpg","type":"image\/jpeg"}],"author":"Reda\u00e7\u00e3o","twitter_card":"summary_large_image","twitter_misc":{"Escrito por":"Reda\u00e7\u00e3o"},"schema":{"@context":"https:\/\/schema.org","@graph":[{"@type":"Article","@id":"https:\/\/brasilnoticias.org\/site\/luva-de-pedreiro-anuncia-que-sera-pai-cristiano-ronaldo-jr-vem-ai-to-feliz\/#article","isPartOf":{"@id":"https:\/\/brasilnoticias.org\/site\/luva-de-pedreiro-anuncia-que-sera-pai-cristiano-ronaldo-jr-vem-ai-to-feliz\/"},"author":{"name":"Reda\u00e7\u00e3o","@id":"https:\/\/brasilnoticias.org\/site\/#\/schema\/person\/03bbbfe6c7634ad18c26444ea39049fa"},"headline":"Luva de Pedreiro anuncia que ser\u00e1 pai: &#8220;Cristiano Ronaldo Jr. vem a\u00ed, t\u00f4 feliz&#8221;","datePublished":"2023-08-26T11:00:29+00:00","mainEntityOfPage":{"@id":"https:\/\/brasilnoticias.org\/site\/luva-de-pedreiro-anuncia-que-sera-pai-cristiano-ronaldo-jr-vem-ai-to-feliz\/"},"wordCount":206,"commentCount":0,"publisher":{"@id":"https:\/\/brasilnoticias.org\/site\/#organization"},"image":{"@id":"https:\/\/brasilnoticias.org\/site\/luva-de-pedreiro-anuncia-que-sera-pai-cristiano-ronaldo-jr-vem-ai-to-feliz\/#primaryimage"},"thumbnailUrl":"https:\/\/brasilnoticias.org\/site\/wp-content\/uploads\/2023\/08\/140278luva-de-pedreiro-anuncia-que-sera-pai-cristiano-ronaldo-jr-vem-ai-to-feliz-3.jpg","articleSection":["Entretenimento","\u00daltimas"],"inLanguage":"pt-PT","potentialAction":[{"@type":"CommentAction","name":"Comment","target":["https:\/\/brasilnoticias.org\/site\/luva-de-pedreiro-anuncia-que-sera-pai-cristiano-ronaldo-jr-vem-ai-to-feliz\/#respond"]}]},{"@type":"WebPage","@id":"https:\/\/brasilnoticias.org\/site\/luva-de-pedreiro-anuncia-que-sera-pai-cristiano-ronaldo-jr-vem-ai-to-feliz\/","url":"https:\/\/brasilnoticias.org\/site\/luva-de-pedreiro-anuncia-que-sera-pai-cristiano-ronaldo-jr-vem-ai-to-feliz\/","name":"Luva de Pedreiro anuncia que ser\u00e1 pai: \"Cristiano Ronaldo Jr. vem a\u00ed, t\u00f4 feliz\" - Brasil not\u00edcias","isPartOf":{"@id":"https:\/\/brasilnoticias.org\/site\/#website"},"primaryImageOfPage":{"@id":"https:\/\/brasilnoticias.org\/site\/luva-de-pedreiro-anuncia-que-sera-pai-cristiano-ronaldo-jr-vem-ai-to-feliz\/#primaryimage"},"image":{"@id":"https:\/\/brasilnoticias.org\/site\/luva-de-pedreiro-anuncia-que-sera-pai-cristiano-ronaldo-jr-vem-ai-to-feliz\/#primaryimage"},"thumbnailUrl":"https:\/\/brasilnoticias.org\/site\/wp-content\/uploads\/2023\/08\/140278luva-de-pedreiro-anuncia-que-sera-pai-cristiano-ronaldo-jr-vem-ai-to-feliz-3.jpg","datePublished":"2023-08-26T11:00:29+00:00","breadcrumb":{"@id":"https:\/\/brasilnoticias.org\/site\/luva-de-pedreiro-anuncia-que-sera-pai-cristiano-ronaldo-jr-vem-ai-to-feliz\/#breadcrumb"},"inLanguage":"pt-PT","potentialAction":[{"@type":"ReadAction","target":["https:\/\/brasilnoticias.org\/site\/luva-de-pedreiro-anuncia-que-sera-pai-cristiano-ronaldo-jr-vem-ai-to-feliz\/"]}]},{"@type":"ImageObject","inLanguage":"pt-PT","@id":"https:\/\/brasilnoticias.org\/site\/luva-de-pedreiro-anuncia-que-sera-pai-cristiano-ronaldo-jr-vem-ai-to-feliz\/#primaryimage","url":"https:\/\/brasilnoticias.org\/site\/wp-content\/uploads\/2023\/08\/140278luva-de-pedreiro-anuncia-que-sera-pai-cristiano-ronaldo-jr-vem-ai-to-feliz-3.jpg","contentUrl":"https:\/\/brasilnoticias.org\/site\/wp-content\/uploads\/2023\/08\/140278luva-de-pedreiro-anuncia-que-sera-pai-cristiano-ronaldo-jr-vem-ai-to-feliz-3.jpg","width":1600,"height":752},{"@type":"BreadcrumbList","@id":"https:\/\/brasilnoticias.org\/site\/luva-de-pedreiro-anuncia-que-sera-pai-cristiano-ronaldo-jr-vem-ai-to-feliz\/#breadcrumb","itemListElement":[{"@type":"ListItem","position":1,"name":"In\u00edcio","item":"https:\/\/brasilnoticias.org\/site\/"},{"@type":"ListItem","position":2,"name":"Luva de Pedreiro anuncia que ser\u00e1 pai: &#8220;Cristiano Ronaldo Jr. vem a\u00ed, t\u00f4 feliz&#8221;"}]},{"@type":"WebSite","@id":"https:\/\/brasilnoticias.org\/site\/#website","url":"https:\/\/brasilnoticias.org\/site\/","name":"Brasil not\u00edcias","description":"Brasil not\u00edcias","publisher":{"@id":"https:\/\/brasilnoticias.org\/site\/#organization"},"potentialAction":[{"@type":"SearchAction","target":{"@type":"EntryPoint","urlTemplate":"https:\/\/brasilnoticias.org\/site\/?s={search_term_string}"},"query-input":{"@type":"PropertyValueSpecification","valueRequired":true,"valueName":"search_term_string"}}],"inLanguage":"pt-PT"},{"@type":"Organization","@id":"https:\/\/brasilnoticias.org\/site\/#organization","name":"Brasil not\u00edcias","url":"https:\/\/brasilnoticias.org\/site\/","logo":{"@type":"ImageObject","inLanguage":"pt-PT","@id":"https:\/\/brasilnoticias.org\/site\/#\/schema\/logo\/image\/","url":"https:\/\/brasilnoticias.org\/site\/wp-content\/uploads\/2022\/05\/cropped-brasilnoticias-mini.jpg","contentUrl":"https:\/\/brasilnoticias.org\/site\/wp-content\/uploads\/2022\/05\/cropped-brasilnoticias-mini.jpg","width":314,"height":86,"caption":"Brasil not\u00edcias"},"image":{"@id":"https:\/\/brasilnoticias.org\/site\/#\/schema\/logo\/image\/"}},{"@type":"Person","@id":"https:\/\/brasilnoticias.org\/site\/#\/schema\/person\/03bbbfe6c7634ad18c26444ea39049fa","name":"Reda\u00e7\u00e3o","image":{"@type":"ImageObject","inLanguage":"pt-PT","@id":"https:\/\/brasilnoticias.org\/site\/#\/schema\/person\/image\/","url":"https:\/\/secure.gravatar.com\/avatar\/9ecaf7327a696cb23ad926fedded5f1f04d7049de9e445375d55b48c001a6e42?s=96&d=mm&r=g","contentUrl":"https:\/\/secure.gravatar.com\/avatar\/9ecaf7327a696cb23ad926fedded5f1f04d7049de9e445375d55b48c001a6e42?s=96&d=mm&r=g","caption":"Reda\u00e7\u00e3o"},"url":"https:\/\/brasilnoticias.org\/site\/author\/henrique\/"}]}},"_links":{"self":[{"href":"https:\/\/brasilnoticias.org\/site\/wp-json\/wp\/v2\/posts\/8633","targetHints":{"allow":["GET"]}}],"collection":[{"href":"https:\/\/brasilnoticias.org\/site\/wp-json\/wp\/v2\/posts"}],"about":[{"href":"https:\/\/brasilnoticias.org\/site\/wp-json\/wp\/v2\/types\/post"}],"author":[{"embeddable":true,"href":"https:\/\/brasilnoticias.org\/site\/wp-json\/wp\/v2\/users\/4"}],"replies":[{"embeddable":true,"href":"https:\/\/brasilnoticias.org\/site\/wp-json\/wp\/v2\/comments?post=8633"}],"version-history":[{"count":1,"href":"https:\/\/brasilnoticias.org\/site\/wp-json\/wp\/v2\/posts\/8633\/revisions"}],"predecessor-version":[{"id":8635,"href":"https:\/\/brasilnoticias.org\/site\/wp-json\/wp\/v2\/posts\/8633\/revisions\/8635"}],"wp:featuredmedia":[{"embeddable":true,"href":"https:\/\/brasilnoticias.org\/site\/wp-json\/wp\/v2\/media\/8634"}],"wp:attachment":[{"href":"https:\/\/brasilnoticias.org\/site\/wp-json\/wp\/v2\/media?parent=8633"}],"wp:term":[{"taxonomy":"category","embeddable":true,"href":"https:\/\/brasilnoticias.org\/site\/wp-json\/wp\/v2\/categories?post=8633"},{"taxonomy":"post_tag","embeddable":true,"href":"https:\/\/brasilnoticias.org\/site\/wp-json\/wp\/v2\/tags?post=8633"}],"curies":[{"name":"wp","href":"https:\/\/api.w.org\/{rel}","templated":true}]}}