{"id":8642,"date":"2023-08-26T11:00:16","date_gmt":"2023-08-26T14:00:16","guid":{"rendered":"https:\/\/brasilnoticias.org\/site\/?p=8642"},"modified":"2023-08-25T22:43:06","modified_gmt":"2023-08-26T01:43:06","slug":"funceb-abre-50-vagas-para-curso-de-educacao-profissional-na-escola-de-danca","status":"publish","type":"post","link":"https:\/\/brasilnoticias.org\/site\/funceb-abre-50-vagas-para-curso-de-educacao-profissional-na-escola-de-danca\/","title":{"rendered":"Funceb abre 50 vagas para Curso de Educa\u00e7\u00e3o Profissional na Escola de Dan\u00e7a"},"content":{"rendered":"<p>Est\u00e3o abertas as inscri\u00e7\u00f5es para as pessoas interessadas em fazer parte da nova turma de estudantes do Curso de Educa\u00e7\u00e3o Profissional T\u00e9cnico de N\u00edvel M\u00e9dio em Dan\u00e7a da Escola de Dan\u00e7a da Funceb. As inscri\u00e7\u00f5es s\u00e3o gratuitas e v\u00e3o de 21 de agosto a 24 de setembro de 2023, atrav\u00e9s do site da Funceb: www.fundacaocultural.ba.gov.br.<\/p>\n<p>Est\u00e3o sendo ofertadas 50 vagas para pessoas aptas \u00e0 dan\u00e7a e que tenham conclu\u00eddo ou estejam em fase de conclus\u00e3o do Ensino M\u00e9dio. O \u00fanico custo para a pessoa aprovada \u00e9 a taxa de matr\u00edcula de R$ 20,00 por semestre.<\/p>\n<p>Processo Seletivo<\/p>\n<p>O processo seletivo ter\u00e1 dura\u00e7\u00e3o de cinco dias corridos, composto por tr\u00eas fases com car\u00e1ter classificat\u00f3rio. As provas do processo seletivo acontecer\u00e3o de 4 a 8 de dezembro de 2023, podendo participar do processo seletivo presencial apenas as pessoas candidatas que apresentarem o passaporte de vacina\u00e7\u00e3o Covid-19 contendo no m\u00ednimo duas doses, impreterivelmente.  <\/p>\n<p>Al\u00e9m disso, s\u00f3 poder\u00e3o participar do processo seletivo as pessoas candidatas que apresentarem atestado m\u00e9dico, devidamente assinado, com libera\u00e7\u00e3o para pr\u00e1tica de atividades f\u00edsicas, no dia 4 de dezembro de 2023, impreterivelmente.  <\/p>\n<p>O resultado preliminar da sele\u00e7\u00e3o ser\u00e1 divulgado no dia 18 de dezembro de 2023 no site da Funda\u00e7\u00e3o e ser\u00e1 fixado no mural da escola, contendo tamb\u00e9m a lista das pessoas suplentes. As aulas est\u00e3o programadas para come\u00e7arem no dia 04 de mar\u00e7o de 2024.<\/p>\n<p>O Curso de Educa\u00e7\u00e3o Profissional T\u00e9cnico de N\u00edvel M\u00e9dio em Dan\u00e7a da Escola de Dan\u00e7a da Funceb tem dura\u00e7\u00e3o de dois anos e meio e carga hor\u00e1ria total de 1.920 horas, \u00e9 reconhecido pelo Minist\u00e9rio da Educa\u00e7\u00e3o (MEC) e j\u00e1 formou 34 turmas de novas pessoas profissionais, que v\u00eam contribuindo para a produtividade do cen\u00e1rio da dan\u00e7a da Bahia. Criado em 1988, o Curso Profissional objetiva capacitar jovens e adultos com conhecimentos e habilidades gerais e espec\u00edficos na \u00e1rea da dan\u00e7a, visando \u00e0 forma\u00e7\u00e3o profissional e inser\u00e7\u00e3o no mundo do trabalho, aptos a uma ampla atua\u00e7\u00e3o, dan\u00e7ando, interpretando, criando, produzindo, coreografando e multiplicando a\u00e7\u00f5es art\u00edsticas em dan\u00e7a.<\/p>\n<p>Servi\u00e7o<br \/>\nProcesso Seletivo para novos estudantes do Curso de Educa\u00e7\u00e3o Profissional T\u00e9cnica de N\u00edvel M\u00e9dio em Dan\u00e7a da Escola de Dan\u00e7a da Funceb<\/p>\n<p>Inscri\u00e7\u00f5es: 21 de agosto de 2023 a 24 de setembro de 2023<br \/>\nSele\u00e7\u00e3o: 4 a 8 de dezembro de 2023.<br \/>\nIn\u00edcio das aulas: 4 de mar\u00e7o de 2024.<\/p>\n<p>Foto: Lucas Malkut<br \/>\nFonte: Ascom\/Funceb<\/p>\n","protected":false},"excerpt":{"rendered":"<p>Est\u00e3o abertas as inscri\u00e7\u00f5es para as pessoas interessadas em fazer parte da nova turma de estudantes do Curso de Educa\u00e7\u00e3o<\/p>\n","protected":false},"author":4,"featured_media":8643,"comment_status":"open","ping_status":"open","sticky":false,"template":"","format":"standard","meta":{"colormag_page_container_layout":"default_layout","colormag_page_sidebar_layout":"default_layout","_FSMCFIC_featured_image_caption":"","_FSMCFIC_featured_image_nocaption":"","_FSMCFIC_featured_image_hide":"","footnotes":""},"categories":[2,1],"tags":[],"class_list":["post-8642","post","type-post","status-publish","format-standard","has-post-thumbnail","hentry","category-noticias","category-ultimas"],"yoast_head":"<!-- This site is optimized with the Yoast SEO plugin v27.1.1 - https:\/\/yoast.com\/product\/yoast-seo-wordpress\/ -->\n<title>Funceb abre 50 vagas para Curso de Educa\u00e7\u00e3o Profissional na Escola de Dan\u00e7a - Brasil not\u00edcias<\/title>\n<meta name=\"robots\" content=\"index, follow, max-snippet:-1, max-image-preview:large, max-video-preview:-1\" \/>\n<link rel=\"canonical\" href=\"https:\/\/brasilnoticias.org\/site\/funceb-abre-50-vagas-para-curso-de-educacao-profissional-na-escola-de-danca\/\" \/>\n<meta property=\"og:locale\" content=\"pt_PT\" \/>\n<meta property=\"og:type\" content=\"article\" \/>\n<meta property=\"og:title\" content=\"Funceb abre 50 vagas para Curso de Educa\u00e7\u00e3o Profissional na Escola de Dan\u00e7a - Brasil not\u00edcias\" \/>\n<meta property=\"og:description\" content=\"Est\u00e3o abertas as inscri\u00e7\u00f5es para as pessoas interessadas em fazer parte da nova turma de estudantes do Curso de Educa\u00e7\u00e3o\" \/>\n<meta property=\"og:url\" content=\"https:\/\/brasilnoticias.org\/site\/funceb-abre-50-vagas-para-curso-de-educacao-profissional-na-escola-de-danca\/\" \/>\n<meta property=\"og:site_name\" content=\"Brasil not\u00edcias\" \/>\n<meta property=\"article:published_time\" content=\"2023-08-26T14:00:16+00:00\" \/>\n<meta property=\"og:image\" content=\"https:\/\/brasilnoticias.org\/site\/wp-content\/uploads\/2023\/08\/trovao_foto_lucas_malkut-12-696x464-1.jpg\" \/>\n\t<meta property=\"og:image:width\" content=\"696\" \/>\n\t<meta property=\"og:image:height\" content=\"464\" \/>\n\t<meta property=\"og:image:type\" content=\"image\/jpeg\" \/>\n<meta name=\"author\" content=\"Reda\u00e7\u00e3o\" \/>\n<meta name=\"twitter:card\" content=\"summary_large_image\" \/>\n<meta name=\"twitter:label1\" content=\"Escrito por\" \/>\n\t<meta name=\"twitter:data1\" content=\"Reda\u00e7\u00e3o\" \/>\n<script type=\"application\/ld+json\" class=\"yoast-schema-graph\">{\"@context\":\"https:\/\/schema.org\",\"@graph\":[{\"@type\":\"Article\",\"@id\":\"https:\/\/brasilnoticias.org\/site\/funceb-abre-50-vagas-para-curso-de-educacao-profissional-na-escola-de-danca\/#article\",\"isPartOf\":{\"@id\":\"https:\/\/brasilnoticias.org\/site\/funceb-abre-50-vagas-para-curso-de-educacao-profissional-na-escola-de-danca\/\"},\"author\":{\"name\":\"Reda\u00e7\u00e3o\",\"@id\":\"https:\/\/brasilnoticias.org\/site\/#\/schema\/person\/03bbbfe6c7634ad18c26444ea39049fa\"},\"headline\":\"Funceb abre 50 vagas para Curso de Educa\u00e7\u00e3o Profissional na Escola de Dan\u00e7a\",\"datePublished\":\"2023-08-26T14:00:16+00:00\",\"mainEntityOfPage\":{\"@id\":\"https:\/\/brasilnoticias.org\/site\/funceb-abre-50-vagas-para-curso-de-educacao-profissional-na-escola-de-danca\/\"},\"wordCount\":449,\"commentCount\":0,\"publisher\":{\"@id\":\"https:\/\/brasilnoticias.org\/site\/#organization\"},\"image\":{\"@id\":\"https:\/\/brasilnoticias.org\/site\/funceb-abre-50-vagas-para-curso-de-educacao-profissional-na-escola-de-danca\/#primaryimage\"},\"thumbnailUrl\":\"https:\/\/brasilnoticias.org\/site\/wp-content\/uploads\/2023\/08\/trovao_foto_lucas_malkut-12-696x464-1.jpg\",\"articleSection\":[\"Not\u00edcias\",\"\u00daltimas\"],\"inLanguage\":\"pt-PT\",\"potentialAction\":[{\"@type\":\"CommentAction\",\"name\":\"Comment\",\"target\":[\"https:\/\/brasilnoticias.org\/site\/funceb-abre-50-vagas-para-curso-de-educacao-profissional-na-escola-de-danca\/#respond\"]}]},{\"@type\":\"WebPage\",\"@id\":\"https:\/\/brasilnoticias.org\/site\/funceb-abre-50-vagas-para-curso-de-educacao-profissional-na-escola-de-danca\/\",\"url\":\"https:\/\/brasilnoticias.org\/site\/funceb-abre-50-vagas-para-curso-de-educacao-profissional-na-escola-de-danca\/\",\"name\":\"Funceb abre 50 vagas para Curso de Educa\u00e7\u00e3o Profissional na Escola de Dan\u00e7a - Brasil not\u00edcias\",\"isPartOf\":{\"@id\":\"https:\/\/brasilnoticias.org\/site\/#website\"},\"primaryImageOfPage\":{\"@id\":\"https:\/\/brasilnoticias.org\/site\/funceb-abre-50-vagas-para-curso-de-educacao-profissional-na-escola-de-danca\/#primaryimage\"},\"image\":{\"@id\":\"https:\/\/brasilnoticias.org\/site\/funceb-abre-50-vagas-para-curso-de-educacao-profissional-na-escola-de-danca\/#primaryimage\"},\"thumbnailUrl\":\"https:\/\/brasilnoticias.org\/site\/wp-content\/uploads\/2023\/08\/trovao_foto_lucas_malkut-12-696x464-1.jpg\",\"datePublished\":\"2023-08-26T14:00:16+00:00\",\"breadcrumb\":{\"@id\":\"https:\/\/brasilnoticias.org\/site\/funceb-abre-50-vagas-para-curso-de-educacao-profissional-na-escola-de-danca\/#breadcrumb\"},\"inLanguage\":\"pt-PT\",\"potentialAction\":[{\"@type\":\"ReadAction\",\"target\":[\"https:\/\/brasilnoticias.org\/site\/funceb-abre-50-vagas-para-curso-de-educacao-profissional-na-escola-de-danca\/\"]}]},{\"@type\":\"ImageObject\",\"inLanguage\":\"pt-PT\",\"@id\":\"https:\/\/brasilnoticias.org\/site\/funceb-abre-50-vagas-para-curso-de-educacao-profissional-na-escola-de-danca\/#primaryimage\",\"url\":\"https:\/\/brasilnoticias.org\/site\/wp-content\/uploads\/2023\/08\/trovao_foto_lucas_malkut-12-696x464-1.jpg\",\"contentUrl\":\"https:\/\/brasilnoticias.org\/site\/wp-content\/uploads\/2023\/08\/trovao_foto_lucas_malkut-12-696x464-1.jpg\",\"width\":696,\"height\":464},{\"@type\":\"BreadcrumbList\",\"@id\":\"https:\/\/brasilnoticias.org\/site\/funceb-abre-50-vagas-para-curso-de-educacao-profissional-na-escola-de-danca\/#breadcrumb\",\"itemListElement\":[{\"@type\":\"ListItem\",\"position\":1,\"name\":\"In\u00edcio\",\"item\":\"https:\/\/brasilnoticias.org\/site\/\"},{\"@type\":\"ListItem\",\"position\":2,\"name\":\"Funceb abre 50 vagas para Curso de Educa\u00e7\u00e3o Profissional na Escola de Dan\u00e7a\"}]},{\"@type\":\"WebSite\",\"@id\":\"https:\/\/brasilnoticias.org\/site\/#website\",\"url\":\"https:\/\/brasilnoticias.org\/site\/\",\"name\":\"Brasil not\u00edcias\",\"description\":\"Brasil not\u00edcias\",\"publisher\":{\"@id\":\"https:\/\/brasilnoticias.org\/site\/#organization\"},\"potentialAction\":[{\"@type\":\"SearchAction\",\"target\":{\"@type\":\"EntryPoint\",\"urlTemplate\":\"https:\/\/brasilnoticias.org\/site\/?s={search_term_string}\"},\"query-input\":{\"@type\":\"PropertyValueSpecification\",\"valueRequired\":true,\"valueName\":\"search_term_string\"}}],\"inLanguage\":\"pt-PT\"},{\"@type\":\"Organization\",\"@id\":\"https:\/\/brasilnoticias.org\/site\/#organization\",\"name\":\"Brasil not\u00edcias\",\"url\":\"https:\/\/brasilnoticias.org\/site\/\",\"logo\":{\"@type\":\"ImageObject\",\"inLanguage\":\"pt-PT\",\"@id\":\"https:\/\/brasilnoticias.org\/site\/#\/schema\/logo\/image\/\",\"url\":\"https:\/\/brasilnoticias.org\/site\/wp-content\/uploads\/2022\/05\/cropped-brasilnoticias-mini.jpg\",\"contentUrl\":\"https:\/\/brasilnoticias.org\/site\/wp-content\/uploads\/2022\/05\/cropped-brasilnoticias-mini.jpg\",\"width\":314,\"height\":86,\"caption\":\"Brasil not\u00edcias\"},\"image\":{\"@id\":\"https:\/\/brasilnoticias.org\/site\/#\/schema\/logo\/image\/\"}},{\"@type\":\"Person\",\"@id\":\"https:\/\/brasilnoticias.org\/site\/#\/schema\/person\/03bbbfe6c7634ad18c26444ea39049fa\",\"name\":\"Reda\u00e7\u00e3o\",\"image\":{\"@type\":\"ImageObject\",\"inLanguage\":\"pt-PT\",\"@id\":\"https:\/\/brasilnoticias.org\/site\/#\/schema\/person\/image\/\",\"url\":\"https:\/\/secure.gravatar.com\/avatar\/9ecaf7327a696cb23ad926fedded5f1f04d7049de9e445375d55b48c001a6e42?s=96&d=mm&r=g\",\"contentUrl\":\"https:\/\/secure.gravatar.com\/avatar\/9ecaf7327a696cb23ad926fedded5f1f04d7049de9e445375d55b48c001a6e42?s=96&d=mm&r=g\",\"caption\":\"Reda\u00e7\u00e3o\"},\"url\":\"https:\/\/brasilnoticias.org\/site\/author\/henrique\/\"}]}<\/script>\n<!-- \/ Yoast SEO plugin. -->","yoast_head_json":{"title":"Funceb abre 50 vagas para Curso de Educa\u00e7\u00e3o Profissional na Escola de Dan\u00e7a - Brasil not\u00edcias","robots":{"index":"index","follow":"follow","max-snippet":"max-snippet:-1","max-image-preview":"max-image-preview:large","max-video-preview":"max-video-preview:-1"},"canonical":"https:\/\/brasilnoticias.org\/site\/funceb-abre-50-vagas-para-curso-de-educacao-profissional-na-escola-de-danca\/","og_locale":"pt_PT","og_type":"article","og_title":"Funceb abre 50 vagas para Curso de Educa\u00e7\u00e3o Profissional na Escola de Dan\u00e7a - Brasil not\u00edcias","og_description":"Est\u00e3o abertas as inscri\u00e7\u00f5es para as pessoas interessadas em fazer parte da nova turma de estudantes do Curso de Educa\u00e7\u00e3o","og_url":"https:\/\/brasilnoticias.org\/site\/funceb-abre-50-vagas-para-curso-de-educacao-profissional-na-escola-de-danca\/","og_site_name":"Brasil not\u00edcias","article_published_time":"2023-08-26T14:00:16+00:00","og_image":[{"width":696,"height":464,"url":"https:\/\/brasilnoticias.org\/site\/wp-content\/uploads\/2023\/08\/trovao_foto_lucas_malkut-12-696x464-1.jpg","type":"image\/jpeg"}],"author":"Reda\u00e7\u00e3o","twitter_card":"summary_large_image","twitter_misc":{"Escrito por":"Reda\u00e7\u00e3o"},"schema":{"@context":"https:\/\/schema.org","@graph":[{"@type":"Article","@id":"https:\/\/brasilnoticias.org\/site\/funceb-abre-50-vagas-para-curso-de-educacao-profissional-na-escola-de-danca\/#article","isPartOf":{"@id":"https:\/\/brasilnoticias.org\/site\/funceb-abre-50-vagas-para-curso-de-educacao-profissional-na-escola-de-danca\/"},"author":{"name":"Reda\u00e7\u00e3o","@id":"https:\/\/brasilnoticias.org\/site\/#\/schema\/person\/03bbbfe6c7634ad18c26444ea39049fa"},"headline":"Funceb abre 50 vagas para Curso de Educa\u00e7\u00e3o Profissional na Escola de Dan\u00e7a","datePublished":"2023-08-26T14:00:16+00:00","mainEntityOfPage":{"@id":"https:\/\/brasilnoticias.org\/site\/funceb-abre-50-vagas-para-curso-de-educacao-profissional-na-escola-de-danca\/"},"wordCount":449,"commentCount":0,"publisher":{"@id":"https:\/\/brasilnoticias.org\/site\/#organization"},"image":{"@id":"https:\/\/brasilnoticias.org\/site\/funceb-abre-50-vagas-para-curso-de-educacao-profissional-na-escola-de-danca\/#primaryimage"},"thumbnailUrl":"https:\/\/brasilnoticias.org\/site\/wp-content\/uploads\/2023\/08\/trovao_foto_lucas_malkut-12-696x464-1.jpg","articleSection":["Not\u00edcias","\u00daltimas"],"inLanguage":"pt-PT","potentialAction":[{"@type":"CommentAction","name":"Comment","target":["https:\/\/brasilnoticias.org\/site\/funceb-abre-50-vagas-para-curso-de-educacao-profissional-na-escola-de-danca\/#respond"]}]},{"@type":"WebPage","@id":"https:\/\/brasilnoticias.org\/site\/funceb-abre-50-vagas-para-curso-de-educacao-profissional-na-escola-de-danca\/","url":"https:\/\/brasilnoticias.org\/site\/funceb-abre-50-vagas-para-curso-de-educacao-profissional-na-escola-de-danca\/","name":"Funceb abre 50 vagas para Curso de Educa\u00e7\u00e3o Profissional na Escola de Dan\u00e7a - Brasil not\u00edcias","isPartOf":{"@id":"https:\/\/brasilnoticias.org\/site\/#website"},"primaryImageOfPage":{"@id":"https:\/\/brasilnoticias.org\/site\/funceb-abre-50-vagas-para-curso-de-educacao-profissional-na-escola-de-danca\/#primaryimage"},"image":{"@id":"https:\/\/brasilnoticias.org\/site\/funceb-abre-50-vagas-para-curso-de-educacao-profissional-na-escola-de-danca\/#primaryimage"},"thumbnailUrl":"https:\/\/brasilnoticias.org\/site\/wp-content\/uploads\/2023\/08\/trovao_foto_lucas_malkut-12-696x464-1.jpg","datePublished":"2023-08-26T14:00:16+00:00","breadcrumb":{"@id":"https:\/\/brasilnoticias.org\/site\/funceb-abre-50-vagas-para-curso-de-educacao-profissional-na-escola-de-danca\/#breadcrumb"},"inLanguage":"pt-PT","potentialAction":[{"@type":"ReadAction","target":["https:\/\/brasilnoticias.org\/site\/funceb-abre-50-vagas-para-curso-de-educacao-profissional-na-escola-de-danca\/"]}]},{"@type":"ImageObject","inLanguage":"pt-PT","@id":"https:\/\/brasilnoticias.org\/site\/funceb-abre-50-vagas-para-curso-de-educacao-profissional-na-escola-de-danca\/#primaryimage","url":"https:\/\/brasilnoticias.org\/site\/wp-content\/uploads\/2023\/08\/trovao_foto_lucas_malkut-12-696x464-1.jpg","contentUrl":"https:\/\/brasilnoticias.org\/site\/wp-content\/uploads\/2023\/08\/trovao_foto_lucas_malkut-12-696x464-1.jpg","width":696,"height":464},{"@type":"BreadcrumbList","@id":"https:\/\/brasilnoticias.org\/site\/funceb-abre-50-vagas-para-curso-de-educacao-profissional-na-escola-de-danca\/#breadcrumb","itemListElement":[{"@type":"ListItem","position":1,"name":"In\u00edcio","item":"https:\/\/brasilnoticias.org\/site\/"},{"@type":"ListItem","position":2,"name":"Funceb abre 50 vagas para Curso de Educa\u00e7\u00e3o Profissional na Escola de Dan\u00e7a"}]},{"@type":"WebSite","@id":"https:\/\/brasilnoticias.org\/site\/#website","url":"https:\/\/brasilnoticias.org\/site\/","name":"Brasil not\u00edcias","description":"Brasil not\u00edcias","publisher":{"@id":"https:\/\/brasilnoticias.org\/site\/#organization"},"potentialAction":[{"@type":"SearchAction","target":{"@type":"EntryPoint","urlTemplate":"https:\/\/brasilnoticias.org\/site\/?s={search_term_string}"},"query-input":{"@type":"PropertyValueSpecification","valueRequired":true,"valueName":"search_term_string"}}],"inLanguage":"pt-PT"},{"@type":"Organization","@id":"https:\/\/brasilnoticias.org\/site\/#organization","name":"Brasil not\u00edcias","url":"https:\/\/brasilnoticias.org\/site\/","logo":{"@type":"ImageObject","inLanguage":"pt-PT","@id":"https:\/\/brasilnoticias.org\/site\/#\/schema\/logo\/image\/","url":"https:\/\/brasilnoticias.org\/site\/wp-content\/uploads\/2022\/05\/cropped-brasilnoticias-mini.jpg","contentUrl":"https:\/\/brasilnoticias.org\/site\/wp-content\/uploads\/2022\/05\/cropped-brasilnoticias-mini.jpg","width":314,"height":86,"caption":"Brasil not\u00edcias"},"image":{"@id":"https:\/\/brasilnoticias.org\/site\/#\/schema\/logo\/image\/"}},{"@type":"Person","@id":"https:\/\/brasilnoticias.org\/site\/#\/schema\/person\/03bbbfe6c7634ad18c26444ea39049fa","name":"Reda\u00e7\u00e3o","image":{"@type":"ImageObject","inLanguage":"pt-PT","@id":"https:\/\/brasilnoticias.org\/site\/#\/schema\/person\/image\/","url":"https:\/\/secure.gravatar.com\/avatar\/9ecaf7327a696cb23ad926fedded5f1f04d7049de9e445375d55b48c001a6e42?s=96&d=mm&r=g","contentUrl":"https:\/\/secure.gravatar.com\/avatar\/9ecaf7327a696cb23ad926fedded5f1f04d7049de9e445375d55b48c001a6e42?s=96&d=mm&r=g","caption":"Reda\u00e7\u00e3o"},"url":"https:\/\/brasilnoticias.org\/site\/author\/henrique\/"}]}},"_links":{"self":[{"href":"https:\/\/brasilnoticias.org\/site\/wp-json\/wp\/v2\/posts\/8642","targetHints":{"allow":["GET"]}}],"collection":[{"href":"https:\/\/brasilnoticias.org\/site\/wp-json\/wp\/v2\/posts"}],"about":[{"href":"https:\/\/brasilnoticias.org\/site\/wp-json\/wp\/v2\/types\/post"}],"author":[{"embeddable":true,"href":"https:\/\/brasilnoticias.org\/site\/wp-json\/wp\/v2\/users\/4"}],"replies":[{"embeddable":true,"href":"https:\/\/brasilnoticias.org\/site\/wp-json\/wp\/v2\/comments?post=8642"}],"version-history":[{"count":1,"href":"https:\/\/brasilnoticias.org\/site\/wp-json\/wp\/v2\/posts\/8642\/revisions"}],"predecessor-version":[{"id":8644,"href":"https:\/\/brasilnoticias.org\/site\/wp-json\/wp\/v2\/posts\/8642\/revisions\/8644"}],"wp:featuredmedia":[{"embeddable":true,"href":"https:\/\/brasilnoticias.org\/site\/wp-json\/wp\/v2\/media\/8643"}],"wp:attachment":[{"href":"https:\/\/brasilnoticias.org\/site\/wp-json\/wp\/v2\/media?parent=8642"}],"wp:term":[{"taxonomy":"category","embeddable":true,"href":"https:\/\/brasilnoticias.org\/site\/wp-json\/wp\/v2\/categories?post=8642"},{"taxonomy":"post_tag","embeddable":true,"href":"https:\/\/brasilnoticias.org\/site\/wp-json\/wp\/v2\/tags?post=8642"}],"curies":[{"name":"wp","href":"https:\/\/api.w.org\/{rel}","templated":true}]}}