{"id":8673,"date":"2023-08-27T10:01:43","date_gmt":"2023-08-27T13:01:43","guid":{"rendered":"https:\/\/brasilnoticias.org\/site\/?p=8673"},"modified":"2023-08-26T19:03:27","modified_gmt":"2023-08-26T22:03:27","slug":"prefeitura-de-salvador-investe-r58-milhoes-em-novas-salas-para-atendimento-especializado-nas-escolas-municipais","status":"publish","type":"post","link":"https:\/\/brasilnoticias.org\/site\/prefeitura-de-salvador-investe-r58-milhoes-em-novas-salas-para-atendimento-especializado-nas-escolas-municipais\/","title":{"rendered":"Prefeitura de Salvador investe R$5,8 milh\u00f5es em novas salas para atendimento especializado nas escolas municipais"},"content":{"rendered":"<p>Trinta e uma unidades escolares da rede municipal passar\u00e3o a contar com novas salas de recursos multifuncionais (SRM) \u2013 espa\u00e7os destinados ao Atendimento Educacional Especializado (AEE). Para essas obras, a Prefeitura, por meio da Secretaria Municipal da Educa\u00e7\u00e3o (Smed), destinar\u00e1 R$5,87 milh\u00f5es em investimentos. Com isso, o munic\u00edpio, que j\u00e1 conta com 94 salas de AEE em funcionamento, alcan\u00e7ar\u00e1 127 escolas equipadas com esse recurso destinado ao atendimento de alunos com defici\u00eancia, transtornos do neurodesenvolvimento e altas habilidades. <\/p>\n<p>Os projetos contemplam a constru\u00e7\u00e3o da sala e de banheiros PCD adjacentes. Os espa\u00e7os s\u00e3o equipados com materiais pedag\u00f3gicos e mobili\u00e1rios adequados aos alunos e pr\u00f3prios para os trabalhos a serem realizados. \u201cO atendimento especializado, no \u00e2mbito da educa\u00e7\u00e3o inclusiva, traz v\u00e1rios benef\u00edcios ao aluno, como o desenvolvimento gradual de habilidades, compet\u00eancias, autonomia e potencialidades, que se refletem tamb\u00e9m na sala de aula regular, na conviv\u00eancia com os colegas e na vida social e familiar\u201d, afirma o titular da Smed, Thiago Dantas. <\/p>\n<p>As atividades de AEE nas salas de recursos multifuncionais s\u00e3o realizadas no contraturno das aulas regulares e conduzidas por um professor especialista na \u00e1rea de Educa\u00e7\u00e3o Especial Inclusiva. O AEE \u00e9 um servi\u00e7o de apoio que se destina a identificar e ofertar recursos da Tecnologia Assistiva (TA) no intuito desenvolver a autonomia pedag\u00f3gica do aluno p\u00fablico alvo da Educa\u00e7\u00e3o Especial, quanto aos aspectos comunicacionais, sensoriais, motores e cognitivos. Isso possibilita que eles estejam melhor preparados para acessar o curr\u00edculo na classe regular. <\/p>\n<p>\u201c\u00c9 um trabalho incr\u00edvel, que a gente nem imagina\u201d, diz Davina do Carmo, m\u00e3e de Eloah, aluna do Grupo V do Centro Municipal de Educa\u00e7\u00e3o Infantil (Cmei) \u00c1lvaro da Franca Rocha, localizado em Narandiba. A menina frequenta as aulas regulares de manh\u00e3 e \u00e0 tarde recebe atendimento especializado. Segundo Davina, o desenvolvimento da filha \u00e9 percept\u00edvel.  <\/p>\n<p>\u201cN\u00e3o tem como descrever a alegria de ver Eloah sabendo contar, sabendo escrever o nome dela e se desenvolvendo t\u00e3o bem\u201d, afirma. Ela ressalta que os resultados do trabalho de AEE se refletem tamb\u00e9m no relacionamento com os colegas, no desempenho na aula regular. \u201cEst\u00e1 tudo muito melhor. Inclusive em casa, porque para a fam\u00edlia tamb\u00e9m \u00e9 um aprendizado\u201d, completa. <\/p>\n<p>Foto: Bruno Concha<br \/>\nFonte: SECOM PMS<\/p>\n","protected":false},"excerpt":{"rendered":"<p>Trinta e uma unidades escolares da rede municipal passar\u00e3o a contar com novas salas de recursos multifuncionais (SRM) \u2013 espa\u00e7os<\/p>\n","protected":false},"author":4,"featured_media":8674,"comment_status":"open","ping_status":"open","sticky":false,"template":"","format":"standard","meta":{"colormag_page_container_layout":"default_layout","colormag_page_sidebar_layout":"default_layout","_FSMCFIC_featured_image_caption":"","_FSMCFIC_featured_image_nocaption":"","_FSMCFIC_featured_image_hide":"","footnotes":""},"categories":[2,1],"tags":[],"class_list":["post-8673","post","type-post","status-publish","format-standard","has-post-thumbnail","hentry","category-noticias","category-ultimas"],"yoast_head":"<!-- This site is optimized with the Yoast SEO plugin v27.1.1 - https:\/\/yoast.com\/product\/yoast-seo-wordpress\/ -->\n<title>Prefeitura de Salvador investe R$5,8 milh\u00f5es em novas salas para atendimento especializado nas escolas municipais - Brasil not\u00edcias<\/title>\n<meta name=\"robots\" content=\"index, follow, max-snippet:-1, max-image-preview:large, max-video-preview:-1\" \/>\n<link rel=\"canonical\" href=\"https:\/\/brasilnoticias.org\/site\/prefeitura-de-salvador-investe-r58-milhoes-em-novas-salas-para-atendimento-especializado-nas-escolas-municipais\/\" \/>\n<meta property=\"og:locale\" content=\"pt_PT\" \/>\n<meta property=\"og:type\" content=\"article\" \/>\n<meta property=\"og:title\" content=\"Prefeitura de Salvador investe R$5,8 milh\u00f5es em novas salas para atendimento especializado nas escolas municipais - Brasil not\u00edcias\" \/>\n<meta property=\"og:description\" content=\"Trinta e uma unidades escolares da rede municipal passar\u00e3o a contar com novas salas de recursos multifuncionais (SRM) \u2013 espa\u00e7os\" \/>\n<meta property=\"og:url\" content=\"https:\/\/brasilnoticias.org\/site\/prefeitura-de-salvador-investe-r58-milhoes-em-novas-salas-para-atendimento-especializado-nas-escolas-municipais\/\" \/>\n<meta property=\"og:site_name\" content=\"Brasil not\u00edcias\" \/>\n<meta property=\"article:published_time\" content=\"2023-08-27T13:01:43+00:00\" \/>\n<meta property=\"og:image\" content=\"https:\/\/brasilnoticias.org\/site\/wp-content\/uploads\/2023\/08\/Salas-de-Atendimento-Educacional-Especializado_Fot-Bruno-Concha_Secom_Pms-11.jpg\" \/>\n\t<meta property=\"og:image:width\" content=\"820\" \/>\n\t<meta property=\"og:image:height\" content=\"547\" \/>\n\t<meta property=\"og:image:type\" content=\"image\/jpeg\" \/>\n<meta name=\"author\" content=\"Reda\u00e7\u00e3o\" \/>\n<meta name=\"twitter:card\" content=\"summary_large_image\" \/>\n<meta name=\"twitter:label1\" content=\"Escrito por\" \/>\n\t<meta name=\"twitter:data1\" content=\"Reda\u00e7\u00e3o\" \/>\n<script type=\"application\/ld+json\" class=\"yoast-schema-graph\">{\"@context\":\"https:\/\/schema.org\",\"@graph\":[{\"@type\":\"Article\",\"@id\":\"https:\/\/brasilnoticias.org\/site\/prefeitura-de-salvador-investe-r58-milhoes-em-novas-salas-para-atendimento-especializado-nas-escolas-municipais\/#article\",\"isPartOf\":{\"@id\":\"https:\/\/brasilnoticias.org\/site\/prefeitura-de-salvador-investe-r58-milhoes-em-novas-salas-para-atendimento-especializado-nas-escolas-municipais\/\"},\"author\":{\"name\":\"Reda\u00e7\u00e3o\",\"@id\":\"https:\/\/brasilnoticias.org\/site\/#\/schema\/person\/03bbbfe6c7634ad18c26444ea39049fa\"},\"headline\":\"Prefeitura de Salvador investe R$5,8 milh\u00f5es em novas salas para atendimento especializado nas escolas municipais\",\"datePublished\":\"2023-08-27T13:01:43+00:00\",\"mainEntityOfPage\":{\"@id\":\"https:\/\/brasilnoticias.org\/site\/prefeitura-de-salvador-investe-r58-milhoes-em-novas-salas-para-atendimento-especializado-nas-escolas-municipais\/\"},\"wordCount\":407,\"commentCount\":0,\"publisher\":{\"@id\":\"https:\/\/brasilnoticias.org\/site\/#organization\"},\"image\":{\"@id\":\"https:\/\/brasilnoticias.org\/site\/prefeitura-de-salvador-investe-r58-milhoes-em-novas-salas-para-atendimento-especializado-nas-escolas-municipais\/#primaryimage\"},\"thumbnailUrl\":\"https:\/\/brasilnoticias.org\/site\/wp-content\/uploads\/2023\/08\/Salas-de-Atendimento-Educacional-Especializado_Fot-Bruno-Concha_Secom_Pms-11.jpg\",\"articleSection\":[\"Not\u00edcias\",\"\u00daltimas\"],\"inLanguage\":\"pt-PT\",\"potentialAction\":[{\"@type\":\"CommentAction\",\"name\":\"Comment\",\"target\":[\"https:\/\/brasilnoticias.org\/site\/prefeitura-de-salvador-investe-r58-milhoes-em-novas-salas-para-atendimento-especializado-nas-escolas-municipais\/#respond\"]}]},{\"@type\":\"WebPage\",\"@id\":\"https:\/\/brasilnoticias.org\/site\/prefeitura-de-salvador-investe-r58-milhoes-em-novas-salas-para-atendimento-especializado-nas-escolas-municipais\/\",\"url\":\"https:\/\/brasilnoticias.org\/site\/prefeitura-de-salvador-investe-r58-milhoes-em-novas-salas-para-atendimento-especializado-nas-escolas-municipais\/\",\"name\":\"Prefeitura de Salvador investe R$5,8 milh\u00f5es em novas salas para atendimento especializado nas escolas municipais - Brasil not\u00edcias\",\"isPartOf\":{\"@id\":\"https:\/\/brasilnoticias.org\/site\/#website\"},\"primaryImageOfPage\":{\"@id\":\"https:\/\/brasilnoticias.org\/site\/prefeitura-de-salvador-investe-r58-milhoes-em-novas-salas-para-atendimento-especializado-nas-escolas-municipais\/#primaryimage\"},\"image\":{\"@id\":\"https:\/\/brasilnoticias.org\/site\/prefeitura-de-salvador-investe-r58-milhoes-em-novas-salas-para-atendimento-especializado-nas-escolas-municipais\/#primaryimage\"},\"thumbnailUrl\":\"https:\/\/brasilnoticias.org\/site\/wp-content\/uploads\/2023\/08\/Salas-de-Atendimento-Educacional-Especializado_Fot-Bruno-Concha_Secom_Pms-11.jpg\",\"datePublished\":\"2023-08-27T13:01:43+00:00\",\"breadcrumb\":{\"@id\":\"https:\/\/brasilnoticias.org\/site\/prefeitura-de-salvador-investe-r58-milhoes-em-novas-salas-para-atendimento-especializado-nas-escolas-municipais\/#breadcrumb\"},\"inLanguage\":\"pt-PT\",\"potentialAction\":[{\"@type\":\"ReadAction\",\"target\":[\"https:\/\/brasilnoticias.org\/site\/prefeitura-de-salvador-investe-r58-milhoes-em-novas-salas-para-atendimento-especializado-nas-escolas-municipais\/\"]}]},{\"@type\":\"ImageObject\",\"inLanguage\":\"pt-PT\",\"@id\":\"https:\/\/brasilnoticias.org\/site\/prefeitura-de-salvador-investe-r58-milhoes-em-novas-salas-para-atendimento-especializado-nas-escolas-municipais\/#primaryimage\",\"url\":\"https:\/\/brasilnoticias.org\/site\/wp-content\/uploads\/2023\/08\/Salas-de-Atendimento-Educacional-Especializado_Fot-Bruno-Concha_Secom_Pms-11.jpg\",\"contentUrl\":\"https:\/\/brasilnoticias.org\/site\/wp-content\/uploads\/2023\/08\/Salas-de-Atendimento-Educacional-Especializado_Fot-Bruno-Concha_Secom_Pms-11.jpg\",\"width\":820,\"height\":547},{\"@type\":\"BreadcrumbList\",\"@id\":\"https:\/\/brasilnoticias.org\/site\/prefeitura-de-salvador-investe-r58-milhoes-em-novas-salas-para-atendimento-especializado-nas-escolas-municipais\/#breadcrumb\",\"itemListElement\":[{\"@type\":\"ListItem\",\"position\":1,\"name\":\"In\u00edcio\",\"item\":\"https:\/\/brasilnoticias.org\/site\/\"},{\"@type\":\"ListItem\",\"position\":2,\"name\":\"Prefeitura de Salvador investe R$5,8 milh\u00f5es em novas salas para atendimento especializado nas escolas municipais\"}]},{\"@type\":\"WebSite\",\"@id\":\"https:\/\/brasilnoticias.org\/site\/#website\",\"url\":\"https:\/\/brasilnoticias.org\/site\/\",\"name\":\"Brasil not\u00edcias\",\"description\":\"Brasil not\u00edcias\",\"publisher\":{\"@id\":\"https:\/\/brasilnoticias.org\/site\/#organization\"},\"potentialAction\":[{\"@type\":\"SearchAction\",\"target\":{\"@type\":\"EntryPoint\",\"urlTemplate\":\"https:\/\/brasilnoticias.org\/site\/?s={search_term_string}\"},\"query-input\":{\"@type\":\"PropertyValueSpecification\",\"valueRequired\":true,\"valueName\":\"search_term_string\"}}],\"inLanguage\":\"pt-PT\"},{\"@type\":\"Organization\",\"@id\":\"https:\/\/brasilnoticias.org\/site\/#organization\",\"name\":\"Brasil not\u00edcias\",\"url\":\"https:\/\/brasilnoticias.org\/site\/\",\"logo\":{\"@type\":\"ImageObject\",\"inLanguage\":\"pt-PT\",\"@id\":\"https:\/\/brasilnoticias.org\/site\/#\/schema\/logo\/image\/\",\"url\":\"https:\/\/brasilnoticias.org\/site\/wp-content\/uploads\/2022\/05\/cropped-brasilnoticias-mini.jpg\",\"contentUrl\":\"https:\/\/brasilnoticias.org\/site\/wp-content\/uploads\/2022\/05\/cropped-brasilnoticias-mini.jpg\",\"width\":314,\"height\":86,\"caption\":\"Brasil not\u00edcias\"},\"image\":{\"@id\":\"https:\/\/brasilnoticias.org\/site\/#\/schema\/logo\/image\/\"}},{\"@type\":\"Person\",\"@id\":\"https:\/\/brasilnoticias.org\/site\/#\/schema\/person\/03bbbfe6c7634ad18c26444ea39049fa\",\"name\":\"Reda\u00e7\u00e3o\",\"image\":{\"@type\":\"ImageObject\",\"inLanguage\":\"pt-PT\",\"@id\":\"https:\/\/brasilnoticias.org\/site\/#\/schema\/person\/image\/\",\"url\":\"https:\/\/secure.gravatar.com\/avatar\/9ecaf7327a696cb23ad926fedded5f1f04d7049de9e445375d55b48c001a6e42?s=96&d=mm&r=g\",\"contentUrl\":\"https:\/\/secure.gravatar.com\/avatar\/9ecaf7327a696cb23ad926fedded5f1f04d7049de9e445375d55b48c001a6e42?s=96&d=mm&r=g\",\"caption\":\"Reda\u00e7\u00e3o\"},\"url\":\"https:\/\/brasilnoticias.org\/site\/author\/henrique\/\"}]}<\/script>\n<!-- \/ Yoast SEO plugin. -->","yoast_head_json":{"title":"Prefeitura de Salvador investe R$5,8 milh\u00f5es em novas salas para atendimento especializado nas escolas municipais - Brasil not\u00edcias","robots":{"index":"index","follow":"follow","max-snippet":"max-snippet:-1","max-image-preview":"max-image-preview:large","max-video-preview":"max-video-preview:-1"},"canonical":"https:\/\/brasilnoticias.org\/site\/prefeitura-de-salvador-investe-r58-milhoes-em-novas-salas-para-atendimento-especializado-nas-escolas-municipais\/","og_locale":"pt_PT","og_type":"article","og_title":"Prefeitura de Salvador investe R$5,8 milh\u00f5es em novas salas para atendimento especializado nas escolas municipais - Brasil not\u00edcias","og_description":"Trinta e uma unidades escolares da rede municipal passar\u00e3o a contar com novas salas de recursos multifuncionais (SRM) \u2013 espa\u00e7os","og_url":"https:\/\/brasilnoticias.org\/site\/prefeitura-de-salvador-investe-r58-milhoes-em-novas-salas-para-atendimento-especializado-nas-escolas-municipais\/","og_site_name":"Brasil not\u00edcias","article_published_time":"2023-08-27T13:01:43+00:00","og_image":[{"width":820,"height":547,"url":"https:\/\/brasilnoticias.org\/site\/wp-content\/uploads\/2023\/08\/Salas-de-Atendimento-Educacional-Especializado_Fot-Bruno-Concha_Secom_Pms-11.jpg","type":"image\/jpeg"}],"author":"Reda\u00e7\u00e3o","twitter_card":"summary_large_image","twitter_misc":{"Escrito por":"Reda\u00e7\u00e3o"},"schema":{"@context":"https:\/\/schema.org","@graph":[{"@type":"Article","@id":"https:\/\/brasilnoticias.org\/site\/prefeitura-de-salvador-investe-r58-milhoes-em-novas-salas-para-atendimento-especializado-nas-escolas-municipais\/#article","isPartOf":{"@id":"https:\/\/brasilnoticias.org\/site\/prefeitura-de-salvador-investe-r58-milhoes-em-novas-salas-para-atendimento-especializado-nas-escolas-municipais\/"},"author":{"name":"Reda\u00e7\u00e3o","@id":"https:\/\/brasilnoticias.org\/site\/#\/schema\/person\/03bbbfe6c7634ad18c26444ea39049fa"},"headline":"Prefeitura de Salvador investe R$5,8 milh\u00f5es em novas salas para atendimento especializado nas escolas municipais","datePublished":"2023-08-27T13:01:43+00:00","mainEntityOfPage":{"@id":"https:\/\/brasilnoticias.org\/site\/prefeitura-de-salvador-investe-r58-milhoes-em-novas-salas-para-atendimento-especializado-nas-escolas-municipais\/"},"wordCount":407,"commentCount":0,"publisher":{"@id":"https:\/\/brasilnoticias.org\/site\/#organization"},"image":{"@id":"https:\/\/brasilnoticias.org\/site\/prefeitura-de-salvador-investe-r58-milhoes-em-novas-salas-para-atendimento-especializado-nas-escolas-municipais\/#primaryimage"},"thumbnailUrl":"https:\/\/brasilnoticias.org\/site\/wp-content\/uploads\/2023\/08\/Salas-de-Atendimento-Educacional-Especializado_Fot-Bruno-Concha_Secom_Pms-11.jpg","articleSection":["Not\u00edcias","\u00daltimas"],"inLanguage":"pt-PT","potentialAction":[{"@type":"CommentAction","name":"Comment","target":["https:\/\/brasilnoticias.org\/site\/prefeitura-de-salvador-investe-r58-milhoes-em-novas-salas-para-atendimento-especializado-nas-escolas-municipais\/#respond"]}]},{"@type":"WebPage","@id":"https:\/\/brasilnoticias.org\/site\/prefeitura-de-salvador-investe-r58-milhoes-em-novas-salas-para-atendimento-especializado-nas-escolas-municipais\/","url":"https:\/\/brasilnoticias.org\/site\/prefeitura-de-salvador-investe-r58-milhoes-em-novas-salas-para-atendimento-especializado-nas-escolas-municipais\/","name":"Prefeitura de Salvador investe R$5,8 milh\u00f5es em novas salas para atendimento especializado nas escolas municipais - Brasil not\u00edcias","isPartOf":{"@id":"https:\/\/brasilnoticias.org\/site\/#website"},"primaryImageOfPage":{"@id":"https:\/\/brasilnoticias.org\/site\/prefeitura-de-salvador-investe-r58-milhoes-em-novas-salas-para-atendimento-especializado-nas-escolas-municipais\/#primaryimage"},"image":{"@id":"https:\/\/brasilnoticias.org\/site\/prefeitura-de-salvador-investe-r58-milhoes-em-novas-salas-para-atendimento-especializado-nas-escolas-municipais\/#primaryimage"},"thumbnailUrl":"https:\/\/brasilnoticias.org\/site\/wp-content\/uploads\/2023\/08\/Salas-de-Atendimento-Educacional-Especializado_Fot-Bruno-Concha_Secom_Pms-11.jpg","datePublished":"2023-08-27T13:01:43+00:00","breadcrumb":{"@id":"https:\/\/brasilnoticias.org\/site\/prefeitura-de-salvador-investe-r58-milhoes-em-novas-salas-para-atendimento-especializado-nas-escolas-municipais\/#breadcrumb"},"inLanguage":"pt-PT","potentialAction":[{"@type":"ReadAction","target":["https:\/\/brasilnoticias.org\/site\/prefeitura-de-salvador-investe-r58-milhoes-em-novas-salas-para-atendimento-especializado-nas-escolas-municipais\/"]}]},{"@type":"ImageObject","inLanguage":"pt-PT","@id":"https:\/\/brasilnoticias.org\/site\/prefeitura-de-salvador-investe-r58-milhoes-em-novas-salas-para-atendimento-especializado-nas-escolas-municipais\/#primaryimage","url":"https:\/\/brasilnoticias.org\/site\/wp-content\/uploads\/2023\/08\/Salas-de-Atendimento-Educacional-Especializado_Fot-Bruno-Concha_Secom_Pms-11.jpg","contentUrl":"https:\/\/brasilnoticias.org\/site\/wp-content\/uploads\/2023\/08\/Salas-de-Atendimento-Educacional-Especializado_Fot-Bruno-Concha_Secom_Pms-11.jpg","width":820,"height":547},{"@type":"BreadcrumbList","@id":"https:\/\/brasilnoticias.org\/site\/prefeitura-de-salvador-investe-r58-milhoes-em-novas-salas-para-atendimento-especializado-nas-escolas-municipais\/#breadcrumb","itemListElement":[{"@type":"ListItem","position":1,"name":"In\u00edcio","item":"https:\/\/brasilnoticias.org\/site\/"},{"@type":"ListItem","position":2,"name":"Prefeitura de Salvador investe R$5,8 milh\u00f5es em novas salas para atendimento especializado nas escolas municipais"}]},{"@type":"WebSite","@id":"https:\/\/brasilnoticias.org\/site\/#website","url":"https:\/\/brasilnoticias.org\/site\/","name":"Brasil not\u00edcias","description":"Brasil not\u00edcias","publisher":{"@id":"https:\/\/brasilnoticias.org\/site\/#organization"},"potentialAction":[{"@type":"SearchAction","target":{"@type":"EntryPoint","urlTemplate":"https:\/\/brasilnoticias.org\/site\/?s={search_term_string}"},"query-input":{"@type":"PropertyValueSpecification","valueRequired":true,"valueName":"search_term_string"}}],"inLanguage":"pt-PT"},{"@type":"Organization","@id":"https:\/\/brasilnoticias.org\/site\/#organization","name":"Brasil not\u00edcias","url":"https:\/\/brasilnoticias.org\/site\/","logo":{"@type":"ImageObject","inLanguage":"pt-PT","@id":"https:\/\/brasilnoticias.org\/site\/#\/schema\/logo\/image\/","url":"https:\/\/brasilnoticias.org\/site\/wp-content\/uploads\/2022\/05\/cropped-brasilnoticias-mini.jpg","contentUrl":"https:\/\/brasilnoticias.org\/site\/wp-content\/uploads\/2022\/05\/cropped-brasilnoticias-mini.jpg","width":314,"height":86,"caption":"Brasil not\u00edcias"},"image":{"@id":"https:\/\/brasilnoticias.org\/site\/#\/schema\/logo\/image\/"}},{"@type":"Person","@id":"https:\/\/brasilnoticias.org\/site\/#\/schema\/person\/03bbbfe6c7634ad18c26444ea39049fa","name":"Reda\u00e7\u00e3o","image":{"@type":"ImageObject","inLanguage":"pt-PT","@id":"https:\/\/brasilnoticias.org\/site\/#\/schema\/person\/image\/","url":"https:\/\/secure.gravatar.com\/avatar\/9ecaf7327a696cb23ad926fedded5f1f04d7049de9e445375d55b48c001a6e42?s=96&d=mm&r=g","contentUrl":"https:\/\/secure.gravatar.com\/avatar\/9ecaf7327a696cb23ad926fedded5f1f04d7049de9e445375d55b48c001a6e42?s=96&d=mm&r=g","caption":"Reda\u00e7\u00e3o"},"url":"https:\/\/brasilnoticias.org\/site\/author\/henrique\/"}]}},"_links":{"self":[{"href":"https:\/\/brasilnoticias.org\/site\/wp-json\/wp\/v2\/posts\/8673","targetHints":{"allow":["GET"]}}],"collection":[{"href":"https:\/\/brasilnoticias.org\/site\/wp-json\/wp\/v2\/posts"}],"about":[{"href":"https:\/\/brasilnoticias.org\/site\/wp-json\/wp\/v2\/types\/post"}],"author":[{"embeddable":true,"href":"https:\/\/brasilnoticias.org\/site\/wp-json\/wp\/v2\/users\/4"}],"replies":[{"embeddable":true,"href":"https:\/\/brasilnoticias.org\/site\/wp-json\/wp\/v2\/comments?post=8673"}],"version-history":[{"count":1,"href":"https:\/\/brasilnoticias.org\/site\/wp-json\/wp\/v2\/posts\/8673\/revisions"}],"predecessor-version":[{"id":8675,"href":"https:\/\/brasilnoticias.org\/site\/wp-json\/wp\/v2\/posts\/8673\/revisions\/8675"}],"wp:featuredmedia":[{"embeddable":true,"href":"https:\/\/brasilnoticias.org\/site\/wp-json\/wp\/v2\/media\/8674"}],"wp:attachment":[{"href":"https:\/\/brasilnoticias.org\/site\/wp-json\/wp\/v2\/media?parent=8673"}],"wp:term":[{"taxonomy":"category","embeddable":true,"href":"https:\/\/brasilnoticias.org\/site\/wp-json\/wp\/v2\/categories?post=8673"},{"taxonomy":"post_tag","embeddable":true,"href":"https:\/\/brasilnoticias.org\/site\/wp-json\/wp\/v2\/tags?post=8673"}],"curies":[{"name":"wp","href":"https:\/\/api.w.org\/{rel}","templated":true}]}}