{"id":8697,"date":"2023-08-28T10:00:33","date_gmt":"2023-08-28T13:00:33","guid":{"rendered":"https:\/\/brasilnoticias.org\/site\/?p=8697"},"modified":"2023-08-27T20:03:07","modified_gmt":"2023-08-27T23:03:07","slug":"faustao-hospital-recebe-orgao-e-apresentador-passa-por-cirurgia-de-transplante-de-coracao","status":"publish","type":"post","link":"https:\/\/brasilnoticias.org\/site\/faustao-hospital-recebe-orgao-e-apresentador-passa-por-cirurgia-de-transplante-de-coracao\/","title":{"rendered":"Faust\u00e3o: hospital recebe \u00f3rg\u00e3o e apresentador passa por cirurgia de transplante de cora\u00e7\u00e3o"},"content":{"rendered":"<p>De acordo com o boletim, a cirurgia aconteceu no in\u00edcio da tarde e durou cerca de duas horas e 30 minutos<\/p>\n<p>O hospital Albert Einstein, em S\u00e3o Paulo, recebeu, neste domingo (27), um cora\u00e7\u00e3o para transplante e, com isso, o apresentador Fausto Silva, o Faust\u00e3o, foi operado.<\/p>\n<p>O hospital informou, em boletim m\u00e9dico, que foi acionado pela Central de Transplantes do Estado de S\u00e3o Paulo na madrugada deste domingo, \u201cquando foi iniciada a avalia\u00e7\u00e3o sobre a compatibilidade do \u00f3rg\u00e3o, levando em considera\u00e7\u00e3o o tipo sangu\u00edneo B\u201d.<\/p>\n<p>De acordo com o boletim, a cirurgia aconteceu no in\u00edcio da tarde e durou cerca de duas horas e 30 minutos.<\/p>\n<p>Segundo os m\u00e9dicos respons\u00e1veis, a cirurgia foi realizada com sucesso e Faust\u00e3o permanecer\u00e1 na UTI, pois \u201cas pr\u00f3ximas horas s\u00e3o importantes para acompanhamento da adapta\u00e7\u00e3o do \u00f3rg\u00e3o e controle de rejei\u00e7\u00e3o\u201d.<\/p>\n<p>Espera por doa\u00e7\u00e3o<br \/>\nUma m\u00e9dia estimada pelo HCor, hospital em S\u00e3o Paulo refer\u00eancia no tratamento de doen\u00e7as do cora\u00e7\u00e3o, aponta que a espera para casos mais graves de insufici\u00eancia card\u00edaca pode demorar de dois a tr\u00eas meses por um cora\u00e7\u00e3o. Quando o risco \u00e9 menor, o tempo de espera pode chegar a 18 meses.<\/p>\n<p>Segundo o cirurgi\u00e3o cardiovascular Edmo Atique Gabriel, no caso do transplante de cora\u00e7\u00e3o, existem duas filas de espera: uma fila regular, de pacientes est\u00e1veis, que n\u00e3o est\u00e3o dependentes de medicamentos e que n\u00e3o precisam ficar internados de forma cont\u00ednua no hospital; e uma fila de prioridade.<\/p>\n<p>Nesta, os pacientes apresentam piora progressiva da fun\u00e7\u00e3o card\u00edaca, atingindo fra\u00e7\u00e3o de eje\u00e7\u00e3o abaixo de 30%, depend\u00eancia de medicamentos para suporte da press\u00e3o arterial, depend\u00eancia de dispositivos mec\u00e2nicos para auxiliar a fun\u00e7\u00e3o card\u00edaca e sinais de fal\u00eancia de outros \u00f3rg\u00e3os, como uma insufici\u00eancia renal que necessita de hemodi\u00e1lise.<\/p>\n<p>Em boletim m\u00e9dico divulgado anteriormente, a equipe do hospital Albert Einstein detalhou um quadro de prioridade de Faust\u00e3o para o procedimento. O apresentador estava sob cuidados intensivos, fazendo uso de medicamentos para aux\u00edlio na for\u00e7a de bombeamento do cora\u00e7\u00e3o.<\/p>\n<p>Ele tamb\u00e9m estava sendo submetido a di\u00e1lise, processo artificial para remover os res\u00edduos e excesso de l\u00edquidos do corpo, necess\u00e1rio quando os rins n\u00e3o est\u00e3o funcionando adequadamente.<\/p>\n<p>\u201cNesta fila de prioridade, a chance do transplante acontecer mais rapidamente \u00e9 realmente concreta, visto que os cora\u00e7\u00f5es oferecidos em doa\u00e7\u00e3o ser\u00e3o primeiramente direcionados para pacientes em estado mais grave. De qualquer forma, mesmo em prioridade, existe a necessidade de um m\u00ednimo de compatibilidade entre doador e receptor, quanto aos aspectos de biotipo f\u00edsico e algumas provas imunol\u00f3gicas\u201d, explicou Gabriel.<\/p>\n<p>No Brasil, todos os transplantes de \u00f3rg\u00e3os respeitam o Sistema Nacional de Transplantes, sejam eles custeados pelo SUS, por planos de sa\u00fade ou pagos pelo paciente.<\/p>\n<p>Por\u00e9m, cada estado ou regi\u00e3o organiza a sua pr\u00f3pria lista e todas s\u00e3o monitoradas pelo sistema e outros \u00f3rg\u00e3os de controle federais. A fiscaliza\u00e7\u00e3o \u00e9 feita para que nenhuma pessoa conste em duas listas diferentes e que nenhuma norma legal seja desrespeitada.<\/p>\n<p>A fila funciona por ordem cronol\u00f3gica de inscri\u00e7\u00e3o, mas \u00e9 balizada por outros fatores, como gravidade e compatibilidade sangu\u00ednea e gen\u00e9tica entre doador e receptor.<\/p>\n<p>De acordo com o hospital, Fausto Silva havia sido inclu\u00eddo na fila \u00fanica de transplantes do estado de S\u00e3o Paulo, que \u00e9 regulada pela Secretaria de Estado da Sa\u00fade de S\u00e3o Paulo.<\/p>\n<p>As estat\u00edsticas brasileiras e mundiais indicam uma taxa de sucesso no transplante card\u00edaco na ordem de 50-70% dos casos, com possibilidade de sobrevida p\u00f3s-transplante de 10 a 20 anos.<\/p>\n<p>O apresentador est\u00e1 internado desde o dia 5 de agosto.<\/p>\n<p>Foto: Reprodu\u00e7\u00e3o\/Band<br \/>\nCNN<\/p>\n","protected":false},"excerpt":{"rendered":"<p>De acordo com o boletim, a cirurgia aconteceu no in\u00edcio da tarde e durou cerca de duas horas e 30<\/p>\n","protected":false},"author":4,"featured_media":8698,"comment_status":"open","ping_status":"open","sticky":false,"template":"","format":"standard","meta":{"colormag_page_container_layout":"default_layout","colormag_page_sidebar_layout":"default_layout","_FSMCFIC_featured_image_caption":"","_FSMCFIC_featured_image_nocaption":"","_FSMCFIC_featured_image_hide":"","footnotes":""},"categories":[2,1],"tags":[],"class_list":["post-8697","post","type-post","status-publish","format-standard","has-post-thumbnail","hentry","category-noticias","category-ultimas"],"yoast_head":"<!-- This site is optimized with the Yoast SEO plugin v27.1.1 - https:\/\/yoast.com\/product\/yoast-seo-wordpress\/ -->\n<title>Faust\u00e3o: hospital recebe \u00f3rg\u00e3o e apresentador passa por cirurgia de transplante de cora\u00e7\u00e3o - Brasil not\u00edcias<\/title>\n<meta name=\"robots\" content=\"index, follow, max-snippet:-1, max-image-preview:large, max-video-preview:-1\" \/>\n<link rel=\"canonical\" href=\"https:\/\/brasilnoticias.org\/site\/faustao-hospital-recebe-orgao-e-apresentador-passa-por-cirurgia-de-transplante-de-coracao\/\" \/>\n<meta property=\"og:locale\" content=\"pt_PT\" \/>\n<meta property=\"og:type\" content=\"article\" \/>\n<meta property=\"og:title\" content=\"Faust\u00e3o: hospital recebe \u00f3rg\u00e3o e apresentador passa por cirurgia de transplante de cora\u00e7\u00e3o - Brasil not\u00edcias\" \/>\n<meta property=\"og:description\" content=\"De acordo com o boletim, a cirurgia aconteceu no in\u00edcio da tarde e durou cerca de duas horas e 30\" \/>\n<meta property=\"og:url\" content=\"https:\/\/brasilnoticias.org\/site\/faustao-hospital-recebe-orgao-e-apresentador-passa-por-cirurgia-de-transplante-de-coracao\/\" \/>\n<meta property=\"og:site_name\" content=\"Brasil not\u00edcias\" \/>\n<meta property=\"article:published_time\" content=\"2023-08-28T13:00:33+00:00\" \/>\n<meta property=\"og:image\" content=\"https:\/\/brasilnoticias.org\/site\/wp-content\/uploads\/2023\/08\/faustao_na_band_-23937983.webp\" \/>\n\t<meta property=\"og:image:width\" content=\"1360\" \/>\n\t<meta property=\"og:image:height\" content=\"850\" \/>\n\t<meta property=\"og:image:type\" content=\"image\/webp\" \/>\n<meta name=\"author\" content=\"Reda\u00e7\u00e3o\" \/>\n<meta name=\"twitter:card\" content=\"summary_large_image\" \/>\n<meta name=\"twitter:label1\" content=\"Escrito por\" \/>\n\t<meta name=\"twitter:data1\" content=\"Reda\u00e7\u00e3o\" \/>\n<script type=\"application\/ld+json\" class=\"yoast-schema-graph\">{\"@context\":\"https:\/\/schema.org\",\"@graph\":[{\"@type\":\"Article\",\"@id\":\"https:\/\/brasilnoticias.org\/site\/faustao-hospital-recebe-orgao-e-apresentador-passa-por-cirurgia-de-transplante-de-coracao\/#article\",\"isPartOf\":{\"@id\":\"https:\/\/brasilnoticias.org\/site\/faustao-hospital-recebe-orgao-e-apresentador-passa-por-cirurgia-de-transplante-de-coracao\/\"},\"author\":{\"name\":\"Reda\u00e7\u00e3o\",\"@id\":\"https:\/\/brasilnoticias.org\/site\/#\/schema\/person\/03bbbfe6c7634ad18c26444ea39049fa\"},\"headline\":\"Faust\u00e3o: hospital recebe \u00f3rg\u00e3o e apresentador passa por cirurgia de transplante de cora\u00e7\u00e3o\",\"datePublished\":\"2023-08-28T13:00:33+00:00\",\"mainEntityOfPage\":{\"@id\":\"https:\/\/brasilnoticias.org\/site\/faustao-hospital-recebe-orgao-e-apresentador-passa-por-cirurgia-de-transplante-de-coracao\/\"},\"wordCount\":671,\"commentCount\":0,\"publisher\":{\"@id\":\"https:\/\/brasilnoticias.org\/site\/#organization\"},\"image\":{\"@id\":\"https:\/\/brasilnoticias.org\/site\/faustao-hospital-recebe-orgao-e-apresentador-passa-por-cirurgia-de-transplante-de-coracao\/#primaryimage\"},\"thumbnailUrl\":\"https:\/\/brasilnoticias.org\/site\/wp-content\/uploads\/2023\/08\/faustao_na_band_-23937983.webp\",\"articleSection\":[\"Not\u00edcias\",\"\u00daltimas\"],\"inLanguage\":\"pt-PT\",\"potentialAction\":[{\"@type\":\"CommentAction\",\"name\":\"Comment\",\"target\":[\"https:\/\/brasilnoticias.org\/site\/faustao-hospital-recebe-orgao-e-apresentador-passa-por-cirurgia-de-transplante-de-coracao\/#respond\"]}]},{\"@type\":\"WebPage\",\"@id\":\"https:\/\/brasilnoticias.org\/site\/faustao-hospital-recebe-orgao-e-apresentador-passa-por-cirurgia-de-transplante-de-coracao\/\",\"url\":\"https:\/\/brasilnoticias.org\/site\/faustao-hospital-recebe-orgao-e-apresentador-passa-por-cirurgia-de-transplante-de-coracao\/\",\"name\":\"Faust\u00e3o: hospital recebe \u00f3rg\u00e3o e apresentador passa por cirurgia de transplante de cora\u00e7\u00e3o - Brasil not\u00edcias\",\"isPartOf\":{\"@id\":\"https:\/\/brasilnoticias.org\/site\/#website\"},\"primaryImageOfPage\":{\"@id\":\"https:\/\/brasilnoticias.org\/site\/faustao-hospital-recebe-orgao-e-apresentador-passa-por-cirurgia-de-transplante-de-coracao\/#primaryimage\"},\"image\":{\"@id\":\"https:\/\/brasilnoticias.org\/site\/faustao-hospital-recebe-orgao-e-apresentador-passa-por-cirurgia-de-transplante-de-coracao\/#primaryimage\"},\"thumbnailUrl\":\"https:\/\/brasilnoticias.org\/site\/wp-content\/uploads\/2023\/08\/faustao_na_band_-23937983.webp\",\"datePublished\":\"2023-08-28T13:00:33+00:00\",\"breadcrumb\":{\"@id\":\"https:\/\/brasilnoticias.org\/site\/faustao-hospital-recebe-orgao-e-apresentador-passa-por-cirurgia-de-transplante-de-coracao\/#breadcrumb\"},\"inLanguage\":\"pt-PT\",\"potentialAction\":[{\"@type\":\"ReadAction\",\"target\":[\"https:\/\/brasilnoticias.org\/site\/faustao-hospital-recebe-orgao-e-apresentador-passa-por-cirurgia-de-transplante-de-coracao\/\"]}]},{\"@type\":\"ImageObject\",\"inLanguage\":\"pt-PT\",\"@id\":\"https:\/\/brasilnoticias.org\/site\/faustao-hospital-recebe-orgao-e-apresentador-passa-por-cirurgia-de-transplante-de-coracao\/#primaryimage\",\"url\":\"https:\/\/brasilnoticias.org\/site\/wp-content\/uploads\/2023\/08\/faustao_na_band_-23937983.webp\",\"contentUrl\":\"https:\/\/brasilnoticias.org\/site\/wp-content\/uploads\/2023\/08\/faustao_na_band_-23937983.webp\",\"width\":1360,\"height\":850},{\"@type\":\"BreadcrumbList\",\"@id\":\"https:\/\/brasilnoticias.org\/site\/faustao-hospital-recebe-orgao-e-apresentador-passa-por-cirurgia-de-transplante-de-coracao\/#breadcrumb\",\"itemListElement\":[{\"@type\":\"ListItem\",\"position\":1,\"name\":\"In\u00edcio\",\"item\":\"https:\/\/brasilnoticias.org\/site\/\"},{\"@type\":\"ListItem\",\"position\":2,\"name\":\"Faust\u00e3o: hospital recebe \u00f3rg\u00e3o e apresentador passa por cirurgia de transplante de cora\u00e7\u00e3o\"}]},{\"@type\":\"WebSite\",\"@id\":\"https:\/\/brasilnoticias.org\/site\/#website\",\"url\":\"https:\/\/brasilnoticias.org\/site\/\",\"name\":\"Brasil not\u00edcias\",\"description\":\"Brasil not\u00edcias\",\"publisher\":{\"@id\":\"https:\/\/brasilnoticias.org\/site\/#organization\"},\"potentialAction\":[{\"@type\":\"SearchAction\",\"target\":{\"@type\":\"EntryPoint\",\"urlTemplate\":\"https:\/\/brasilnoticias.org\/site\/?s={search_term_string}\"},\"query-input\":{\"@type\":\"PropertyValueSpecification\",\"valueRequired\":true,\"valueName\":\"search_term_string\"}}],\"inLanguage\":\"pt-PT\"},{\"@type\":\"Organization\",\"@id\":\"https:\/\/brasilnoticias.org\/site\/#organization\",\"name\":\"Brasil not\u00edcias\",\"url\":\"https:\/\/brasilnoticias.org\/site\/\",\"logo\":{\"@type\":\"ImageObject\",\"inLanguage\":\"pt-PT\",\"@id\":\"https:\/\/brasilnoticias.org\/site\/#\/schema\/logo\/image\/\",\"url\":\"https:\/\/brasilnoticias.org\/site\/wp-content\/uploads\/2022\/05\/cropped-brasilnoticias-mini.jpg\",\"contentUrl\":\"https:\/\/brasilnoticias.org\/site\/wp-content\/uploads\/2022\/05\/cropped-brasilnoticias-mini.jpg\",\"width\":314,\"height\":86,\"caption\":\"Brasil not\u00edcias\"},\"image\":{\"@id\":\"https:\/\/brasilnoticias.org\/site\/#\/schema\/logo\/image\/\"}},{\"@type\":\"Person\",\"@id\":\"https:\/\/brasilnoticias.org\/site\/#\/schema\/person\/03bbbfe6c7634ad18c26444ea39049fa\",\"name\":\"Reda\u00e7\u00e3o\",\"image\":{\"@type\":\"ImageObject\",\"inLanguage\":\"pt-PT\",\"@id\":\"https:\/\/brasilnoticias.org\/site\/#\/schema\/person\/image\/\",\"url\":\"https:\/\/secure.gravatar.com\/avatar\/9ecaf7327a696cb23ad926fedded5f1f04d7049de9e445375d55b48c001a6e42?s=96&d=mm&r=g\",\"contentUrl\":\"https:\/\/secure.gravatar.com\/avatar\/9ecaf7327a696cb23ad926fedded5f1f04d7049de9e445375d55b48c001a6e42?s=96&d=mm&r=g\",\"caption\":\"Reda\u00e7\u00e3o\"},\"url\":\"https:\/\/brasilnoticias.org\/site\/author\/henrique\/\"}]}<\/script>\n<!-- \/ Yoast SEO plugin. -->","yoast_head_json":{"title":"Faust\u00e3o: hospital recebe \u00f3rg\u00e3o e apresentador passa por cirurgia de transplante de cora\u00e7\u00e3o - Brasil not\u00edcias","robots":{"index":"index","follow":"follow","max-snippet":"max-snippet:-1","max-image-preview":"max-image-preview:large","max-video-preview":"max-video-preview:-1"},"canonical":"https:\/\/brasilnoticias.org\/site\/faustao-hospital-recebe-orgao-e-apresentador-passa-por-cirurgia-de-transplante-de-coracao\/","og_locale":"pt_PT","og_type":"article","og_title":"Faust\u00e3o: hospital recebe \u00f3rg\u00e3o e apresentador passa por cirurgia de transplante de cora\u00e7\u00e3o - Brasil not\u00edcias","og_description":"De acordo com o boletim, a cirurgia aconteceu no in\u00edcio da tarde e durou cerca de duas horas e 30","og_url":"https:\/\/brasilnoticias.org\/site\/faustao-hospital-recebe-orgao-e-apresentador-passa-por-cirurgia-de-transplante-de-coracao\/","og_site_name":"Brasil not\u00edcias","article_published_time":"2023-08-28T13:00:33+00:00","og_image":[{"width":1360,"height":850,"url":"https:\/\/brasilnoticias.org\/site\/wp-content\/uploads\/2023\/08\/faustao_na_band_-23937983.webp","type":"image\/webp"}],"author":"Reda\u00e7\u00e3o","twitter_card":"summary_large_image","twitter_misc":{"Escrito por":"Reda\u00e7\u00e3o"},"schema":{"@context":"https:\/\/schema.org","@graph":[{"@type":"Article","@id":"https:\/\/brasilnoticias.org\/site\/faustao-hospital-recebe-orgao-e-apresentador-passa-por-cirurgia-de-transplante-de-coracao\/#article","isPartOf":{"@id":"https:\/\/brasilnoticias.org\/site\/faustao-hospital-recebe-orgao-e-apresentador-passa-por-cirurgia-de-transplante-de-coracao\/"},"author":{"name":"Reda\u00e7\u00e3o","@id":"https:\/\/brasilnoticias.org\/site\/#\/schema\/person\/03bbbfe6c7634ad18c26444ea39049fa"},"headline":"Faust\u00e3o: hospital recebe \u00f3rg\u00e3o e apresentador passa por cirurgia de transplante de cora\u00e7\u00e3o","datePublished":"2023-08-28T13:00:33+00:00","mainEntityOfPage":{"@id":"https:\/\/brasilnoticias.org\/site\/faustao-hospital-recebe-orgao-e-apresentador-passa-por-cirurgia-de-transplante-de-coracao\/"},"wordCount":671,"commentCount":0,"publisher":{"@id":"https:\/\/brasilnoticias.org\/site\/#organization"},"image":{"@id":"https:\/\/brasilnoticias.org\/site\/faustao-hospital-recebe-orgao-e-apresentador-passa-por-cirurgia-de-transplante-de-coracao\/#primaryimage"},"thumbnailUrl":"https:\/\/brasilnoticias.org\/site\/wp-content\/uploads\/2023\/08\/faustao_na_band_-23937983.webp","articleSection":["Not\u00edcias","\u00daltimas"],"inLanguage":"pt-PT","potentialAction":[{"@type":"CommentAction","name":"Comment","target":["https:\/\/brasilnoticias.org\/site\/faustao-hospital-recebe-orgao-e-apresentador-passa-por-cirurgia-de-transplante-de-coracao\/#respond"]}]},{"@type":"WebPage","@id":"https:\/\/brasilnoticias.org\/site\/faustao-hospital-recebe-orgao-e-apresentador-passa-por-cirurgia-de-transplante-de-coracao\/","url":"https:\/\/brasilnoticias.org\/site\/faustao-hospital-recebe-orgao-e-apresentador-passa-por-cirurgia-de-transplante-de-coracao\/","name":"Faust\u00e3o: hospital recebe \u00f3rg\u00e3o e apresentador passa por cirurgia de transplante de cora\u00e7\u00e3o - Brasil not\u00edcias","isPartOf":{"@id":"https:\/\/brasilnoticias.org\/site\/#website"},"primaryImageOfPage":{"@id":"https:\/\/brasilnoticias.org\/site\/faustao-hospital-recebe-orgao-e-apresentador-passa-por-cirurgia-de-transplante-de-coracao\/#primaryimage"},"image":{"@id":"https:\/\/brasilnoticias.org\/site\/faustao-hospital-recebe-orgao-e-apresentador-passa-por-cirurgia-de-transplante-de-coracao\/#primaryimage"},"thumbnailUrl":"https:\/\/brasilnoticias.org\/site\/wp-content\/uploads\/2023\/08\/faustao_na_band_-23937983.webp","datePublished":"2023-08-28T13:00:33+00:00","breadcrumb":{"@id":"https:\/\/brasilnoticias.org\/site\/faustao-hospital-recebe-orgao-e-apresentador-passa-por-cirurgia-de-transplante-de-coracao\/#breadcrumb"},"inLanguage":"pt-PT","potentialAction":[{"@type":"ReadAction","target":["https:\/\/brasilnoticias.org\/site\/faustao-hospital-recebe-orgao-e-apresentador-passa-por-cirurgia-de-transplante-de-coracao\/"]}]},{"@type":"ImageObject","inLanguage":"pt-PT","@id":"https:\/\/brasilnoticias.org\/site\/faustao-hospital-recebe-orgao-e-apresentador-passa-por-cirurgia-de-transplante-de-coracao\/#primaryimage","url":"https:\/\/brasilnoticias.org\/site\/wp-content\/uploads\/2023\/08\/faustao_na_band_-23937983.webp","contentUrl":"https:\/\/brasilnoticias.org\/site\/wp-content\/uploads\/2023\/08\/faustao_na_band_-23937983.webp","width":1360,"height":850},{"@type":"BreadcrumbList","@id":"https:\/\/brasilnoticias.org\/site\/faustao-hospital-recebe-orgao-e-apresentador-passa-por-cirurgia-de-transplante-de-coracao\/#breadcrumb","itemListElement":[{"@type":"ListItem","position":1,"name":"In\u00edcio","item":"https:\/\/brasilnoticias.org\/site\/"},{"@type":"ListItem","position":2,"name":"Faust\u00e3o: hospital recebe \u00f3rg\u00e3o e apresentador passa por cirurgia de transplante de cora\u00e7\u00e3o"}]},{"@type":"WebSite","@id":"https:\/\/brasilnoticias.org\/site\/#website","url":"https:\/\/brasilnoticias.org\/site\/","name":"Brasil not\u00edcias","description":"Brasil not\u00edcias","publisher":{"@id":"https:\/\/brasilnoticias.org\/site\/#organization"},"potentialAction":[{"@type":"SearchAction","target":{"@type":"EntryPoint","urlTemplate":"https:\/\/brasilnoticias.org\/site\/?s={search_term_string}"},"query-input":{"@type":"PropertyValueSpecification","valueRequired":true,"valueName":"search_term_string"}}],"inLanguage":"pt-PT"},{"@type":"Organization","@id":"https:\/\/brasilnoticias.org\/site\/#organization","name":"Brasil not\u00edcias","url":"https:\/\/brasilnoticias.org\/site\/","logo":{"@type":"ImageObject","inLanguage":"pt-PT","@id":"https:\/\/brasilnoticias.org\/site\/#\/schema\/logo\/image\/","url":"https:\/\/brasilnoticias.org\/site\/wp-content\/uploads\/2022\/05\/cropped-brasilnoticias-mini.jpg","contentUrl":"https:\/\/brasilnoticias.org\/site\/wp-content\/uploads\/2022\/05\/cropped-brasilnoticias-mini.jpg","width":314,"height":86,"caption":"Brasil not\u00edcias"},"image":{"@id":"https:\/\/brasilnoticias.org\/site\/#\/schema\/logo\/image\/"}},{"@type":"Person","@id":"https:\/\/brasilnoticias.org\/site\/#\/schema\/person\/03bbbfe6c7634ad18c26444ea39049fa","name":"Reda\u00e7\u00e3o","image":{"@type":"ImageObject","inLanguage":"pt-PT","@id":"https:\/\/brasilnoticias.org\/site\/#\/schema\/person\/image\/","url":"https:\/\/secure.gravatar.com\/avatar\/9ecaf7327a696cb23ad926fedded5f1f04d7049de9e445375d55b48c001a6e42?s=96&d=mm&r=g","contentUrl":"https:\/\/secure.gravatar.com\/avatar\/9ecaf7327a696cb23ad926fedded5f1f04d7049de9e445375d55b48c001a6e42?s=96&d=mm&r=g","caption":"Reda\u00e7\u00e3o"},"url":"https:\/\/brasilnoticias.org\/site\/author\/henrique\/"}]}},"_links":{"self":[{"href":"https:\/\/brasilnoticias.org\/site\/wp-json\/wp\/v2\/posts\/8697","targetHints":{"allow":["GET"]}}],"collection":[{"href":"https:\/\/brasilnoticias.org\/site\/wp-json\/wp\/v2\/posts"}],"about":[{"href":"https:\/\/brasilnoticias.org\/site\/wp-json\/wp\/v2\/types\/post"}],"author":[{"embeddable":true,"href":"https:\/\/brasilnoticias.org\/site\/wp-json\/wp\/v2\/users\/4"}],"replies":[{"embeddable":true,"href":"https:\/\/brasilnoticias.org\/site\/wp-json\/wp\/v2\/comments?post=8697"}],"version-history":[{"count":1,"href":"https:\/\/brasilnoticias.org\/site\/wp-json\/wp\/v2\/posts\/8697\/revisions"}],"predecessor-version":[{"id":8699,"href":"https:\/\/brasilnoticias.org\/site\/wp-json\/wp\/v2\/posts\/8697\/revisions\/8699"}],"wp:featuredmedia":[{"embeddable":true,"href":"https:\/\/brasilnoticias.org\/site\/wp-json\/wp\/v2\/media\/8698"}],"wp:attachment":[{"href":"https:\/\/brasilnoticias.org\/site\/wp-json\/wp\/v2\/media?parent=8697"}],"wp:term":[{"taxonomy":"category","embeddable":true,"href":"https:\/\/brasilnoticias.org\/site\/wp-json\/wp\/v2\/categories?post=8697"},{"taxonomy":"post_tag","embeddable":true,"href":"https:\/\/brasilnoticias.org\/site\/wp-json\/wp\/v2\/tags?post=8697"}],"curies":[{"name":"wp","href":"https:\/\/api.w.org\/{rel}","templated":true}]}}