{"id":8703,"date":"2023-08-28T09:07:56","date_gmt":"2023-08-28T12:07:56","guid":{"rendered":"https:\/\/brasilnoticias.org\/site\/?p=8703"},"modified":"2023-08-27T20:09:57","modified_gmt":"2023-08-27T23:09:57","slug":"salvador-tem-alteracoes-de-transito-confira-mudancas","status":"publish","type":"post","link":"https:\/\/brasilnoticias.org\/site\/salvador-tem-alteracoes-de-transito-confira-mudancas\/","title":{"rendered":"Salvador tem altera\u00e7\u00f5es de tr\u00e2nsito; confira mudan\u00e7as"},"content":{"rendered":"<p>Os eventos matem as interdi\u00e7\u00f5es at\u00e9 o in\u00edcio da noite, por volta das 19h desse domingo<\/p>\n<p>Duas paradas, uma destinada \u00e0 diversidade e outra dedicada ao p\u00fablico LGBT, v\u00e3o alterar o fluxo de carros nos bairros de Pernambu\u00e9s e Pau da Lima, em Salvador neste domingo (27\/8). A informa\u00e7\u00e3o foi confirmada pela Ag\u00eancia de Tr\u00e2nsito de Salvador (transalvador).<\/p>\n<p>Por conta da 11\u00aa Parada da Diversidade de Pernambu\u00e9s, que acontece das 13h \u00e0s 19h, o tr\u00e1fego de ve\u00edculos sofrer\u00e1 uma interdi\u00e7\u00e3o progressiva em uma faixa das seguintes vias: Largo da Ventosa (sa\u00edda no Final de Linha), Rua Escritor Edson Carneiro, Rua Thomaz Gonzaga, Pra\u00e7a Artur Lago (chegada).<\/p>\n<p>J\u00e1 em Pau da Lima, a 12\u00aa Parada LGBT acabar\u00e1 interditando progressivamente o tr\u00e1fego de ve\u00edculos, das 13h \u00e0s 21h, em uma faixa de tr\u00e1fego, das seguintes vias: Rua Pastor Jos\u00e9 Guilherme de Mor\u00e3es (Sa\u00edda na Escola Municipal Sociedade Fraternal), Rua Jayme Vieira Lima, Rua Dr. Arthur Gonzales, Rua Ten. Jos\u00e9 Nelson de Almeida, Pra\u00e7a Nossa Senhora Auxiliadora (chegada no Final de Linha).<\/p>\n<p>Por conta do evento, tamb\u00e9m haver\u00e1 a instala\u00e7\u00e3o de Barreiras M\u00f3veis (BM), a partir das 13h, nos seguintes pontos:<\/p>\n<p>BM 01 \u2013 Rua Jayme Vieira Lima (Atacad\u00e3o) \u2013 quando o desfile chegar no Largo de Pau da Lima essa barreira se desloca para o Largo.<br \/>\nBM 02 \u2013 Rua S\u00e3o Marcos \/ Rua Jayme Vieira Lima (Largo de Pau da Lima) \u2013 quando o desfile chegar no Largo essa barreira se desloca para a Rua do Ouro. O tr\u00e1fego de ve\u00edculos ficar\u00e1 interditado das 13h \u00e0s 21h na Pra\u00e7a Nossa Senhora Auxiliadora\/ Final de Linha.<\/p>\n<p>Foto: Tv Aratu<br \/>\nAratu On<\/p>\n","protected":false},"excerpt":{"rendered":"<p>Os eventos matem as interdi\u00e7\u00f5es at\u00e9 o in\u00edcio da noite, por volta das 19h desse domingo Duas paradas, uma destinada<\/p>\n","protected":false},"author":4,"featured_media":8704,"comment_status":"open","ping_status":"open","sticky":false,"template":"","format":"standard","meta":{"colormag_page_container_layout":"default_layout","colormag_page_sidebar_layout":"default_layout","_FSMCFIC_featured_image_caption":"","_FSMCFIC_featured_image_nocaption":"","_FSMCFIC_featured_image_hide":"","footnotes":""},"categories":[2,1],"tags":[],"class_list":["post-8703","post","type-post","status-publish","format-standard","has-post-thumbnail","hentry","category-noticias","category-ultimas"],"yoast_head":"<!-- This site is optimized with the Yoast SEO plugin v27.1.1 - https:\/\/yoast.com\/product\/yoast-seo-wordpress\/ -->\n<title>Salvador tem altera\u00e7\u00f5es de tr\u00e2nsito; confira mudan\u00e7as - Brasil not\u00edcias<\/title>\n<meta name=\"robots\" content=\"index, follow, max-snippet:-1, max-image-preview:large, max-video-preview:-1\" \/>\n<link rel=\"canonical\" href=\"https:\/\/brasilnoticias.org\/site\/salvador-tem-alteracoes-de-transito-confira-mudancas\/\" \/>\n<meta property=\"og:locale\" content=\"pt_PT\" \/>\n<meta property=\"og:type\" content=\"article\" \/>\n<meta property=\"og:title\" content=\"Salvador tem altera\u00e7\u00f5es de tr\u00e2nsito; confira mudan\u00e7as - Brasil not\u00edcias\" \/>\n<meta property=\"og:description\" content=\"Os eventos matem as interdi\u00e7\u00f5es at\u00e9 o in\u00edcio da noite, por volta das 19h desse domingo Duas paradas, uma destinada\" \/>\n<meta property=\"og:url\" content=\"https:\/\/brasilnoticias.org\/site\/salvador-tem-alteracoes-de-transito-confira-mudancas\/\" \/>\n<meta property=\"og:site_name\" content=\"Brasil not\u00edcias\" \/>\n<meta property=\"article:published_time\" content=\"2023-08-28T12:07:56+00:00\" \/>\n<meta property=\"og:image\" content=\"https:\/\/brasilnoticias.org\/site\/wp-content\/uploads\/2023\/08\/transito-e-modificado-na-avenida-acm-e-na-lucaia-e1693158706570-740x470-1.jpg\" \/>\n\t<meta property=\"og:image:width\" content=\"740\" \/>\n\t<meta property=\"og:image:height\" content=\"470\" \/>\n\t<meta property=\"og:image:type\" content=\"image\/jpeg\" \/>\n<meta name=\"author\" content=\"Reda\u00e7\u00e3o\" \/>\n<meta name=\"twitter:card\" content=\"summary_large_image\" \/>\n<meta name=\"twitter:label1\" content=\"Escrito por\" \/>\n\t<meta name=\"twitter:data1\" content=\"Reda\u00e7\u00e3o\" \/>\n<script type=\"application\/ld+json\" class=\"yoast-schema-graph\">{\"@context\":\"https:\/\/schema.org\",\"@graph\":[{\"@type\":\"Article\",\"@id\":\"https:\/\/brasilnoticias.org\/site\/salvador-tem-alteracoes-de-transito-confira-mudancas\/#article\",\"isPartOf\":{\"@id\":\"https:\/\/brasilnoticias.org\/site\/salvador-tem-alteracoes-de-transito-confira-mudancas\/\"},\"author\":{\"name\":\"Reda\u00e7\u00e3o\",\"@id\":\"https:\/\/brasilnoticias.org\/site\/#\/schema\/person\/03bbbfe6c7634ad18c26444ea39049fa\"},\"headline\":\"Salvador tem altera\u00e7\u00f5es de tr\u00e2nsito; confira mudan\u00e7as\",\"datePublished\":\"2023-08-28T12:07:56+00:00\",\"mainEntityOfPage\":{\"@id\":\"https:\/\/brasilnoticias.org\/site\/salvador-tem-alteracoes-de-transito-confira-mudancas\/\"},\"wordCount\":296,\"commentCount\":0,\"publisher\":{\"@id\":\"https:\/\/brasilnoticias.org\/site\/#organization\"},\"image\":{\"@id\":\"https:\/\/brasilnoticias.org\/site\/salvador-tem-alteracoes-de-transito-confira-mudancas\/#primaryimage\"},\"thumbnailUrl\":\"https:\/\/brasilnoticias.org\/site\/wp-content\/uploads\/2023\/08\/transito-e-modificado-na-avenida-acm-e-na-lucaia-e1693158706570-740x470-1.jpg\",\"articleSection\":[\"Not\u00edcias\",\"\u00daltimas\"],\"inLanguage\":\"pt-PT\",\"potentialAction\":[{\"@type\":\"CommentAction\",\"name\":\"Comment\",\"target\":[\"https:\/\/brasilnoticias.org\/site\/salvador-tem-alteracoes-de-transito-confira-mudancas\/#respond\"]}]},{\"@type\":\"WebPage\",\"@id\":\"https:\/\/brasilnoticias.org\/site\/salvador-tem-alteracoes-de-transito-confira-mudancas\/\",\"url\":\"https:\/\/brasilnoticias.org\/site\/salvador-tem-alteracoes-de-transito-confira-mudancas\/\",\"name\":\"Salvador tem altera\u00e7\u00f5es de tr\u00e2nsito; confira mudan\u00e7as - Brasil not\u00edcias\",\"isPartOf\":{\"@id\":\"https:\/\/brasilnoticias.org\/site\/#website\"},\"primaryImageOfPage\":{\"@id\":\"https:\/\/brasilnoticias.org\/site\/salvador-tem-alteracoes-de-transito-confira-mudancas\/#primaryimage\"},\"image\":{\"@id\":\"https:\/\/brasilnoticias.org\/site\/salvador-tem-alteracoes-de-transito-confira-mudancas\/#primaryimage\"},\"thumbnailUrl\":\"https:\/\/brasilnoticias.org\/site\/wp-content\/uploads\/2023\/08\/transito-e-modificado-na-avenida-acm-e-na-lucaia-e1693158706570-740x470-1.jpg\",\"datePublished\":\"2023-08-28T12:07:56+00:00\",\"breadcrumb\":{\"@id\":\"https:\/\/brasilnoticias.org\/site\/salvador-tem-alteracoes-de-transito-confira-mudancas\/#breadcrumb\"},\"inLanguage\":\"pt-PT\",\"potentialAction\":[{\"@type\":\"ReadAction\",\"target\":[\"https:\/\/brasilnoticias.org\/site\/salvador-tem-alteracoes-de-transito-confira-mudancas\/\"]}]},{\"@type\":\"ImageObject\",\"inLanguage\":\"pt-PT\",\"@id\":\"https:\/\/brasilnoticias.org\/site\/salvador-tem-alteracoes-de-transito-confira-mudancas\/#primaryimage\",\"url\":\"https:\/\/brasilnoticias.org\/site\/wp-content\/uploads\/2023\/08\/transito-e-modificado-na-avenida-acm-e-na-lucaia-e1693158706570-740x470-1.jpg\",\"contentUrl\":\"https:\/\/brasilnoticias.org\/site\/wp-content\/uploads\/2023\/08\/transito-e-modificado-na-avenida-acm-e-na-lucaia-e1693158706570-740x470-1.jpg\",\"width\":740,\"height\":470},{\"@type\":\"BreadcrumbList\",\"@id\":\"https:\/\/brasilnoticias.org\/site\/salvador-tem-alteracoes-de-transito-confira-mudancas\/#breadcrumb\",\"itemListElement\":[{\"@type\":\"ListItem\",\"position\":1,\"name\":\"In\u00edcio\",\"item\":\"https:\/\/brasilnoticias.org\/site\/\"},{\"@type\":\"ListItem\",\"position\":2,\"name\":\"Salvador tem altera\u00e7\u00f5es de tr\u00e2nsito; confira mudan\u00e7as\"}]},{\"@type\":\"WebSite\",\"@id\":\"https:\/\/brasilnoticias.org\/site\/#website\",\"url\":\"https:\/\/brasilnoticias.org\/site\/\",\"name\":\"Brasil not\u00edcias\",\"description\":\"Brasil not\u00edcias\",\"publisher\":{\"@id\":\"https:\/\/brasilnoticias.org\/site\/#organization\"},\"potentialAction\":[{\"@type\":\"SearchAction\",\"target\":{\"@type\":\"EntryPoint\",\"urlTemplate\":\"https:\/\/brasilnoticias.org\/site\/?s={search_term_string}\"},\"query-input\":{\"@type\":\"PropertyValueSpecification\",\"valueRequired\":true,\"valueName\":\"search_term_string\"}}],\"inLanguage\":\"pt-PT\"},{\"@type\":\"Organization\",\"@id\":\"https:\/\/brasilnoticias.org\/site\/#organization\",\"name\":\"Brasil not\u00edcias\",\"url\":\"https:\/\/brasilnoticias.org\/site\/\",\"logo\":{\"@type\":\"ImageObject\",\"inLanguage\":\"pt-PT\",\"@id\":\"https:\/\/brasilnoticias.org\/site\/#\/schema\/logo\/image\/\",\"url\":\"https:\/\/brasilnoticias.org\/site\/wp-content\/uploads\/2022\/05\/cropped-brasilnoticias-mini.jpg\",\"contentUrl\":\"https:\/\/brasilnoticias.org\/site\/wp-content\/uploads\/2022\/05\/cropped-brasilnoticias-mini.jpg\",\"width\":314,\"height\":86,\"caption\":\"Brasil not\u00edcias\"},\"image\":{\"@id\":\"https:\/\/brasilnoticias.org\/site\/#\/schema\/logo\/image\/\"}},{\"@type\":\"Person\",\"@id\":\"https:\/\/brasilnoticias.org\/site\/#\/schema\/person\/03bbbfe6c7634ad18c26444ea39049fa\",\"name\":\"Reda\u00e7\u00e3o\",\"image\":{\"@type\":\"ImageObject\",\"inLanguage\":\"pt-PT\",\"@id\":\"https:\/\/brasilnoticias.org\/site\/#\/schema\/person\/image\/\",\"url\":\"https:\/\/secure.gravatar.com\/avatar\/9ecaf7327a696cb23ad926fedded5f1f04d7049de9e445375d55b48c001a6e42?s=96&d=mm&r=g\",\"contentUrl\":\"https:\/\/secure.gravatar.com\/avatar\/9ecaf7327a696cb23ad926fedded5f1f04d7049de9e445375d55b48c001a6e42?s=96&d=mm&r=g\",\"caption\":\"Reda\u00e7\u00e3o\"},\"url\":\"https:\/\/brasilnoticias.org\/site\/author\/henrique\/\"}]}<\/script>\n<!-- \/ Yoast SEO plugin. -->","yoast_head_json":{"title":"Salvador tem altera\u00e7\u00f5es de tr\u00e2nsito; confira mudan\u00e7as - Brasil not\u00edcias","robots":{"index":"index","follow":"follow","max-snippet":"max-snippet:-1","max-image-preview":"max-image-preview:large","max-video-preview":"max-video-preview:-1"},"canonical":"https:\/\/brasilnoticias.org\/site\/salvador-tem-alteracoes-de-transito-confira-mudancas\/","og_locale":"pt_PT","og_type":"article","og_title":"Salvador tem altera\u00e7\u00f5es de tr\u00e2nsito; confira mudan\u00e7as - Brasil not\u00edcias","og_description":"Os eventos matem as interdi\u00e7\u00f5es at\u00e9 o in\u00edcio da noite, por volta das 19h desse domingo Duas paradas, uma destinada","og_url":"https:\/\/brasilnoticias.org\/site\/salvador-tem-alteracoes-de-transito-confira-mudancas\/","og_site_name":"Brasil not\u00edcias","article_published_time":"2023-08-28T12:07:56+00:00","og_image":[{"width":740,"height":470,"url":"https:\/\/brasilnoticias.org\/site\/wp-content\/uploads\/2023\/08\/transito-e-modificado-na-avenida-acm-e-na-lucaia-e1693158706570-740x470-1.jpg","type":"image\/jpeg"}],"author":"Reda\u00e7\u00e3o","twitter_card":"summary_large_image","twitter_misc":{"Escrito por":"Reda\u00e7\u00e3o"},"schema":{"@context":"https:\/\/schema.org","@graph":[{"@type":"Article","@id":"https:\/\/brasilnoticias.org\/site\/salvador-tem-alteracoes-de-transito-confira-mudancas\/#article","isPartOf":{"@id":"https:\/\/brasilnoticias.org\/site\/salvador-tem-alteracoes-de-transito-confira-mudancas\/"},"author":{"name":"Reda\u00e7\u00e3o","@id":"https:\/\/brasilnoticias.org\/site\/#\/schema\/person\/03bbbfe6c7634ad18c26444ea39049fa"},"headline":"Salvador tem altera\u00e7\u00f5es de tr\u00e2nsito; confira mudan\u00e7as","datePublished":"2023-08-28T12:07:56+00:00","mainEntityOfPage":{"@id":"https:\/\/brasilnoticias.org\/site\/salvador-tem-alteracoes-de-transito-confira-mudancas\/"},"wordCount":296,"commentCount":0,"publisher":{"@id":"https:\/\/brasilnoticias.org\/site\/#organization"},"image":{"@id":"https:\/\/brasilnoticias.org\/site\/salvador-tem-alteracoes-de-transito-confira-mudancas\/#primaryimage"},"thumbnailUrl":"https:\/\/brasilnoticias.org\/site\/wp-content\/uploads\/2023\/08\/transito-e-modificado-na-avenida-acm-e-na-lucaia-e1693158706570-740x470-1.jpg","articleSection":["Not\u00edcias","\u00daltimas"],"inLanguage":"pt-PT","potentialAction":[{"@type":"CommentAction","name":"Comment","target":["https:\/\/brasilnoticias.org\/site\/salvador-tem-alteracoes-de-transito-confira-mudancas\/#respond"]}]},{"@type":"WebPage","@id":"https:\/\/brasilnoticias.org\/site\/salvador-tem-alteracoes-de-transito-confira-mudancas\/","url":"https:\/\/brasilnoticias.org\/site\/salvador-tem-alteracoes-de-transito-confira-mudancas\/","name":"Salvador tem altera\u00e7\u00f5es de tr\u00e2nsito; confira mudan\u00e7as - Brasil not\u00edcias","isPartOf":{"@id":"https:\/\/brasilnoticias.org\/site\/#website"},"primaryImageOfPage":{"@id":"https:\/\/brasilnoticias.org\/site\/salvador-tem-alteracoes-de-transito-confira-mudancas\/#primaryimage"},"image":{"@id":"https:\/\/brasilnoticias.org\/site\/salvador-tem-alteracoes-de-transito-confira-mudancas\/#primaryimage"},"thumbnailUrl":"https:\/\/brasilnoticias.org\/site\/wp-content\/uploads\/2023\/08\/transito-e-modificado-na-avenida-acm-e-na-lucaia-e1693158706570-740x470-1.jpg","datePublished":"2023-08-28T12:07:56+00:00","breadcrumb":{"@id":"https:\/\/brasilnoticias.org\/site\/salvador-tem-alteracoes-de-transito-confira-mudancas\/#breadcrumb"},"inLanguage":"pt-PT","potentialAction":[{"@type":"ReadAction","target":["https:\/\/brasilnoticias.org\/site\/salvador-tem-alteracoes-de-transito-confira-mudancas\/"]}]},{"@type":"ImageObject","inLanguage":"pt-PT","@id":"https:\/\/brasilnoticias.org\/site\/salvador-tem-alteracoes-de-transito-confira-mudancas\/#primaryimage","url":"https:\/\/brasilnoticias.org\/site\/wp-content\/uploads\/2023\/08\/transito-e-modificado-na-avenida-acm-e-na-lucaia-e1693158706570-740x470-1.jpg","contentUrl":"https:\/\/brasilnoticias.org\/site\/wp-content\/uploads\/2023\/08\/transito-e-modificado-na-avenida-acm-e-na-lucaia-e1693158706570-740x470-1.jpg","width":740,"height":470},{"@type":"BreadcrumbList","@id":"https:\/\/brasilnoticias.org\/site\/salvador-tem-alteracoes-de-transito-confira-mudancas\/#breadcrumb","itemListElement":[{"@type":"ListItem","position":1,"name":"In\u00edcio","item":"https:\/\/brasilnoticias.org\/site\/"},{"@type":"ListItem","position":2,"name":"Salvador tem altera\u00e7\u00f5es de tr\u00e2nsito; confira mudan\u00e7as"}]},{"@type":"WebSite","@id":"https:\/\/brasilnoticias.org\/site\/#website","url":"https:\/\/brasilnoticias.org\/site\/","name":"Brasil not\u00edcias","description":"Brasil not\u00edcias","publisher":{"@id":"https:\/\/brasilnoticias.org\/site\/#organization"},"potentialAction":[{"@type":"SearchAction","target":{"@type":"EntryPoint","urlTemplate":"https:\/\/brasilnoticias.org\/site\/?s={search_term_string}"},"query-input":{"@type":"PropertyValueSpecification","valueRequired":true,"valueName":"search_term_string"}}],"inLanguage":"pt-PT"},{"@type":"Organization","@id":"https:\/\/brasilnoticias.org\/site\/#organization","name":"Brasil not\u00edcias","url":"https:\/\/brasilnoticias.org\/site\/","logo":{"@type":"ImageObject","inLanguage":"pt-PT","@id":"https:\/\/brasilnoticias.org\/site\/#\/schema\/logo\/image\/","url":"https:\/\/brasilnoticias.org\/site\/wp-content\/uploads\/2022\/05\/cropped-brasilnoticias-mini.jpg","contentUrl":"https:\/\/brasilnoticias.org\/site\/wp-content\/uploads\/2022\/05\/cropped-brasilnoticias-mini.jpg","width":314,"height":86,"caption":"Brasil not\u00edcias"},"image":{"@id":"https:\/\/brasilnoticias.org\/site\/#\/schema\/logo\/image\/"}},{"@type":"Person","@id":"https:\/\/brasilnoticias.org\/site\/#\/schema\/person\/03bbbfe6c7634ad18c26444ea39049fa","name":"Reda\u00e7\u00e3o","image":{"@type":"ImageObject","inLanguage":"pt-PT","@id":"https:\/\/brasilnoticias.org\/site\/#\/schema\/person\/image\/","url":"https:\/\/secure.gravatar.com\/avatar\/9ecaf7327a696cb23ad926fedded5f1f04d7049de9e445375d55b48c001a6e42?s=96&d=mm&r=g","contentUrl":"https:\/\/secure.gravatar.com\/avatar\/9ecaf7327a696cb23ad926fedded5f1f04d7049de9e445375d55b48c001a6e42?s=96&d=mm&r=g","caption":"Reda\u00e7\u00e3o"},"url":"https:\/\/brasilnoticias.org\/site\/author\/henrique\/"}]}},"_links":{"self":[{"href":"https:\/\/brasilnoticias.org\/site\/wp-json\/wp\/v2\/posts\/8703","targetHints":{"allow":["GET"]}}],"collection":[{"href":"https:\/\/brasilnoticias.org\/site\/wp-json\/wp\/v2\/posts"}],"about":[{"href":"https:\/\/brasilnoticias.org\/site\/wp-json\/wp\/v2\/types\/post"}],"author":[{"embeddable":true,"href":"https:\/\/brasilnoticias.org\/site\/wp-json\/wp\/v2\/users\/4"}],"replies":[{"embeddable":true,"href":"https:\/\/brasilnoticias.org\/site\/wp-json\/wp\/v2\/comments?post=8703"}],"version-history":[{"count":1,"href":"https:\/\/brasilnoticias.org\/site\/wp-json\/wp\/v2\/posts\/8703\/revisions"}],"predecessor-version":[{"id":8705,"href":"https:\/\/brasilnoticias.org\/site\/wp-json\/wp\/v2\/posts\/8703\/revisions\/8705"}],"wp:featuredmedia":[{"embeddable":true,"href":"https:\/\/brasilnoticias.org\/site\/wp-json\/wp\/v2\/media\/8704"}],"wp:attachment":[{"href":"https:\/\/brasilnoticias.org\/site\/wp-json\/wp\/v2\/media?parent=8703"}],"wp:term":[{"taxonomy":"category","embeddable":true,"href":"https:\/\/brasilnoticias.org\/site\/wp-json\/wp\/v2\/categories?post=8703"},{"taxonomy":"post_tag","embeddable":true,"href":"https:\/\/brasilnoticias.org\/site\/wp-json\/wp\/v2\/tags?post=8703"}],"curies":[{"name":"wp","href":"https:\/\/api.w.org\/{rel}","templated":true}]}}