{"id":8712,"date":"2023-08-28T20:32:09","date_gmt":"2023-08-28T23:32:09","guid":{"rendered":"https:\/\/brasilnoticias.org\/site\/?p=8712"},"modified":"2023-08-28T20:32:09","modified_gmt":"2023-08-28T23:32:09","slug":"acusado-de-trair-bella-campos-mc-cabelinho-surpreende-com-recado-em-show-veja-video","status":"publish","type":"post","link":"https:\/\/brasilnoticias.org\/site\/acusado-de-trair-bella-campos-mc-cabelinho-surpreende-com-recado-em-show-veja-video\/","title":{"rendered":"Acusado de trair Bella Campos, MC Cabelinho surpreende com recado em show; veja v\u00eddeo"},"content":{"rendered":"<p>MC Cabelinho surpreende com recado em show; veja v\u00eddeo que est\u00e1 circulando nas redes sociais<\/p>\n<p>O cantor MC Cabelinho teve uma atitude inesperada em um show realizado neste domingo (27). Envolvido em uma s\u00e9rie de boatos de trai\u00e7\u00e3o, o artista fez uma homenagem no palco para Bella Campos, que oficialmente ainda \u00e9 sua namorada. <\/p>\n<p>Ele cantou uma m\u00fasica em homenagem \u00e0 amada e exibiu fotos da atriz no palco durante a apresenta\u00e7\u00e3o. As imagens foram compartilhadas por f\u00e3s que estavam no local e comemoraram a exibi\u00e7\u00e3o das fotos.<\/p>\n<p>&#8220;Cabelinho n\u00e3o traiu a Bella, ele acabou de dedicar uma m\u00fasica pra ela&#8221;, escreveu a pessoa presente no evento. &#8220;Que tranquilidade ver isso, sinal de que n\u00e3o terminaram&#8221;, declarou outro. &#8220;Agora os adolescentes voltam a acreditar no amor&#8221;, ironizou outro.<\/p>\n<p>MC Cabelinho se envolveu em uma confus\u00e3o neste final de semana. O artista teria recebido a influenciadora no hotel em que estava hospedado em Belo Horizonte, Minas Gerais. A p\u00e1gina Subcelebrities divulgou que a presen\u00e7a da mulher no local em quest\u00e3o teria sido comprovada com o n\u00famero do quarto em que o encontro aconteceu, comprovante da viagem de carro de aplicativo at\u00e9 o hotel e ainda fotos dela na recep\u00e7\u00e3o.<\/p>\n<p>Entramos em contato com a assessoria de Bella Campos para confirmar o poss\u00edvel t\u00e9rmino, mas n\u00e3o fomos respondidos at\u00e9 o fechamento da nota. Mantemos o espa\u00e7o aberto para qualquer pronunciamento. <\/p>\n<p>De acordo com a p\u00e1gina Subcelebrities, a rela\u00e7\u00e3o de MC Cabelinho e Duda Mehdef n\u00e3o \u00e9 de agora. Eles j\u00e1 se conhecem h\u00e1 cinco anos e j\u00e1 ficaram outras vezes &#8211; em registros pessoais que vieram \u00e0 tona, os dois aparecem juntinhos na maior intimidade.<\/p>\n<p>At\u00e9 ent\u00e3o, o cantor n\u00e3o se pronunciou sobre o suposto encontro com a ex-ficante. Vale lembrar que, at\u00e9 ent\u00e3o, ele e a atriz Bella Campos est\u00e3o juntos desde meados do ano passado, quando se conheceram nos bastidores de Vai Na F\u00e9. O romance dos globais s\u00f3 veio \u00e0 tona em outubro daquele ano e, desde ent\u00e3o, nunca mais se desgrudaram.<\/p>\n<p>Foto: Reprodu\u00e7\u00e3o\/ Instagram<br \/>\nUOL<\/p>\n","protected":false},"excerpt":{"rendered":"<p>MC Cabelinho surpreende com recado em show; veja v\u00eddeo que est\u00e1 circulando nas redes sociais O cantor MC Cabelinho teve<\/p>\n","protected":false},"author":4,"featured_media":8713,"comment_status":"open","ping_status":"open","sticky":false,"template":"","format":"standard","meta":{"colormag_page_container_layout":"default_layout","colormag_page_sidebar_layout":"default_layout","_FSMCFIC_featured_image_caption":"","_FSMCFIC_featured_image_nocaption":"","_FSMCFIC_featured_image_hide":"","footnotes":""},"categories":[8,1],"tags":[],"class_list":["post-8712","post","type-post","status-publish","format-standard","has-post-thumbnail","hentry","category-entretenimento","category-ultimas"],"yoast_head":"<!-- This site is optimized with the Yoast SEO plugin v27.1.1 - https:\/\/yoast.com\/product\/yoast-seo-wordpress\/ -->\n<title>Acusado de trair Bella Campos, MC Cabelinho surpreende com recado em show; veja v\u00eddeo - Brasil not\u00edcias<\/title>\n<meta name=\"robots\" content=\"index, follow, max-snippet:-1, max-image-preview:large, max-video-preview:-1\" \/>\n<link rel=\"canonical\" href=\"https:\/\/brasilnoticias.org\/site\/acusado-de-trair-bella-campos-mc-cabelinho-surpreende-com-recado-em-show-veja-video\/\" \/>\n<meta property=\"og:locale\" content=\"pt_PT\" \/>\n<meta property=\"og:type\" content=\"article\" \/>\n<meta property=\"og:title\" content=\"Acusado de trair Bella Campos, MC Cabelinho surpreende com recado em show; veja v\u00eddeo - Brasil not\u00edcias\" \/>\n<meta property=\"og:description\" content=\"MC Cabelinho surpreende com recado em show; veja v\u00eddeo que est\u00e1 circulando nas redes sociais O cantor MC Cabelinho teve\" \/>\n<meta property=\"og:url\" content=\"https:\/\/brasilnoticias.org\/site\/acusado-de-trair-bella-campos-mc-cabelinho-surpreende-com-recado-em-show-veja-video\/\" \/>\n<meta property=\"og:site_name\" content=\"Brasil not\u00edcias\" \/>\n<meta property=\"article:published_time\" content=\"2023-08-28T23:32:09+00:00\" \/>\n<meta property=\"og:image\" content=\"https:\/\/brasilnoticias.org\/site\/wp-content\/uploads\/2023\/08\/bella-campos-mc-cabelinho_widelg.jpeg\" \/>\n\t<meta property=\"og:image:width\" content=\"800\" \/>\n\t<meta property=\"og:image:height\" content=\"450\" \/>\n\t<meta property=\"og:image:type\" content=\"image\/jpeg\" \/>\n<meta name=\"author\" content=\"Reda\u00e7\u00e3o\" \/>\n<meta name=\"twitter:card\" content=\"summary_large_image\" \/>\n<meta name=\"twitter:label1\" content=\"Escrito por\" \/>\n\t<meta name=\"twitter:data1\" content=\"Reda\u00e7\u00e3o\" \/>\n<script type=\"application\/ld+json\" class=\"yoast-schema-graph\">{\"@context\":\"https:\/\/schema.org\",\"@graph\":[{\"@type\":\"Article\",\"@id\":\"https:\/\/brasilnoticias.org\/site\/acusado-de-trair-bella-campos-mc-cabelinho-surpreende-com-recado-em-show-veja-video\/#article\",\"isPartOf\":{\"@id\":\"https:\/\/brasilnoticias.org\/site\/acusado-de-trair-bella-campos-mc-cabelinho-surpreende-com-recado-em-show-veja-video\/\"},\"author\":{\"name\":\"Reda\u00e7\u00e3o\",\"@id\":\"https:\/\/brasilnoticias.org\/site\/#\/schema\/person\/03bbbfe6c7634ad18c26444ea39049fa\"},\"headline\":\"Acusado de trair Bella Campos, MC Cabelinho surpreende com recado em show; veja v\u00eddeo\",\"datePublished\":\"2023-08-28T23:32:09+00:00\",\"mainEntityOfPage\":{\"@id\":\"https:\/\/brasilnoticias.org\/site\/acusado-de-trair-bella-campos-mc-cabelinho-surpreende-com-recado-em-show-veja-video\/\"},\"wordCount\":375,\"commentCount\":0,\"publisher\":{\"@id\":\"https:\/\/brasilnoticias.org\/site\/#organization\"},\"image\":{\"@id\":\"https:\/\/brasilnoticias.org\/site\/acusado-de-trair-bella-campos-mc-cabelinho-surpreende-com-recado-em-show-veja-video\/#primaryimage\"},\"thumbnailUrl\":\"https:\/\/brasilnoticias.org\/site\/wp-content\/uploads\/2023\/08\/bella-campos-mc-cabelinho_widelg.jpeg\",\"articleSection\":[\"Entretenimento\",\"\u00daltimas\"],\"inLanguage\":\"pt-PT\",\"potentialAction\":[{\"@type\":\"CommentAction\",\"name\":\"Comment\",\"target\":[\"https:\/\/brasilnoticias.org\/site\/acusado-de-trair-bella-campos-mc-cabelinho-surpreende-com-recado-em-show-veja-video\/#respond\"]}]},{\"@type\":\"WebPage\",\"@id\":\"https:\/\/brasilnoticias.org\/site\/acusado-de-trair-bella-campos-mc-cabelinho-surpreende-com-recado-em-show-veja-video\/\",\"url\":\"https:\/\/brasilnoticias.org\/site\/acusado-de-trair-bella-campos-mc-cabelinho-surpreende-com-recado-em-show-veja-video\/\",\"name\":\"Acusado de trair Bella Campos, MC Cabelinho surpreende com recado em show; veja v\u00eddeo - Brasil not\u00edcias\",\"isPartOf\":{\"@id\":\"https:\/\/brasilnoticias.org\/site\/#website\"},\"primaryImageOfPage\":{\"@id\":\"https:\/\/brasilnoticias.org\/site\/acusado-de-trair-bella-campos-mc-cabelinho-surpreende-com-recado-em-show-veja-video\/#primaryimage\"},\"image\":{\"@id\":\"https:\/\/brasilnoticias.org\/site\/acusado-de-trair-bella-campos-mc-cabelinho-surpreende-com-recado-em-show-veja-video\/#primaryimage\"},\"thumbnailUrl\":\"https:\/\/brasilnoticias.org\/site\/wp-content\/uploads\/2023\/08\/bella-campos-mc-cabelinho_widelg.jpeg\",\"datePublished\":\"2023-08-28T23:32:09+00:00\",\"breadcrumb\":{\"@id\":\"https:\/\/brasilnoticias.org\/site\/acusado-de-trair-bella-campos-mc-cabelinho-surpreende-com-recado-em-show-veja-video\/#breadcrumb\"},\"inLanguage\":\"pt-PT\",\"potentialAction\":[{\"@type\":\"ReadAction\",\"target\":[\"https:\/\/brasilnoticias.org\/site\/acusado-de-trair-bella-campos-mc-cabelinho-surpreende-com-recado-em-show-veja-video\/\"]}]},{\"@type\":\"ImageObject\",\"inLanguage\":\"pt-PT\",\"@id\":\"https:\/\/brasilnoticias.org\/site\/acusado-de-trair-bella-campos-mc-cabelinho-surpreende-com-recado-em-show-veja-video\/#primaryimage\",\"url\":\"https:\/\/brasilnoticias.org\/site\/wp-content\/uploads\/2023\/08\/bella-campos-mc-cabelinho_widelg.jpeg\",\"contentUrl\":\"https:\/\/brasilnoticias.org\/site\/wp-content\/uploads\/2023\/08\/bella-campos-mc-cabelinho_widelg.jpeg\",\"width\":800,\"height\":450},{\"@type\":\"BreadcrumbList\",\"@id\":\"https:\/\/brasilnoticias.org\/site\/acusado-de-trair-bella-campos-mc-cabelinho-surpreende-com-recado-em-show-veja-video\/#breadcrumb\",\"itemListElement\":[{\"@type\":\"ListItem\",\"position\":1,\"name\":\"In\u00edcio\",\"item\":\"https:\/\/brasilnoticias.org\/site\/\"},{\"@type\":\"ListItem\",\"position\":2,\"name\":\"Acusado de trair Bella Campos, MC Cabelinho surpreende com recado em show; veja v\u00eddeo\"}]},{\"@type\":\"WebSite\",\"@id\":\"https:\/\/brasilnoticias.org\/site\/#website\",\"url\":\"https:\/\/brasilnoticias.org\/site\/\",\"name\":\"Brasil not\u00edcias\",\"description\":\"Brasil not\u00edcias\",\"publisher\":{\"@id\":\"https:\/\/brasilnoticias.org\/site\/#organization\"},\"potentialAction\":[{\"@type\":\"SearchAction\",\"target\":{\"@type\":\"EntryPoint\",\"urlTemplate\":\"https:\/\/brasilnoticias.org\/site\/?s={search_term_string}\"},\"query-input\":{\"@type\":\"PropertyValueSpecification\",\"valueRequired\":true,\"valueName\":\"search_term_string\"}}],\"inLanguage\":\"pt-PT\"},{\"@type\":\"Organization\",\"@id\":\"https:\/\/brasilnoticias.org\/site\/#organization\",\"name\":\"Brasil not\u00edcias\",\"url\":\"https:\/\/brasilnoticias.org\/site\/\",\"logo\":{\"@type\":\"ImageObject\",\"inLanguage\":\"pt-PT\",\"@id\":\"https:\/\/brasilnoticias.org\/site\/#\/schema\/logo\/image\/\",\"url\":\"https:\/\/brasilnoticias.org\/site\/wp-content\/uploads\/2022\/05\/cropped-brasilnoticias-mini.jpg\",\"contentUrl\":\"https:\/\/brasilnoticias.org\/site\/wp-content\/uploads\/2022\/05\/cropped-brasilnoticias-mini.jpg\",\"width\":314,\"height\":86,\"caption\":\"Brasil not\u00edcias\"},\"image\":{\"@id\":\"https:\/\/brasilnoticias.org\/site\/#\/schema\/logo\/image\/\"}},{\"@type\":\"Person\",\"@id\":\"https:\/\/brasilnoticias.org\/site\/#\/schema\/person\/03bbbfe6c7634ad18c26444ea39049fa\",\"name\":\"Reda\u00e7\u00e3o\",\"image\":{\"@type\":\"ImageObject\",\"inLanguage\":\"pt-PT\",\"@id\":\"https:\/\/brasilnoticias.org\/site\/#\/schema\/person\/image\/\",\"url\":\"https:\/\/secure.gravatar.com\/avatar\/9ecaf7327a696cb23ad926fedded5f1f04d7049de9e445375d55b48c001a6e42?s=96&d=mm&r=g\",\"contentUrl\":\"https:\/\/secure.gravatar.com\/avatar\/9ecaf7327a696cb23ad926fedded5f1f04d7049de9e445375d55b48c001a6e42?s=96&d=mm&r=g\",\"caption\":\"Reda\u00e7\u00e3o\"},\"url\":\"https:\/\/brasilnoticias.org\/site\/author\/henrique\/\"}]}<\/script>\n<!-- \/ Yoast SEO plugin. -->","yoast_head_json":{"title":"Acusado de trair Bella Campos, MC Cabelinho surpreende com recado em show; veja v\u00eddeo - Brasil not\u00edcias","robots":{"index":"index","follow":"follow","max-snippet":"max-snippet:-1","max-image-preview":"max-image-preview:large","max-video-preview":"max-video-preview:-1"},"canonical":"https:\/\/brasilnoticias.org\/site\/acusado-de-trair-bella-campos-mc-cabelinho-surpreende-com-recado-em-show-veja-video\/","og_locale":"pt_PT","og_type":"article","og_title":"Acusado de trair Bella Campos, MC Cabelinho surpreende com recado em show; veja v\u00eddeo - Brasil not\u00edcias","og_description":"MC Cabelinho surpreende com recado em show; veja v\u00eddeo que est\u00e1 circulando nas redes sociais O cantor MC Cabelinho teve","og_url":"https:\/\/brasilnoticias.org\/site\/acusado-de-trair-bella-campos-mc-cabelinho-surpreende-com-recado-em-show-veja-video\/","og_site_name":"Brasil not\u00edcias","article_published_time":"2023-08-28T23:32:09+00:00","og_image":[{"width":800,"height":450,"url":"https:\/\/brasilnoticias.org\/site\/wp-content\/uploads\/2023\/08\/bella-campos-mc-cabelinho_widelg.jpeg","type":"image\/jpeg"}],"author":"Reda\u00e7\u00e3o","twitter_card":"summary_large_image","twitter_misc":{"Escrito por":"Reda\u00e7\u00e3o"},"schema":{"@context":"https:\/\/schema.org","@graph":[{"@type":"Article","@id":"https:\/\/brasilnoticias.org\/site\/acusado-de-trair-bella-campos-mc-cabelinho-surpreende-com-recado-em-show-veja-video\/#article","isPartOf":{"@id":"https:\/\/brasilnoticias.org\/site\/acusado-de-trair-bella-campos-mc-cabelinho-surpreende-com-recado-em-show-veja-video\/"},"author":{"name":"Reda\u00e7\u00e3o","@id":"https:\/\/brasilnoticias.org\/site\/#\/schema\/person\/03bbbfe6c7634ad18c26444ea39049fa"},"headline":"Acusado de trair Bella Campos, MC Cabelinho surpreende com recado em show; veja v\u00eddeo","datePublished":"2023-08-28T23:32:09+00:00","mainEntityOfPage":{"@id":"https:\/\/brasilnoticias.org\/site\/acusado-de-trair-bella-campos-mc-cabelinho-surpreende-com-recado-em-show-veja-video\/"},"wordCount":375,"commentCount":0,"publisher":{"@id":"https:\/\/brasilnoticias.org\/site\/#organization"},"image":{"@id":"https:\/\/brasilnoticias.org\/site\/acusado-de-trair-bella-campos-mc-cabelinho-surpreende-com-recado-em-show-veja-video\/#primaryimage"},"thumbnailUrl":"https:\/\/brasilnoticias.org\/site\/wp-content\/uploads\/2023\/08\/bella-campos-mc-cabelinho_widelg.jpeg","articleSection":["Entretenimento","\u00daltimas"],"inLanguage":"pt-PT","potentialAction":[{"@type":"CommentAction","name":"Comment","target":["https:\/\/brasilnoticias.org\/site\/acusado-de-trair-bella-campos-mc-cabelinho-surpreende-com-recado-em-show-veja-video\/#respond"]}]},{"@type":"WebPage","@id":"https:\/\/brasilnoticias.org\/site\/acusado-de-trair-bella-campos-mc-cabelinho-surpreende-com-recado-em-show-veja-video\/","url":"https:\/\/brasilnoticias.org\/site\/acusado-de-trair-bella-campos-mc-cabelinho-surpreende-com-recado-em-show-veja-video\/","name":"Acusado de trair Bella Campos, MC Cabelinho surpreende com recado em show; veja v\u00eddeo - Brasil not\u00edcias","isPartOf":{"@id":"https:\/\/brasilnoticias.org\/site\/#website"},"primaryImageOfPage":{"@id":"https:\/\/brasilnoticias.org\/site\/acusado-de-trair-bella-campos-mc-cabelinho-surpreende-com-recado-em-show-veja-video\/#primaryimage"},"image":{"@id":"https:\/\/brasilnoticias.org\/site\/acusado-de-trair-bella-campos-mc-cabelinho-surpreende-com-recado-em-show-veja-video\/#primaryimage"},"thumbnailUrl":"https:\/\/brasilnoticias.org\/site\/wp-content\/uploads\/2023\/08\/bella-campos-mc-cabelinho_widelg.jpeg","datePublished":"2023-08-28T23:32:09+00:00","breadcrumb":{"@id":"https:\/\/brasilnoticias.org\/site\/acusado-de-trair-bella-campos-mc-cabelinho-surpreende-com-recado-em-show-veja-video\/#breadcrumb"},"inLanguage":"pt-PT","potentialAction":[{"@type":"ReadAction","target":["https:\/\/brasilnoticias.org\/site\/acusado-de-trair-bella-campos-mc-cabelinho-surpreende-com-recado-em-show-veja-video\/"]}]},{"@type":"ImageObject","inLanguage":"pt-PT","@id":"https:\/\/brasilnoticias.org\/site\/acusado-de-trair-bella-campos-mc-cabelinho-surpreende-com-recado-em-show-veja-video\/#primaryimage","url":"https:\/\/brasilnoticias.org\/site\/wp-content\/uploads\/2023\/08\/bella-campos-mc-cabelinho_widelg.jpeg","contentUrl":"https:\/\/brasilnoticias.org\/site\/wp-content\/uploads\/2023\/08\/bella-campos-mc-cabelinho_widelg.jpeg","width":800,"height":450},{"@type":"BreadcrumbList","@id":"https:\/\/brasilnoticias.org\/site\/acusado-de-trair-bella-campos-mc-cabelinho-surpreende-com-recado-em-show-veja-video\/#breadcrumb","itemListElement":[{"@type":"ListItem","position":1,"name":"In\u00edcio","item":"https:\/\/brasilnoticias.org\/site\/"},{"@type":"ListItem","position":2,"name":"Acusado de trair Bella Campos, MC Cabelinho surpreende com recado em show; veja v\u00eddeo"}]},{"@type":"WebSite","@id":"https:\/\/brasilnoticias.org\/site\/#website","url":"https:\/\/brasilnoticias.org\/site\/","name":"Brasil not\u00edcias","description":"Brasil not\u00edcias","publisher":{"@id":"https:\/\/brasilnoticias.org\/site\/#organization"},"potentialAction":[{"@type":"SearchAction","target":{"@type":"EntryPoint","urlTemplate":"https:\/\/brasilnoticias.org\/site\/?s={search_term_string}"},"query-input":{"@type":"PropertyValueSpecification","valueRequired":true,"valueName":"search_term_string"}}],"inLanguage":"pt-PT"},{"@type":"Organization","@id":"https:\/\/brasilnoticias.org\/site\/#organization","name":"Brasil not\u00edcias","url":"https:\/\/brasilnoticias.org\/site\/","logo":{"@type":"ImageObject","inLanguage":"pt-PT","@id":"https:\/\/brasilnoticias.org\/site\/#\/schema\/logo\/image\/","url":"https:\/\/brasilnoticias.org\/site\/wp-content\/uploads\/2022\/05\/cropped-brasilnoticias-mini.jpg","contentUrl":"https:\/\/brasilnoticias.org\/site\/wp-content\/uploads\/2022\/05\/cropped-brasilnoticias-mini.jpg","width":314,"height":86,"caption":"Brasil not\u00edcias"},"image":{"@id":"https:\/\/brasilnoticias.org\/site\/#\/schema\/logo\/image\/"}},{"@type":"Person","@id":"https:\/\/brasilnoticias.org\/site\/#\/schema\/person\/03bbbfe6c7634ad18c26444ea39049fa","name":"Reda\u00e7\u00e3o","image":{"@type":"ImageObject","inLanguage":"pt-PT","@id":"https:\/\/brasilnoticias.org\/site\/#\/schema\/person\/image\/","url":"https:\/\/secure.gravatar.com\/avatar\/9ecaf7327a696cb23ad926fedded5f1f04d7049de9e445375d55b48c001a6e42?s=96&d=mm&r=g","contentUrl":"https:\/\/secure.gravatar.com\/avatar\/9ecaf7327a696cb23ad926fedded5f1f04d7049de9e445375d55b48c001a6e42?s=96&d=mm&r=g","caption":"Reda\u00e7\u00e3o"},"url":"https:\/\/brasilnoticias.org\/site\/author\/henrique\/"}]}},"_links":{"self":[{"href":"https:\/\/brasilnoticias.org\/site\/wp-json\/wp\/v2\/posts\/8712","targetHints":{"allow":["GET"]}}],"collection":[{"href":"https:\/\/brasilnoticias.org\/site\/wp-json\/wp\/v2\/posts"}],"about":[{"href":"https:\/\/brasilnoticias.org\/site\/wp-json\/wp\/v2\/types\/post"}],"author":[{"embeddable":true,"href":"https:\/\/brasilnoticias.org\/site\/wp-json\/wp\/v2\/users\/4"}],"replies":[{"embeddable":true,"href":"https:\/\/brasilnoticias.org\/site\/wp-json\/wp\/v2\/comments?post=8712"}],"version-history":[{"count":1,"href":"https:\/\/brasilnoticias.org\/site\/wp-json\/wp\/v2\/posts\/8712\/revisions"}],"predecessor-version":[{"id":8714,"href":"https:\/\/brasilnoticias.org\/site\/wp-json\/wp\/v2\/posts\/8712\/revisions\/8714"}],"wp:featuredmedia":[{"embeddable":true,"href":"https:\/\/brasilnoticias.org\/site\/wp-json\/wp\/v2\/media\/8713"}],"wp:attachment":[{"href":"https:\/\/brasilnoticias.org\/site\/wp-json\/wp\/v2\/media?parent=8712"}],"wp:term":[{"taxonomy":"category","embeddable":true,"href":"https:\/\/brasilnoticias.org\/site\/wp-json\/wp\/v2\/categories?post=8712"},{"taxonomy":"post_tag","embeddable":true,"href":"https:\/\/brasilnoticias.org\/site\/wp-json\/wp\/v2\/tags?post=8712"}],"curies":[{"name":"wp","href":"https:\/\/api.w.org\/{rel}","templated":true}]}}