{"id":8718,"date":"2023-08-29T07:00:25","date_gmt":"2023-08-29T10:00:25","guid":{"rendered":"https:\/\/brasilnoticias.org\/site\/?p=8718"},"modified":"2023-08-28T20:39:24","modified_gmt":"2023-08-28T23:39:24","slug":"lula-sanciona-mp-que-reajusta-salario-minimo-e-amplia-faixa-de-isencao-do-imposto-de-renda","status":"publish","type":"post","link":"https:\/\/brasilnoticias.org\/site\/lula-sanciona-mp-que-reajusta-salario-minimo-e-amplia-faixa-de-isencao-do-imposto-de-renda\/","title":{"rendered":"Lula sanciona MP que reajusta sal\u00e1rio m\u00ednimo e amplia faixa de isen\u00e7\u00e3o do Imposto de Renda"},"content":{"rendered":"<p>Texto prev\u00ea que quem ganha at\u00e9 R$ 2.640 por m\u00eas n\u00e3o pagar\u00e1 imposto de renda. Texto estabelece regra de valoriza\u00e7\u00e3o do m\u00ednimo.<\/p>\n<p>O presidente Luiz In\u00e1cio Lula da Silva (PT) sancionou nesta segunda-feira (28) a medida provis\u00f3ria que reajusta o sal\u00e1rio m\u00ednimo e amplia a faixa de isen\u00e7\u00e3o do Imposto de Renda.<\/p>\n<p>Entenda o que muda<br \/>\nO texto foi aprovado pelo Congresso Nacional e perderia a validade se n\u00e3o fosse aprovado em definitivo.<\/p>\n<p>A medida provis\u00f3ria tratava inicialmente apenas do aumento do sal\u00e1rio m\u00ednimo. Publicada em 1\u00ba de maio por Lula, o texto reajustou o valor de R$ 1.302 para R$ 1.320, um ganho real (acima de infla\u00e7\u00e3o), conforme promessa de campanha do presidente.<\/p>\n<p>Segundo o texto, quem ganha at\u00e9 R$ 2.640 por m\u00eas n\u00e3o pagar\u00e1 Imposto de Renda, valor equivalente a dois sal\u00e1rios m\u00ednimos. Atualmente, esta isen\u00e7\u00e3o \u00e9 de R$ 1.903.<\/p>\n<p>A perda de arrecada\u00e7\u00e3o com a amplia\u00e7\u00e3o da faixa de isen\u00e7\u00e3o deve ser compensada com a taxa\u00e7\u00e3o dos fundos dos super-ricos.<\/p>\n<p>O texto inclu\u00eda tamb\u00e9m a taxa\u00e7\u00e3o de fundos offshores, mas a medida encontrou resist\u00eancias na C\u00e2mara dos Deputados. Ap\u00f3s um acordo, os deputados retiraram o trecho por meio de um destaque.<\/p>\n<p>Pol\u00edtica de valoriza\u00e7\u00e3o do m\u00ednimo<br \/>\nO texto aprovado pelos congressistas e sancionado por Lula estabelece a pol\u00edtica de valoriza\u00e7\u00e3o do sal\u00e1rio-m\u00ednimo, que entrar\u00e1 em vigor a partir de 1\u00ba de janeiro de 2024.<\/p>\n<p>Conforme a nova regra, a valoriza\u00e7\u00e3o ser\u00e1 correspondente \u00e0 soma do \u00edndice de infla\u00e7\u00e3o do ano anterior com o \u00edndice correspondente ao crescimento real do Produto Interno Bruto (PIB) de dois anos anteriores.<\/p>\n<p>O \u00edndice de infla\u00e7\u00e3o que ser\u00e1 considerado ser\u00e1 o \u00cdndice Nacional de Pre\u00e7os ao Consumidor (INPC), acumulada nos doze meses encerrados em novembro do exerc\u00edcio anterior ao do reajuste.<\/p>\n<p>Nos anos em que o PIB n\u00e3o crescer, o reajuste ser\u00e1 feito com base apenas na infla\u00e7\u00e3o.<\/p>\n<p>Foto: Ricardo Stuckert\/PR<br \/>\nG1<\/p>\n","protected":false},"excerpt":{"rendered":"<p>Texto prev\u00ea que quem ganha at\u00e9 R$ 2.640 por m\u00eas n\u00e3o pagar\u00e1 imposto de renda. Texto estabelece regra de valoriza\u00e7\u00e3o<\/p>\n","protected":false},"author":4,"featured_media":8719,"comment_status":"open","ping_status":"open","sticky":false,"template":"","format":"standard","meta":{"colormag_page_container_layout":"default_layout","colormag_page_sidebar_layout":"default_layout","_FSMCFIC_featured_image_caption":"","_FSMCFIC_featured_image_nocaption":"","_FSMCFIC_featured_image_hide":"","footnotes":""},"categories":[5,1],"tags":[],"class_list":["post-8718","post","type-post","status-publish","format-standard","has-post-thumbnail","hentry","category-politica","category-ultimas"],"yoast_head":"<!-- This site is optimized with the Yoast SEO plugin v27.1.1 - https:\/\/yoast.com\/product\/yoast-seo-wordpress\/ -->\n<title>Lula sanciona MP que reajusta sal\u00e1rio m\u00ednimo e amplia faixa de isen\u00e7\u00e3o do Imposto de Renda - Brasil not\u00edcias<\/title>\n<meta name=\"robots\" content=\"index, follow, max-snippet:-1, max-image-preview:large, max-video-preview:-1\" \/>\n<link rel=\"canonical\" href=\"https:\/\/brasilnoticias.org\/site\/lula-sanciona-mp-que-reajusta-salario-minimo-e-amplia-faixa-de-isencao-do-imposto-de-renda\/\" \/>\n<meta property=\"og:locale\" content=\"pt_PT\" \/>\n<meta property=\"og:type\" content=\"article\" \/>\n<meta property=\"og:title\" content=\"Lula sanciona MP que reajusta sal\u00e1rio m\u00ednimo e amplia faixa de isen\u00e7\u00e3o do Imposto de Renda - Brasil not\u00edcias\" \/>\n<meta property=\"og:description\" content=\"Texto prev\u00ea que quem ganha at\u00e9 R$ 2.640 por m\u00eas n\u00e3o pagar\u00e1 imposto de renda. Texto estabelece regra de valoriza\u00e7\u00e3o\" \/>\n<meta property=\"og:url\" content=\"https:\/\/brasilnoticias.org\/site\/lula-sanciona-mp-que-reajusta-salario-minimo-e-amplia-faixa-de-isencao-do-imposto-de-renda\/\" \/>\n<meta property=\"og:site_name\" content=\"Brasil not\u00edcias\" \/>\n<meta property=\"article:published_time\" content=\"2023-08-29T10:00:25+00:00\" \/>\n<meta property=\"og:image\" content=\"https:\/\/brasilnoticias.org\/site\/wp-content\/uploads\/2023\/08\/pres-lula-reuniacc83o-100-dias-gov-ricardostuckert-pr-1.jpeg\" \/>\n\t<meta property=\"og:image:width\" content=\"750\" \/>\n\t<meta property=\"og:image:height\" content=\"500\" \/>\n\t<meta property=\"og:image:type\" content=\"image\/jpeg\" \/>\n<meta name=\"author\" content=\"Reda\u00e7\u00e3o\" \/>\n<meta name=\"twitter:card\" content=\"summary_large_image\" \/>\n<meta name=\"twitter:label1\" content=\"Escrito por\" \/>\n\t<meta name=\"twitter:data1\" content=\"Reda\u00e7\u00e3o\" \/>\n<script type=\"application\/ld+json\" class=\"yoast-schema-graph\">{\"@context\":\"https:\/\/schema.org\",\"@graph\":[{\"@type\":\"Article\",\"@id\":\"https:\/\/brasilnoticias.org\/site\/lula-sanciona-mp-que-reajusta-salario-minimo-e-amplia-faixa-de-isencao-do-imposto-de-renda\/#article\",\"isPartOf\":{\"@id\":\"https:\/\/brasilnoticias.org\/site\/lula-sanciona-mp-que-reajusta-salario-minimo-e-amplia-faixa-de-isencao-do-imposto-de-renda\/\"},\"author\":{\"name\":\"Reda\u00e7\u00e3o\",\"@id\":\"https:\/\/brasilnoticias.org\/site\/#\/schema\/person\/03bbbfe6c7634ad18c26444ea39049fa\"},\"headline\":\"Lula sanciona MP que reajusta sal\u00e1rio m\u00ednimo e amplia faixa de isen\u00e7\u00e3o do Imposto de Renda\",\"datePublished\":\"2023-08-29T10:00:25+00:00\",\"mainEntityOfPage\":{\"@id\":\"https:\/\/brasilnoticias.org\/site\/lula-sanciona-mp-que-reajusta-salario-minimo-e-amplia-faixa-de-isencao-do-imposto-de-renda\/\"},\"wordCount\":362,\"commentCount\":0,\"publisher\":{\"@id\":\"https:\/\/brasilnoticias.org\/site\/#organization\"},\"image\":{\"@id\":\"https:\/\/brasilnoticias.org\/site\/lula-sanciona-mp-que-reajusta-salario-minimo-e-amplia-faixa-de-isencao-do-imposto-de-renda\/#primaryimage\"},\"thumbnailUrl\":\"https:\/\/brasilnoticias.org\/site\/wp-content\/uploads\/2023\/08\/pres-lula-reuniacc83o-100-dias-gov-ricardostuckert-pr-1.jpeg\",\"articleSection\":[\"Pol\u00edtica\",\"\u00daltimas\"],\"inLanguage\":\"pt-PT\",\"potentialAction\":[{\"@type\":\"CommentAction\",\"name\":\"Comment\",\"target\":[\"https:\/\/brasilnoticias.org\/site\/lula-sanciona-mp-que-reajusta-salario-minimo-e-amplia-faixa-de-isencao-do-imposto-de-renda\/#respond\"]}]},{\"@type\":\"WebPage\",\"@id\":\"https:\/\/brasilnoticias.org\/site\/lula-sanciona-mp-que-reajusta-salario-minimo-e-amplia-faixa-de-isencao-do-imposto-de-renda\/\",\"url\":\"https:\/\/brasilnoticias.org\/site\/lula-sanciona-mp-que-reajusta-salario-minimo-e-amplia-faixa-de-isencao-do-imposto-de-renda\/\",\"name\":\"Lula sanciona MP que reajusta sal\u00e1rio m\u00ednimo e amplia faixa de isen\u00e7\u00e3o do Imposto de Renda - Brasil not\u00edcias\",\"isPartOf\":{\"@id\":\"https:\/\/brasilnoticias.org\/site\/#website\"},\"primaryImageOfPage\":{\"@id\":\"https:\/\/brasilnoticias.org\/site\/lula-sanciona-mp-que-reajusta-salario-minimo-e-amplia-faixa-de-isencao-do-imposto-de-renda\/#primaryimage\"},\"image\":{\"@id\":\"https:\/\/brasilnoticias.org\/site\/lula-sanciona-mp-que-reajusta-salario-minimo-e-amplia-faixa-de-isencao-do-imposto-de-renda\/#primaryimage\"},\"thumbnailUrl\":\"https:\/\/brasilnoticias.org\/site\/wp-content\/uploads\/2023\/08\/pres-lula-reuniacc83o-100-dias-gov-ricardostuckert-pr-1.jpeg\",\"datePublished\":\"2023-08-29T10:00:25+00:00\",\"breadcrumb\":{\"@id\":\"https:\/\/brasilnoticias.org\/site\/lula-sanciona-mp-que-reajusta-salario-minimo-e-amplia-faixa-de-isencao-do-imposto-de-renda\/#breadcrumb\"},\"inLanguage\":\"pt-PT\",\"potentialAction\":[{\"@type\":\"ReadAction\",\"target\":[\"https:\/\/brasilnoticias.org\/site\/lula-sanciona-mp-que-reajusta-salario-minimo-e-amplia-faixa-de-isencao-do-imposto-de-renda\/\"]}]},{\"@type\":\"ImageObject\",\"inLanguage\":\"pt-PT\",\"@id\":\"https:\/\/brasilnoticias.org\/site\/lula-sanciona-mp-que-reajusta-salario-minimo-e-amplia-faixa-de-isencao-do-imposto-de-renda\/#primaryimage\",\"url\":\"https:\/\/brasilnoticias.org\/site\/wp-content\/uploads\/2023\/08\/pres-lula-reuniacc83o-100-dias-gov-ricardostuckert-pr-1.jpeg\",\"contentUrl\":\"https:\/\/brasilnoticias.org\/site\/wp-content\/uploads\/2023\/08\/pres-lula-reuniacc83o-100-dias-gov-ricardostuckert-pr-1.jpeg\",\"width\":750,\"height\":500},{\"@type\":\"BreadcrumbList\",\"@id\":\"https:\/\/brasilnoticias.org\/site\/lula-sanciona-mp-que-reajusta-salario-minimo-e-amplia-faixa-de-isencao-do-imposto-de-renda\/#breadcrumb\",\"itemListElement\":[{\"@type\":\"ListItem\",\"position\":1,\"name\":\"In\u00edcio\",\"item\":\"https:\/\/brasilnoticias.org\/site\/\"},{\"@type\":\"ListItem\",\"position\":2,\"name\":\"Lula sanciona MP que reajusta sal\u00e1rio m\u00ednimo e amplia faixa de isen\u00e7\u00e3o do Imposto de Renda\"}]},{\"@type\":\"WebSite\",\"@id\":\"https:\/\/brasilnoticias.org\/site\/#website\",\"url\":\"https:\/\/brasilnoticias.org\/site\/\",\"name\":\"Brasil not\u00edcias\",\"description\":\"Brasil not\u00edcias\",\"publisher\":{\"@id\":\"https:\/\/brasilnoticias.org\/site\/#organization\"},\"potentialAction\":[{\"@type\":\"SearchAction\",\"target\":{\"@type\":\"EntryPoint\",\"urlTemplate\":\"https:\/\/brasilnoticias.org\/site\/?s={search_term_string}\"},\"query-input\":{\"@type\":\"PropertyValueSpecification\",\"valueRequired\":true,\"valueName\":\"search_term_string\"}}],\"inLanguage\":\"pt-PT\"},{\"@type\":\"Organization\",\"@id\":\"https:\/\/brasilnoticias.org\/site\/#organization\",\"name\":\"Brasil not\u00edcias\",\"url\":\"https:\/\/brasilnoticias.org\/site\/\",\"logo\":{\"@type\":\"ImageObject\",\"inLanguage\":\"pt-PT\",\"@id\":\"https:\/\/brasilnoticias.org\/site\/#\/schema\/logo\/image\/\",\"url\":\"https:\/\/brasilnoticias.org\/site\/wp-content\/uploads\/2022\/05\/cropped-brasilnoticias-mini.jpg\",\"contentUrl\":\"https:\/\/brasilnoticias.org\/site\/wp-content\/uploads\/2022\/05\/cropped-brasilnoticias-mini.jpg\",\"width\":314,\"height\":86,\"caption\":\"Brasil not\u00edcias\"},\"image\":{\"@id\":\"https:\/\/brasilnoticias.org\/site\/#\/schema\/logo\/image\/\"}},{\"@type\":\"Person\",\"@id\":\"https:\/\/brasilnoticias.org\/site\/#\/schema\/person\/03bbbfe6c7634ad18c26444ea39049fa\",\"name\":\"Reda\u00e7\u00e3o\",\"image\":{\"@type\":\"ImageObject\",\"inLanguage\":\"pt-PT\",\"@id\":\"https:\/\/brasilnoticias.org\/site\/#\/schema\/person\/image\/\",\"url\":\"https:\/\/secure.gravatar.com\/avatar\/9ecaf7327a696cb23ad926fedded5f1f04d7049de9e445375d55b48c001a6e42?s=96&d=mm&r=g\",\"contentUrl\":\"https:\/\/secure.gravatar.com\/avatar\/9ecaf7327a696cb23ad926fedded5f1f04d7049de9e445375d55b48c001a6e42?s=96&d=mm&r=g\",\"caption\":\"Reda\u00e7\u00e3o\"},\"url\":\"https:\/\/brasilnoticias.org\/site\/author\/henrique\/\"}]}<\/script>\n<!-- \/ Yoast SEO plugin. -->","yoast_head_json":{"title":"Lula sanciona MP que reajusta sal\u00e1rio m\u00ednimo e amplia faixa de isen\u00e7\u00e3o do Imposto de Renda - Brasil not\u00edcias","robots":{"index":"index","follow":"follow","max-snippet":"max-snippet:-1","max-image-preview":"max-image-preview:large","max-video-preview":"max-video-preview:-1"},"canonical":"https:\/\/brasilnoticias.org\/site\/lula-sanciona-mp-que-reajusta-salario-minimo-e-amplia-faixa-de-isencao-do-imposto-de-renda\/","og_locale":"pt_PT","og_type":"article","og_title":"Lula sanciona MP que reajusta sal\u00e1rio m\u00ednimo e amplia faixa de isen\u00e7\u00e3o do Imposto de Renda - Brasil not\u00edcias","og_description":"Texto prev\u00ea que quem ganha at\u00e9 R$ 2.640 por m\u00eas n\u00e3o pagar\u00e1 imposto de renda. Texto estabelece regra de valoriza\u00e7\u00e3o","og_url":"https:\/\/brasilnoticias.org\/site\/lula-sanciona-mp-que-reajusta-salario-minimo-e-amplia-faixa-de-isencao-do-imposto-de-renda\/","og_site_name":"Brasil not\u00edcias","article_published_time":"2023-08-29T10:00:25+00:00","og_image":[{"width":750,"height":500,"url":"https:\/\/brasilnoticias.org\/site\/wp-content\/uploads\/2023\/08\/pres-lula-reuniacc83o-100-dias-gov-ricardostuckert-pr-1.jpeg","type":"image\/jpeg"}],"author":"Reda\u00e7\u00e3o","twitter_card":"summary_large_image","twitter_misc":{"Escrito por":"Reda\u00e7\u00e3o"},"schema":{"@context":"https:\/\/schema.org","@graph":[{"@type":"Article","@id":"https:\/\/brasilnoticias.org\/site\/lula-sanciona-mp-que-reajusta-salario-minimo-e-amplia-faixa-de-isencao-do-imposto-de-renda\/#article","isPartOf":{"@id":"https:\/\/brasilnoticias.org\/site\/lula-sanciona-mp-que-reajusta-salario-minimo-e-amplia-faixa-de-isencao-do-imposto-de-renda\/"},"author":{"name":"Reda\u00e7\u00e3o","@id":"https:\/\/brasilnoticias.org\/site\/#\/schema\/person\/03bbbfe6c7634ad18c26444ea39049fa"},"headline":"Lula sanciona MP que reajusta sal\u00e1rio m\u00ednimo e amplia faixa de isen\u00e7\u00e3o do Imposto de Renda","datePublished":"2023-08-29T10:00:25+00:00","mainEntityOfPage":{"@id":"https:\/\/brasilnoticias.org\/site\/lula-sanciona-mp-que-reajusta-salario-minimo-e-amplia-faixa-de-isencao-do-imposto-de-renda\/"},"wordCount":362,"commentCount":0,"publisher":{"@id":"https:\/\/brasilnoticias.org\/site\/#organization"},"image":{"@id":"https:\/\/brasilnoticias.org\/site\/lula-sanciona-mp-que-reajusta-salario-minimo-e-amplia-faixa-de-isencao-do-imposto-de-renda\/#primaryimage"},"thumbnailUrl":"https:\/\/brasilnoticias.org\/site\/wp-content\/uploads\/2023\/08\/pres-lula-reuniacc83o-100-dias-gov-ricardostuckert-pr-1.jpeg","articleSection":["Pol\u00edtica","\u00daltimas"],"inLanguage":"pt-PT","potentialAction":[{"@type":"CommentAction","name":"Comment","target":["https:\/\/brasilnoticias.org\/site\/lula-sanciona-mp-que-reajusta-salario-minimo-e-amplia-faixa-de-isencao-do-imposto-de-renda\/#respond"]}]},{"@type":"WebPage","@id":"https:\/\/brasilnoticias.org\/site\/lula-sanciona-mp-que-reajusta-salario-minimo-e-amplia-faixa-de-isencao-do-imposto-de-renda\/","url":"https:\/\/brasilnoticias.org\/site\/lula-sanciona-mp-que-reajusta-salario-minimo-e-amplia-faixa-de-isencao-do-imposto-de-renda\/","name":"Lula sanciona MP que reajusta sal\u00e1rio m\u00ednimo e amplia faixa de isen\u00e7\u00e3o do Imposto de Renda - Brasil not\u00edcias","isPartOf":{"@id":"https:\/\/brasilnoticias.org\/site\/#website"},"primaryImageOfPage":{"@id":"https:\/\/brasilnoticias.org\/site\/lula-sanciona-mp-que-reajusta-salario-minimo-e-amplia-faixa-de-isencao-do-imposto-de-renda\/#primaryimage"},"image":{"@id":"https:\/\/brasilnoticias.org\/site\/lula-sanciona-mp-que-reajusta-salario-minimo-e-amplia-faixa-de-isencao-do-imposto-de-renda\/#primaryimage"},"thumbnailUrl":"https:\/\/brasilnoticias.org\/site\/wp-content\/uploads\/2023\/08\/pres-lula-reuniacc83o-100-dias-gov-ricardostuckert-pr-1.jpeg","datePublished":"2023-08-29T10:00:25+00:00","breadcrumb":{"@id":"https:\/\/brasilnoticias.org\/site\/lula-sanciona-mp-que-reajusta-salario-minimo-e-amplia-faixa-de-isencao-do-imposto-de-renda\/#breadcrumb"},"inLanguage":"pt-PT","potentialAction":[{"@type":"ReadAction","target":["https:\/\/brasilnoticias.org\/site\/lula-sanciona-mp-que-reajusta-salario-minimo-e-amplia-faixa-de-isencao-do-imposto-de-renda\/"]}]},{"@type":"ImageObject","inLanguage":"pt-PT","@id":"https:\/\/brasilnoticias.org\/site\/lula-sanciona-mp-que-reajusta-salario-minimo-e-amplia-faixa-de-isencao-do-imposto-de-renda\/#primaryimage","url":"https:\/\/brasilnoticias.org\/site\/wp-content\/uploads\/2023\/08\/pres-lula-reuniacc83o-100-dias-gov-ricardostuckert-pr-1.jpeg","contentUrl":"https:\/\/brasilnoticias.org\/site\/wp-content\/uploads\/2023\/08\/pres-lula-reuniacc83o-100-dias-gov-ricardostuckert-pr-1.jpeg","width":750,"height":500},{"@type":"BreadcrumbList","@id":"https:\/\/brasilnoticias.org\/site\/lula-sanciona-mp-que-reajusta-salario-minimo-e-amplia-faixa-de-isencao-do-imposto-de-renda\/#breadcrumb","itemListElement":[{"@type":"ListItem","position":1,"name":"In\u00edcio","item":"https:\/\/brasilnoticias.org\/site\/"},{"@type":"ListItem","position":2,"name":"Lula sanciona MP que reajusta sal\u00e1rio m\u00ednimo e amplia faixa de isen\u00e7\u00e3o do Imposto de Renda"}]},{"@type":"WebSite","@id":"https:\/\/brasilnoticias.org\/site\/#website","url":"https:\/\/brasilnoticias.org\/site\/","name":"Brasil not\u00edcias","description":"Brasil not\u00edcias","publisher":{"@id":"https:\/\/brasilnoticias.org\/site\/#organization"},"potentialAction":[{"@type":"SearchAction","target":{"@type":"EntryPoint","urlTemplate":"https:\/\/brasilnoticias.org\/site\/?s={search_term_string}"},"query-input":{"@type":"PropertyValueSpecification","valueRequired":true,"valueName":"search_term_string"}}],"inLanguage":"pt-PT"},{"@type":"Organization","@id":"https:\/\/brasilnoticias.org\/site\/#organization","name":"Brasil not\u00edcias","url":"https:\/\/brasilnoticias.org\/site\/","logo":{"@type":"ImageObject","inLanguage":"pt-PT","@id":"https:\/\/brasilnoticias.org\/site\/#\/schema\/logo\/image\/","url":"https:\/\/brasilnoticias.org\/site\/wp-content\/uploads\/2022\/05\/cropped-brasilnoticias-mini.jpg","contentUrl":"https:\/\/brasilnoticias.org\/site\/wp-content\/uploads\/2022\/05\/cropped-brasilnoticias-mini.jpg","width":314,"height":86,"caption":"Brasil not\u00edcias"},"image":{"@id":"https:\/\/brasilnoticias.org\/site\/#\/schema\/logo\/image\/"}},{"@type":"Person","@id":"https:\/\/brasilnoticias.org\/site\/#\/schema\/person\/03bbbfe6c7634ad18c26444ea39049fa","name":"Reda\u00e7\u00e3o","image":{"@type":"ImageObject","inLanguage":"pt-PT","@id":"https:\/\/brasilnoticias.org\/site\/#\/schema\/person\/image\/","url":"https:\/\/secure.gravatar.com\/avatar\/9ecaf7327a696cb23ad926fedded5f1f04d7049de9e445375d55b48c001a6e42?s=96&d=mm&r=g","contentUrl":"https:\/\/secure.gravatar.com\/avatar\/9ecaf7327a696cb23ad926fedded5f1f04d7049de9e445375d55b48c001a6e42?s=96&d=mm&r=g","caption":"Reda\u00e7\u00e3o"},"url":"https:\/\/brasilnoticias.org\/site\/author\/henrique\/"}]}},"_links":{"self":[{"href":"https:\/\/brasilnoticias.org\/site\/wp-json\/wp\/v2\/posts\/8718","targetHints":{"allow":["GET"]}}],"collection":[{"href":"https:\/\/brasilnoticias.org\/site\/wp-json\/wp\/v2\/posts"}],"about":[{"href":"https:\/\/brasilnoticias.org\/site\/wp-json\/wp\/v2\/types\/post"}],"author":[{"embeddable":true,"href":"https:\/\/brasilnoticias.org\/site\/wp-json\/wp\/v2\/users\/4"}],"replies":[{"embeddable":true,"href":"https:\/\/brasilnoticias.org\/site\/wp-json\/wp\/v2\/comments?post=8718"}],"version-history":[{"count":1,"href":"https:\/\/brasilnoticias.org\/site\/wp-json\/wp\/v2\/posts\/8718\/revisions"}],"predecessor-version":[{"id":8720,"href":"https:\/\/brasilnoticias.org\/site\/wp-json\/wp\/v2\/posts\/8718\/revisions\/8720"}],"wp:featuredmedia":[{"embeddable":true,"href":"https:\/\/brasilnoticias.org\/site\/wp-json\/wp\/v2\/media\/8719"}],"wp:attachment":[{"href":"https:\/\/brasilnoticias.org\/site\/wp-json\/wp\/v2\/media?parent=8718"}],"wp:term":[{"taxonomy":"category","embeddable":true,"href":"https:\/\/brasilnoticias.org\/site\/wp-json\/wp\/v2\/categories?post=8718"},{"taxonomy":"post_tag","embeddable":true,"href":"https:\/\/brasilnoticias.org\/site\/wp-json\/wp\/v2\/tags?post=8718"}],"curies":[{"name":"wp","href":"https:\/\/api.w.org\/{rel}","templated":true}]}}