{"id":8724,"date":"2023-08-29T09:00:56","date_gmt":"2023-08-29T12:00:56","guid":{"rendered":"https:\/\/brasilnoticias.org\/site\/?p=8724"},"modified":"2023-08-28T20:41:43","modified_gmt":"2023-08-28T23:41:43","slug":"ex-comandante-da-pmdf-recorre-ao-supremo-para-nao-depor-na-cpmi-do-8-de-janeiro","status":"publish","type":"post","link":"https:\/\/brasilnoticias.org\/site\/ex-comandante-da-pmdf-recorre-ao-supremo-para-nao-depor-na-cpmi-do-8-de-janeiro\/","title":{"rendered":"Ex-comandante da PMDF recorre ao Supremo para n\u00e3o depor na CPMI do 8 de janeiro"},"content":{"rendered":"<p>O ex-comandante-geral da Pol\u00edcia Militar do Distrito Federal e ex-ministro do Gabinete de Seguran\u00e7a est\u00e1 preso preventivamente desde o dia 18 de agosto acusado por omiss\u00e3o no dia 8 de janeiro<\/p>\n<p>O ex-comandante-geral da Pol\u00edcia Militar do Distrito Federal e ex-ministro do Gabinete de Seguran\u00e7a Institucional (GSI), F\u00e1bio Augusto Vieira, recorreu ao Supremo Tribunal Federal (STF) para n\u00e3o prestar depoimento \u00e0 Comiss\u00e3o Parlamentar Mista de Inqu\u00e9rito (CPMI) do 8 de janeiro. O depoimento de Vieira est\u00e1 marcado para esta ter\u00e7a-feira (29).<\/p>\n<p>De acordo com o oficial, ele tem o direito de n\u00e3o se auto incriminar devido ao fato de estar sendo investigado por omiss\u00e3o durante os ataques extremistas aos pr\u00e9dios dos tr\u00eas Poderes. No total, s\u00e3o seis requerimentos que pedem que Vieira seja ouvido pela CPMI.<\/p>\n<p>O ex-GSI est\u00e1 preso preventivamente desde o dia 18 de agosto. A Procuradoria Geral da Rep\u00fablica (PGR) entrou com den\u00fancia contra ele e outros seis membros da PMDF pelos crimes de aboli\u00e7\u00e3o violenta do estado democr\u00e1tico de direito, golpe de Estado e dano ao patrim\u00f4nio p\u00fablico. O coronel j\u00e1 havia sido preso em 10 de janeiro por determina\u00e7\u00e3o do ministro do STF Alexandre de Moraes.<\/p>\n<p>Nesta quinta-feira (31) ainda est\u00e1 prevista a convoca\u00e7\u00e3o do general Gon\u00e7alves Dias para depor \u00e0 CPMI.  A relatora Eliziane Gama (PSD-MA) aponta que o depoimento de G. Dias vai esclarecer acerca da atua\u00e7\u00e3o da Ag\u00eancia Brasileira de Intelig\u00eancia e do apag\u00e3o da corpora\u00e7\u00e3o que n\u00e3o impediu os golpistas de invadirem  e depredarem os pr\u00e9dios p\u00fablicos.<\/p>\n<p>Foto: Paulo H. Carvalho\/Ag\u00eancia Brasil<br \/>\nPor: Metro1 <\/p>\n","protected":false},"excerpt":{"rendered":"<p>O ex-comandante-geral da Pol\u00edcia Militar do Distrito Federal e ex-ministro do Gabinete de Seguran\u00e7a est\u00e1 preso preventivamente desde o dia<\/p>\n","protected":false},"author":4,"featured_media":8725,"comment_status":"open","ping_status":"open","sticky":false,"template":"","format":"standard","meta":{"colormag_page_container_layout":"default_layout","colormag_page_sidebar_layout":"default_layout","_FSMCFIC_featured_image_caption":"","_FSMCFIC_featured_image_nocaption":"","_FSMCFIC_featured_image_hide":"","footnotes":""},"categories":[3,1],"tags":[],"class_list":["post-8724","post","type-post","status-publish","format-standard","has-post-thumbnail","hentry","category-policia","category-ultimas"],"yoast_head":"<!-- This site is optimized with the Yoast SEO plugin v27.1.1 - https:\/\/yoast.com\/product\/yoast-seo-wordpress\/ -->\n<title>Ex-comandante da PMDF recorre ao Supremo para n\u00e3o depor na CPMI do 8 de janeiro - Brasil not\u00edcias<\/title>\n<meta name=\"robots\" content=\"index, follow, max-snippet:-1, max-image-preview:large, max-video-preview:-1\" \/>\n<link rel=\"canonical\" href=\"https:\/\/brasilnoticias.org\/site\/ex-comandante-da-pmdf-recorre-ao-supremo-para-nao-depor-na-cpmi-do-8-de-janeiro\/\" \/>\n<meta property=\"og:locale\" content=\"pt_PT\" \/>\n<meta property=\"og:type\" content=\"article\" \/>\n<meta property=\"og:title\" content=\"Ex-comandante da PMDF recorre ao Supremo para n\u00e3o depor na CPMI do 8 de janeiro - Brasil not\u00edcias\" \/>\n<meta property=\"og:description\" content=\"O ex-comandante-geral da Pol\u00edcia Militar do Distrito Federal e ex-ministro do Gabinete de Seguran\u00e7a est\u00e1 preso preventivamente desde o dia\" \/>\n<meta property=\"og:url\" content=\"https:\/\/brasilnoticias.org\/site\/ex-comandante-da-pmdf-recorre-ao-supremo-para-nao-depor-na-cpmi-do-8-de-janeiro\/\" \/>\n<meta property=\"og:site_name\" content=\"Brasil not\u00edcias\" \/>\n<meta property=\"article:published_time\" content=\"2023-08-29T12:00:56+00:00\" \/>\n<meta property=\"og:image\" content=\"https:\/\/brasilnoticias.org\/site\/wp-content\/uploads\/2023\/08\/140362ex-comandante-da-pmdf-recorre-ao-supremo-para-nao-depor-na-cpmi-do-8-de-janeiro-3.jpg\" \/>\n\t<meta property=\"og:image:width\" content=\"1600\" \/>\n\t<meta property=\"og:image:height\" content=\"752\" \/>\n\t<meta property=\"og:image:type\" content=\"image\/jpeg\" \/>\n<meta name=\"author\" content=\"Reda\u00e7\u00e3o\" \/>\n<meta name=\"twitter:card\" content=\"summary_large_image\" \/>\n<meta name=\"twitter:label1\" content=\"Escrito por\" \/>\n\t<meta name=\"twitter:data1\" content=\"Reda\u00e7\u00e3o\" \/>\n<script type=\"application\/ld+json\" class=\"yoast-schema-graph\">{\"@context\":\"https:\/\/schema.org\",\"@graph\":[{\"@type\":\"Article\",\"@id\":\"https:\/\/brasilnoticias.org\/site\/ex-comandante-da-pmdf-recorre-ao-supremo-para-nao-depor-na-cpmi-do-8-de-janeiro\/#article\",\"isPartOf\":{\"@id\":\"https:\/\/brasilnoticias.org\/site\/ex-comandante-da-pmdf-recorre-ao-supremo-para-nao-depor-na-cpmi-do-8-de-janeiro\/\"},\"author\":{\"name\":\"Reda\u00e7\u00e3o\",\"@id\":\"https:\/\/brasilnoticias.org\/site\/#\/schema\/person\/03bbbfe6c7634ad18c26444ea39049fa\"},\"headline\":\"Ex-comandante da PMDF recorre ao Supremo para n\u00e3o depor na CPMI do 8 de janeiro\",\"datePublished\":\"2023-08-29T12:00:56+00:00\",\"mainEntityOfPage\":{\"@id\":\"https:\/\/brasilnoticias.org\/site\/ex-comandante-da-pmdf-recorre-ao-supremo-para-nao-depor-na-cpmi-do-8-de-janeiro\/\"},\"wordCount\":293,\"commentCount\":0,\"publisher\":{\"@id\":\"https:\/\/brasilnoticias.org\/site\/#organization\"},\"image\":{\"@id\":\"https:\/\/brasilnoticias.org\/site\/ex-comandante-da-pmdf-recorre-ao-supremo-para-nao-depor-na-cpmi-do-8-de-janeiro\/#primaryimage\"},\"thumbnailUrl\":\"https:\/\/brasilnoticias.org\/site\/wp-content\/uploads\/2023\/08\/140362ex-comandante-da-pmdf-recorre-ao-supremo-para-nao-depor-na-cpmi-do-8-de-janeiro-3.jpg\",\"articleSection\":[\"Pol\u00edcia\",\"\u00daltimas\"],\"inLanguage\":\"pt-PT\",\"potentialAction\":[{\"@type\":\"CommentAction\",\"name\":\"Comment\",\"target\":[\"https:\/\/brasilnoticias.org\/site\/ex-comandante-da-pmdf-recorre-ao-supremo-para-nao-depor-na-cpmi-do-8-de-janeiro\/#respond\"]}]},{\"@type\":\"WebPage\",\"@id\":\"https:\/\/brasilnoticias.org\/site\/ex-comandante-da-pmdf-recorre-ao-supremo-para-nao-depor-na-cpmi-do-8-de-janeiro\/\",\"url\":\"https:\/\/brasilnoticias.org\/site\/ex-comandante-da-pmdf-recorre-ao-supremo-para-nao-depor-na-cpmi-do-8-de-janeiro\/\",\"name\":\"Ex-comandante da PMDF recorre ao Supremo para n\u00e3o depor na CPMI do 8 de janeiro - Brasil not\u00edcias\",\"isPartOf\":{\"@id\":\"https:\/\/brasilnoticias.org\/site\/#website\"},\"primaryImageOfPage\":{\"@id\":\"https:\/\/brasilnoticias.org\/site\/ex-comandante-da-pmdf-recorre-ao-supremo-para-nao-depor-na-cpmi-do-8-de-janeiro\/#primaryimage\"},\"image\":{\"@id\":\"https:\/\/brasilnoticias.org\/site\/ex-comandante-da-pmdf-recorre-ao-supremo-para-nao-depor-na-cpmi-do-8-de-janeiro\/#primaryimage\"},\"thumbnailUrl\":\"https:\/\/brasilnoticias.org\/site\/wp-content\/uploads\/2023\/08\/140362ex-comandante-da-pmdf-recorre-ao-supremo-para-nao-depor-na-cpmi-do-8-de-janeiro-3.jpg\",\"datePublished\":\"2023-08-29T12:00:56+00:00\",\"breadcrumb\":{\"@id\":\"https:\/\/brasilnoticias.org\/site\/ex-comandante-da-pmdf-recorre-ao-supremo-para-nao-depor-na-cpmi-do-8-de-janeiro\/#breadcrumb\"},\"inLanguage\":\"pt-PT\",\"potentialAction\":[{\"@type\":\"ReadAction\",\"target\":[\"https:\/\/brasilnoticias.org\/site\/ex-comandante-da-pmdf-recorre-ao-supremo-para-nao-depor-na-cpmi-do-8-de-janeiro\/\"]}]},{\"@type\":\"ImageObject\",\"inLanguage\":\"pt-PT\",\"@id\":\"https:\/\/brasilnoticias.org\/site\/ex-comandante-da-pmdf-recorre-ao-supremo-para-nao-depor-na-cpmi-do-8-de-janeiro\/#primaryimage\",\"url\":\"https:\/\/brasilnoticias.org\/site\/wp-content\/uploads\/2023\/08\/140362ex-comandante-da-pmdf-recorre-ao-supremo-para-nao-depor-na-cpmi-do-8-de-janeiro-3.jpg\",\"contentUrl\":\"https:\/\/brasilnoticias.org\/site\/wp-content\/uploads\/2023\/08\/140362ex-comandante-da-pmdf-recorre-ao-supremo-para-nao-depor-na-cpmi-do-8-de-janeiro-3.jpg\",\"width\":1600,\"height\":752},{\"@type\":\"BreadcrumbList\",\"@id\":\"https:\/\/brasilnoticias.org\/site\/ex-comandante-da-pmdf-recorre-ao-supremo-para-nao-depor-na-cpmi-do-8-de-janeiro\/#breadcrumb\",\"itemListElement\":[{\"@type\":\"ListItem\",\"position\":1,\"name\":\"In\u00edcio\",\"item\":\"https:\/\/brasilnoticias.org\/site\/\"},{\"@type\":\"ListItem\",\"position\":2,\"name\":\"Ex-comandante da PMDF recorre ao Supremo para n\u00e3o depor na CPMI do 8 de janeiro\"}]},{\"@type\":\"WebSite\",\"@id\":\"https:\/\/brasilnoticias.org\/site\/#website\",\"url\":\"https:\/\/brasilnoticias.org\/site\/\",\"name\":\"Brasil not\u00edcias\",\"description\":\"Brasil not\u00edcias\",\"publisher\":{\"@id\":\"https:\/\/brasilnoticias.org\/site\/#organization\"},\"potentialAction\":[{\"@type\":\"SearchAction\",\"target\":{\"@type\":\"EntryPoint\",\"urlTemplate\":\"https:\/\/brasilnoticias.org\/site\/?s={search_term_string}\"},\"query-input\":{\"@type\":\"PropertyValueSpecification\",\"valueRequired\":true,\"valueName\":\"search_term_string\"}}],\"inLanguage\":\"pt-PT\"},{\"@type\":\"Organization\",\"@id\":\"https:\/\/brasilnoticias.org\/site\/#organization\",\"name\":\"Brasil not\u00edcias\",\"url\":\"https:\/\/brasilnoticias.org\/site\/\",\"logo\":{\"@type\":\"ImageObject\",\"inLanguage\":\"pt-PT\",\"@id\":\"https:\/\/brasilnoticias.org\/site\/#\/schema\/logo\/image\/\",\"url\":\"https:\/\/brasilnoticias.org\/site\/wp-content\/uploads\/2022\/05\/cropped-brasilnoticias-mini.jpg\",\"contentUrl\":\"https:\/\/brasilnoticias.org\/site\/wp-content\/uploads\/2022\/05\/cropped-brasilnoticias-mini.jpg\",\"width\":314,\"height\":86,\"caption\":\"Brasil not\u00edcias\"},\"image\":{\"@id\":\"https:\/\/brasilnoticias.org\/site\/#\/schema\/logo\/image\/\"}},{\"@type\":\"Person\",\"@id\":\"https:\/\/brasilnoticias.org\/site\/#\/schema\/person\/03bbbfe6c7634ad18c26444ea39049fa\",\"name\":\"Reda\u00e7\u00e3o\",\"image\":{\"@type\":\"ImageObject\",\"inLanguage\":\"pt-PT\",\"@id\":\"https:\/\/brasilnoticias.org\/site\/#\/schema\/person\/image\/\",\"url\":\"https:\/\/secure.gravatar.com\/avatar\/9ecaf7327a696cb23ad926fedded5f1f04d7049de9e445375d55b48c001a6e42?s=96&d=mm&r=g\",\"contentUrl\":\"https:\/\/secure.gravatar.com\/avatar\/9ecaf7327a696cb23ad926fedded5f1f04d7049de9e445375d55b48c001a6e42?s=96&d=mm&r=g\",\"caption\":\"Reda\u00e7\u00e3o\"},\"url\":\"https:\/\/brasilnoticias.org\/site\/author\/henrique\/\"}]}<\/script>\n<!-- \/ Yoast SEO plugin. -->","yoast_head_json":{"title":"Ex-comandante da PMDF recorre ao Supremo para n\u00e3o depor na CPMI do 8 de janeiro - Brasil not\u00edcias","robots":{"index":"index","follow":"follow","max-snippet":"max-snippet:-1","max-image-preview":"max-image-preview:large","max-video-preview":"max-video-preview:-1"},"canonical":"https:\/\/brasilnoticias.org\/site\/ex-comandante-da-pmdf-recorre-ao-supremo-para-nao-depor-na-cpmi-do-8-de-janeiro\/","og_locale":"pt_PT","og_type":"article","og_title":"Ex-comandante da PMDF recorre ao Supremo para n\u00e3o depor na CPMI do 8 de janeiro - Brasil not\u00edcias","og_description":"O ex-comandante-geral da Pol\u00edcia Militar do Distrito Federal e ex-ministro do Gabinete de Seguran\u00e7a est\u00e1 preso preventivamente desde o dia","og_url":"https:\/\/brasilnoticias.org\/site\/ex-comandante-da-pmdf-recorre-ao-supremo-para-nao-depor-na-cpmi-do-8-de-janeiro\/","og_site_name":"Brasil not\u00edcias","article_published_time":"2023-08-29T12:00:56+00:00","og_image":[{"width":1600,"height":752,"url":"https:\/\/brasilnoticias.org\/site\/wp-content\/uploads\/2023\/08\/140362ex-comandante-da-pmdf-recorre-ao-supremo-para-nao-depor-na-cpmi-do-8-de-janeiro-3.jpg","type":"image\/jpeg"}],"author":"Reda\u00e7\u00e3o","twitter_card":"summary_large_image","twitter_misc":{"Escrito por":"Reda\u00e7\u00e3o"},"schema":{"@context":"https:\/\/schema.org","@graph":[{"@type":"Article","@id":"https:\/\/brasilnoticias.org\/site\/ex-comandante-da-pmdf-recorre-ao-supremo-para-nao-depor-na-cpmi-do-8-de-janeiro\/#article","isPartOf":{"@id":"https:\/\/brasilnoticias.org\/site\/ex-comandante-da-pmdf-recorre-ao-supremo-para-nao-depor-na-cpmi-do-8-de-janeiro\/"},"author":{"name":"Reda\u00e7\u00e3o","@id":"https:\/\/brasilnoticias.org\/site\/#\/schema\/person\/03bbbfe6c7634ad18c26444ea39049fa"},"headline":"Ex-comandante da PMDF recorre ao Supremo para n\u00e3o depor na CPMI do 8 de janeiro","datePublished":"2023-08-29T12:00:56+00:00","mainEntityOfPage":{"@id":"https:\/\/brasilnoticias.org\/site\/ex-comandante-da-pmdf-recorre-ao-supremo-para-nao-depor-na-cpmi-do-8-de-janeiro\/"},"wordCount":293,"commentCount":0,"publisher":{"@id":"https:\/\/brasilnoticias.org\/site\/#organization"},"image":{"@id":"https:\/\/brasilnoticias.org\/site\/ex-comandante-da-pmdf-recorre-ao-supremo-para-nao-depor-na-cpmi-do-8-de-janeiro\/#primaryimage"},"thumbnailUrl":"https:\/\/brasilnoticias.org\/site\/wp-content\/uploads\/2023\/08\/140362ex-comandante-da-pmdf-recorre-ao-supremo-para-nao-depor-na-cpmi-do-8-de-janeiro-3.jpg","articleSection":["Pol\u00edcia","\u00daltimas"],"inLanguage":"pt-PT","potentialAction":[{"@type":"CommentAction","name":"Comment","target":["https:\/\/brasilnoticias.org\/site\/ex-comandante-da-pmdf-recorre-ao-supremo-para-nao-depor-na-cpmi-do-8-de-janeiro\/#respond"]}]},{"@type":"WebPage","@id":"https:\/\/brasilnoticias.org\/site\/ex-comandante-da-pmdf-recorre-ao-supremo-para-nao-depor-na-cpmi-do-8-de-janeiro\/","url":"https:\/\/brasilnoticias.org\/site\/ex-comandante-da-pmdf-recorre-ao-supremo-para-nao-depor-na-cpmi-do-8-de-janeiro\/","name":"Ex-comandante da PMDF recorre ao Supremo para n\u00e3o depor na CPMI do 8 de janeiro - Brasil not\u00edcias","isPartOf":{"@id":"https:\/\/brasilnoticias.org\/site\/#website"},"primaryImageOfPage":{"@id":"https:\/\/brasilnoticias.org\/site\/ex-comandante-da-pmdf-recorre-ao-supremo-para-nao-depor-na-cpmi-do-8-de-janeiro\/#primaryimage"},"image":{"@id":"https:\/\/brasilnoticias.org\/site\/ex-comandante-da-pmdf-recorre-ao-supremo-para-nao-depor-na-cpmi-do-8-de-janeiro\/#primaryimage"},"thumbnailUrl":"https:\/\/brasilnoticias.org\/site\/wp-content\/uploads\/2023\/08\/140362ex-comandante-da-pmdf-recorre-ao-supremo-para-nao-depor-na-cpmi-do-8-de-janeiro-3.jpg","datePublished":"2023-08-29T12:00:56+00:00","breadcrumb":{"@id":"https:\/\/brasilnoticias.org\/site\/ex-comandante-da-pmdf-recorre-ao-supremo-para-nao-depor-na-cpmi-do-8-de-janeiro\/#breadcrumb"},"inLanguage":"pt-PT","potentialAction":[{"@type":"ReadAction","target":["https:\/\/brasilnoticias.org\/site\/ex-comandante-da-pmdf-recorre-ao-supremo-para-nao-depor-na-cpmi-do-8-de-janeiro\/"]}]},{"@type":"ImageObject","inLanguage":"pt-PT","@id":"https:\/\/brasilnoticias.org\/site\/ex-comandante-da-pmdf-recorre-ao-supremo-para-nao-depor-na-cpmi-do-8-de-janeiro\/#primaryimage","url":"https:\/\/brasilnoticias.org\/site\/wp-content\/uploads\/2023\/08\/140362ex-comandante-da-pmdf-recorre-ao-supremo-para-nao-depor-na-cpmi-do-8-de-janeiro-3.jpg","contentUrl":"https:\/\/brasilnoticias.org\/site\/wp-content\/uploads\/2023\/08\/140362ex-comandante-da-pmdf-recorre-ao-supremo-para-nao-depor-na-cpmi-do-8-de-janeiro-3.jpg","width":1600,"height":752},{"@type":"BreadcrumbList","@id":"https:\/\/brasilnoticias.org\/site\/ex-comandante-da-pmdf-recorre-ao-supremo-para-nao-depor-na-cpmi-do-8-de-janeiro\/#breadcrumb","itemListElement":[{"@type":"ListItem","position":1,"name":"In\u00edcio","item":"https:\/\/brasilnoticias.org\/site\/"},{"@type":"ListItem","position":2,"name":"Ex-comandante da PMDF recorre ao Supremo para n\u00e3o depor na CPMI do 8 de janeiro"}]},{"@type":"WebSite","@id":"https:\/\/brasilnoticias.org\/site\/#website","url":"https:\/\/brasilnoticias.org\/site\/","name":"Brasil not\u00edcias","description":"Brasil not\u00edcias","publisher":{"@id":"https:\/\/brasilnoticias.org\/site\/#organization"},"potentialAction":[{"@type":"SearchAction","target":{"@type":"EntryPoint","urlTemplate":"https:\/\/brasilnoticias.org\/site\/?s={search_term_string}"},"query-input":{"@type":"PropertyValueSpecification","valueRequired":true,"valueName":"search_term_string"}}],"inLanguage":"pt-PT"},{"@type":"Organization","@id":"https:\/\/brasilnoticias.org\/site\/#organization","name":"Brasil not\u00edcias","url":"https:\/\/brasilnoticias.org\/site\/","logo":{"@type":"ImageObject","inLanguage":"pt-PT","@id":"https:\/\/brasilnoticias.org\/site\/#\/schema\/logo\/image\/","url":"https:\/\/brasilnoticias.org\/site\/wp-content\/uploads\/2022\/05\/cropped-brasilnoticias-mini.jpg","contentUrl":"https:\/\/brasilnoticias.org\/site\/wp-content\/uploads\/2022\/05\/cropped-brasilnoticias-mini.jpg","width":314,"height":86,"caption":"Brasil not\u00edcias"},"image":{"@id":"https:\/\/brasilnoticias.org\/site\/#\/schema\/logo\/image\/"}},{"@type":"Person","@id":"https:\/\/brasilnoticias.org\/site\/#\/schema\/person\/03bbbfe6c7634ad18c26444ea39049fa","name":"Reda\u00e7\u00e3o","image":{"@type":"ImageObject","inLanguage":"pt-PT","@id":"https:\/\/brasilnoticias.org\/site\/#\/schema\/person\/image\/","url":"https:\/\/secure.gravatar.com\/avatar\/9ecaf7327a696cb23ad926fedded5f1f04d7049de9e445375d55b48c001a6e42?s=96&d=mm&r=g","contentUrl":"https:\/\/secure.gravatar.com\/avatar\/9ecaf7327a696cb23ad926fedded5f1f04d7049de9e445375d55b48c001a6e42?s=96&d=mm&r=g","caption":"Reda\u00e7\u00e3o"},"url":"https:\/\/brasilnoticias.org\/site\/author\/henrique\/"}]}},"_links":{"self":[{"href":"https:\/\/brasilnoticias.org\/site\/wp-json\/wp\/v2\/posts\/8724","targetHints":{"allow":["GET"]}}],"collection":[{"href":"https:\/\/brasilnoticias.org\/site\/wp-json\/wp\/v2\/posts"}],"about":[{"href":"https:\/\/brasilnoticias.org\/site\/wp-json\/wp\/v2\/types\/post"}],"author":[{"embeddable":true,"href":"https:\/\/brasilnoticias.org\/site\/wp-json\/wp\/v2\/users\/4"}],"replies":[{"embeddable":true,"href":"https:\/\/brasilnoticias.org\/site\/wp-json\/wp\/v2\/comments?post=8724"}],"version-history":[{"count":1,"href":"https:\/\/brasilnoticias.org\/site\/wp-json\/wp\/v2\/posts\/8724\/revisions"}],"predecessor-version":[{"id":8726,"href":"https:\/\/brasilnoticias.org\/site\/wp-json\/wp\/v2\/posts\/8724\/revisions\/8726"}],"wp:featuredmedia":[{"embeddable":true,"href":"https:\/\/brasilnoticias.org\/site\/wp-json\/wp\/v2\/media\/8725"}],"wp:attachment":[{"href":"https:\/\/brasilnoticias.org\/site\/wp-json\/wp\/v2\/media?parent=8724"}],"wp:term":[{"taxonomy":"category","embeddable":true,"href":"https:\/\/brasilnoticias.org\/site\/wp-json\/wp\/v2\/categories?post=8724"},{"taxonomy":"post_tag","embeddable":true,"href":"https:\/\/brasilnoticias.org\/site\/wp-json\/wp\/v2\/tags?post=8724"}],"curies":[{"name":"wp","href":"https:\/\/api.w.org\/{rel}","templated":true}]}}