{"id":8727,"date":"2023-08-29T10:00:18","date_gmt":"2023-08-29T13:00:18","guid":{"rendered":"https:\/\/brasilnoticias.org\/site\/?p=8727"},"modified":"2023-08-28T20:44:09","modified_gmt":"2023-08-28T23:44:09","slug":"alegando-forte-diminuicao-de-vendas-123milhas-promove-demissao-em-massa","status":"publish","type":"post","link":"https:\/\/brasilnoticias.org\/site\/alegando-forte-diminuicao-de-vendas-123milhas-promove-demissao-em-massa\/","title":{"rendered":"Alegando &#8220;forte diminui\u00e7\u00e3o de vendas&#8221;, 123milhas promove demiss\u00e3o em massa"},"content":{"rendered":"<p>A situa\u00e7\u00e3o \u00e9 mais um cap\u00edtulo da crise da empresa, que anunciou o corte de todas as passagens que tinham sido emitidas na vers\u00e3o &#8220;promo&#8221;<\/p>\n<p>A 123milhas anunciou, nesta segunda-feira (28), demiss\u00e3o em massa dos seus funcion\u00e1rios. Segundo o comunicado, o processo acontece ap\u00f3s uma &#8220;forte diminui\u00e7\u00e3o de vendas&#8221;, o que fez necess\u00e1rio um plano de reestrutura\u00e7\u00e3o.<\/p>\n<p>A redu\u00e7\u00e3o do tamanho da equipe seria para uma adequa\u00e7\u00e3o \u201cao novo contexto da empresa no mercado\u201d. \u201cEssa dif\u00edcil decis\u00e3o faz parte das medidas para mitigar os efeitos da forte diminui\u00e7\u00e3o das vendas. A empresa est\u00e1 trabalhando para, progressivamente, estabilizar sua condi\u00e7\u00e3o financeira&#8221;, infomrou a empresa. <\/p>\n<p>Em 18 de agosto, a empresa anunciou o corte das passagens que foram emitidas na vers\u00e3o \u201cpromo\u201d, como justificativa estaria a alta taxa de juros e o valor das passagens a\u00e9reas.<\/p>\n<p>Foto: Reprodu\u00e7\u00e3o\/Site 123 milhas<br \/>\nPor: Metro1<\/p>\n","protected":false},"excerpt":{"rendered":"<p>A situa\u00e7\u00e3o \u00e9 mais um cap\u00edtulo da crise da empresa, que anunciou o corte de todas as passagens que tinham<\/p>\n","protected":false},"author":4,"featured_media":8728,"comment_status":"open","ping_status":"open","sticky":false,"template":"","format":"standard","meta":{"colormag_page_container_layout":"default_layout","colormag_page_sidebar_layout":"default_layout","_FSMCFIC_featured_image_caption":"","_FSMCFIC_featured_image_nocaption":"","_FSMCFIC_featured_image_hide":"","footnotes":""},"categories":[2,1],"tags":[],"class_list":["post-8727","post","type-post","status-publish","format-standard","has-post-thumbnail","hentry","category-noticias","category-ultimas"],"yoast_head":"<!-- This site is optimized with the Yoast SEO plugin v27.1.1 - https:\/\/yoast.com\/product\/yoast-seo-wordpress\/ -->\n<title>Alegando &quot;forte diminui\u00e7\u00e3o de vendas&quot;, 123milhas promove demiss\u00e3o em massa - Brasil not\u00edcias<\/title>\n<meta name=\"robots\" content=\"index, follow, max-snippet:-1, max-image-preview:large, max-video-preview:-1\" \/>\n<link rel=\"canonical\" href=\"https:\/\/brasilnoticias.org\/site\/alegando-forte-diminuicao-de-vendas-123milhas-promove-demissao-em-massa\/\" \/>\n<meta property=\"og:locale\" content=\"pt_PT\" \/>\n<meta property=\"og:type\" content=\"article\" \/>\n<meta property=\"og:title\" content=\"Alegando &quot;forte diminui\u00e7\u00e3o de vendas&quot;, 123milhas promove demiss\u00e3o em massa - Brasil not\u00edcias\" \/>\n<meta property=\"og:description\" content=\"A situa\u00e7\u00e3o \u00e9 mais um cap\u00edtulo da crise da empresa, que anunciou o corte de todas as passagens que tinham\" \/>\n<meta property=\"og:url\" content=\"https:\/\/brasilnoticias.org\/site\/alegando-forte-diminuicao-de-vendas-123milhas-promove-demissao-em-massa\/\" \/>\n<meta property=\"og:site_name\" content=\"Brasil not\u00edcias\" \/>\n<meta property=\"article:published_time\" content=\"2023-08-29T13:00:18+00:00\" \/>\n<meta property=\"og:image\" content=\"https:\/\/brasilnoticias.org\/site\/wp-content\/uploads\/2023\/08\/140357alegando-forte-diminuicao-de-vendas-123milhas-promove-demissao-em-massa-3.jpg\" \/>\n\t<meta property=\"og:image:width\" content=\"1600\" \/>\n\t<meta property=\"og:image:height\" content=\"752\" \/>\n\t<meta property=\"og:image:type\" content=\"image\/jpeg\" \/>\n<meta name=\"author\" content=\"Reda\u00e7\u00e3o\" \/>\n<meta name=\"twitter:card\" content=\"summary_large_image\" \/>\n<meta name=\"twitter:label1\" content=\"Escrito por\" \/>\n\t<meta name=\"twitter:data1\" content=\"Reda\u00e7\u00e3o\" \/>\n<script type=\"application\/ld+json\" class=\"yoast-schema-graph\">{\"@context\":\"https:\/\/schema.org\",\"@graph\":[{\"@type\":\"Article\",\"@id\":\"https:\/\/brasilnoticias.org\/site\/alegando-forte-diminuicao-de-vendas-123milhas-promove-demissao-em-massa\/#article\",\"isPartOf\":{\"@id\":\"https:\/\/brasilnoticias.org\/site\/alegando-forte-diminuicao-de-vendas-123milhas-promove-demissao-em-massa\/\"},\"author\":{\"name\":\"Reda\u00e7\u00e3o\",\"@id\":\"https:\/\/brasilnoticias.org\/site\/#\/schema\/person\/03bbbfe6c7634ad18c26444ea39049fa\"},\"headline\":\"Alegando &#8220;forte diminui\u00e7\u00e3o de vendas&#8221;, 123milhas promove demiss\u00e3o em massa\",\"datePublished\":\"2023-08-29T13:00:18+00:00\",\"mainEntityOfPage\":{\"@id\":\"https:\/\/brasilnoticias.org\/site\/alegando-forte-diminuicao-de-vendas-123milhas-promove-demissao-em-massa\/\"},\"wordCount\":167,\"commentCount\":0,\"publisher\":{\"@id\":\"https:\/\/brasilnoticias.org\/site\/#organization\"},\"image\":{\"@id\":\"https:\/\/brasilnoticias.org\/site\/alegando-forte-diminuicao-de-vendas-123milhas-promove-demissao-em-massa\/#primaryimage\"},\"thumbnailUrl\":\"https:\/\/brasilnoticias.org\/site\/wp-content\/uploads\/2023\/08\/140357alegando-forte-diminuicao-de-vendas-123milhas-promove-demissao-em-massa-3.jpg\",\"articleSection\":[\"Not\u00edcias\",\"\u00daltimas\"],\"inLanguage\":\"pt-PT\",\"potentialAction\":[{\"@type\":\"CommentAction\",\"name\":\"Comment\",\"target\":[\"https:\/\/brasilnoticias.org\/site\/alegando-forte-diminuicao-de-vendas-123milhas-promove-demissao-em-massa\/#respond\"]}]},{\"@type\":\"WebPage\",\"@id\":\"https:\/\/brasilnoticias.org\/site\/alegando-forte-diminuicao-de-vendas-123milhas-promove-demissao-em-massa\/\",\"url\":\"https:\/\/brasilnoticias.org\/site\/alegando-forte-diminuicao-de-vendas-123milhas-promove-demissao-em-massa\/\",\"name\":\"Alegando \\\"forte diminui\u00e7\u00e3o de vendas\\\", 123milhas promove demiss\u00e3o em massa - Brasil not\u00edcias\",\"isPartOf\":{\"@id\":\"https:\/\/brasilnoticias.org\/site\/#website\"},\"primaryImageOfPage\":{\"@id\":\"https:\/\/brasilnoticias.org\/site\/alegando-forte-diminuicao-de-vendas-123milhas-promove-demissao-em-massa\/#primaryimage\"},\"image\":{\"@id\":\"https:\/\/brasilnoticias.org\/site\/alegando-forte-diminuicao-de-vendas-123milhas-promove-demissao-em-massa\/#primaryimage\"},\"thumbnailUrl\":\"https:\/\/brasilnoticias.org\/site\/wp-content\/uploads\/2023\/08\/140357alegando-forte-diminuicao-de-vendas-123milhas-promove-demissao-em-massa-3.jpg\",\"datePublished\":\"2023-08-29T13:00:18+00:00\",\"breadcrumb\":{\"@id\":\"https:\/\/brasilnoticias.org\/site\/alegando-forte-diminuicao-de-vendas-123milhas-promove-demissao-em-massa\/#breadcrumb\"},\"inLanguage\":\"pt-PT\",\"potentialAction\":[{\"@type\":\"ReadAction\",\"target\":[\"https:\/\/brasilnoticias.org\/site\/alegando-forte-diminuicao-de-vendas-123milhas-promove-demissao-em-massa\/\"]}]},{\"@type\":\"ImageObject\",\"inLanguage\":\"pt-PT\",\"@id\":\"https:\/\/brasilnoticias.org\/site\/alegando-forte-diminuicao-de-vendas-123milhas-promove-demissao-em-massa\/#primaryimage\",\"url\":\"https:\/\/brasilnoticias.org\/site\/wp-content\/uploads\/2023\/08\/140357alegando-forte-diminuicao-de-vendas-123milhas-promove-demissao-em-massa-3.jpg\",\"contentUrl\":\"https:\/\/brasilnoticias.org\/site\/wp-content\/uploads\/2023\/08\/140357alegando-forte-diminuicao-de-vendas-123milhas-promove-demissao-em-massa-3.jpg\",\"width\":1600,\"height\":752},{\"@type\":\"BreadcrumbList\",\"@id\":\"https:\/\/brasilnoticias.org\/site\/alegando-forte-diminuicao-de-vendas-123milhas-promove-demissao-em-massa\/#breadcrumb\",\"itemListElement\":[{\"@type\":\"ListItem\",\"position\":1,\"name\":\"In\u00edcio\",\"item\":\"https:\/\/brasilnoticias.org\/site\/\"},{\"@type\":\"ListItem\",\"position\":2,\"name\":\"Alegando &#8220;forte diminui\u00e7\u00e3o de vendas&#8221;, 123milhas promove demiss\u00e3o em massa\"}]},{\"@type\":\"WebSite\",\"@id\":\"https:\/\/brasilnoticias.org\/site\/#website\",\"url\":\"https:\/\/brasilnoticias.org\/site\/\",\"name\":\"Brasil not\u00edcias\",\"description\":\"Brasil not\u00edcias\",\"publisher\":{\"@id\":\"https:\/\/brasilnoticias.org\/site\/#organization\"},\"potentialAction\":[{\"@type\":\"SearchAction\",\"target\":{\"@type\":\"EntryPoint\",\"urlTemplate\":\"https:\/\/brasilnoticias.org\/site\/?s={search_term_string}\"},\"query-input\":{\"@type\":\"PropertyValueSpecification\",\"valueRequired\":true,\"valueName\":\"search_term_string\"}}],\"inLanguage\":\"pt-PT\"},{\"@type\":\"Organization\",\"@id\":\"https:\/\/brasilnoticias.org\/site\/#organization\",\"name\":\"Brasil not\u00edcias\",\"url\":\"https:\/\/brasilnoticias.org\/site\/\",\"logo\":{\"@type\":\"ImageObject\",\"inLanguage\":\"pt-PT\",\"@id\":\"https:\/\/brasilnoticias.org\/site\/#\/schema\/logo\/image\/\",\"url\":\"https:\/\/brasilnoticias.org\/site\/wp-content\/uploads\/2022\/05\/cropped-brasilnoticias-mini.jpg\",\"contentUrl\":\"https:\/\/brasilnoticias.org\/site\/wp-content\/uploads\/2022\/05\/cropped-brasilnoticias-mini.jpg\",\"width\":314,\"height\":86,\"caption\":\"Brasil not\u00edcias\"},\"image\":{\"@id\":\"https:\/\/brasilnoticias.org\/site\/#\/schema\/logo\/image\/\"}},{\"@type\":\"Person\",\"@id\":\"https:\/\/brasilnoticias.org\/site\/#\/schema\/person\/03bbbfe6c7634ad18c26444ea39049fa\",\"name\":\"Reda\u00e7\u00e3o\",\"image\":{\"@type\":\"ImageObject\",\"inLanguage\":\"pt-PT\",\"@id\":\"https:\/\/brasilnoticias.org\/site\/#\/schema\/person\/image\/\",\"url\":\"https:\/\/secure.gravatar.com\/avatar\/9ecaf7327a696cb23ad926fedded5f1f04d7049de9e445375d55b48c001a6e42?s=96&d=mm&r=g\",\"contentUrl\":\"https:\/\/secure.gravatar.com\/avatar\/9ecaf7327a696cb23ad926fedded5f1f04d7049de9e445375d55b48c001a6e42?s=96&d=mm&r=g\",\"caption\":\"Reda\u00e7\u00e3o\"},\"url\":\"https:\/\/brasilnoticias.org\/site\/author\/henrique\/\"}]}<\/script>\n<!-- \/ Yoast SEO plugin. -->","yoast_head_json":{"title":"Alegando \"forte diminui\u00e7\u00e3o de vendas\", 123milhas promove demiss\u00e3o em massa - Brasil not\u00edcias","robots":{"index":"index","follow":"follow","max-snippet":"max-snippet:-1","max-image-preview":"max-image-preview:large","max-video-preview":"max-video-preview:-1"},"canonical":"https:\/\/brasilnoticias.org\/site\/alegando-forte-diminuicao-de-vendas-123milhas-promove-demissao-em-massa\/","og_locale":"pt_PT","og_type":"article","og_title":"Alegando \"forte diminui\u00e7\u00e3o de vendas\", 123milhas promove demiss\u00e3o em massa - Brasil not\u00edcias","og_description":"A situa\u00e7\u00e3o \u00e9 mais um cap\u00edtulo da crise da empresa, que anunciou o corte de todas as passagens que tinham","og_url":"https:\/\/brasilnoticias.org\/site\/alegando-forte-diminuicao-de-vendas-123milhas-promove-demissao-em-massa\/","og_site_name":"Brasil not\u00edcias","article_published_time":"2023-08-29T13:00:18+00:00","og_image":[{"width":1600,"height":752,"url":"https:\/\/brasilnoticias.org\/site\/wp-content\/uploads\/2023\/08\/140357alegando-forte-diminuicao-de-vendas-123milhas-promove-demissao-em-massa-3.jpg","type":"image\/jpeg"}],"author":"Reda\u00e7\u00e3o","twitter_card":"summary_large_image","twitter_misc":{"Escrito por":"Reda\u00e7\u00e3o"},"schema":{"@context":"https:\/\/schema.org","@graph":[{"@type":"Article","@id":"https:\/\/brasilnoticias.org\/site\/alegando-forte-diminuicao-de-vendas-123milhas-promove-demissao-em-massa\/#article","isPartOf":{"@id":"https:\/\/brasilnoticias.org\/site\/alegando-forte-diminuicao-de-vendas-123milhas-promove-demissao-em-massa\/"},"author":{"name":"Reda\u00e7\u00e3o","@id":"https:\/\/brasilnoticias.org\/site\/#\/schema\/person\/03bbbfe6c7634ad18c26444ea39049fa"},"headline":"Alegando &#8220;forte diminui\u00e7\u00e3o de vendas&#8221;, 123milhas promove demiss\u00e3o em massa","datePublished":"2023-08-29T13:00:18+00:00","mainEntityOfPage":{"@id":"https:\/\/brasilnoticias.org\/site\/alegando-forte-diminuicao-de-vendas-123milhas-promove-demissao-em-massa\/"},"wordCount":167,"commentCount":0,"publisher":{"@id":"https:\/\/brasilnoticias.org\/site\/#organization"},"image":{"@id":"https:\/\/brasilnoticias.org\/site\/alegando-forte-diminuicao-de-vendas-123milhas-promove-demissao-em-massa\/#primaryimage"},"thumbnailUrl":"https:\/\/brasilnoticias.org\/site\/wp-content\/uploads\/2023\/08\/140357alegando-forte-diminuicao-de-vendas-123milhas-promove-demissao-em-massa-3.jpg","articleSection":["Not\u00edcias","\u00daltimas"],"inLanguage":"pt-PT","potentialAction":[{"@type":"CommentAction","name":"Comment","target":["https:\/\/brasilnoticias.org\/site\/alegando-forte-diminuicao-de-vendas-123milhas-promove-demissao-em-massa\/#respond"]}]},{"@type":"WebPage","@id":"https:\/\/brasilnoticias.org\/site\/alegando-forte-diminuicao-de-vendas-123milhas-promove-demissao-em-massa\/","url":"https:\/\/brasilnoticias.org\/site\/alegando-forte-diminuicao-de-vendas-123milhas-promove-demissao-em-massa\/","name":"Alegando \"forte diminui\u00e7\u00e3o de vendas\", 123milhas promove demiss\u00e3o em massa - Brasil not\u00edcias","isPartOf":{"@id":"https:\/\/brasilnoticias.org\/site\/#website"},"primaryImageOfPage":{"@id":"https:\/\/brasilnoticias.org\/site\/alegando-forte-diminuicao-de-vendas-123milhas-promove-demissao-em-massa\/#primaryimage"},"image":{"@id":"https:\/\/brasilnoticias.org\/site\/alegando-forte-diminuicao-de-vendas-123milhas-promove-demissao-em-massa\/#primaryimage"},"thumbnailUrl":"https:\/\/brasilnoticias.org\/site\/wp-content\/uploads\/2023\/08\/140357alegando-forte-diminuicao-de-vendas-123milhas-promove-demissao-em-massa-3.jpg","datePublished":"2023-08-29T13:00:18+00:00","breadcrumb":{"@id":"https:\/\/brasilnoticias.org\/site\/alegando-forte-diminuicao-de-vendas-123milhas-promove-demissao-em-massa\/#breadcrumb"},"inLanguage":"pt-PT","potentialAction":[{"@type":"ReadAction","target":["https:\/\/brasilnoticias.org\/site\/alegando-forte-diminuicao-de-vendas-123milhas-promove-demissao-em-massa\/"]}]},{"@type":"ImageObject","inLanguage":"pt-PT","@id":"https:\/\/brasilnoticias.org\/site\/alegando-forte-diminuicao-de-vendas-123milhas-promove-demissao-em-massa\/#primaryimage","url":"https:\/\/brasilnoticias.org\/site\/wp-content\/uploads\/2023\/08\/140357alegando-forte-diminuicao-de-vendas-123milhas-promove-demissao-em-massa-3.jpg","contentUrl":"https:\/\/brasilnoticias.org\/site\/wp-content\/uploads\/2023\/08\/140357alegando-forte-diminuicao-de-vendas-123milhas-promove-demissao-em-massa-3.jpg","width":1600,"height":752},{"@type":"BreadcrumbList","@id":"https:\/\/brasilnoticias.org\/site\/alegando-forte-diminuicao-de-vendas-123milhas-promove-demissao-em-massa\/#breadcrumb","itemListElement":[{"@type":"ListItem","position":1,"name":"In\u00edcio","item":"https:\/\/brasilnoticias.org\/site\/"},{"@type":"ListItem","position":2,"name":"Alegando &#8220;forte diminui\u00e7\u00e3o de vendas&#8221;, 123milhas promove demiss\u00e3o em massa"}]},{"@type":"WebSite","@id":"https:\/\/brasilnoticias.org\/site\/#website","url":"https:\/\/brasilnoticias.org\/site\/","name":"Brasil not\u00edcias","description":"Brasil not\u00edcias","publisher":{"@id":"https:\/\/brasilnoticias.org\/site\/#organization"},"potentialAction":[{"@type":"SearchAction","target":{"@type":"EntryPoint","urlTemplate":"https:\/\/brasilnoticias.org\/site\/?s={search_term_string}"},"query-input":{"@type":"PropertyValueSpecification","valueRequired":true,"valueName":"search_term_string"}}],"inLanguage":"pt-PT"},{"@type":"Organization","@id":"https:\/\/brasilnoticias.org\/site\/#organization","name":"Brasil not\u00edcias","url":"https:\/\/brasilnoticias.org\/site\/","logo":{"@type":"ImageObject","inLanguage":"pt-PT","@id":"https:\/\/brasilnoticias.org\/site\/#\/schema\/logo\/image\/","url":"https:\/\/brasilnoticias.org\/site\/wp-content\/uploads\/2022\/05\/cropped-brasilnoticias-mini.jpg","contentUrl":"https:\/\/brasilnoticias.org\/site\/wp-content\/uploads\/2022\/05\/cropped-brasilnoticias-mini.jpg","width":314,"height":86,"caption":"Brasil not\u00edcias"},"image":{"@id":"https:\/\/brasilnoticias.org\/site\/#\/schema\/logo\/image\/"}},{"@type":"Person","@id":"https:\/\/brasilnoticias.org\/site\/#\/schema\/person\/03bbbfe6c7634ad18c26444ea39049fa","name":"Reda\u00e7\u00e3o","image":{"@type":"ImageObject","inLanguage":"pt-PT","@id":"https:\/\/brasilnoticias.org\/site\/#\/schema\/person\/image\/","url":"https:\/\/secure.gravatar.com\/avatar\/9ecaf7327a696cb23ad926fedded5f1f04d7049de9e445375d55b48c001a6e42?s=96&d=mm&r=g","contentUrl":"https:\/\/secure.gravatar.com\/avatar\/9ecaf7327a696cb23ad926fedded5f1f04d7049de9e445375d55b48c001a6e42?s=96&d=mm&r=g","caption":"Reda\u00e7\u00e3o"},"url":"https:\/\/brasilnoticias.org\/site\/author\/henrique\/"}]}},"_links":{"self":[{"href":"https:\/\/brasilnoticias.org\/site\/wp-json\/wp\/v2\/posts\/8727","targetHints":{"allow":["GET"]}}],"collection":[{"href":"https:\/\/brasilnoticias.org\/site\/wp-json\/wp\/v2\/posts"}],"about":[{"href":"https:\/\/brasilnoticias.org\/site\/wp-json\/wp\/v2\/types\/post"}],"author":[{"embeddable":true,"href":"https:\/\/brasilnoticias.org\/site\/wp-json\/wp\/v2\/users\/4"}],"replies":[{"embeddable":true,"href":"https:\/\/brasilnoticias.org\/site\/wp-json\/wp\/v2\/comments?post=8727"}],"version-history":[{"count":1,"href":"https:\/\/brasilnoticias.org\/site\/wp-json\/wp\/v2\/posts\/8727\/revisions"}],"predecessor-version":[{"id":8729,"href":"https:\/\/brasilnoticias.org\/site\/wp-json\/wp\/v2\/posts\/8727\/revisions\/8729"}],"wp:featuredmedia":[{"embeddable":true,"href":"https:\/\/brasilnoticias.org\/site\/wp-json\/wp\/v2\/media\/8728"}],"wp:attachment":[{"href":"https:\/\/brasilnoticias.org\/site\/wp-json\/wp\/v2\/media?parent=8727"}],"wp:term":[{"taxonomy":"category","embeddable":true,"href":"https:\/\/brasilnoticias.org\/site\/wp-json\/wp\/v2\/categories?post=8727"},{"taxonomy":"post_tag","embeddable":true,"href":"https:\/\/brasilnoticias.org\/site\/wp-json\/wp\/v2\/tags?post=8727"}],"curies":[{"name":"wp","href":"https:\/\/api.w.org\/{rel}","templated":true}]}}