{"id":8730,"date":"2023-08-29T11:00:31","date_gmt":"2023-08-29T14:00:31","guid":{"rendered":"https:\/\/brasilnoticias.org\/site\/?p=8730"},"modified":"2023-08-28T20:46:37","modified_gmt":"2023-08-28T23:46:37","slug":"superlua-azul-fenomeno-raro-podera-ser-visto-nesta-quarta-feira-30","status":"publish","type":"post","link":"https:\/\/brasilnoticias.org\/site\/superlua-azul-fenomeno-raro-podera-ser-visto-nesta-quarta-feira-30\/","title":{"rendered":"Superlua azul: fen\u00f4meno raro poder\u00e1 ser visto nesta quarta-feira, 30"},"content":{"rendered":"<p>A pr\u00f3xima superlua azul acontece s\u00f3 daqui a 11 anos, em 2032, de acordo com a Nasa<\/p>\n<p>Agosto vai terminar com uma rara oportunidade para os amantes da lua: uma Superlua azul. Nesta quarta-feira, 30 de agosto, ocorrer\u00e1 a segunda e \u00faltima superlua do ano. Nesta data, a lua estar\u00e1 maior e mais brilhante, pois estar\u00e1 no perigeu, ponto da \u00f3rbita de m\u00e1xima aproxima\u00e7\u00e3o da Terra.<\/p>\n<p>A Superlua desta semana tamb\u00e9m chamada de &#8220;Lua Azul\u201d por ser a segunda lua cheia do m\u00eas \u2013 a primeira ocorreu no dia 1\u00ba de agosto.<\/p>\n<p>De acordo com a Nasa, a pr\u00f3xima superlua azul acontece s\u00f3 daqui a 11 anos, em 2032.<\/p>\n<p>Quando vai ser a superlua azul?<br \/>\nA  segunda lua cheia de agosto vai acontecer quando a lua estiver em seu ponto mais pr\u00f3ximo da Terra. No dia 30 de agosto o sat\u00e9lite estar\u00e1 a uma dist\u00e2ncia de 357.344 quil\u00f4metros da Terra. Em m\u00e9dia, a dist\u00e2ncia entre a Terra e a Lua \u00e9 de cerca de 384.400 quil\u00f4metros.<\/p>\n<p>&#8220;Os observadores poder\u00e3o notar uma lua mais brilhante do que em outras ocasi\u00f5es. O fen\u00f4meno poder\u00e1 ser visto em todas as regi\u00f5es do planeta, desde que as condi\u00e7\u00f5es clim\u00e1ticas sejam favor\u00e1veis&#8221;, afirma Josina Nascimento, astr\u00f4noma do Observat\u00f3rio Nacional, unidade de pesquisa vinculada ao Minist\u00e9rio da Ci\u00eancia, Tecnologia e Inova\u00e7\u00e3o (MCTI).<\/p>\n<p>Quando a lua est\u00e1 cheia e no perigeu, ela surge 7% maior devido \u00e0 sua proximidade com a Terra e 15% mais brilhante, pois reflete mais luz solar para o nosso planeta, se comparada a uma lua cheia comum.<\/p>\n<p>Qual \u00e9 o hor\u00e1rio da superlua azul?<br \/>\nO hor\u00e1rio exato do instante da Lua Cheia vai diferir de acordo com o fuso hor\u00e1rio.<\/p>\n<p>No hor\u00e1rio de Bras\u00edlia vai acontecer \u00e0s 22h35;<br \/>\nNo fuso -4 vai ser \u00e0s 21h35;<br \/>\nNo fuso -5  ser\u00e1 \u00e0s 20h35<br \/>\nNo fuso de -1 a data j\u00e1 muda para 31 de agosto \u00e0s 0h35 e para os demais fusos (0, +1, +2, etc) a data da \u201cSuperlua Azul\u201d ser\u00e1 tamb\u00e9m, ent\u00e3o, 31 de agosto.<\/p>\n<p>O que \u00e9 uma superlua?<br \/>\nPara compreender esses fen\u00f4menos astron\u00f4micos, \u00e9 necess\u00e1rio entender a movimenta\u00e7\u00e3o da Lua. O sat\u00e9lite natural da Terra completa uma volta inteira em nosso planeta a cada 27,3 dias, percorrendo as quatro fases principais: nova, crescente, cheia e minguante. Como esse ciclo dura menos de um m\u00eas, \u00e9 natural que algumas fases da lua se repitam no mesmo per\u00edodo.<\/p>\n<p>A trajet\u00f3ria da lua ao redor da Terra n\u00e3o \u00e9 perfeitamente circular, mas sim uma elipse &#8211; uma esp\u00e9cie de c\u00edrculo achatado. Isso faz com que a dist\u00e2ncia entre a lua e a Terra varie ao longo do trajeto, ocorrendo tamb\u00e9m varia\u00e7\u00f5es em cada volta.<\/p>\n<p>O ponto mais pr\u00f3ximo da Terra que a lua atinge em seu percurso \u00e9 chamado de perigeu, e, em m\u00e9dia, fica a 362 mil quil\u00f4metros de dist\u00e2ncia. J\u00e1 o ponto mais distante \u00e9 denominado apogeu, e, em m\u00e9dia, situa-se a 405 mil quil\u00f4metros de dist\u00e2ncia.<\/p>\n<p>O termo &#8220;superlua&#8221; foi cunhado em 1979 pelo astr\u00f3logo norte-americano Richard Nolle, para designar uma lua nova ou cheia que ocorre quando a lua est\u00e1 em sua maior proximidade da Terra ou pr\u00f3xima (pelo menos 90%) desse ponto.<\/p>\n<p>Quanto a superlua fica maior do que a lua?<br \/>\nApesar da diferen\u00e7a de cerca de 43 mil quil\u00f4metros entre o perigeu e o apogeu, a varia\u00e7\u00e3o no tamanho da lua observada a olho nu a partir da Terra n\u00e3o \u00e9 muito significativa, sendo, no m\u00e1ximo, de 14%.<\/p>\n<p>Foto: Observat\u00f3rio Heller &#038; Jung\/Divulga\u00e7\u00e3o<br \/>\nExame<\/p>\n","protected":false},"excerpt":{"rendered":"<p>A pr\u00f3xima superlua azul acontece s\u00f3 daqui a 11 anos, em 2032, de acordo com a Nasa Agosto vai terminar<\/p>\n","protected":false},"author":4,"featured_media":8731,"comment_status":"open","ping_status":"open","sticky":false,"template":"","format":"standard","meta":{"colormag_page_container_layout":"default_layout","colormag_page_sidebar_layout":"default_layout","_FSMCFIC_featured_image_caption":"","_FSMCFIC_featured_image_nocaption":"","_FSMCFIC_featured_image_hide":"","footnotes":""},"categories":[6,1],"tags":[],"class_list":["post-8730","post","type-post","status-publish","format-standard","has-post-thumbnail","hentry","category-mundo","category-ultimas"],"yoast_head":"<!-- This site is optimized with the Yoast SEO plugin v27.1.1 - https:\/\/yoast.com\/product\/yoast-seo-wordpress\/ -->\n<title>Superlua azul: fen\u00f4meno raro poder\u00e1 ser visto nesta quarta-feira, 30 - Brasil not\u00edcias<\/title>\n<meta name=\"robots\" content=\"index, follow, max-snippet:-1, max-image-preview:large, max-video-preview:-1\" \/>\n<link rel=\"canonical\" href=\"https:\/\/brasilnoticias.org\/site\/superlua-azul-fenomeno-raro-podera-ser-visto-nesta-quarta-feira-30\/\" \/>\n<meta property=\"og:locale\" content=\"pt_PT\" \/>\n<meta property=\"og:type\" content=\"article\" \/>\n<meta property=\"og:title\" content=\"Superlua azul: fen\u00f4meno raro poder\u00e1 ser visto nesta quarta-feira, 30 - Brasil not\u00edcias\" \/>\n<meta property=\"og:description\" content=\"A pr\u00f3xima superlua azul acontece s\u00f3 daqui a 11 anos, em 2032, de acordo com a Nasa Agosto vai terminar\" \/>\n<meta property=\"og:url\" content=\"https:\/\/brasilnoticias.org\/site\/superlua-azul-fenomeno-raro-podera-ser-visto-nesta-quarta-feira-30\/\" \/>\n<meta property=\"og:site_name\" content=\"Brasil not\u00edcias\" \/>\n<meta property=\"article:published_time\" content=\"2023-08-29T14:00:31+00:00\" \/>\n<meta property=\"og:image\" content=\"https:\/\/brasilnoticias.org\/site\/wp-content\/uploads\/2023\/08\/superlua.azul_.webp\" \/>\n\t<meta property=\"og:image:width\" content=\"1024\" \/>\n\t<meta property=\"og:image:height\" content=\"768\" \/>\n\t<meta property=\"og:image:type\" content=\"image\/webp\" \/>\n<meta name=\"author\" content=\"Reda\u00e7\u00e3o\" \/>\n<meta name=\"twitter:card\" content=\"summary_large_image\" \/>\n<meta name=\"twitter:label1\" content=\"Escrito por\" \/>\n\t<meta name=\"twitter:data1\" content=\"Reda\u00e7\u00e3o\" \/>\n<script type=\"application\/ld+json\" class=\"yoast-schema-graph\">{\"@context\":\"https:\/\/schema.org\",\"@graph\":[{\"@type\":\"Article\",\"@id\":\"https:\/\/brasilnoticias.org\/site\/superlua-azul-fenomeno-raro-podera-ser-visto-nesta-quarta-feira-30\/#article\",\"isPartOf\":{\"@id\":\"https:\/\/brasilnoticias.org\/site\/superlua-azul-fenomeno-raro-podera-ser-visto-nesta-quarta-feira-30\/\"},\"author\":{\"name\":\"Reda\u00e7\u00e3o\",\"@id\":\"https:\/\/brasilnoticias.org\/site\/#\/schema\/person\/03bbbfe6c7634ad18c26444ea39049fa\"},\"headline\":\"Superlua azul: fen\u00f4meno raro poder\u00e1 ser visto nesta quarta-feira, 30\",\"datePublished\":\"2023-08-29T14:00:31+00:00\",\"mainEntityOfPage\":{\"@id\":\"https:\/\/brasilnoticias.org\/site\/superlua-azul-fenomeno-raro-podera-ser-visto-nesta-quarta-feira-30\/\"},\"wordCount\":615,\"commentCount\":0,\"publisher\":{\"@id\":\"https:\/\/brasilnoticias.org\/site\/#organization\"},\"image\":{\"@id\":\"https:\/\/brasilnoticias.org\/site\/superlua-azul-fenomeno-raro-podera-ser-visto-nesta-quarta-feira-30\/#primaryimage\"},\"thumbnailUrl\":\"https:\/\/brasilnoticias.org\/site\/wp-content\/uploads\/2023\/08\/superlua.azul_.webp\",\"articleSection\":[\"Mundo\",\"\u00daltimas\"],\"inLanguage\":\"pt-PT\",\"potentialAction\":[{\"@type\":\"CommentAction\",\"name\":\"Comment\",\"target\":[\"https:\/\/brasilnoticias.org\/site\/superlua-azul-fenomeno-raro-podera-ser-visto-nesta-quarta-feira-30\/#respond\"]}]},{\"@type\":\"WebPage\",\"@id\":\"https:\/\/brasilnoticias.org\/site\/superlua-azul-fenomeno-raro-podera-ser-visto-nesta-quarta-feira-30\/\",\"url\":\"https:\/\/brasilnoticias.org\/site\/superlua-azul-fenomeno-raro-podera-ser-visto-nesta-quarta-feira-30\/\",\"name\":\"Superlua azul: fen\u00f4meno raro poder\u00e1 ser visto nesta quarta-feira, 30 - Brasil not\u00edcias\",\"isPartOf\":{\"@id\":\"https:\/\/brasilnoticias.org\/site\/#website\"},\"primaryImageOfPage\":{\"@id\":\"https:\/\/brasilnoticias.org\/site\/superlua-azul-fenomeno-raro-podera-ser-visto-nesta-quarta-feira-30\/#primaryimage\"},\"image\":{\"@id\":\"https:\/\/brasilnoticias.org\/site\/superlua-azul-fenomeno-raro-podera-ser-visto-nesta-quarta-feira-30\/#primaryimage\"},\"thumbnailUrl\":\"https:\/\/brasilnoticias.org\/site\/wp-content\/uploads\/2023\/08\/superlua.azul_.webp\",\"datePublished\":\"2023-08-29T14:00:31+00:00\",\"breadcrumb\":{\"@id\":\"https:\/\/brasilnoticias.org\/site\/superlua-azul-fenomeno-raro-podera-ser-visto-nesta-quarta-feira-30\/#breadcrumb\"},\"inLanguage\":\"pt-PT\",\"potentialAction\":[{\"@type\":\"ReadAction\",\"target\":[\"https:\/\/brasilnoticias.org\/site\/superlua-azul-fenomeno-raro-podera-ser-visto-nesta-quarta-feira-30\/\"]}]},{\"@type\":\"ImageObject\",\"inLanguage\":\"pt-PT\",\"@id\":\"https:\/\/brasilnoticias.org\/site\/superlua-azul-fenomeno-raro-podera-ser-visto-nesta-quarta-feira-30\/#primaryimage\",\"url\":\"https:\/\/brasilnoticias.org\/site\/wp-content\/uploads\/2023\/08\/superlua.azul_.webp\",\"contentUrl\":\"https:\/\/brasilnoticias.org\/site\/wp-content\/uploads\/2023\/08\/superlua.azul_.webp\",\"width\":1024,\"height\":768},{\"@type\":\"BreadcrumbList\",\"@id\":\"https:\/\/brasilnoticias.org\/site\/superlua-azul-fenomeno-raro-podera-ser-visto-nesta-quarta-feira-30\/#breadcrumb\",\"itemListElement\":[{\"@type\":\"ListItem\",\"position\":1,\"name\":\"In\u00edcio\",\"item\":\"https:\/\/brasilnoticias.org\/site\/\"},{\"@type\":\"ListItem\",\"position\":2,\"name\":\"Superlua azul: fen\u00f4meno raro poder\u00e1 ser visto nesta quarta-feira, 30\"}]},{\"@type\":\"WebSite\",\"@id\":\"https:\/\/brasilnoticias.org\/site\/#website\",\"url\":\"https:\/\/brasilnoticias.org\/site\/\",\"name\":\"Brasil not\u00edcias\",\"description\":\"Brasil not\u00edcias\",\"publisher\":{\"@id\":\"https:\/\/brasilnoticias.org\/site\/#organization\"},\"potentialAction\":[{\"@type\":\"SearchAction\",\"target\":{\"@type\":\"EntryPoint\",\"urlTemplate\":\"https:\/\/brasilnoticias.org\/site\/?s={search_term_string}\"},\"query-input\":{\"@type\":\"PropertyValueSpecification\",\"valueRequired\":true,\"valueName\":\"search_term_string\"}}],\"inLanguage\":\"pt-PT\"},{\"@type\":\"Organization\",\"@id\":\"https:\/\/brasilnoticias.org\/site\/#organization\",\"name\":\"Brasil not\u00edcias\",\"url\":\"https:\/\/brasilnoticias.org\/site\/\",\"logo\":{\"@type\":\"ImageObject\",\"inLanguage\":\"pt-PT\",\"@id\":\"https:\/\/brasilnoticias.org\/site\/#\/schema\/logo\/image\/\",\"url\":\"https:\/\/brasilnoticias.org\/site\/wp-content\/uploads\/2022\/05\/cropped-brasilnoticias-mini.jpg\",\"contentUrl\":\"https:\/\/brasilnoticias.org\/site\/wp-content\/uploads\/2022\/05\/cropped-brasilnoticias-mini.jpg\",\"width\":314,\"height\":86,\"caption\":\"Brasil not\u00edcias\"},\"image\":{\"@id\":\"https:\/\/brasilnoticias.org\/site\/#\/schema\/logo\/image\/\"}},{\"@type\":\"Person\",\"@id\":\"https:\/\/brasilnoticias.org\/site\/#\/schema\/person\/03bbbfe6c7634ad18c26444ea39049fa\",\"name\":\"Reda\u00e7\u00e3o\",\"image\":{\"@type\":\"ImageObject\",\"inLanguage\":\"pt-PT\",\"@id\":\"https:\/\/brasilnoticias.org\/site\/#\/schema\/person\/image\/\",\"url\":\"https:\/\/secure.gravatar.com\/avatar\/9ecaf7327a696cb23ad926fedded5f1f04d7049de9e445375d55b48c001a6e42?s=96&d=mm&r=g\",\"contentUrl\":\"https:\/\/secure.gravatar.com\/avatar\/9ecaf7327a696cb23ad926fedded5f1f04d7049de9e445375d55b48c001a6e42?s=96&d=mm&r=g\",\"caption\":\"Reda\u00e7\u00e3o\"},\"url\":\"https:\/\/brasilnoticias.org\/site\/author\/henrique\/\"}]}<\/script>\n<!-- \/ Yoast SEO plugin. -->","yoast_head_json":{"title":"Superlua azul: fen\u00f4meno raro poder\u00e1 ser visto nesta quarta-feira, 30 - Brasil not\u00edcias","robots":{"index":"index","follow":"follow","max-snippet":"max-snippet:-1","max-image-preview":"max-image-preview:large","max-video-preview":"max-video-preview:-1"},"canonical":"https:\/\/brasilnoticias.org\/site\/superlua-azul-fenomeno-raro-podera-ser-visto-nesta-quarta-feira-30\/","og_locale":"pt_PT","og_type":"article","og_title":"Superlua azul: fen\u00f4meno raro poder\u00e1 ser visto nesta quarta-feira, 30 - Brasil not\u00edcias","og_description":"A pr\u00f3xima superlua azul acontece s\u00f3 daqui a 11 anos, em 2032, de acordo com a Nasa Agosto vai terminar","og_url":"https:\/\/brasilnoticias.org\/site\/superlua-azul-fenomeno-raro-podera-ser-visto-nesta-quarta-feira-30\/","og_site_name":"Brasil not\u00edcias","article_published_time":"2023-08-29T14:00:31+00:00","og_image":[{"width":1024,"height":768,"url":"https:\/\/brasilnoticias.org\/site\/wp-content\/uploads\/2023\/08\/superlua.azul_.webp","type":"image\/webp"}],"author":"Reda\u00e7\u00e3o","twitter_card":"summary_large_image","twitter_misc":{"Escrito por":"Reda\u00e7\u00e3o"},"schema":{"@context":"https:\/\/schema.org","@graph":[{"@type":"Article","@id":"https:\/\/brasilnoticias.org\/site\/superlua-azul-fenomeno-raro-podera-ser-visto-nesta-quarta-feira-30\/#article","isPartOf":{"@id":"https:\/\/brasilnoticias.org\/site\/superlua-azul-fenomeno-raro-podera-ser-visto-nesta-quarta-feira-30\/"},"author":{"name":"Reda\u00e7\u00e3o","@id":"https:\/\/brasilnoticias.org\/site\/#\/schema\/person\/03bbbfe6c7634ad18c26444ea39049fa"},"headline":"Superlua azul: fen\u00f4meno raro poder\u00e1 ser visto nesta quarta-feira, 30","datePublished":"2023-08-29T14:00:31+00:00","mainEntityOfPage":{"@id":"https:\/\/brasilnoticias.org\/site\/superlua-azul-fenomeno-raro-podera-ser-visto-nesta-quarta-feira-30\/"},"wordCount":615,"commentCount":0,"publisher":{"@id":"https:\/\/brasilnoticias.org\/site\/#organization"},"image":{"@id":"https:\/\/brasilnoticias.org\/site\/superlua-azul-fenomeno-raro-podera-ser-visto-nesta-quarta-feira-30\/#primaryimage"},"thumbnailUrl":"https:\/\/brasilnoticias.org\/site\/wp-content\/uploads\/2023\/08\/superlua.azul_.webp","articleSection":["Mundo","\u00daltimas"],"inLanguage":"pt-PT","potentialAction":[{"@type":"CommentAction","name":"Comment","target":["https:\/\/brasilnoticias.org\/site\/superlua-azul-fenomeno-raro-podera-ser-visto-nesta-quarta-feira-30\/#respond"]}]},{"@type":"WebPage","@id":"https:\/\/brasilnoticias.org\/site\/superlua-azul-fenomeno-raro-podera-ser-visto-nesta-quarta-feira-30\/","url":"https:\/\/brasilnoticias.org\/site\/superlua-azul-fenomeno-raro-podera-ser-visto-nesta-quarta-feira-30\/","name":"Superlua azul: fen\u00f4meno raro poder\u00e1 ser visto nesta quarta-feira, 30 - Brasil not\u00edcias","isPartOf":{"@id":"https:\/\/brasilnoticias.org\/site\/#website"},"primaryImageOfPage":{"@id":"https:\/\/brasilnoticias.org\/site\/superlua-azul-fenomeno-raro-podera-ser-visto-nesta-quarta-feira-30\/#primaryimage"},"image":{"@id":"https:\/\/brasilnoticias.org\/site\/superlua-azul-fenomeno-raro-podera-ser-visto-nesta-quarta-feira-30\/#primaryimage"},"thumbnailUrl":"https:\/\/brasilnoticias.org\/site\/wp-content\/uploads\/2023\/08\/superlua.azul_.webp","datePublished":"2023-08-29T14:00:31+00:00","breadcrumb":{"@id":"https:\/\/brasilnoticias.org\/site\/superlua-azul-fenomeno-raro-podera-ser-visto-nesta-quarta-feira-30\/#breadcrumb"},"inLanguage":"pt-PT","potentialAction":[{"@type":"ReadAction","target":["https:\/\/brasilnoticias.org\/site\/superlua-azul-fenomeno-raro-podera-ser-visto-nesta-quarta-feira-30\/"]}]},{"@type":"ImageObject","inLanguage":"pt-PT","@id":"https:\/\/brasilnoticias.org\/site\/superlua-azul-fenomeno-raro-podera-ser-visto-nesta-quarta-feira-30\/#primaryimage","url":"https:\/\/brasilnoticias.org\/site\/wp-content\/uploads\/2023\/08\/superlua.azul_.webp","contentUrl":"https:\/\/brasilnoticias.org\/site\/wp-content\/uploads\/2023\/08\/superlua.azul_.webp","width":1024,"height":768},{"@type":"BreadcrumbList","@id":"https:\/\/brasilnoticias.org\/site\/superlua-azul-fenomeno-raro-podera-ser-visto-nesta-quarta-feira-30\/#breadcrumb","itemListElement":[{"@type":"ListItem","position":1,"name":"In\u00edcio","item":"https:\/\/brasilnoticias.org\/site\/"},{"@type":"ListItem","position":2,"name":"Superlua azul: fen\u00f4meno raro poder\u00e1 ser visto nesta quarta-feira, 30"}]},{"@type":"WebSite","@id":"https:\/\/brasilnoticias.org\/site\/#website","url":"https:\/\/brasilnoticias.org\/site\/","name":"Brasil not\u00edcias","description":"Brasil not\u00edcias","publisher":{"@id":"https:\/\/brasilnoticias.org\/site\/#organization"},"potentialAction":[{"@type":"SearchAction","target":{"@type":"EntryPoint","urlTemplate":"https:\/\/brasilnoticias.org\/site\/?s={search_term_string}"},"query-input":{"@type":"PropertyValueSpecification","valueRequired":true,"valueName":"search_term_string"}}],"inLanguage":"pt-PT"},{"@type":"Organization","@id":"https:\/\/brasilnoticias.org\/site\/#organization","name":"Brasil not\u00edcias","url":"https:\/\/brasilnoticias.org\/site\/","logo":{"@type":"ImageObject","inLanguage":"pt-PT","@id":"https:\/\/brasilnoticias.org\/site\/#\/schema\/logo\/image\/","url":"https:\/\/brasilnoticias.org\/site\/wp-content\/uploads\/2022\/05\/cropped-brasilnoticias-mini.jpg","contentUrl":"https:\/\/brasilnoticias.org\/site\/wp-content\/uploads\/2022\/05\/cropped-brasilnoticias-mini.jpg","width":314,"height":86,"caption":"Brasil not\u00edcias"},"image":{"@id":"https:\/\/brasilnoticias.org\/site\/#\/schema\/logo\/image\/"}},{"@type":"Person","@id":"https:\/\/brasilnoticias.org\/site\/#\/schema\/person\/03bbbfe6c7634ad18c26444ea39049fa","name":"Reda\u00e7\u00e3o","image":{"@type":"ImageObject","inLanguage":"pt-PT","@id":"https:\/\/brasilnoticias.org\/site\/#\/schema\/person\/image\/","url":"https:\/\/secure.gravatar.com\/avatar\/9ecaf7327a696cb23ad926fedded5f1f04d7049de9e445375d55b48c001a6e42?s=96&d=mm&r=g","contentUrl":"https:\/\/secure.gravatar.com\/avatar\/9ecaf7327a696cb23ad926fedded5f1f04d7049de9e445375d55b48c001a6e42?s=96&d=mm&r=g","caption":"Reda\u00e7\u00e3o"},"url":"https:\/\/brasilnoticias.org\/site\/author\/henrique\/"}]}},"_links":{"self":[{"href":"https:\/\/brasilnoticias.org\/site\/wp-json\/wp\/v2\/posts\/8730","targetHints":{"allow":["GET"]}}],"collection":[{"href":"https:\/\/brasilnoticias.org\/site\/wp-json\/wp\/v2\/posts"}],"about":[{"href":"https:\/\/brasilnoticias.org\/site\/wp-json\/wp\/v2\/types\/post"}],"author":[{"embeddable":true,"href":"https:\/\/brasilnoticias.org\/site\/wp-json\/wp\/v2\/users\/4"}],"replies":[{"embeddable":true,"href":"https:\/\/brasilnoticias.org\/site\/wp-json\/wp\/v2\/comments?post=8730"}],"version-history":[{"count":1,"href":"https:\/\/brasilnoticias.org\/site\/wp-json\/wp\/v2\/posts\/8730\/revisions"}],"predecessor-version":[{"id":8732,"href":"https:\/\/brasilnoticias.org\/site\/wp-json\/wp\/v2\/posts\/8730\/revisions\/8732"}],"wp:featuredmedia":[{"embeddable":true,"href":"https:\/\/brasilnoticias.org\/site\/wp-json\/wp\/v2\/media\/8731"}],"wp:attachment":[{"href":"https:\/\/brasilnoticias.org\/site\/wp-json\/wp\/v2\/media?parent=8730"}],"wp:term":[{"taxonomy":"category","embeddable":true,"href":"https:\/\/brasilnoticias.org\/site\/wp-json\/wp\/v2\/categories?post=8730"},{"taxonomy":"post_tag","embeddable":true,"href":"https:\/\/brasilnoticias.org\/site\/wp-json\/wp\/v2\/tags?post=8730"}],"curies":[{"name":"wp","href":"https:\/\/api.w.org\/{rel}","templated":true}]}}