{"id":8748,"date":"2023-08-30T07:00:48","date_gmt":"2023-08-30T10:00:48","guid":{"rendered":"https:\/\/brasilnoticias.org\/site\/?p=8748"},"modified":"2023-08-29T19:44:06","modified_gmt":"2023-08-29T22:44:06","slug":"faustao-e-extubado-e-respira-sem-auxilio-de-aparelhos-diz-boletim-medico","status":"publish","type":"post","link":"https:\/\/brasilnoticias.org\/site\/faustao-e-extubado-e-respira-sem-auxilio-de-aparelhos-diz-boletim-medico\/","title":{"rendered":"Faust\u00e3o \u00e9 extubado e respira sem aux\u00edlio de aparelhos, diz boletim m\u00e9dico"},"content":{"rendered":"<p>O apresentador Fausto Silva foi extubado na manh\u00e3 desta ter\u00e7a-feira (29), e respira sem o aux\u00edlio de aparelhos, segundo boletim m\u00e9dico divulgado pelo Hospital Israelita Albert Einstein.<\/p>\n<p>Faust\u00e3o est\u00e1 consciente e conversa normalmente, apresentando boa fun\u00e7\u00e3o do cora\u00e7\u00e3o. Ele permanece na Unidade de Terapia Intensiva (UTI) do hospital, em S\u00e3o Paulo.<\/p>\n<p>No \u00faltimo domingo (27), o apresentador recebeu um novo cora\u00e7\u00e3o. O \u00f3rg\u00e3o, de um homem de 35 anos, veio de Santos, no litoral paulista, de helic\u00f3ptero.<\/p>\n<p>O apresentador est\u00e1 no Albert Einsten desde o dia 5 de agosto, ap\u00f3s o agravamento de um quadro de insufici\u00eancia card\u00edaca, que \u00e9 acompanhado desde 2020. No dia 8, ele foi inclu\u00eddo na fila de transplantes.<\/p>\n<p>Pela manh\u00e3, a esposa do apresentador, Luciana Cardoso, havia postado uma carta aberta nas redes sociais em clima de agradecimento. &#8220;O domingo foi aben\u00e7oado&#8221;, disse.<\/p>\n<p>Veja o boletim na \u00edntegra:<\/p>\n<p>Ap\u00f3s transplante de cora\u00e7\u00e3o realizado no \u00faltimo domingo (27\/08), no Hospital Israelita Albert Einstein, Fausto Silva foi extubado hoje pela manh\u00e3 e respira sem aux\u00edlio de aparelhos. O paciente est\u00e1 consciente, conversa normalmente e apresenta boa fun\u00e7\u00e3o do cora\u00e7\u00e3o. Permanece na Unidade de Terapia Intensiva.<\/p>\n<p>Dr. Fernando Bacal, cardiologista do Hospital Israelita Albert Einstein<br \/>\nDr. F\u00e1bio Ant\u00f4nio Gaiotto, cirurgi\u00e3o cardiovascular do Hospital Israelita Albert Einstein<br \/>\nDr. Miguel Cendoroglo Neto, Diretor M\u00e9dico e Servi\u00e7os Hospitalares do Hospital Israelita Albert Einstein<\/p>\n<p>Foto: Renato Pizzutto\/Band.<br \/>\nAl\u00f4 Al\u00f4 Bahia<\/p>\n","protected":false},"excerpt":{"rendered":"<p>O apresentador Fausto Silva foi extubado na manh\u00e3 desta ter\u00e7a-feira (29), e respira sem o aux\u00edlio de aparelhos, segundo boletim<\/p>\n","protected":false},"author":4,"featured_media":8749,"comment_status":"open","ping_status":"open","sticky":false,"template":"","format":"standard","meta":{"colormag_page_container_layout":"default_layout","colormag_page_sidebar_layout":"default_layout","_FSMCFIC_featured_image_caption":"","_FSMCFIC_featured_image_nocaption":"","_FSMCFIC_featured_image_hide":"","footnotes":""},"categories":[2,1],"tags":[],"class_list":["post-8748","post","type-post","status-publish","format-standard","has-post-thumbnail","hentry","category-noticias","category-ultimas"],"yoast_head":"<!-- This site is optimized with the Yoast SEO plugin v27.1.1 - https:\/\/yoast.com\/product\/yoast-seo-wordpress\/ -->\n<title>Faust\u00e3o \u00e9 extubado e respira sem aux\u00edlio de aparelhos, diz boletim m\u00e9dico - Brasil not\u00edcias<\/title>\n<meta name=\"robots\" content=\"index, follow, max-snippet:-1, max-image-preview:large, max-video-preview:-1\" \/>\n<link rel=\"canonical\" href=\"https:\/\/brasilnoticias.org\/site\/faustao-e-extubado-e-respira-sem-auxilio-de-aparelhos-diz-boletim-medico\/\" \/>\n<meta property=\"og:locale\" content=\"pt_PT\" \/>\n<meta property=\"og:type\" content=\"article\" \/>\n<meta property=\"og:title\" content=\"Faust\u00e3o \u00e9 extubado e respira sem aux\u00edlio de aparelhos, diz boletim m\u00e9dico - Brasil not\u00edcias\" \/>\n<meta property=\"og:description\" content=\"O apresentador Fausto Silva foi extubado na manh\u00e3 desta ter\u00e7a-feira (29), e respira sem o aux\u00edlio de aparelhos, segundo boletim\" \/>\n<meta property=\"og:url\" content=\"https:\/\/brasilnoticias.org\/site\/faustao-e-extubado-e-respira-sem-auxilio-de-aparelhos-diz-boletim-medico\/\" \/>\n<meta property=\"og:site_name\" content=\"Brasil not\u00edcias\" \/>\n<meta property=\"article:published_time\" content=\"2023-08-30T10:00:48+00:00\" \/>\n<meta property=\"og:image\" content=\"https:\/\/brasilnoticias.org\/site\/wp-content\/uploads\/2023\/08\/faustoaoex_alo_alo_bahia.jpg\" \/>\n\t<meta property=\"og:image:width\" content=\"1600\" \/>\n\t<meta property=\"og:image:height\" content=\"1200\" \/>\n\t<meta property=\"og:image:type\" content=\"image\/jpeg\" \/>\n<meta name=\"author\" content=\"Reda\u00e7\u00e3o\" \/>\n<meta name=\"twitter:card\" content=\"summary_large_image\" \/>\n<meta name=\"twitter:label1\" content=\"Escrito por\" \/>\n\t<meta name=\"twitter:data1\" content=\"Reda\u00e7\u00e3o\" \/>\n<script type=\"application\/ld+json\" class=\"yoast-schema-graph\">{\"@context\":\"https:\/\/schema.org\",\"@graph\":[{\"@type\":\"Article\",\"@id\":\"https:\/\/brasilnoticias.org\/site\/faustao-e-extubado-e-respira-sem-auxilio-de-aparelhos-diz-boletim-medico\/#article\",\"isPartOf\":{\"@id\":\"https:\/\/brasilnoticias.org\/site\/faustao-e-extubado-e-respira-sem-auxilio-de-aparelhos-diz-boletim-medico\/\"},\"author\":{\"name\":\"Reda\u00e7\u00e3o\",\"@id\":\"https:\/\/brasilnoticias.org\/site\/#\/schema\/person\/03bbbfe6c7634ad18c26444ea39049fa\"},\"headline\":\"Faust\u00e3o \u00e9 extubado e respira sem aux\u00edlio de aparelhos, diz boletim m\u00e9dico\",\"datePublished\":\"2023-08-30T10:00:48+00:00\",\"mainEntityOfPage\":{\"@id\":\"https:\/\/brasilnoticias.org\/site\/faustao-e-extubado-e-respira-sem-auxilio-de-aparelhos-diz-boletim-medico\/\"},\"wordCount\":260,\"commentCount\":0,\"publisher\":{\"@id\":\"https:\/\/brasilnoticias.org\/site\/#organization\"},\"image\":{\"@id\":\"https:\/\/brasilnoticias.org\/site\/faustao-e-extubado-e-respira-sem-auxilio-de-aparelhos-diz-boletim-medico\/#primaryimage\"},\"thumbnailUrl\":\"https:\/\/brasilnoticias.org\/site\/wp-content\/uploads\/2023\/08\/faustoaoex_alo_alo_bahia.jpg\",\"articleSection\":[\"Not\u00edcias\",\"\u00daltimas\"],\"inLanguage\":\"pt-PT\",\"potentialAction\":[{\"@type\":\"CommentAction\",\"name\":\"Comment\",\"target\":[\"https:\/\/brasilnoticias.org\/site\/faustao-e-extubado-e-respira-sem-auxilio-de-aparelhos-diz-boletim-medico\/#respond\"]}]},{\"@type\":\"WebPage\",\"@id\":\"https:\/\/brasilnoticias.org\/site\/faustao-e-extubado-e-respira-sem-auxilio-de-aparelhos-diz-boletim-medico\/\",\"url\":\"https:\/\/brasilnoticias.org\/site\/faustao-e-extubado-e-respira-sem-auxilio-de-aparelhos-diz-boletim-medico\/\",\"name\":\"Faust\u00e3o \u00e9 extubado e respira sem aux\u00edlio de aparelhos, diz boletim m\u00e9dico - Brasil not\u00edcias\",\"isPartOf\":{\"@id\":\"https:\/\/brasilnoticias.org\/site\/#website\"},\"primaryImageOfPage\":{\"@id\":\"https:\/\/brasilnoticias.org\/site\/faustao-e-extubado-e-respira-sem-auxilio-de-aparelhos-diz-boletim-medico\/#primaryimage\"},\"image\":{\"@id\":\"https:\/\/brasilnoticias.org\/site\/faustao-e-extubado-e-respira-sem-auxilio-de-aparelhos-diz-boletim-medico\/#primaryimage\"},\"thumbnailUrl\":\"https:\/\/brasilnoticias.org\/site\/wp-content\/uploads\/2023\/08\/faustoaoex_alo_alo_bahia.jpg\",\"datePublished\":\"2023-08-30T10:00:48+00:00\",\"breadcrumb\":{\"@id\":\"https:\/\/brasilnoticias.org\/site\/faustao-e-extubado-e-respira-sem-auxilio-de-aparelhos-diz-boletim-medico\/#breadcrumb\"},\"inLanguage\":\"pt-PT\",\"potentialAction\":[{\"@type\":\"ReadAction\",\"target\":[\"https:\/\/brasilnoticias.org\/site\/faustao-e-extubado-e-respira-sem-auxilio-de-aparelhos-diz-boletim-medico\/\"]}]},{\"@type\":\"ImageObject\",\"inLanguage\":\"pt-PT\",\"@id\":\"https:\/\/brasilnoticias.org\/site\/faustao-e-extubado-e-respira-sem-auxilio-de-aparelhos-diz-boletim-medico\/#primaryimage\",\"url\":\"https:\/\/brasilnoticias.org\/site\/wp-content\/uploads\/2023\/08\/faustoaoex_alo_alo_bahia.jpg\",\"contentUrl\":\"https:\/\/brasilnoticias.org\/site\/wp-content\/uploads\/2023\/08\/faustoaoex_alo_alo_bahia.jpg\",\"width\":1600,\"height\":1200},{\"@type\":\"BreadcrumbList\",\"@id\":\"https:\/\/brasilnoticias.org\/site\/faustao-e-extubado-e-respira-sem-auxilio-de-aparelhos-diz-boletim-medico\/#breadcrumb\",\"itemListElement\":[{\"@type\":\"ListItem\",\"position\":1,\"name\":\"In\u00edcio\",\"item\":\"https:\/\/brasilnoticias.org\/site\/\"},{\"@type\":\"ListItem\",\"position\":2,\"name\":\"Faust\u00e3o \u00e9 extubado e respira sem aux\u00edlio de aparelhos, diz boletim m\u00e9dico\"}]},{\"@type\":\"WebSite\",\"@id\":\"https:\/\/brasilnoticias.org\/site\/#website\",\"url\":\"https:\/\/brasilnoticias.org\/site\/\",\"name\":\"Brasil not\u00edcias\",\"description\":\"Brasil not\u00edcias\",\"publisher\":{\"@id\":\"https:\/\/brasilnoticias.org\/site\/#organization\"},\"potentialAction\":[{\"@type\":\"SearchAction\",\"target\":{\"@type\":\"EntryPoint\",\"urlTemplate\":\"https:\/\/brasilnoticias.org\/site\/?s={search_term_string}\"},\"query-input\":{\"@type\":\"PropertyValueSpecification\",\"valueRequired\":true,\"valueName\":\"search_term_string\"}}],\"inLanguage\":\"pt-PT\"},{\"@type\":\"Organization\",\"@id\":\"https:\/\/brasilnoticias.org\/site\/#organization\",\"name\":\"Brasil not\u00edcias\",\"url\":\"https:\/\/brasilnoticias.org\/site\/\",\"logo\":{\"@type\":\"ImageObject\",\"inLanguage\":\"pt-PT\",\"@id\":\"https:\/\/brasilnoticias.org\/site\/#\/schema\/logo\/image\/\",\"url\":\"https:\/\/brasilnoticias.org\/site\/wp-content\/uploads\/2022\/05\/cropped-brasilnoticias-mini.jpg\",\"contentUrl\":\"https:\/\/brasilnoticias.org\/site\/wp-content\/uploads\/2022\/05\/cropped-brasilnoticias-mini.jpg\",\"width\":314,\"height\":86,\"caption\":\"Brasil not\u00edcias\"},\"image\":{\"@id\":\"https:\/\/brasilnoticias.org\/site\/#\/schema\/logo\/image\/\"}},{\"@type\":\"Person\",\"@id\":\"https:\/\/brasilnoticias.org\/site\/#\/schema\/person\/03bbbfe6c7634ad18c26444ea39049fa\",\"name\":\"Reda\u00e7\u00e3o\",\"image\":{\"@type\":\"ImageObject\",\"inLanguage\":\"pt-PT\",\"@id\":\"https:\/\/brasilnoticias.org\/site\/#\/schema\/person\/image\/\",\"url\":\"https:\/\/secure.gravatar.com\/avatar\/9ecaf7327a696cb23ad926fedded5f1f04d7049de9e445375d55b48c001a6e42?s=96&d=mm&r=g\",\"contentUrl\":\"https:\/\/secure.gravatar.com\/avatar\/9ecaf7327a696cb23ad926fedded5f1f04d7049de9e445375d55b48c001a6e42?s=96&d=mm&r=g\",\"caption\":\"Reda\u00e7\u00e3o\"},\"url\":\"https:\/\/brasilnoticias.org\/site\/author\/henrique\/\"}]}<\/script>\n<!-- \/ Yoast SEO plugin. -->","yoast_head_json":{"title":"Faust\u00e3o \u00e9 extubado e respira sem aux\u00edlio de aparelhos, diz boletim m\u00e9dico - Brasil not\u00edcias","robots":{"index":"index","follow":"follow","max-snippet":"max-snippet:-1","max-image-preview":"max-image-preview:large","max-video-preview":"max-video-preview:-1"},"canonical":"https:\/\/brasilnoticias.org\/site\/faustao-e-extubado-e-respira-sem-auxilio-de-aparelhos-diz-boletim-medico\/","og_locale":"pt_PT","og_type":"article","og_title":"Faust\u00e3o \u00e9 extubado e respira sem aux\u00edlio de aparelhos, diz boletim m\u00e9dico - Brasil not\u00edcias","og_description":"O apresentador Fausto Silva foi extubado na manh\u00e3 desta ter\u00e7a-feira (29), e respira sem o aux\u00edlio de aparelhos, segundo boletim","og_url":"https:\/\/brasilnoticias.org\/site\/faustao-e-extubado-e-respira-sem-auxilio-de-aparelhos-diz-boletim-medico\/","og_site_name":"Brasil not\u00edcias","article_published_time":"2023-08-30T10:00:48+00:00","og_image":[{"width":1600,"height":1200,"url":"https:\/\/brasilnoticias.org\/site\/wp-content\/uploads\/2023\/08\/faustoaoex_alo_alo_bahia.jpg","type":"image\/jpeg"}],"author":"Reda\u00e7\u00e3o","twitter_card":"summary_large_image","twitter_misc":{"Escrito por":"Reda\u00e7\u00e3o"},"schema":{"@context":"https:\/\/schema.org","@graph":[{"@type":"Article","@id":"https:\/\/brasilnoticias.org\/site\/faustao-e-extubado-e-respira-sem-auxilio-de-aparelhos-diz-boletim-medico\/#article","isPartOf":{"@id":"https:\/\/brasilnoticias.org\/site\/faustao-e-extubado-e-respira-sem-auxilio-de-aparelhos-diz-boletim-medico\/"},"author":{"name":"Reda\u00e7\u00e3o","@id":"https:\/\/brasilnoticias.org\/site\/#\/schema\/person\/03bbbfe6c7634ad18c26444ea39049fa"},"headline":"Faust\u00e3o \u00e9 extubado e respira sem aux\u00edlio de aparelhos, diz boletim m\u00e9dico","datePublished":"2023-08-30T10:00:48+00:00","mainEntityOfPage":{"@id":"https:\/\/brasilnoticias.org\/site\/faustao-e-extubado-e-respira-sem-auxilio-de-aparelhos-diz-boletim-medico\/"},"wordCount":260,"commentCount":0,"publisher":{"@id":"https:\/\/brasilnoticias.org\/site\/#organization"},"image":{"@id":"https:\/\/brasilnoticias.org\/site\/faustao-e-extubado-e-respira-sem-auxilio-de-aparelhos-diz-boletim-medico\/#primaryimage"},"thumbnailUrl":"https:\/\/brasilnoticias.org\/site\/wp-content\/uploads\/2023\/08\/faustoaoex_alo_alo_bahia.jpg","articleSection":["Not\u00edcias","\u00daltimas"],"inLanguage":"pt-PT","potentialAction":[{"@type":"CommentAction","name":"Comment","target":["https:\/\/brasilnoticias.org\/site\/faustao-e-extubado-e-respira-sem-auxilio-de-aparelhos-diz-boletim-medico\/#respond"]}]},{"@type":"WebPage","@id":"https:\/\/brasilnoticias.org\/site\/faustao-e-extubado-e-respira-sem-auxilio-de-aparelhos-diz-boletim-medico\/","url":"https:\/\/brasilnoticias.org\/site\/faustao-e-extubado-e-respira-sem-auxilio-de-aparelhos-diz-boletim-medico\/","name":"Faust\u00e3o \u00e9 extubado e respira sem aux\u00edlio de aparelhos, diz boletim m\u00e9dico - Brasil not\u00edcias","isPartOf":{"@id":"https:\/\/brasilnoticias.org\/site\/#website"},"primaryImageOfPage":{"@id":"https:\/\/brasilnoticias.org\/site\/faustao-e-extubado-e-respira-sem-auxilio-de-aparelhos-diz-boletim-medico\/#primaryimage"},"image":{"@id":"https:\/\/brasilnoticias.org\/site\/faustao-e-extubado-e-respira-sem-auxilio-de-aparelhos-diz-boletim-medico\/#primaryimage"},"thumbnailUrl":"https:\/\/brasilnoticias.org\/site\/wp-content\/uploads\/2023\/08\/faustoaoex_alo_alo_bahia.jpg","datePublished":"2023-08-30T10:00:48+00:00","breadcrumb":{"@id":"https:\/\/brasilnoticias.org\/site\/faustao-e-extubado-e-respira-sem-auxilio-de-aparelhos-diz-boletim-medico\/#breadcrumb"},"inLanguage":"pt-PT","potentialAction":[{"@type":"ReadAction","target":["https:\/\/brasilnoticias.org\/site\/faustao-e-extubado-e-respira-sem-auxilio-de-aparelhos-diz-boletim-medico\/"]}]},{"@type":"ImageObject","inLanguage":"pt-PT","@id":"https:\/\/brasilnoticias.org\/site\/faustao-e-extubado-e-respira-sem-auxilio-de-aparelhos-diz-boletim-medico\/#primaryimage","url":"https:\/\/brasilnoticias.org\/site\/wp-content\/uploads\/2023\/08\/faustoaoex_alo_alo_bahia.jpg","contentUrl":"https:\/\/brasilnoticias.org\/site\/wp-content\/uploads\/2023\/08\/faustoaoex_alo_alo_bahia.jpg","width":1600,"height":1200},{"@type":"BreadcrumbList","@id":"https:\/\/brasilnoticias.org\/site\/faustao-e-extubado-e-respira-sem-auxilio-de-aparelhos-diz-boletim-medico\/#breadcrumb","itemListElement":[{"@type":"ListItem","position":1,"name":"In\u00edcio","item":"https:\/\/brasilnoticias.org\/site\/"},{"@type":"ListItem","position":2,"name":"Faust\u00e3o \u00e9 extubado e respira sem aux\u00edlio de aparelhos, diz boletim m\u00e9dico"}]},{"@type":"WebSite","@id":"https:\/\/brasilnoticias.org\/site\/#website","url":"https:\/\/brasilnoticias.org\/site\/","name":"Brasil not\u00edcias","description":"Brasil not\u00edcias","publisher":{"@id":"https:\/\/brasilnoticias.org\/site\/#organization"},"potentialAction":[{"@type":"SearchAction","target":{"@type":"EntryPoint","urlTemplate":"https:\/\/brasilnoticias.org\/site\/?s={search_term_string}"},"query-input":{"@type":"PropertyValueSpecification","valueRequired":true,"valueName":"search_term_string"}}],"inLanguage":"pt-PT"},{"@type":"Organization","@id":"https:\/\/brasilnoticias.org\/site\/#organization","name":"Brasil not\u00edcias","url":"https:\/\/brasilnoticias.org\/site\/","logo":{"@type":"ImageObject","inLanguage":"pt-PT","@id":"https:\/\/brasilnoticias.org\/site\/#\/schema\/logo\/image\/","url":"https:\/\/brasilnoticias.org\/site\/wp-content\/uploads\/2022\/05\/cropped-brasilnoticias-mini.jpg","contentUrl":"https:\/\/brasilnoticias.org\/site\/wp-content\/uploads\/2022\/05\/cropped-brasilnoticias-mini.jpg","width":314,"height":86,"caption":"Brasil not\u00edcias"},"image":{"@id":"https:\/\/brasilnoticias.org\/site\/#\/schema\/logo\/image\/"}},{"@type":"Person","@id":"https:\/\/brasilnoticias.org\/site\/#\/schema\/person\/03bbbfe6c7634ad18c26444ea39049fa","name":"Reda\u00e7\u00e3o","image":{"@type":"ImageObject","inLanguage":"pt-PT","@id":"https:\/\/brasilnoticias.org\/site\/#\/schema\/person\/image\/","url":"https:\/\/secure.gravatar.com\/avatar\/9ecaf7327a696cb23ad926fedded5f1f04d7049de9e445375d55b48c001a6e42?s=96&d=mm&r=g","contentUrl":"https:\/\/secure.gravatar.com\/avatar\/9ecaf7327a696cb23ad926fedded5f1f04d7049de9e445375d55b48c001a6e42?s=96&d=mm&r=g","caption":"Reda\u00e7\u00e3o"},"url":"https:\/\/brasilnoticias.org\/site\/author\/henrique\/"}]}},"_links":{"self":[{"href":"https:\/\/brasilnoticias.org\/site\/wp-json\/wp\/v2\/posts\/8748","targetHints":{"allow":["GET"]}}],"collection":[{"href":"https:\/\/brasilnoticias.org\/site\/wp-json\/wp\/v2\/posts"}],"about":[{"href":"https:\/\/brasilnoticias.org\/site\/wp-json\/wp\/v2\/types\/post"}],"author":[{"embeddable":true,"href":"https:\/\/brasilnoticias.org\/site\/wp-json\/wp\/v2\/users\/4"}],"replies":[{"embeddable":true,"href":"https:\/\/brasilnoticias.org\/site\/wp-json\/wp\/v2\/comments?post=8748"}],"version-history":[{"count":1,"href":"https:\/\/brasilnoticias.org\/site\/wp-json\/wp\/v2\/posts\/8748\/revisions"}],"predecessor-version":[{"id":8750,"href":"https:\/\/brasilnoticias.org\/site\/wp-json\/wp\/v2\/posts\/8748\/revisions\/8750"}],"wp:featuredmedia":[{"embeddable":true,"href":"https:\/\/brasilnoticias.org\/site\/wp-json\/wp\/v2\/media\/8749"}],"wp:attachment":[{"href":"https:\/\/brasilnoticias.org\/site\/wp-json\/wp\/v2\/media?parent=8748"}],"wp:term":[{"taxonomy":"category","embeddable":true,"href":"https:\/\/brasilnoticias.org\/site\/wp-json\/wp\/v2\/categories?post=8748"},{"taxonomy":"post_tag","embeddable":true,"href":"https:\/\/brasilnoticias.org\/site\/wp-json\/wp\/v2\/tags?post=8748"}],"curies":[{"name":"wp","href":"https:\/\/api.w.org\/{rel}","templated":true}]}}