{"id":8757,"date":"2023-08-30T10:00:42","date_gmt":"2023-08-30T13:00:42","guid":{"rendered":"https:\/\/brasilnoticias.org\/site\/?p=8757"},"modified":"2023-08-29T19:51:54","modified_gmt":"2023-08-29T22:51:54","slug":"defesa-de-hacker-diz-que-prazo-para-bolsonaro-apresentar-queixa-crime-venceu","status":"publish","type":"post","link":"https:\/\/brasilnoticias.org\/site\/defesa-de-hacker-diz-que-prazo-para-bolsonaro-apresentar-queixa-crime-venceu\/","title":{"rendered":"Defesa de hacker diz que prazo para Bolsonaro apresentar queixa-crime venceu"},"content":{"rendered":"<p>Em entrevista \u00e0 jornalista Camila Bomfim, advogado de Delgatti explicou que declara\u00e7\u00e3o \u00e9 feita pelo hacker desde fevereiro, portanto o prazo de seis meses para acusa\u00e7\u00e3o de cal\u00fania j\u00e1 expirou<\/p>\n<p>O advogado respons\u00e1vel pela defesa do hacker Walter Delgatti Neto, conhecido como hacker da Vaza Jato, afirmou que o prazo para que o ex-presidente Jair Bolsonaro (PL) fizesse uma queixa-crime contra Delgatti por cal\u00fania j\u00e1 venceu.<\/p>\n<p>A queixa de Bolsonaro foi protocolada na \u00faltima sexta-feira (25), a qual diz que o hacker cometeu crime de cal\u00fania ao acus\u00e1-lo falsamente de grampear o ministro do Supremo Tribunal Federal (STF) Alexandre de Moraes.<\/p>\n<p>Em entrevista \u00e0 apresentadora Camila Bomfim da GloboNews, o advogado de Delgatti, Ariovaldo Moreira, disse que a fala do hacker \u00e9 p\u00fablica desde o m\u00eas de fevereiro, quando foi citada em entrevista \u00e0 revista Veja. Ainda segundo Ariovaldo, a defesa de Bolsonaro foi procurada na \u00e9poca, ou seja, tomou ci\u00eancia dos fatos naquele momento.<\/p>\n<p>Moreira disse ainda que, segundo o C\u00f3digo Penal, acusa\u00e7\u00f5es de cal\u00fania s\u00f3 podem ser feitas em prazo de at\u00e9 seis meses ap\u00f3s a declara\u00e7\u00e3o considerada caluniosa. Segundo a defesa do hacker, esse prazo come\u00e7ou a contar em 2 de fevereiro, ou seja, j\u00e1 teria expirado.<\/p>\n<p>Foto: Lula Marques\/Ag\u00eancia Brasil | Marcelo Camargo\/Ag\u00eancia Brasil<br \/>\nMetro1<\/p>\n","protected":false},"excerpt":{"rendered":"<p>Em entrevista \u00e0 jornalista Camila Bomfim, advogado de Delgatti explicou que declara\u00e7\u00e3o \u00e9 feita pelo hacker desde fevereiro, portanto o<\/p>\n","protected":false},"author":4,"featured_media":8758,"comment_status":"open","ping_status":"open","sticky":false,"template":"","format":"standard","meta":{"colormag_page_container_layout":"default_layout","colormag_page_sidebar_layout":"default_layout","_FSMCFIC_featured_image_caption":"","_FSMCFIC_featured_image_nocaption":"","_FSMCFIC_featured_image_hide":"","footnotes":""},"categories":[5,1],"tags":[],"class_list":["post-8757","post","type-post","status-publish","format-standard","has-post-thumbnail","hentry","category-politica","category-ultimas"],"yoast_head":"<!-- This site is optimized with the Yoast SEO plugin v27.1.1 - https:\/\/yoast.com\/product\/yoast-seo-wordpress\/ -->\n<title>Defesa de hacker diz que prazo para Bolsonaro apresentar queixa-crime venceu - Brasil not\u00edcias<\/title>\n<meta name=\"robots\" content=\"index, follow, max-snippet:-1, max-image-preview:large, max-video-preview:-1\" \/>\n<link rel=\"canonical\" href=\"https:\/\/brasilnoticias.org\/site\/defesa-de-hacker-diz-que-prazo-para-bolsonaro-apresentar-queixa-crime-venceu\/\" \/>\n<meta property=\"og:locale\" content=\"pt_PT\" \/>\n<meta property=\"og:type\" content=\"article\" \/>\n<meta property=\"og:title\" content=\"Defesa de hacker diz que prazo para Bolsonaro apresentar queixa-crime venceu - Brasil not\u00edcias\" \/>\n<meta property=\"og:description\" content=\"Em entrevista \u00e0 jornalista Camila Bomfim, advogado de Delgatti explicou que declara\u00e7\u00e3o \u00e9 feita pelo hacker desde fevereiro, portanto o\" \/>\n<meta property=\"og:url\" content=\"https:\/\/brasilnoticias.org\/site\/defesa-de-hacker-diz-que-prazo-para-bolsonaro-apresentar-queixa-crime-venceu\/\" \/>\n<meta property=\"og:site_name\" content=\"Brasil not\u00edcias\" \/>\n<meta property=\"article:published_time\" content=\"2023-08-30T13:00:42+00:00\" \/>\n<meta property=\"og:image\" content=\"https:\/\/brasilnoticias.org\/site\/wp-content\/uploads\/2023\/08\/140389defesa-de-hacker-diz-que-prazo-para-bolsonaro-apresentar-queixa-crime-venceu-3.jpg\" \/>\n\t<meta property=\"og:image:width\" content=\"1600\" \/>\n\t<meta property=\"og:image:height\" content=\"752\" \/>\n\t<meta property=\"og:image:type\" content=\"image\/jpeg\" \/>\n<meta name=\"author\" content=\"Reda\u00e7\u00e3o\" \/>\n<meta name=\"twitter:card\" content=\"summary_large_image\" \/>\n<meta name=\"twitter:label1\" content=\"Escrito por\" \/>\n\t<meta name=\"twitter:data1\" content=\"Reda\u00e7\u00e3o\" \/>\n<script type=\"application\/ld+json\" class=\"yoast-schema-graph\">{\"@context\":\"https:\/\/schema.org\",\"@graph\":[{\"@type\":\"Article\",\"@id\":\"https:\/\/brasilnoticias.org\/site\/defesa-de-hacker-diz-que-prazo-para-bolsonaro-apresentar-queixa-crime-venceu\/#article\",\"isPartOf\":{\"@id\":\"https:\/\/brasilnoticias.org\/site\/defesa-de-hacker-diz-que-prazo-para-bolsonaro-apresentar-queixa-crime-venceu\/\"},\"author\":{\"name\":\"Reda\u00e7\u00e3o\",\"@id\":\"https:\/\/brasilnoticias.org\/site\/#\/schema\/person\/03bbbfe6c7634ad18c26444ea39049fa\"},\"headline\":\"Defesa de hacker diz que prazo para Bolsonaro apresentar queixa-crime venceu\",\"datePublished\":\"2023-08-30T13:00:42+00:00\",\"mainEntityOfPage\":{\"@id\":\"https:\/\/brasilnoticias.org\/site\/defesa-de-hacker-diz-que-prazo-para-bolsonaro-apresentar-queixa-crime-venceu\/\"},\"wordCount\":232,\"commentCount\":0,\"publisher\":{\"@id\":\"https:\/\/brasilnoticias.org\/site\/#organization\"},\"image\":{\"@id\":\"https:\/\/brasilnoticias.org\/site\/defesa-de-hacker-diz-que-prazo-para-bolsonaro-apresentar-queixa-crime-venceu\/#primaryimage\"},\"thumbnailUrl\":\"https:\/\/brasilnoticias.org\/site\/wp-content\/uploads\/2023\/08\/140389defesa-de-hacker-diz-que-prazo-para-bolsonaro-apresentar-queixa-crime-venceu-3.jpg\",\"articleSection\":[\"Pol\u00edtica\",\"\u00daltimas\"],\"inLanguage\":\"pt-PT\",\"potentialAction\":[{\"@type\":\"CommentAction\",\"name\":\"Comment\",\"target\":[\"https:\/\/brasilnoticias.org\/site\/defesa-de-hacker-diz-que-prazo-para-bolsonaro-apresentar-queixa-crime-venceu\/#respond\"]}]},{\"@type\":\"WebPage\",\"@id\":\"https:\/\/brasilnoticias.org\/site\/defesa-de-hacker-diz-que-prazo-para-bolsonaro-apresentar-queixa-crime-venceu\/\",\"url\":\"https:\/\/brasilnoticias.org\/site\/defesa-de-hacker-diz-que-prazo-para-bolsonaro-apresentar-queixa-crime-venceu\/\",\"name\":\"Defesa de hacker diz que prazo para Bolsonaro apresentar queixa-crime venceu - Brasil not\u00edcias\",\"isPartOf\":{\"@id\":\"https:\/\/brasilnoticias.org\/site\/#website\"},\"primaryImageOfPage\":{\"@id\":\"https:\/\/brasilnoticias.org\/site\/defesa-de-hacker-diz-que-prazo-para-bolsonaro-apresentar-queixa-crime-venceu\/#primaryimage\"},\"image\":{\"@id\":\"https:\/\/brasilnoticias.org\/site\/defesa-de-hacker-diz-que-prazo-para-bolsonaro-apresentar-queixa-crime-venceu\/#primaryimage\"},\"thumbnailUrl\":\"https:\/\/brasilnoticias.org\/site\/wp-content\/uploads\/2023\/08\/140389defesa-de-hacker-diz-que-prazo-para-bolsonaro-apresentar-queixa-crime-venceu-3.jpg\",\"datePublished\":\"2023-08-30T13:00:42+00:00\",\"breadcrumb\":{\"@id\":\"https:\/\/brasilnoticias.org\/site\/defesa-de-hacker-diz-que-prazo-para-bolsonaro-apresentar-queixa-crime-venceu\/#breadcrumb\"},\"inLanguage\":\"pt-PT\",\"potentialAction\":[{\"@type\":\"ReadAction\",\"target\":[\"https:\/\/brasilnoticias.org\/site\/defesa-de-hacker-diz-que-prazo-para-bolsonaro-apresentar-queixa-crime-venceu\/\"]}]},{\"@type\":\"ImageObject\",\"inLanguage\":\"pt-PT\",\"@id\":\"https:\/\/brasilnoticias.org\/site\/defesa-de-hacker-diz-que-prazo-para-bolsonaro-apresentar-queixa-crime-venceu\/#primaryimage\",\"url\":\"https:\/\/brasilnoticias.org\/site\/wp-content\/uploads\/2023\/08\/140389defesa-de-hacker-diz-que-prazo-para-bolsonaro-apresentar-queixa-crime-venceu-3.jpg\",\"contentUrl\":\"https:\/\/brasilnoticias.org\/site\/wp-content\/uploads\/2023\/08\/140389defesa-de-hacker-diz-que-prazo-para-bolsonaro-apresentar-queixa-crime-venceu-3.jpg\",\"width\":1600,\"height\":752},{\"@type\":\"BreadcrumbList\",\"@id\":\"https:\/\/brasilnoticias.org\/site\/defesa-de-hacker-diz-que-prazo-para-bolsonaro-apresentar-queixa-crime-venceu\/#breadcrumb\",\"itemListElement\":[{\"@type\":\"ListItem\",\"position\":1,\"name\":\"In\u00edcio\",\"item\":\"https:\/\/brasilnoticias.org\/site\/\"},{\"@type\":\"ListItem\",\"position\":2,\"name\":\"Defesa de hacker diz que prazo para Bolsonaro apresentar queixa-crime venceu\"}]},{\"@type\":\"WebSite\",\"@id\":\"https:\/\/brasilnoticias.org\/site\/#website\",\"url\":\"https:\/\/brasilnoticias.org\/site\/\",\"name\":\"Brasil not\u00edcias\",\"description\":\"Brasil not\u00edcias\",\"publisher\":{\"@id\":\"https:\/\/brasilnoticias.org\/site\/#organization\"},\"potentialAction\":[{\"@type\":\"SearchAction\",\"target\":{\"@type\":\"EntryPoint\",\"urlTemplate\":\"https:\/\/brasilnoticias.org\/site\/?s={search_term_string}\"},\"query-input\":{\"@type\":\"PropertyValueSpecification\",\"valueRequired\":true,\"valueName\":\"search_term_string\"}}],\"inLanguage\":\"pt-PT\"},{\"@type\":\"Organization\",\"@id\":\"https:\/\/brasilnoticias.org\/site\/#organization\",\"name\":\"Brasil not\u00edcias\",\"url\":\"https:\/\/brasilnoticias.org\/site\/\",\"logo\":{\"@type\":\"ImageObject\",\"inLanguage\":\"pt-PT\",\"@id\":\"https:\/\/brasilnoticias.org\/site\/#\/schema\/logo\/image\/\",\"url\":\"https:\/\/brasilnoticias.org\/site\/wp-content\/uploads\/2022\/05\/cropped-brasilnoticias-mini.jpg\",\"contentUrl\":\"https:\/\/brasilnoticias.org\/site\/wp-content\/uploads\/2022\/05\/cropped-brasilnoticias-mini.jpg\",\"width\":314,\"height\":86,\"caption\":\"Brasil not\u00edcias\"},\"image\":{\"@id\":\"https:\/\/brasilnoticias.org\/site\/#\/schema\/logo\/image\/\"}},{\"@type\":\"Person\",\"@id\":\"https:\/\/brasilnoticias.org\/site\/#\/schema\/person\/03bbbfe6c7634ad18c26444ea39049fa\",\"name\":\"Reda\u00e7\u00e3o\",\"image\":{\"@type\":\"ImageObject\",\"inLanguage\":\"pt-PT\",\"@id\":\"https:\/\/brasilnoticias.org\/site\/#\/schema\/person\/image\/\",\"url\":\"https:\/\/secure.gravatar.com\/avatar\/9ecaf7327a696cb23ad926fedded5f1f04d7049de9e445375d55b48c001a6e42?s=96&d=mm&r=g\",\"contentUrl\":\"https:\/\/secure.gravatar.com\/avatar\/9ecaf7327a696cb23ad926fedded5f1f04d7049de9e445375d55b48c001a6e42?s=96&d=mm&r=g\",\"caption\":\"Reda\u00e7\u00e3o\"},\"url\":\"https:\/\/brasilnoticias.org\/site\/author\/henrique\/\"}]}<\/script>\n<!-- \/ Yoast SEO plugin. -->","yoast_head_json":{"title":"Defesa de hacker diz que prazo para Bolsonaro apresentar queixa-crime venceu - Brasil not\u00edcias","robots":{"index":"index","follow":"follow","max-snippet":"max-snippet:-1","max-image-preview":"max-image-preview:large","max-video-preview":"max-video-preview:-1"},"canonical":"https:\/\/brasilnoticias.org\/site\/defesa-de-hacker-diz-que-prazo-para-bolsonaro-apresentar-queixa-crime-venceu\/","og_locale":"pt_PT","og_type":"article","og_title":"Defesa de hacker diz que prazo para Bolsonaro apresentar queixa-crime venceu - Brasil not\u00edcias","og_description":"Em entrevista \u00e0 jornalista Camila Bomfim, advogado de Delgatti explicou que declara\u00e7\u00e3o \u00e9 feita pelo hacker desde fevereiro, portanto o","og_url":"https:\/\/brasilnoticias.org\/site\/defesa-de-hacker-diz-que-prazo-para-bolsonaro-apresentar-queixa-crime-venceu\/","og_site_name":"Brasil not\u00edcias","article_published_time":"2023-08-30T13:00:42+00:00","og_image":[{"width":1600,"height":752,"url":"https:\/\/brasilnoticias.org\/site\/wp-content\/uploads\/2023\/08\/140389defesa-de-hacker-diz-que-prazo-para-bolsonaro-apresentar-queixa-crime-venceu-3.jpg","type":"image\/jpeg"}],"author":"Reda\u00e7\u00e3o","twitter_card":"summary_large_image","twitter_misc":{"Escrito por":"Reda\u00e7\u00e3o"},"schema":{"@context":"https:\/\/schema.org","@graph":[{"@type":"Article","@id":"https:\/\/brasilnoticias.org\/site\/defesa-de-hacker-diz-que-prazo-para-bolsonaro-apresentar-queixa-crime-venceu\/#article","isPartOf":{"@id":"https:\/\/brasilnoticias.org\/site\/defesa-de-hacker-diz-que-prazo-para-bolsonaro-apresentar-queixa-crime-venceu\/"},"author":{"name":"Reda\u00e7\u00e3o","@id":"https:\/\/brasilnoticias.org\/site\/#\/schema\/person\/03bbbfe6c7634ad18c26444ea39049fa"},"headline":"Defesa de hacker diz que prazo para Bolsonaro apresentar queixa-crime venceu","datePublished":"2023-08-30T13:00:42+00:00","mainEntityOfPage":{"@id":"https:\/\/brasilnoticias.org\/site\/defesa-de-hacker-diz-que-prazo-para-bolsonaro-apresentar-queixa-crime-venceu\/"},"wordCount":232,"commentCount":0,"publisher":{"@id":"https:\/\/brasilnoticias.org\/site\/#organization"},"image":{"@id":"https:\/\/brasilnoticias.org\/site\/defesa-de-hacker-diz-que-prazo-para-bolsonaro-apresentar-queixa-crime-venceu\/#primaryimage"},"thumbnailUrl":"https:\/\/brasilnoticias.org\/site\/wp-content\/uploads\/2023\/08\/140389defesa-de-hacker-diz-que-prazo-para-bolsonaro-apresentar-queixa-crime-venceu-3.jpg","articleSection":["Pol\u00edtica","\u00daltimas"],"inLanguage":"pt-PT","potentialAction":[{"@type":"CommentAction","name":"Comment","target":["https:\/\/brasilnoticias.org\/site\/defesa-de-hacker-diz-que-prazo-para-bolsonaro-apresentar-queixa-crime-venceu\/#respond"]}]},{"@type":"WebPage","@id":"https:\/\/brasilnoticias.org\/site\/defesa-de-hacker-diz-que-prazo-para-bolsonaro-apresentar-queixa-crime-venceu\/","url":"https:\/\/brasilnoticias.org\/site\/defesa-de-hacker-diz-que-prazo-para-bolsonaro-apresentar-queixa-crime-venceu\/","name":"Defesa de hacker diz que prazo para Bolsonaro apresentar queixa-crime venceu - Brasil not\u00edcias","isPartOf":{"@id":"https:\/\/brasilnoticias.org\/site\/#website"},"primaryImageOfPage":{"@id":"https:\/\/brasilnoticias.org\/site\/defesa-de-hacker-diz-que-prazo-para-bolsonaro-apresentar-queixa-crime-venceu\/#primaryimage"},"image":{"@id":"https:\/\/brasilnoticias.org\/site\/defesa-de-hacker-diz-que-prazo-para-bolsonaro-apresentar-queixa-crime-venceu\/#primaryimage"},"thumbnailUrl":"https:\/\/brasilnoticias.org\/site\/wp-content\/uploads\/2023\/08\/140389defesa-de-hacker-diz-que-prazo-para-bolsonaro-apresentar-queixa-crime-venceu-3.jpg","datePublished":"2023-08-30T13:00:42+00:00","breadcrumb":{"@id":"https:\/\/brasilnoticias.org\/site\/defesa-de-hacker-diz-que-prazo-para-bolsonaro-apresentar-queixa-crime-venceu\/#breadcrumb"},"inLanguage":"pt-PT","potentialAction":[{"@type":"ReadAction","target":["https:\/\/brasilnoticias.org\/site\/defesa-de-hacker-diz-que-prazo-para-bolsonaro-apresentar-queixa-crime-venceu\/"]}]},{"@type":"ImageObject","inLanguage":"pt-PT","@id":"https:\/\/brasilnoticias.org\/site\/defesa-de-hacker-diz-que-prazo-para-bolsonaro-apresentar-queixa-crime-venceu\/#primaryimage","url":"https:\/\/brasilnoticias.org\/site\/wp-content\/uploads\/2023\/08\/140389defesa-de-hacker-diz-que-prazo-para-bolsonaro-apresentar-queixa-crime-venceu-3.jpg","contentUrl":"https:\/\/brasilnoticias.org\/site\/wp-content\/uploads\/2023\/08\/140389defesa-de-hacker-diz-que-prazo-para-bolsonaro-apresentar-queixa-crime-venceu-3.jpg","width":1600,"height":752},{"@type":"BreadcrumbList","@id":"https:\/\/brasilnoticias.org\/site\/defesa-de-hacker-diz-que-prazo-para-bolsonaro-apresentar-queixa-crime-venceu\/#breadcrumb","itemListElement":[{"@type":"ListItem","position":1,"name":"In\u00edcio","item":"https:\/\/brasilnoticias.org\/site\/"},{"@type":"ListItem","position":2,"name":"Defesa de hacker diz que prazo para Bolsonaro apresentar queixa-crime venceu"}]},{"@type":"WebSite","@id":"https:\/\/brasilnoticias.org\/site\/#website","url":"https:\/\/brasilnoticias.org\/site\/","name":"Brasil not\u00edcias","description":"Brasil not\u00edcias","publisher":{"@id":"https:\/\/brasilnoticias.org\/site\/#organization"},"potentialAction":[{"@type":"SearchAction","target":{"@type":"EntryPoint","urlTemplate":"https:\/\/brasilnoticias.org\/site\/?s={search_term_string}"},"query-input":{"@type":"PropertyValueSpecification","valueRequired":true,"valueName":"search_term_string"}}],"inLanguage":"pt-PT"},{"@type":"Organization","@id":"https:\/\/brasilnoticias.org\/site\/#organization","name":"Brasil not\u00edcias","url":"https:\/\/brasilnoticias.org\/site\/","logo":{"@type":"ImageObject","inLanguage":"pt-PT","@id":"https:\/\/brasilnoticias.org\/site\/#\/schema\/logo\/image\/","url":"https:\/\/brasilnoticias.org\/site\/wp-content\/uploads\/2022\/05\/cropped-brasilnoticias-mini.jpg","contentUrl":"https:\/\/brasilnoticias.org\/site\/wp-content\/uploads\/2022\/05\/cropped-brasilnoticias-mini.jpg","width":314,"height":86,"caption":"Brasil not\u00edcias"},"image":{"@id":"https:\/\/brasilnoticias.org\/site\/#\/schema\/logo\/image\/"}},{"@type":"Person","@id":"https:\/\/brasilnoticias.org\/site\/#\/schema\/person\/03bbbfe6c7634ad18c26444ea39049fa","name":"Reda\u00e7\u00e3o","image":{"@type":"ImageObject","inLanguage":"pt-PT","@id":"https:\/\/brasilnoticias.org\/site\/#\/schema\/person\/image\/","url":"https:\/\/secure.gravatar.com\/avatar\/9ecaf7327a696cb23ad926fedded5f1f04d7049de9e445375d55b48c001a6e42?s=96&d=mm&r=g","contentUrl":"https:\/\/secure.gravatar.com\/avatar\/9ecaf7327a696cb23ad926fedded5f1f04d7049de9e445375d55b48c001a6e42?s=96&d=mm&r=g","caption":"Reda\u00e7\u00e3o"},"url":"https:\/\/brasilnoticias.org\/site\/author\/henrique\/"}]}},"_links":{"self":[{"href":"https:\/\/brasilnoticias.org\/site\/wp-json\/wp\/v2\/posts\/8757","targetHints":{"allow":["GET"]}}],"collection":[{"href":"https:\/\/brasilnoticias.org\/site\/wp-json\/wp\/v2\/posts"}],"about":[{"href":"https:\/\/brasilnoticias.org\/site\/wp-json\/wp\/v2\/types\/post"}],"author":[{"embeddable":true,"href":"https:\/\/brasilnoticias.org\/site\/wp-json\/wp\/v2\/users\/4"}],"replies":[{"embeddable":true,"href":"https:\/\/brasilnoticias.org\/site\/wp-json\/wp\/v2\/comments?post=8757"}],"version-history":[{"count":1,"href":"https:\/\/brasilnoticias.org\/site\/wp-json\/wp\/v2\/posts\/8757\/revisions"}],"predecessor-version":[{"id":8759,"href":"https:\/\/brasilnoticias.org\/site\/wp-json\/wp\/v2\/posts\/8757\/revisions\/8759"}],"wp:featuredmedia":[{"embeddable":true,"href":"https:\/\/brasilnoticias.org\/site\/wp-json\/wp\/v2\/media\/8758"}],"wp:attachment":[{"href":"https:\/\/brasilnoticias.org\/site\/wp-json\/wp\/v2\/media?parent=8757"}],"wp:term":[{"taxonomy":"category","embeddable":true,"href":"https:\/\/brasilnoticias.org\/site\/wp-json\/wp\/v2\/categories?post=8757"},{"taxonomy":"post_tag","embeddable":true,"href":"https:\/\/brasilnoticias.org\/site\/wp-json\/wp\/v2\/tags?post=8757"}],"curies":[{"name":"wp","href":"https:\/\/api.w.org\/{rel}","templated":true}]}}