{"id":8760,"date":"2023-08-30T11:00:03","date_gmt":"2023-08-30T14:00:03","guid":{"rendered":"https:\/\/brasilnoticias.org\/site\/?p=8760"},"modified":"2023-08-29T19:53:57","modified_gmt":"2023-08-29T22:53:57","slug":"existe-crime-passional-entenda-como-a-legislacao-brasileira-trata-casos-como-a-chacina-de-mata-de-sao-joao","status":"publish","type":"post","link":"https:\/\/brasilnoticias.org\/site\/existe-crime-passional-entenda-como-a-legislacao-brasileira-trata-casos-como-a-chacina-de-mata-de-sao-joao\/","title":{"rendered":"Existe \u2018crime passional\u2019? Entenda como a legisla\u00e7\u00e3o brasileira trata casos como a chacina de Mata de S\u00e3o Jo\u00e3o"},"content":{"rendered":"<p>Chachina deixou nove pessoas mortas, incluindo tr\u00eas crian\u00e7as<\/p>\n<p>A chacina que deixou nove pessoas mortas \u2013 incluindo tr\u00eas crian\u00e7as \u2013 na cidade de Mata de S\u00e3o Jo\u00e3o, na Bahia, foi classificada pela Pol\u00edcia Civil como um \u201ccrime passional\u201d. Em entrevista ao QVP, programa da TV Aratu, a delegada Cristiane Inoc\u00eancia, diretora do Departamento de Pol\u00edcia Metropolitana, afirma que as execu\u00e7\u00f5es foram cometidas \u201cem fun\u00e7\u00e3o de um tri\u00e2ngulo amoroso\u201d.<\/p>\n<p>Mas o que \u00e9, conforme a legisla\u00e7\u00e3o brasileira, um crime passional? Para explicar, \u00e9 preciso contextualizar.<\/p>\n<p>De acordo com o C\u00f3digo Penal Republicano, de 1890, n\u00e3o eram considerados criminosos aquelas pessoas que estavam \u201cem estado de completa priva\u00e7\u00e3o dos sentidos e de intelig\u00eancia no ato de cometer o crime\u201d. Com base nisso, eles eram comumente absolvidos.<\/p>\n<p>Essa \u201cjustificativa\u201d era muito utilizada para quem agia movido pelo ci\u00fame exagerado ou para quem encontrava o c\u00f4njuge cometendo adult\u00e9rio, por exemplo. Por\u00e9m, \u00e9 entendido pelo mesmo c\u00f3digo penal (art. 28, I) que \u201cemo\u00e7\u00e3o e paix\u00e3o n\u00e3o excluem a imputabilidade penal, mormente quando o crime foi motivado por um suposto \u2018amor&#8217;\u201d.<\/p>\n<p>\u2018LEG\u00cdTIMA DEFESA DA HONRA\u2019<\/p>\n<p>No \u00faltimo dia 1\u00ba de agosto, o Supremo Tribunal Federal (STF), por unanimidade, declarou inconstitucional o uso da tese da \u201cleg\u00edtima defesa da honra\u201d em crimes de feminic\u00eddio ou de agress\u00e3o contra mulheres.<\/p>\n<p>A tese da \u201cleg\u00edtima defesa da honra\u201d era utilizada em casos de feminic\u00eddio ou agress\u00f5es contra mulher para justificar o comportamento do acusado. O argumento era de que o assassinato ou a agress\u00e3o eram aceit\u00e1veis quando a conduta da v\u00edtima supostamente ferisse a honra do agressor.<\/p>\n<p>No julgamento, o Plen\u00e1rio seguiu o relator, ministro Dias Toffoli, pela proced\u00eancia integral do pedido apresentado pelo Partido Democr\u00e1tico Trabalhista (PDT) na a\u00e7\u00e3o, firmando o entendimento de que o uso da tese, nessas situa\u00e7\u00f5es, contraria os princ\u00edpios constitucionais da dignidade humana, da prote\u00e7\u00e3o \u00e0 vida e da igualdade de g\u00eanero.<\/p>\n<p>Nulidades<\/p>\n<p>De acordo com a decis\u00e3o, dispositivos do C\u00f3digo Penal e do C\u00f3digo de Processo Penal sobre a mat\u00e9ria devem ser interpretados de modo a excluir a leg\u00edtima defesa da honra do \u00e2mbito do instituto da leg\u00edtima defesa. Por consequ\u00eancia, a defesa, a acusa\u00e7\u00e3o, a autoridade policial e o Ju\u00edzo n\u00e3o podem utilizar, direta ou indiretamente, qualquer argumento que induza \u00e0 tese nas fases pr\u00e9-processual ou processual penal nem durante o julgamento do Tribunal do J\u00fari, sob pena de nulidade do ato e do julgamento.<\/p>\n<p>O Tribunal considerou, ainda, que, se invocarem a tese com a inten\u00e7\u00e3o de gerar nulidade, os advogados n\u00e3o poder\u00e3o pedir novo julgamento do J\u00fari.<\/p>\n<p>*Com informa\u00e7\u00f5es da Ag\u00eancia Brasil<\/p>\n<p>Foto: Divulga\u00e7\u00e3o<br \/>\nAratu On<\/p>\n","protected":false},"excerpt":{"rendered":"<p>Chachina deixou nove pessoas mortas, incluindo tr\u00eas crian\u00e7as A chacina que deixou nove pessoas mortas \u2013 incluindo tr\u00eas crian\u00e7as \u2013<\/p>\n","protected":false},"author":4,"featured_media":8761,"comment_status":"open","ping_status":"open","sticky":false,"template":"","format":"standard","meta":{"colormag_page_container_layout":"default_layout","colormag_page_sidebar_layout":"default_layout","_FSMCFIC_featured_image_caption":"","_FSMCFIC_featured_image_nocaption":"","_FSMCFIC_featured_image_hide":"","footnotes":""},"categories":[3,1],"tags":[],"class_list":["post-8760","post","type-post","status-publish","format-standard","has-post-thumbnail","hentry","category-policia","category-ultimas"],"yoast_head":"<!-- This site is optimized with the Yoast SEO plugin v27.1.1 - https:\/\/yoast.com\/product\/yoast-seo-wordpress\/ -->\n<title>Existe \u2018crime passional\u2019? Entenda como a legisla\u00e7\u00e3o brasileira trata casos como a chacina de Mata de S\u00e3o Jo\u00e3o - Brasil not\u00edcias<\/title>\n<meta name=\"robots\" content=\"index, follow, max-snippet:-1, max-image-preview:large, max-video-preview:-1\" \/>\n<link rel=\"canonical\" href=\"https:\/\/brasilnoticias.org\/site\/existe-crime-passional-entenda-como-a-legislacao-brasileira-trata-casos-como-a-chacina-de-mata-de-sao-joao\/\" \/>\n<meta property=\"og:locale\" content=\"pt_PT\" \/>\n<meta property=\"og:type\" content=\"article\" \/>\n<meta property=\"og:title\" content=\"Existe \u2018crime passional\u2019? Entenda como a legisla\u00e7\u00e3o brasileira trata casos como a chacina de Mata de S\u00e3o Jo\u00e3o - Brasil not\u00edcias\" \/>\n<meta property=\"og:description\" content=\"Chachina deixou nove pessoas mortas, incluindo tr\u00eas crian\u00e7as A chacina que deixou nove pessoas mortas \u2013 incluindo tr\u00eas crian\u00e7as \u2013\" \/>\n<meta property=\"og:url\" content=\"https:\/\/brasilnoticias.org\/site\/existe-crime-passional-entenda-como-a-legislacao-brasileira-trata-casos-como-a-chacina-de-mata-de-sao-joao\/\" \/>\n<meta property=\"og:site_name\" content=\"Brasil not\u00edcias\" \/>\n<meta property=\"article:published_time\" content=\"2023-08-30T14:00:03+00:00\" \/>\n<meta property=\"og:image\" content=\"https:\/\/brasilnoticias.org\/site\/wp-content\/uploads\/2023\/08\/chacina-mata-sao-joao.jpg\" \/>\n\t<meta property=\"og:image:width\" content=\"731\" \/>\n\t<meta property=\"og:image:height\" content=\"464\" \/>\n\t<meta property=\"og:image:type\" content=\"image\/jpeg\" \/>\n<meta name=\"author\" content=\"Reda\u00e7\u00e3o\" \/>\n<meta name=\"twitter:card\" content=\"summary_large_image\" \/>\n<meta name=\"twitter:label1\" content=\"Escrito por\" \/>\n\t<meta name=\"twitter:data1\" content=\"Reda\u00e7\u00e3o\" \/>\n<script type=\"application\/ld+json\" class=\"yoast-schema-graph\">{\"@context\":\"https:\/\/schema.org\",\"@graph\":[{\"@type\":\"Article\",\"@id\":\"https:\/\/brasilnoticias.org\/site\/existe-crime-passional-entenda-como-a-legislacao-brasileira-trata-casos-como-a-chacina-de-mata-de-sao-joao\/#article\",\"isPartOf\":{\"@id\":\"https:\/\/brasilnoticias.org\/site\/existe-crime-passional-entenda-como-a-legislacao-brasileira-trata-casos-como-a-chacina-de-mata-de-sao-joao\/\"},\"author\":{\"name\":\"Reda\u00e7\u00e3o\",\"@id\":\"https:\/\/brasilnoticias.org\/site\/#\/schema\/person\/03bbbfe6c7634ad18c26444ea39049fa\"},\"headline\":\"Existe \u2018crime passional\u2019? Entenda como a legisla\u00e7\u00e3o brasileira trata casos como a chacina de Mata de S\u00e3o Jo\u00e3o\",\"datePublished\":\"2023-08-30T14:00:03+00:00\",\"mainEntityOfPage\":{\"@id\":\"https:\/\/brasilnoticias.org\/site\/existe-crime-passional-entenda-como-a-legislacao-brasileira-trata-casos-como-a-chacina-de-mata-de-sao-joao\/\"},\"wordCount\":499,\"commentCount\":0,\"publisher\":{\"@id\":\"https:\/\/brasilnoticias.org\/site\/#organization\"},\"image\":{\"@id\":\"https:\/\/brasilnoticias.org\/site\/existe-crime-passional-entenda-como-a-legislacao-brasileira-trata-casos-como-a-chacina-de-mata-de-sao-joao\/#primaryimage\"},\"thumbnailUrl\":\"https:\/\/brasilnoticias.org\/site\/wp-content\/uploads\/2023\/08\/chacina-mata-sao-joao.jpg\",\"articleSection\":[\"Pol\u00edcia\",\"\u00daltimas\"],\"inLanguage\":\"pt-PT\",\"potentialAction\":[{\"@type\":\"CommentAction\",\"name\":\"Comment\",\"target\":[\"https:\/\/brasilnoticias.org\/site\/existe-crime-passional-entenda-como-a-legislacao-brasileira-trata-casos-como-a-chacina-de-mata-de-sao-joao\/#respond\"]}]},{\"@type\":\"WebPage\",\"@id\":\"https:\/\/brasilnoticias.org\/site\/existe-crime-passional-entenda-como-a-legislacao-brasileira-trata-casos-como-a-chacina-de-mata-de-sao-joao\/\",\"url\":\"https:\/\/brasilnoticias.org\/site\/existe-crime-passional-entenda-como-a-legislacao-brasileira-trata-casos-como-a-chacina-de-mata-de-sao-joao\/\",\"name\":\"Existe \u2018crime passional\u2019? Entenda como a legisla\u00e7\u00e3o brasileira trata casos como a chacina de Mata de S\u00e3o Jo\u00e3o - Brasil not\u00edcias\",\"isPartOf\":{\"@id\":\"https:\/\/brasilnoticias.org\/site\/#website\"},\"primaryImageOfPage\":{\"@id\":\"https:\/\/brasilnoticias.org\/site\/existe-crime-passional-entenda-como-a-legislacao-brasileira-trata-casos-como-a-chacina-de-mata-de-sao-joao\/#primaryimage\"},\"image\":{\"@id\":\"https:\/\/brasilnoticias.org\/site\/existe-crime-passional-entenda-como-a-legislacao-brasileira-trata-casos-como-a-chacina-de-mata-de-sao-joao\/#primaryimage\"},\"thumbnailUrl\":\"https:\/\/brasilnoticias.org\/site\/wp-content\/uploads\/2023\/08\/chacina-mata-sao-joao.jpg\",\"datePublished\":\"2023-08-30T14:00:03+00:00\",\"breadcrumb\":{\"@id\":\"https:\/\/brasilnoticias.org\/site\/existe-crime-passional-entenda-como-a-legislacao-brasileira-trata-casos-como-a-chacina-de-mata-de-sao-joao\/#breadcrumb\"},\"inLanguage\":\"pt-PT\",\"potentialAction\":[{\"@type\":\"ReadAction\",\"target\":[\"https:\/\/brasilnoticias.org\/site\/existe-crime-passional-entenda-como-a-legislacao-brasileira-trata-casos-como-a-chacina-de-mata-de-sao-joao\/\"]}]},{\"@type\":\"ImageObject\",\"inLanguage\":\"pt-PT\",\"@id\":\"https:\/\/brasilnoticias.org\/site\/existe-crime-passional-entenda-como-a-legislacao-brasileira-trata-casos-como-a-chacina-de-mata-de-sao-joao\/#primaryimage\",\"url\":\"https:\/\/brasilnoticias.org\/site\/wp-content\/uploads\/2023\/08\/chacina-mata-sao-joao.jpg\",\"contentUrl\":\"https:\/\/brasilnoticias.org\/site\/wp-content\/uploads\/2023\/08\/chacina-mata-sao-joao.jpg\",\"width\":731,\"height\":464},{\"@type\":\"BreadcrumbList\",\"@id\":\"https:\/\/brasilnoticias.org\/site\/existe-crime-passional-entenda-como-a-legislacao-brasileira-trata-casos-como-a-chacina-de-mata-de-sao-joao\/#breadcrumb\",\"itemListElement\":[{\"@type\":\"ListItem\",\"position\":1,\"name\":\"In\u00edcio\",\"item\":\"https:\/\/brasilnoticias.org\/site\/\"},{\"@type\":\"ListItem\",\"position\":2,\"name\":\"Existe \u2018crime passional\u2019? Entenda como a legisla\u00e7\u00e3o brasileira trata casos como a chacina de Mata de S\u00e3o Jo\u00e3o\"}]},{\"@type\":\"WebSite\",\"@id\":\"https:\/\/brasilnoticias.org\/site\/#website\",\"url\":\"https:\/\/brasilnoticias.org\/site\/\",\"name\":\"Brasil not\u00edcias\",\"description\":\"Brasil not\u00edcias\",\"publisher\":{\"@id\":\"https:\/\/brasilnoticias.org\/site\/#organization\"},\"potentialAction\":[{\"@type\":\"SearchAction\",\"target\":{\"@type\":\"EntryPoint\",\"urlTemplate\":\"https:\/\/brasilnoticias.org\/site\/?s={search_term_string}\"},\"query-input\":{\"@type\":\"PropertyValueSpecification\",\"valueRequired\":true,\"valueName\":\"search_term_string\"}}],\"inLanguage\":\"pt-PT\"},{\"@type\":\"Organization\",\"@id\":\"https:\/\/brasilnoticias.org\/site\/#organization\",\"name\":\"Brasil not\u00edcias\",\"url\":\"https:\/\/brasilnoticias.org\/site\/\",\"logo\":{\"@type\":\"ImageObject\",\"inLanguage\":\"pt-PT\",\"@id\":\"https:\/\/brasilnoticias.org\/site\/#\/schema\/logo\/image\/\",\"url\":\"https:\/\/brasilnoticias.org\/site\/wp-content\/uploads\/2022\/05\/cropped-brasilnoticias-mini.jpg\",\"contentUrl\":\"https:\/\/brasilnoticias.org\/site\/wp-content\/uploads\/2022\/05\/cropped-brasilnoticias-mini.jpg\",\"width\":314,\"height\":86,\"caption\":\"Brasil not\u00edcias\"},\"image\":{\"@id\":\"https:\/\/brasilnoticias.org\/site\/#\/schema\/logo\/image\/\"}},{\"@type\":\"Person\",\"@id\":\"https:\/\/brasilnoticias.org\/site\/#\/schema\/person\/03bbbfe6c7634ad18c26444ea39049fa\",\"name\":\"Reda\u00e7\u00e3o\",\"image\":{\"@type\":\"ImageObject\",\"inLanguage\":\"pt-PT\",\"@id\":\"https:\/\/brasilnoticias.org\/site\/#\/schema\/person\/image\/\",\"url\":\"https:\/\/secure.gravatar.com\/avatar\/9ecaf7327a696cb23ad926fedded5f1f04d7049de9e445375d55b48c001a6e42?s=96&d=mm&r=g\",\"contentUrl\":\"https:\/\/secure.gravatar.com\/avatar\/9ecaf7327a696cb23ad926fedded5f1f04d7049de9e445375d55b48c001a6e42?s=96&d=mm&r=g\",\"caption\":\"Reda\u00e7\u00e3o\"},\"url\":\"https:\/\/brasilnoticias.org\/site\/author\/henrique\/\"}]}<\/script>\n<!-- \/ Yoast SEO plugin. -->","yoast_head_json":{"title":"Existe \u2018crime passional\u2019? Entenda como a legisla\u00e7\u00e3o brasileira trata casos como a chacina de Mata de S\u00e3o Jo\u00e3o - Brasil not\u00edcias","robots":{"index":"index","follow":"follow","max-snippet":"max-snippet:-1","max-image-preview":"max-image-preview:large","max-video-preview":"max-video-preview:-1"},"canonical":"https:\/\/brasilnoticias.org\/site\/existe-crime-passional-entenda-como-a-legislacao-brasileira-trata-casos-como-a-chacina-de-mata-de-sao-joao\/","og_locale":"pt_PT","og_type":"article","og_title":"Existe \u2018crime passional\u2019? Entenda como a legisla\u00e7\u00e3o brasileira trata casos como a chacina de Mata de S\u00e3o Jo\u00e3o - Brasil not\u00edcias","og_description":"Chachina deixou nove pessoas mortas, incluindo tr\u00eas crian\u00e7as A chacina que deixou nove pessoas mortas \u2013 incluindo tr\u00eas crian\u00e7as \u2013","og_url":"https:\/\/brasilnoticias.org\/site\/existe-crime-passional-entenda-como-a-legislacao-brasileira-trata-casos-como-a-chacina-de-mata-de-sao-joao\/","og_site_name":"Brasil not\u00edcias","article_published_time":"2023-08-30T14:00:03+00:00","og_image":[{"width":731,"height":464,"url":"https:\/\/brasilnoticias.org\/site\/wp-content\/uploads\/2023\/08\/chacina-mata-sao-joao.jpg","type":"image\/jpeg"}],"author":"Reda\u00e7\u00e3o","twitter_card":"summary_large_image","twitter_misc":{"Escrito por":"Reda\u00e7\u00e3o"},"schema":{"@context":"https:\/\/schema.org","@graph":[{"@type":"Article","@id":"https:\/\/brasilnoticias.org\/site\/existe-crime-passional-entenda-como-a-legislacao-brasileira-trata-casos-como-a-chacina-de-mata-de-sao-joao\/#article","isPartOf":{"@id":"https:\/\/brasilnoticias.org\/site\/existe-crime-passional-entenda-como-a-legislacao-brasileira-trata-casos-como-a-chacina-de-mata-de-sao-joao\/"},"author":{"name":"Reda\u00e7\u00e3o","@id":"https:\/\/brasilnoticias.org\/site\/#\/schema\/person\/03bbbfe6c7634ad18c26444ea39049fa"},"headline":"Existe \u2018crime passional\u2019? Entenda como a legisla\u00e7\u00e3o brasileira trata casos como a chacina de Mata de S\u00e3o Jo\u00e3o","datePublished":"2023-08-30T14:00:03+00:00","mainEntityOfPage":{"@id":"https:\/\/brasilnoticias.org\/site\/existe-crime-passional-entenda-como-a-legislacao-brasileira-trata-casos-como-a-chacina-de-mata-de-sao-joao\/"},"wordCount":499,"commentCount":0,"publisher":{"@id":"https:\/\/brasilnoticias.org\/site\/#organization"},"image":{"@id":"https:\/\/brasilnoticias.org\/site\/existe-crime-passional-entenda-como-a-legislacao-brasileira-trata-casos-como-a-chacina-de-mata-de-sao-joao\/#primaryimage"},"thumbnailUrl":"https:\/\/brasilnoticias.org\/site\/wp-content\/uploads\/2023\/08\/chacina-mata-sao-joao.jpg","articleSection":["Pol\u00edcia","\u00daltimas"],"inLanguage":"pt-PT","potentialAction":[{"@type":"CommentAction","name":"Comment","target":["https:\/\/brasilnoticias.org\/site\/existe-crime-passional-entenda-como-a-legislacao-brasileira-trata-casos-como-a-chacina-de-mata-de-sao-joao\/#respond"]}]},{"@type":"WebPage","@id":"https:\/\/brasilnoticias.org\/site\/existe-crime-passional-entenda-como-a-legislacao-brasileira-trata-casos-como-a-chacina-de-mata-de-sao-joao\/","url":"https:\/\/brasilnoticias.org\/site\/existe-crime-passional-entenda-como-a-legislacao-brasileira-trata-casos-como-a-chacina-de-mata-de-sao-joao\/","name":"Existe \u2018crime passional\u2019? Entenda como a legisla\u00e7\u00e3o brasileira trata casos como a chacina de Mata de S\u00e3o Jo\u00e3o - Brasil not\u00edcias","isPartOf":{"@id":"https:\/\/brasilnoticias.org\/site\/#website"},"primaryImageOfPage":{"@id":"https:\/\/brasilnoticias.org\/site\/existe-crime-passional-entenda-como-a-legislacao-brasileira-trata-casos-como-a-chacina-de-mata-de-sao-joao\/#primaryimage"},"image":{"@id":"https:\/\/brasilnoticias.org\/site\/existe-crime-passional-entenda-como-a-legislacao-brasileira-trata-casos-como-a-chacina-de-mata-de-sao-joao\/#primaryimage"},"thumbnailUrl":"https:\/\/brasilnoticias.org\/site\/wp-content\/uploads\/2023\/08\/chacina-mata-sao-joao.jpg","datePublished":"2023-08-30T14:00:03+00:00","breadcrumb":{"@id":"https:\/\/brasilnoticias.org\/site\/existe-crime-passional-entenda-como-a-legislacao-brasileira-trata-casos-como-a-chacina-de-mata-de-sao-joao\/#breadcrumb"},"inLanguage":"pt-PT","potentialAction":[{"@type":"ReadAction","target":["https:\/\/brasilnoticias.org\/site\/existe-crime-passional-entenda-como-a-legislacao-brasileira-trata-casos-como-a-chacina-de-mata-de-sao-joao\/"]}]},{"@type":"ImageObject","inLanguage":"pt-PT","@id":"https:\/\/brasilnoticias.org\/site\/existe-crime-passional-entenda-como-a-legislacao-brasileira-trata-casos-como-a-chacina-de-mata-de-sao-joao\/#primaryimage","url":"https:\/\/brasilnoticias.org\/site\/wp-content\/uploads\/2023\/08\/chacina-mata-sao-joao.jpg","contentUrl":"https:\/\/brasilnoticias.org\/site\/wp-content\/uploads\/2023\/08\/chacina-mata-sao-joao.jpg","width":731,"height":464},{"@type":"BreadcrumbList","@id":"https:\/\/brasilnoticias.org\/site\/existe-crime-passional-entenda-como-a-legislacao-brasileira-trata-casos-como-a-chacina-de-mata-de-sao-joao\/#breadcrumb","itemListElement":[{"@type":"ListItem","position":1,"name":"In\u00edcio","item":"https:\/\/brasilnoticias.org\/site\/"},{"@type":"ListItem","position":2,"name":"Existe \u2018crime passional\u2019? Entenda como a legisla\u00e7\u00e3o brasileira trata casos como a chacina de Mata de S\u00e3o Jo\u00e3o"}]},{"@type":"WebSite","@id":"https:\/\/brasilnoticias.org\/site\/#website","url":"https:\/\/brasilnoticias.org\/site\/","name":"Brasil not\u00edcias","description":"Brasil not\u00edcias","publisher":{"@id":"https:\/\/brasilnoticias.org\/site\/#organization"},"potentialAction":[{"@type":"SearchAction","target":{"@type":"EntryPoint","urlTemplate":"https:\/\/brasilnoticias.org\/site\/?s={search_term_string}"},"query-input":{"@type":"PropertyValueSpecification","valueRequired":true,"valueName":"search_term_string"}}],"inLanguage":"pt-PT"},{"@type":"Organization","@id":"https:\/\/brasilnoticias.org\/site\/#organization","name":"Brasil not\u00edcias","url":"https:\/\/brasilnoticias.org\/site\/","logo":{"@type":"ImageObject","inLanguage":"pt-PT","@id":"https:\/\/brasilnoticias.org\/site\/#\/schema\/logo\/image\/","url":"https:\/\/brasilnoticias.org\/site\/wp-content\/uploads\/2022\/05\/cropped-brasilnoticias-mini.jpg","contentUrl":"https:\/\/brasilnoticias.org\/site\/wp-content\/uploads\/2022\/05\/cropped-brasilnoticias-mini.jpg","width":314,"height":86,"caption":"Brasil not\u00edcias"},"image":{"@id":"https:\/\/brasilnoticias.org\/site\/#\/schema\/logo\/image\/"}},{"@type":"Person","@id":"https:\/\/brasilnoticias.org\/site\/#\/schema\/person\/03bbbfe6c7634ad18c26444ea39049fa","name":"Reda\u00e7\u00e3o","image":{"@type":"ImageObject","inLanguage":"pt-PT","@id":"https:\/\/brasilnoticias.org\/site\/#\/schema\/person\/image\/","url":"https:\/\/secure.gravatar.com\/avatar\/9ecaf7327a696cb23ad926fedded5f1f04d7049de9e445375d55b48c001a6e42?s=96&d=mm&r=g","contentUrl":"https:\/\/secure.gravatar.com\/avatar\/9ecaf7327a696cb23ad926fedded5f1f04d7049de9e445375d55b48c001a6e42?s=96&d=mm&r=g","caption":"Reda\u00e7\u00e3o"},"url":"https:\/\/brasilnoticias.org\/site\/author\/henrique\/"}]}},"_links":{"self":[{"href":"https:\/\/brasilnoticias.org\/site\/wp-json\/wp\/v2\/posts\/8760","targetHints":{"allow":["GET"]}}],"collection":[{"href":"https:\/\/brasilnoticias.org\/site\/wp-json\/wp\/v2\/posts"}],"about":[{"href":"https:\/\/brasilnoticias.org\/site\/wp-json\/wp\/v2\/types\/post"}],"author":[{"embeddable":true,"href":"https:\/\/brasilnoticias.org\/site\/wp-json\/wp\/v2\/users\/4"}],"replies":[{"embeddable":true,"href":"https:\/\/brasilnoticias.org\/site\/wp-json\/wp\/v2\/comments?post=8760"}],"version-history":[{"count":1,"href":"https:\/\/brasilnoticias.org\/site\/wp-json\/wp\/v2\/posts\/8760\/revisions"}],"predecessor-version":[{"id":8762,"href":"https:\/\/brasilnoticias.org\/site\/wp-json\/wp\/v2\/posts\/8760\/revisions\/8762"}],"wp:featuredmedia":[{"embeddable":true,"href":"https:\/\/brasilnoticias.org\/site\/wp-json\/wp\/v2\/media\/8761"}],"wp:attachment":[{"href":"https:\/\/brasilnoticias.org\/site\/wp-json\/wp\/v2\/media?parent=8760"}],"wp:term":[{"taxonomy":"category","embeddable":true,"href":"https:\/\/brasilnoticias.org\/site\/wp-json\/wp\/v2\/categories?post=8760"},{"taxonomy":"post_tag","embeddable":true,"href":"https:\/\/brasilnoticias.org\/site\/wp-json\/wp\/v2\/tags?post=8760"}],"curies":[{"name":"wp","href":"https:\/\/api.w.org\/{rel}","templated":true}]}}