{"id":8766,"date":"2023-08-31T07:10:43","date_gmt":"2023-08-31T10:10:43","guid":{"rendered":"https:\/\/brasilnoticias.org\/site\/?p=8766"},"modified":"2023-08-30T23:12:25","modified_gmt":"2023-08-31T02:12:25","slug":"planos-de-saude-sobem-valor-e-pressionam-pacote-de-beneficios-de-empresas","status":"publish","type":"post","link":"https:\/\/brasilnoticias.org\/site\/planos-de-saude-sobem-valor-e-pressionam-pacote-de-beneficios-de-empresas\/","title":{"rendered":"Planos de sa\u00fade sobem valor e pressionam pacote de benef\u00edcios de empresas"},"content":{"rendered":"<p>O aumento foi constatado atrav\u00e9s de uma pesquisa de tend\u00eancias da consultoria WTW<\/p>\n<p>O custo dos pacotes de benef\u00edcios oferecidos para funcion\u00e1rios t\u00eam se tornado uma das preocupa\u00e7\u00f5es principais das empresas, de acordo com uma pesquisa de tend\u00eancias realizada pela consultoria WTW e divulgada, nesta quarta-feira (30), pelo jornal Folha de S.Paulo.<\/p>\n<p>O fen\u00f4meno se deve ao aumento dos pre\u00e7os dos produtos, como planos de sa\u00fade, j\u00e1 que os percentuais de reajuste anual \u00e9 tratado diretamente com os conv\u00eanios. A conta considera a infla\u00e7\u00e3o m\u00e9dica e a m\u00e9dia de utiliza\u00e7\u00e3o, mais conhecida como sinistralidade.<\/p>\n<p>Segundo a WTW, uma alternativa adotada por diversas empresas \u00e9 procurar melhorar os contratos com fornecedores, agrupar servi\u00e7os em um mesmo pacote e aumentar a participa\u00e7\u00e3o dos empregados no custo.<\/p>\n<p>Os dados foram retirados de um levantamento com representantes de 5.233 companhias que empregam 22,9 milh\u00f5es de pessoas ao redor do mundo. Ao todo, no Brasil, foram ouvidas 326 empresas, que somam aproximadamente 900 mil funcion\u00e1rios. <\/p>\n<p>Na edi\u00e7\u00e3o de 2021 da mesma pesquisa, realizada durante a pandemia de Covid-19, as empresas demonstravam uma vis\u00e3o diferente, focada em quest\u00f5es como inclus\u00e3o, diversidade, uso de novas tecnologias e acordos de trabalho flex\u00edveis.<\/p>\n<p>Foto: T\u00e2nia R\u00eago\/Ag\u00eancia Brasil<br \/>\nPor: Metro1<\/p>\n","protected":false},"excerpt":{"rendered":"<p>O aumento foi constatado atrav\u00e9s de uma pesquisa de tend\u00eancias da consultoria WTW O custo dos pacotes de benef\u00edcios oferecidos<\/p>\n","protected":false},"author":4,"featured_media":0,"comment_status":"open","ping_status":"open","sticky":false,"template":"","format":"standard","meta":{"colormag_page_container_layout":"default_layout","colormag_page_sidebar_layout":"default_layout","_FSMCFIC_featured_image_caption":"","_FSMCFIC_featured_image_nocaption":"","_FSMCFIC_featured_image_hide":"","footnotes":""},"categories":[2,1],"tags":[],"class_list":["post-8766","post","type-post","status-publish","format-standard","hentry","category-noticias","category-ultimas"],"yoast_head":"<!-- This site is optimized with the Yoast SEO plugin v27.1.1 - https:\/\/yoast.com\/product\/yoast-seo-wordpress\/ -->\n<title>Planos de sa\u00fade sobem valor e pressionam pacote de benef\u00edcios de empresas - Brasil not\u00edcias<\/title>\n<meta name=\"robots\" content=\"index, follow, max-snippet:-1, max-image-preview:large, max-video-preview:-1\" \/>\n<link rel=\"canonical\" href=\"https:\/\/brasilnoticias.org\/site\/planos-de-saude-sobem-valor-e-pressionam-pacote-de-beneficios-de-empresas\/\" \/>\n<meta property=\"og:locale\" content=\"pt_PT\" \/>\n<meta property=\"og:type\" content=\"article\" \/>\n<meta property=\"og:title\" content=\"Planos de sa\u00fade sobem valor e pressionam pacote de benef\u00edcios de empresas - Brasil not\u00edcias\" \/>\n<meta property=\"og:description\" content=\"O aumento foi constatado atrav\u00e9s de uma pesquisa de tend\u00eancias da consultoria WTW O custo dos pacotes de benef\u00edcios oferecidos\" \/>\n<meta property=\"og:url\" content=\"https:\/\/brasilnoticias.org\/site\/planos-de-saude-sobem-valor-e-pressionam-pacote-de-beneficios-de-empresas\/\" \/>\n<meta property=\"og:site_name\" content=\"Brasil not\u00edcias\" \/>\n<meta property=\"article:published_time\" content=\"2023-08-31T10:10:43+00:00\" \/>\n<meta name=\"author\" content=\"Reda\u00e7\u00e3o\" \/>\n<meta name=\"twitter:card\" content=\"summary_large_image\" \/>\n<meta name=\"twitter:label1\" content=\"Escrito por\" \/>\n\t<meta name=\"twitter:data1\" content=\"Reda\u00e7\u00e3o\" \/>\n<script type=\"application\/ld+json\" class=\"yoast-schema-graph\">{\"@context\":\"https:\/\/schema.org\",\"@graph\":[{\"@type\":\"Article\",\"@id\":\"https:\/\/brasilnoticias.org\/site\/planos-de-saude-sobem-valor-e-pressionam-pacote-de-beneficios-de-empresas\/#article\",\"isPartOf\":{\"@id\":\"https:\/\/brasilnoticias.org\/site\/planos-de-saude-sobem-valor-e-pressionam-pacote-de-beneficios-de-empresas\/\"},\"author\":{\"name\":\"Reda\u00e7\u00e3o\",\"@id\":\"https:\/\/brasilnoticias.org\/site\/#\/schema\/person\/03bbbfe6c7634ad18c26444ea39049fa\"},\"headline\":\"Planos de sa\u00fade sobem valor e pressionam pacote de benef\u00edcios de empresas\",\"datePublished\":\"2023-08-31T10:10:43+00:00\",\"mainEntityOfPage\":{\"@id\":\"https:\/\/brasilnoticias.org\/site\/planos-de-saude-sobem-valor-e-pressionam-pacote-de-beneficios-de-empresas\/\"},\"wordCount\":235,\"commentCount\":0,\"publisher\":{\"@id\":\"https:\/\/brasilnoticias.org\/site\/#organization\"},\"articleSection\":[\"Not\u00edcias\",\"\u00daltimas\"],\"inLanguage\":\"pt-PT\",\"potentialAction\":[{\"@type\":\"CommentAction\",\"name\":\"Comment\",\"target\":[\"https:\/\/brasilnoticias.org\/site\/planos-de-saude-sobem-valor-e-pressionam-pacote-de-beneficios-de-empresas\/#respond\"]}]},{\"@type\":\"WebPage\",\"@id\":\"https:\/\/brasilnoticias.org\/site\/planos-de-saude-sobem-valor-e-pressionam-pacote-de-beneficios-de-empresas\/\",\"url\":\"https:\/\/brasilnoticias.org\/site\/planos-de-saude-sobem-valor-e-pressionam-pacote-de-beneficios-de-empresas\/\",\"name\":\"Planos de sa\u00fade sobem valor e pressionam pacote de benef\u00edcios de empresas - Brasil not\u00edcias\",\"isPartOf\":{\"@id\":\"https:\/\/brasilnoticias.org\/site\/#website\"},\"datePublished\":\"2023-08-31T10:10:43+00:00\",\"breadcrumb\":{\"@id\":\"https:\/\/brasilnoticias.org\/site\/planos-de-saude-sobem-valor-e-pressionam-pacote-de-beneficios-de-empresas\/#breadcrumb\"},\"inLanguage\":\"pt-PT\",\"potentialAction\":[{\"@type\":\"ReadAction\",\"target\":[\"https:\/\/brasilnoticias.org\/site\/planos-de-saude-sobem-valor-e-pressionam-pacote-de-beneficios-de-empresas\/\"]}]},{\"@type\":\"BreadcrumbList\",\"@id\":\"https:\/\/brasilnoticias.org\/site\/planos-de-saude-sobem-valor-e-pressionam-pacote-de-beneficios-de-empresas\/#breadcrumb\",\"itemListElement\":[{\"@type\":\"ListItem\",\"position\":1,\"name\":\"In\u00edcio\",\"item\":\"https:\/\/brasilnoticias.org\/site\/\"},{\"@type\":\"ListItem\",\"position\":2,\"name\":\"Planos de sa\u00fade sobem valor e pressionam pacote de benef\u00edcios de empresas\"}]},{\"@type\":\"WebSite\",\"@id\":\"https:\/\/brasilnoticias.org\/site\/#website\",\"url\":\"https:\/\/brasilnoticias.org\/site\/\",\"name\":\"Brasil not\u00edcias\",\"description\":\"Brasil not\u00edcias\",\"publisher\":{\"@id\":\"https:\/\/brasilnoticias.org\/site\/#organization\"},\"potentialAction\":[{\"@type\":\"SearchAction\",\"target\":{\"@type\":\"EntryPoint\",\"urlTemplate\":\"https:\/\/brasilnoticias.org\/site\/?s={search_term_string}\"},\"query-input\":{\"@type\":\"PropertyValueSpecification\",\"valueRequired\":true,\"valueName\":\"search_term_string\"}}],\"inLanguage\":\"pt-PT\"},{\"@type\":\"Organization\",\"@id\":\"https:\/\/brasilnoticias.org\/site\/#organization\",\"name\":\"Brasil not\u00edcias\",\"url\":\"https:\/\/brasilnoticias.org\/site\/\",\"logo\":{\"@type\":\"ImageObject\",\"inLanguage\":\"pt-PT\",\"@id\":\"https:\/\/brasilnoticias.org\/site\/#\/schema\/logo\/image\/\",\"url\":\"https:\/\/brasilnoticias.org\/site\/wp-content\/uploads\/2022\/05\/cropped-brasilnoticias-mini.jpg\",\"contentUrl\":\"https:\/\/brasilnoticias.org\/site\/wp-content\/uploads\/2022\/05\/cropped-brasilnoticias-mini.jpg\",\"width\":314,\"height\":86,\"caption\":\"Brasil not\u00edcias\"},\"image\":{\"@id\":\"https:\/\/brasilnoticias.org\/site\/#\/schema\/logo\/image\/\"}},{\"@type\":\"Person\",\"@id\":\"https:\/\/brasilnoticias.org\/site\/#\/schema\/person\/03bbbfe6c7634ad18c26444ea39049fa\",\"name\":\"Reda\u00e7\u00e3o\",\"image\":{\"@type\":\"ImageObject\",\"inLanguage\":\"pt-PT\",\"@id\":\"https:\/\/brasilnoticias.org\/site\/#\/schema\/person\/image\/\",\"url\":\"https:\/\/secure.gravatar.com\/avatar\/9ecaf7327a696cb23ad926fedded5f1f04d7049de9e445375d55b48c001a6e42?s=96&d=mm&r=g\",\"contentUrl\":\"https:\/\/secure.gravatar.com\/avatar\/9ecaf7327a696cb23ad926fedded5f1f04d7049de9e445375d55b48c001a6e42?s=96&d=mm&r=g\",\"caption\":\"Reda\u00e7\u00e3o\"},\"url\":\"https:\/\/brasilnoticias.org\/site\/author\/henrique\/\"}]}<\/script>\n<!-- \/ Yoast SEO plugin. -->","yoast_head_json":{"title":"Planos de sa\u00fade sobem valor e pressionam pacote de benef\u00edcios de empresas - Brasil not\u00edcias","robots":{"index":"index","follow":"follow","max-snippet":"max-snippet:-1","max-image-preview":"max-image-preview:large","max-video-preview":"max-video-preview:-1"},"canonical":"https:\/\/brasilnoticias.org\/site\/planos-de-saude-sobem-valor-e-pressionam-pacote-de-beneficios-de-empresas\/","og_locale":"pt_PT","og_type":"article","og_title":"Planos de sa\u00fade sobem valor e pressionam pacote de benef\u00edcios de empresas - Brasil not\u00edcias","og_description":"O aumento foi constatado atrav\u00e9s de uma pesquisa de tend\u00eancias da consultoria WTW O custo dos pacotes de benef\u00edcios oferecidos","og_url":"https:\/\/brasilnoticias.org\/site\/planos-de-saude-sobem-valor-e-pressionam-pacote-de-beneficios-de-empresas\/","og_site_name":"Brasil not\u00edcias","article_published_time":"2023-08-31T10:10:43+00:00","author":"Reda\u00e7\u00e3o","twitter_card":"summary_large_image","twitter_misc":{"Escrito por":"Reda\u00e7\u00e3o"},"schema":{"@context":"https:\/\/schema.org","@graph":[{"@type":"Article","@id":"https:\/\/brasilnoticias.org\/site\/planos-de-saude-sobem-valor-e-pressionam-pacote-de-beneficios-de-empresas\/#article","isPartOf":{"@id":"https:\/\/brasilnoticias.org\/site\/planos-de-saude-sobem-valor-e-pressionam-pacote-de-beneficios-de-empresas\/"},"author":{"name":"Reda\u00e7\u00e3o","@id":"https:\/\/brasilnoticias.org\/site\/#\/schema\/person\/03bbbfe6c7634ad18c26444ea39049fa"},"headline":"Planos de sa\u00fade sobem valor e pressionam pacote de benef\u00edcios de empresas","datePublished":"2023-08-31T10:10:43+00:00","mainEntityOfPage":{"@id":"https:\/\/brasilnoticias.org\/site\/planos-de-saude-sobem-valor-e-pressionam-pacote-de-beneficios-de-empresas\/"},"wordCount":235,"commentCount":0,"publisher":{"@id":"https:\/\/brasilnoticias.org\/site\/#organization"},"articleSection":["Not\u00edcias","\u00daltimas"],"inLanguage":"pt-PT","potentialAction":[{"@type":"CommentAction","name":"Comment","target":["https:\/\/brasilnoticias.org\/site\/planos-de-saude-sobem-valor-e-pressionam-pacote-de-beneficios-de-empresas\/#respond"]}]},{"@type":"WebPage","@id":"https:\/\/brasilnoticias.org\/site\/planos-de-saude-sobem-valor-e-pressionam-pacote-de-beneficios-de-empresas\/","url":"https:\/\/brasilnoticias.org\/site\/planos-de-saude-sobem-valor-e-pressionam-pacote-de-beneficios-de-empresas\/","name":"Planos de sa\u00fade sobem valor e pressionam pacote de benef\u00edcios de empresas - Brasil not\u00edcias","isPartOf":{"@id":"https:\/\/brasilnoticias.org\/site\/#website"},"datePublished":"2023-08-31T10:10:43+00:00","breadcrumb":{"@id":"https:\/\/brasilnoticias.org\/site\/planos-de-saude-sobem-valor-e-pressionam-pacote-de-beneficios-de-empresas\/#breadcrumb"},"inLanguage":"pt-PT","potentialAction":[{"@type":"ReadAction","target":["https:\/\/brasilnoticias.org\/site\/planos-de-saude-sobem-valor-e-pressionam-pacote-de-beneficios-de-empresas\/"]}]},{"@type":"BreadcrumbList","@id":"https:\/\/brasilnoticias.org\/site\/planos-de-saude-sobem-valor-e-pressionam-pacote-de-beneficios-de-empresas\/#breadcrumb","itemListElement":[{"@type":"ListItem","position":1,"name":"In\u00edcio","item":"https:\/\/brasilnoticias.org\/site\/"},{"@type":"ListItem","position":2,"name":"Planos de sa\u00fade sobem valor e pressionam pacote de benef\u00edcios de empresas"}]},{"@type":"WebSite","@id":"https:\/\/brasilnoticias.org\/site\/#website","url":"https:\/\/brasilnoticias.org\/site\/","name":"Brasil not\u00edcias","description":"Brasil not\u00edcias","publisher":{"@id":"https:\/\/brasilnoticias.org\/site\/#organization"},"potentialAction":[{"@type":"SearchAction","target":{"@type":"EntryPoint","urlTemplate":"https:\/\/brasilnoticias.org\/site\/?s={search_term_string}"},"query-input":{"@type":"PropertyValueSpecification","valueRequired":true,"valueName":"search_term_string"}}],"inLanguage":"pt-PT"},{"@type":"Organization","@id":"https:\/\/brasilnoticias.org\/site\/#organization","name":"Brasil not\u00edcias","url":"https:\/\/brasilnoticias.org\/site\/","logo":{"@type":"ImageObject","inLanguage":"pt-PT","@id":"https:\/\/brasilnoticias.org\/site\/#\/schema\/logo\/image\/","url":"https:\/\/brasilnoticias.org\/site\/wp-content\/uploads\/2022\/05\/cropped-brasilnoticias-mini.jpg","contentUrl":"https:\/\/brasilnoticias.org\/site\/wp-content\/uploads\/2022\/05\/cropped-brasilnoticias-mini.jpg","width":314,"height":86,"caption":"Brasil not\u00edcias"},"image":{"@id":"https:\/\/brasilnoticias.org\/site\/#\/schema\/logo\/image\/"}},{"@type":"Person","@id":"https:\/\/brasilnoticias.org\/site\/#\/schema\/person\/03bbbfe6c7634ad18c26444ea39049fa","name":"Reda\u00e7\u00e3o","image":{"@type":"ImageObject","inLanguage":"pt-PT","@id":"https:\/\/brasilnoticias.org\/site\/#\/schema\/person\/image\/","url":"https:\/\/secure.gravatar.com\/avatar\/9ecaf7327a696cb23ad926fedded5f1f04d7049de9e445375d55b48c001a6e42?s=96&d=mm&r=g","contentUrl":"https:\/\/secure.gravatar.com\/avatar\/9ecaf7327a696cb23ad926fedded5f1f04d7049de9e445375d55b48c001a6e42?s=96&d=mm&r=g","caption":"Reda\u00e7\u00e3o"},"url":"https:\/\/brasilnoticias.org\/site\/author\/henrique\/"}]}},"_links":{"self":[{"href":"https:\/\/brasilnoticias.org\/site\/wp-json\/wp\/v2\/posts\/8766","targetHints":{"allow":["GET"]}}],"collection":[{"href":"https:\/\/brasilnoticias.org\/site\/wp-json\/wp\/v2\/posts"}],"about":[{"href":"https:\/\/brasilnoticias.org\/site\/wp-json\/wp\/v2\/types\/post"}],"author":[{"embeddable":true,"href":"https:\/\/brasilnoticias.org\/site\/wp-json\/wp\/v2\/users\/4"}],"replies":[{"embeddable":true,"href":"https:\/\/brasilnoticias.org\/site\/wp-json\/wp\/v2\/comments?post=8766"}],"version-history":[{"count":1,"href":"https:\/\/brasilnoticias.org\/site\/wp-json\/wp\/v2\/posts\/8766\/revisions"}],"predecessor-version":[{"id":8767,"href":"https:\/\/brasilnoticias.org\/site\/wp-json\/wp\/v2\/posts\/8766\/revisions\/8767"}],"wp:attachment":[{"href":"https:\/\/brasilnoticias.org\/site\/wp-json\/wp\/v2\/media?parent=8766"}],"wp:term":[{"taxonomy":"category","embeddable":true,"href":"https:\/\/brasilnoticias.org\/site\/wp-json\/wp\/v2\/categories?post=8766"},{"taxonomy":"post_tag","embeddable":true,"href":"https:\/\/brasilnoticias.org\/site\/wp-json\/wp\/v2\/tags?post=8766"}],"curies":[{"name":"wp","href":"https:\/\/api.w.org\/{rel}","templated":true}]}}