{"id":8768,"date":"2023-08-31T09:12:49","date_gmt":"2023-08-31T12:12:49","guid":{"rendered":"https:\/\/brasilnoticias.org\/site\/?p=8768"},"modified":"2023-08-30T23:13:40","modified_gmt":"2023-08-31T02:13:40","slug":"pt-decide-permitir-alianca-com-pl-desde-que-candidatos-defendam-a-reeleicao-de-lula","status":"publish","type":"post","link":"https:\/\/brasilnoticias.org\/site\/pt-decide-permitir-alianca-com-pl-desde-que-candidatos-defendam-a-reeleicao-de-lula\/","title":{"rendered":"PT decide permitir alian\u00e7a com PL, desde que candidatos defendam a reelei\u00e7\u00e3o de Lula"},"content":{"rendered":"<p>Nesta quarta-feira, diret\u00f3rio lan\u00e7ou uma Resolu\u00e7\u00e3o que veda apoio \u00e0 candidatos \u201cidentificados com o projeto bolsonarista&#8221;<\/p>\n<p>O diret\u00f3rio do PT decidiu permitir que candidatos do partido fa\u00e7am alian\u00e7a com a legenda do ex-presidente Jair Bolsonaro, o PL, nas elei\u00e7\u00f5es de 2024. No entanto, a c\u00fapula colocou a condi\u00e7\u00e3o de que a chapa PT-PL precise apoiar a reelei\u00e7\u00e3o do presidente Luiz In\u00e1cio Lula da Silva (PT).<\/p>\n<p>A Resolu\u00e7\u00e3o foi divulgada nesta quarta-feira (30) e n\u00e3o cita expressamente o PL. &#8220;\u00c9 vedado apoio a candidatos e candidatas identificados com o projeto bolsonarista&#8221;, diz o documento que foi aprovado por apenas 2 votos, no placar de 29 a 27.<\/p>\n<p>No texto base da proposta, a c\u00fapula rejeitou o trecho que impedia a liga\u00e7\u00e3o entre as legendas. &#8220;\u00c9 vedado apoio a candidatos e candidatas identificados com o projeto bolsonarista. Igualmente \u00e9 vedado o apoio ou recebimento de apoio por parte do partido ao qual Bolsonaro \u00e9 filiado&#8221;, dizia. O pr\u00f3prio ministro das Rela\u00e7\u00f5es Institucionais, Alexandre Padilha, j\u00e1 admitiu que seria poss\u00edvel a concess\u00e3o nos estados de cargos do segundo escal\u00e3o ao PL.<\/p>\n<p>Foto: Sergio Silva\/Divulga\u00e7\u00e3o\/PT<br \/>\nPor: Metro1 <\/p>\n","protected":false},"excerpt":{"rendered":"<p>Nesta quarta-feira, diret\u00f3rio lan\u00e7ou uma Resolu\u00e7\u00e3o que veda apoio \u00e0 candidatos \u201cidentificados com o projeto bolsonarista&#8221; O diret\u00f3rio do PT<\/p>\n","protected":false},"author":4,"featured_media":0,"comment_status":"open","ping_status":"open","sticky":false,"template":"","format":"standard","meta":{"colormag_page_container_layout":"default_layout","colormag_page_sidebar_layout":"default_layout","_FSMCFIC_featured_image_caption":"","_FSMCFIC_featured_image_nocaption":"","_FSMCFIC_featured_image_hide":"","footnotes":""},"categories":[5,1],"tags":[],"class_list":["post-8768","post","type-post","status-publish","format-standard","hentry","category-politica","category-ultimas"],"yoast_head":"<!-- This site is optimized with the Yoast SEO plugin v27.1.1 - https:\/\/yoast.com\/product\/yoast-seo-wordpress\/ -->\n<title>PT decide permitir alian\u00e7a com PL, desde que candidatos defendam a reelei\u00e7\u00e3o de Lula - Brasil not\u00edcias<\/title>\n<meta name=\"robots\" content=\"index, follow, max-snippet:-1, max-image-preview:large, max-video-preview:-1\" \/>\n<link rel=\"canonical\" href=\"https:\/\/brasilnoticias.org\/site\/pt-decide-permitir-alianca-com-pl-desde-que-candidatos-defendam-a-reeleicao-de-lula\/\" \/>\n<meta property=\"og:locale\" content=\"pt_PT\" \/>\n<meta property=\"og:type\" content=\"article\" \/>\n<meta property=\"og:title\" content=\"PT decide permitir alian\u00e7a com PL, desde que candidatos defendam a reelei\u00e7\u00e3o de Lula - Brasil not\u00edcias\" \/>\n<meta property=\"og:description\" content=\"Nesta quarta-feira, diret\u00f3rio lan\u00e7ou uma Resolu\u00e7\u00e3o que veda apoio \u00e0 candidatos \u201cidentificados com o projeto bolsonarista&#8221; O diret\u00f3rio do PT\" \/>\n<meta property=\"og:url\" content=\"https:\/\/brasilnoticias.org\/site\/pt-decide-permitir-alianca-com-pl-desde-que-candidatos-defendam-a-reeleicao-de-lula\/\" \/>\n<meta property=\"og:site_name\" content=\"Brasil not\u00edcias\" \/>\n<meta property=\"article:published_time\" content=\"2023-08-31T12:12:49+00:00\" \/>\n<meta name=\"author\" content=\"Reda\u00e7\u00e3o\" \/>\n<meta name=\"twitter:card\" content=\"summary_large_image\" \/>\n<meta name=\"twitter:label1\" content=\"Escrito por\" \/>\n\t<meta name=\"twitter:data1\" content=\"Reda\u00e7\u00e3o\" \/>\n<script type=\"application\/ld+json\" class=\"yoast-schema-graph\">{\"@context\":\"https:\/\/schema.org\",\"@graph\":[{\"@type\":\"Article\",\"@id\":\"https:\/\/brasilnoticias.org\/site\/pt-decide-permitir-alianca-com-pl-desde-que-candidatos-defendam-a-reeleicao-de-lula\/#article\",\"isPartOf\":{\"@id\":\"https:\/\/brasilnoticias.org\/site\/pt-decide-permitir-alianca-com-pl-desde-que-candidatos-defendam-a-reeleicao-de-lula\/\"},\"author\":{\"name\":\"Reda\u00e7\u00e3o\",\"@id\":\"https:\/\/brasilnoticias.org\/site\/#\/schema\/person\/03bbbfe6c7634ad18c26444ea39049fa\"},\"headline\":\"PT decide permitir alian\u00e7a com PL, desde que candidatos defendam a reelei\u00e7\u00e3o de Lula\",\"datePublished\":\"2023-08-31T12:12:49+00:00\",\"mainEntityOfPage\":{\"@id\":\"https:\/\/brasilnoticias.org\/site\/pt-decide-permitir-alianca-com-pl-desde-que-candidatos-defendam-a-reeleicao-de-lula\/\"},\"wordCount\":212,\"commentCount\":0,\"publisher\":{\"@id\":\"https:\/\/brasilnoticias.org\/site\/#organization\"},\"articleSection\":[\"Pol\u00edtica\",\"\u00daltimas\"],\"inLanguage\":\"pt-PT\",\"potentialAction\":[{\"@type\":\"CommentAction\",\"name\":\"Comment\",\"target\":[\"https:\/\/brasilnoticias.org\/site\/pt-decide-permitir-alianca-com-pl-desde-que-candidatos-defendam-a-reeleicao-de-lula\/#respond\"]}]},{\"@type\":\"WebPage\",\"@id\":\"https:\/\/brasilnoticias.org\/site\/pt-decide-permitir-alianca-com-pl-desde-que-candidatos-defendam-a-reeleicao-de-lula\/\",\"url\":\"https:\/\/brasilnoticias.org\/site\/pt-decide-permitir-alianca-com-pl-desde-que-candidatos-defendam-a-reeleicao-de-lula\/\",\"name\":\"PT decide permitir alian\u00e7a com PL, desde que candidatos defendam a reelei\u00e7\u00e3o de Lula - Brasil not\u00edcias\",\"isPartOf\":{\"@id\":\"https:\/\/brasilnoticias.org\/site\/#website\"},\"datePublished\":\"2023-08-31T12:12:49+00:00\",\"breadcrumb\":{\"@id\":\"https:\/\/brasilnoticias.org\/site\/pt-decide-permitir-alianca-com-pl-desde-que-candidatos-defendam-a-reeleicao-de-lula\/#breadcrumb\"},\"inLanguage\":\"pt-PT\",\"potentialAction\":[{\"@type\":\"ReadAction\",\"target\":[\"https:\/\/brasilnoticias.org\/site\/pt-decide-permitir-alianca-com-pl-desde-que-candidatos-defendam-a-reeleicao-de-lula\/\"]}]},{\"@type\":\"BreadcrumbList\",\"@id\":\"https:\/\/brasilnoticias.org\/site\/pt-decide-permitir-alianca-com-pl-desde-que-candidatos-defendam-a-reeleicao-de-lula\/#breadcrumb\",\"itemListElement\":[{\"@type\":\"ListItem\",\"position\":1,\"name\":\"In\u00edcio\",\"item\":\"https:\/\/brasilnoticias.org\/site\/\"},{\"@type\":\"ListItem\",\"position\":2,\"name\":\"PT decide permitir alian\u00e7a com PL, desde que candidatos defendam a reelei\u00e7\u00e3o de Lula\"}]},{\"@type\":\"WebSite\",\"@id\":\"https:\/\/brasilnoticias.org\/site\/#website\",\"url\":\"https:\/\/brasilnoticias.org\/site\/\",\"name\":\"Brasil not\u00edcias\",\"description\":\"Brasil not\u00edcias\",\"publisher\":{\"@id\":\"https:\/\/brasilnoticias.org\/site\/#organization\"},\"potentialAction\":[{\"@type\":\"SearchAction\",\"target\":{\"@type\":\"EntryPoint\",\"urlTemplate\":\"https:\/\/brasilnoticias.org\/site\/?s={search_term_string}\"},\"query-input\":{\"@type\":\"PropertyValueSpecification\",\"valueRequired\":true,\"valueName\":\"search_term_string\"}}],\"inLanguage\":\"pt-PT\"},{\"@type\":\"Organization\",\"@id\":\"https:\/\/brasilnoticias.org\/site\/#organization\",\"name\":\"Brasil not\u00edcias\",\"url\":\"https:\/\/brasilnoticias.org\/site\/\",\"logo\":{\"@type\":\"ImageObject\",\"inLanguage\":\"pt-PT\",\"@id\":\"https:\/\/brasilnoticias.org\/site\/#\/schema\/logo\/image\/\",\"url\":\"https:\/\/brasilnoticias.org\/site\/wp-content\/uploads\/2022\/05\/cropped-brasilnoticias-mini.jpg\",\"contentUrl\":\"https:\/\/brasilnoticias.org\/site\/wp-content\/uploads\/2022\/05\/cropped-brasilnoticias-mini.jpg\",\"width\":314,\"height\":86,\"caption\":\"Brasil not\u00edcias\"},\"image\":{\"@id\":\"https:\/\/brasilnoticias.org\/site\/#\/schema\/logo\/image\/\"}},{\"@type\":\"Person\",\"@id\":\"https:\/\/brasilnoticias.org\/site\/#\/schema\/person\/03bbbfe6c7634ad18c26444ea39049fa\",\"name\":\"Reda\u00e7\u00e3o\",\"image\":{\"@type\":\"ImageObject\",\"inLanguage\":\"pt-PT\",\"@id\":\"https:\/\/brasilnoticias.org\/site\/#\/schema\/person\/image\/\",\"url\":\"https:\/\/secure.gravatar.com\/avatar\/9ecaf7327a696cb23ad926fedded5f1f04d7049de9e445375d55b48c001a6e42?s=96&d=mm&r=g\",\"contentUrl\":\"https:\/\/secure.gravatar.com\/avatar\/9ecaf7327a696cb23ad926fedded5f1f04d7049de9e445375d55b48c001a6e42?s=96&d=mm&r=g\",\"caption\":\"Reda\u00e7\u00e3o\"},\"url\":\"https:\/\/brasilnoticias.org\/site\/author\/henrique\/\"}]}<\/script>\n<!-- \/ Yoast SEO plugin. -->","yoast_head_json":{"title":"PT decide permitir alian\u00e7a com PL, desde que candidatos defendam a reelei\u00e7\u00e3o de Lula - Brasil not\u00edcias","robots":{"index":"index","follow":"follow","max-snippet":"max-snippet:-1","max-image-preview":"max-image-preview:large","max-video-preview":"max-video-preview:-1"},"canonical":"https:\/\/brasilnoticias.org\/site\/pt-decide-permitir-alianca-com-pl-desde-que-candidatos-defendam-a-reeleicao-de-lula\/","og_locale":"pt_PT","og_type":"article","og_title":"PT decide permitir alian\u00e7a com PL, desde que candidatos defendam a reelei\u00e7\u00e3o de Lula - Brasil not\u00edcias","og_description":"Nesta quarta-feira, diret\u00f3rio lan\u00e7ou uma Resolu\u00e7\u00e3o que veda apoio \u00e0 candidatos \u201cidentificados com o projeto bolsonarista&#8221; O diret\u00f3rio do PT","og_url":"https:\/\/brasilnoticias.org\/site\/pt-decide-permitir-alianca-com-pl-desde-que-candidatos-defendam-a-reeleicao-de-lula\/","og_site_name":"Brasil not\u00edcias","article_published_time":"2023-08-31T12:12:49+00:00","author":"Reda\u00e7\u00e3o","twitter_card":"summary_large_image","twitter_misc":{"Escrito por":"Reda\u00e7\u00e3o"},"schema":{"@context":"https:\/\/schema.org","@graph":[{"@type":"Article","@id":"https:\/\/brasilnoticias.org\/site\/pt-decide-permitir-alianca-com-pl-desde-que-candidatos-defendam-a-reeleicao-de-lula\/#article","isPartOf":{"@id":"https:\/\/brasilnoticias.org\/site\/pt-decide-permitir-alianca-com-pl-desde-que-candidatos-defendam-a-reeleicao-de-lula\/"},"author":{"name":"Reda\u00e7\u00e3o","@id":"https:\/\/brasilnoticias.org\/site\/#\/schema\/person\/03bbbfe6c7634ad18c26444ea39049fa"},"headline":"PT decide permitir alian\u00e7a com PL, desde que candidatos defendam a reelei\u00e7\u00e3o de Lula","datePublished":"2023-08-31T12:12:49+00:00","mainEntityOfPage":{"@id":"https:\/\/brasilnoticias.org\/site\/pt-decide-permitir-alianca-com-pl-desde-que-candidatos-defendam-a-reeleicao-de-lula\/"},"wordCount":212,"commentCount":0,"publisher":{"@id":"https:\/\/brasilnoticias.org\/site\/#organization"},"articleSection":["Pol\u00edtica","\u00daltimas"],"inLanguage":"pt-PT","potentialAction":[{"@type":"CommentAction","name":"Comment","target":["https:\/\/brasilnoticias.org\/site\/pt-decide-permitir-alianca-com-pl-desde-que-candidatos-defendam-a-reeleicao-de-lula\/#respond"]}]},{"@type":"WebPage","@id":"https:\/\/brasilnoticias.org\/site\/pt-decide-permitir-alianca-com-pl-desde-que-candidatos-defendam-a-reeleicao-de-lula\/","url":"https:\/\/brasilnoticias.org\/site\/pt-decide-permitir-alianca-com-pl-desde-que-candidatos-defendam-a-reeleicao-de-lula\/","name":"PT decide permitir alian\u00e7a com PL, desde que candidatos defendam a reelei\u00e7\u00e3o de Lula - Brasil not\u00edcias","isPartOf":{"@id":"https:\/\/brasilnoticias.org\/site\/#website"},"datePublished":"2023-08-31T12:12:49+00:00","breadcrumb":{"@id":"https:\/\/brasilnoticias.org\/site\/pt-decide-permitir-alianca-com-pl-desde-que-candidatos-defendam-a-reeleicao-de-lula\/#breadcrumb"},"inLanguage":"pt-PT","potentialAction":[{"@type":"ReadAction","target":["https:\/\/brasilnoticias.org\/site\/pt-decide-permitir-alianca-com-pl-desde-que-candidatos-defendam-a-reeleicao-de-lula\/"]}]},{"@type":"BreadcrumbList","@id":"https:\/\/brasilnoticias.org\/site\/pt-decide-permitir-alianca-com-pl-desde-que-candidatos-defendam-a-reeleicao-de-lula\/#breadcrumb","itemListElement":[{"@type":"ListItem","position":1,"name":"In\u00edcio","item":"https:\/\/brasilnoticias.org\/site\/"},{"@type":"ListItem","position":2,"name":"PT decide permitir alian\u00e7a com PL, desde que candidatos defendam a reelei\u00e7\u00e3o de Lula"}]},{"@type":"WebSite","@id":"https:\/\/brasilnoticias.org\/site\/#website","url":"https:\/\/brasilnoticias.org\/site\/","name":"Brasil not\u00edcias","description":"Brasil not\u00edcias","publisher":{"@id":"https:\/\/brasilnoticias.org\/site\/#organization"},"potentialAction":[{"@type":"SearchAction","target":{"@type":"EntryPoint","urlTemplate":"https:\/\/brasilnoticias.org\/site\/?s={search_term_string}"},"query-input":{"@type":"PropertyValueSpecification","valueRequired":true,"valueName":"search_term_string"}}],"inLanguage":"pt-PT"},{"@type":"Organization","@id":"https:\/\/brasilnoticias.org\/site\/#organization","name":"Brasil not\u00edcias","url":"https:\/\/brasilnoticias.org\/site\/","logo":{"@type":"ImageObject","inLanguage":"pt-PT","@id":"https:\/\/brasilnoticias.org\/site\/#\/schema\/logo\/image\/","url":"https:\/\/brasilnoticias.org\/site\/wp-content\/uploads\/2022\/05\/cropped-brasilnoticias-mini.jpg","contentUrl":"https:\/\/brasilnoticias.org\/site\/wp-content\/uploads\/2022\/05\/cropped-brasilnoticias-mini.jpg","width":314,"height":86,"caption":"Brasil not\u00edcias"},"image":{"@id":"https:\/\/brasilnoticias.org\/site\/#\/schema\/logo\/image\/"}},{"@type":"Person","@id":"https:\/\/brasilnoticias.org\/site\/#\/schema\/person\/03bbbfe6c7634ad18c26444ea39049fa","name":"Reda\u00e7\u00e3o","image":{"@type":"ImageObject","inLanguage":"pt-PT","@id":"https:\/\/brasilnoticias.org\/site\/#\/schema\/person\/image\/","url":"https:\/\/secure.gravatar.com\/avatar\/9ecaf7327a696cb23ad926fedded5f1f04d7049de9e445375d55b48c001a6e42?s=96&d=mm&r=g","contentUrl":"https:\/\/secure.gravatar.com\/avatar\/9ecaf7327a696cb23ad926fedded5f1f04d7049de9e445375d55b48c001a6e42?s=96&d=mm&r=g","caption":"Reda\u00e7\u00e3o"},"url":"https:\/\/brasilnoticias.org\/site\/author\/henrique\/"}]}},"_links":{"self":[{"href":"https:\/\/brasilnoticias.org\/site\/wp-json\/wp\/v2\/posts\/8768","targetHints":{"allow":["GET"]}}],"collection":[{"href":"https:\/\/brasilnoticias.org\/site\/wp-json\/wp\/v2\/posts"}],"about":[{"href":"https:\/\/brasilnoticias.org\/site\/wp-json\/wp\/v2\/types\/post"}],"author":[{"embeddable":true,"href":"https:\/\/brasilnoticias.org\/site\/wp-json\/wp\/v2\/users\/4"}],"replies":[{"embeddable":true,"href":"https:\/\/brasilnoticias.org\/site\/wp-json\/wp\/v2\/comments?post=8768"}],"version-history":[{"count":1,"href":"https:\/\/brasilnoticias.org\/site\/wp-json\/wp\/v2\/posts\/8768\/revisions"}],"predecessor-version":[{"id":8769,"href":"https:\/\/brasilnoticias.org\/site\/wp-json\/wp\/v2\/posts\/8768\/revisions\/8769"}],"wp:attachment":[{"href":"https:\/\/brasilnoticias.org\/site\/wp-json\/wp\/v2\/media?parent=8768"}],"wp:term":[{"taxonomy":"category","embeddable":true,"href":"https:\/\/brasilnoticias.org\/site\/wp-json\/wp\/v2\/categories?post=8768"},{"taxonomy":"post_tag","embeddable":true,"href":"https:\/\/brasilnoticias.org\/site\/wp-json\/wp\/v2\/tags?post=8768"}],"curies":[{"name":"wp","href":"https:\/\/api.w.org\/{rel}","templated":true}]}}