{"id":8779,"date":"2023-08-31T19:15:52","date_gmt":"2023-08-31T22:15:52","guid":{"rendered":"https:\/\/brasilnoticias.org\/site\/?p=8779"},"modified":"2023-08-31T19:15:52","modified_gmt":"2023-08-31T22:15:52","slug":"agenda-cultural-em-salvador-fim-de-semana-tem-shows-de-djavan-timbalada-e-daniel","status":"publish","type":"post","link":"https:\/\/brasilnoticias.org\/site\/agenda-cultural-em-salvador-fim-de-semana-tem-shows-de-djavan-timbalada-e-daniel\/","title":{"rendered":"Agenda Cultural em Salvador: fim de semana tem shows de Djavan, Timbalada e Daniel"},"content":{"rendered":"<p>Confira shows, festas, exposi\u00e7\u00f5es e pe\u00e7as de teatro neste fim de semana em Salvador<\/p>\n<p>Com uma homenagem ao cantor Jo\u00e3o Paulo, Daniel vai fazer um show em Salvador nesta quinta-feira (31\/8), abrindo a Agenda Cultural do fim de semana. No dia seguinte, come\u00e7a um festival de bandas cover de rock na capital baiana. No s\u00e1bado (2\/8), \u00e9 a vez da Timbalada fazer show na cidade. No mesmo dia, e tamb\u00e9m no domingo (3\/8), o cantor Djavan se apresenta na Concha Ac\u00fastica do Teatro Castro Alves (TCA). O fim de semana soteropolitano ainda tem festas, exposi\u00e7\u00f5es e pe\u00e7as de teatro. Aratu On reuniu os principais eventos com todos as informa\u00e7\u00f5es:<\/p>\n<p>M\u00daSICA<\/p>\n<p>Daniel<br \/>\nCelebrando 40 anos de carreira, o cantor paulista Daniel faz show nesta quinta-feira (31\/8) em Salvador com uma homenagem a Jo\u00e3o Paulo, com quem formava dupla. Jo\u00e3o Paulo morreu em acidente de carro em 1997. Com a turn\u00ea \u201cDaniel 40 Anos Celebra Jo\u00e3o Paulo &#038; Daniel\u201d, o cantor vai se apresentar na Concha Ac\u00fastica do TCA \u00e0s 19h. On ingressos est\u00e3o entre R$ 90 e R$ 320 na bilheteria do TCA e no site Sympla.<\/p>\n<p>Djavan<br \/>\nCom a turn\u00ea \u201cD\u201d, nome do 25\u00ba \u00e1lbum do artista, o alagoense Djavan faz show no s\u00e1bado (2\/9) e no domingo (3\/9) na Concha Ac\u00fastica do TCA. A apresenta\u00e7\u00e3o marca o retorno do cantor depois de participar de festivais pelo pa\u00eds. Os shows s\u00e3o \u00e0s 19h. Os ingressos para s\u00e1bado esgotaram e, para domingo, acabaram as meia-entradas. A inteira para a plateia est\u00e1 R$ 260 e, para o camarote, R$ 340. As vendas s\u00e3o pela bilheteria do TCA e pelo site Bilheteria Digital.<\/p>\n<p>Timbalada<br \/>\nA banda Fica Comigo, o grupo Timbalada e o DJ Just Mike se apresentam no \u201cFica Comigo Salvador\u201d, um evento open bar no s\u00e1bado (2\/9), das 22h \u00e0s 4h, na Pupileira, na Avenida Joana Ang\u00e9lica. No quinto lote, os ingressoes s\u00e3o vendidos por R$ 320 no Ticket Maker.<\/p>\n<p>Nany People<br \/>\nHumorista, cantora, atriz e apresentadora, a mineira Nany People estreia novo show na sexta-feira (1\/9), \u00e0s 20h, no Teatro SESC Casa do Com\u00e9rcio. A apresenta\u00e7\u00e3o ser\u00e1 com interpreta\u00e7\u00f5es de sucessos de Faf\u00e1 de Bel\u00e9m, musa da artista. Os ingressos variam entre R$ 50 e R$ 100 e s\u00e3o vendidos pela bilheteria do teatro e pelo Sympla.<\/p>\n<p>FESTAS<\/p>\n<p>Baile Charme<br \/>\nNo Largo Tereza Batista, no Pelourinho, ser\u00e1 realizado neste s\u00e1bado (2\/9), a partir das 19h, o \u201cBaile Charme\u201d, com apresenta\u00e7\u00f5es de artistas locais e independentes. De acordo com os organizadores, o evento \u00e9 voltado para o p\u00fablico preto de todas as idades, LGBTQIAPN+, pessoas de baixa renda e comunidades. Os ingressos custam entre R$ 10 e R$ 30 e podem ser adquitidos no Sympla.<\/p>\n<p>Villa do Chefe<br \/>\nTamb\u00e9m no s\u00e1bado (2\/9), acontece a festa \u201cVilla do Chefe\u201d. O evento ser\u00e1 entre 19h e 4h na Villa Zero 4, em Paripe. Com apresenta\u00e7\u00f5es de Mc Chefin, O Kanalha, O Maestro e Swing do Grand\u00e3o, a festa tem ingressos de R$ 25 (pista) e R$ 50 (vip) com venda pelo Sympla.<\/p>\n<p>TEATRO<\/p>\n<p>Patrulha Canina, O Musical! Corrida de Resgate<br \/>\nO espet\u00e1culo musical com os personagens do desenho animado infantil \u201cPatrulha Canina\u201d, do canal Nickelodeon, ser\u00e1 realizado em duas sess\u00f5es no s\u00e1bado, \u00e0s 11h e \u00e0s 15h. \u201cPatrulha Canina, O Musical! Corrida de Resgate\u201d tem ingressos entre R$ 25 e R$ 180 vendidos pelo Sympla.<\/p>\n<p>O Poderoso de Marte<br \/>\nA pe\u00e7a infantojunenil tem duas apresenta\u00e7\u00f5es nesse domingo (3\/9), \u00e0s 11h e \u00e0s 16h30. A hist\u00f3ria sobre uma soldado e um palha\u00e7o no planeta de Marte tentando resolver um conflito mundial tem autoria de Tom S. Figueiredo e \u00e9 encenada pelo Grupo Teca Teatro. Os ingressos custam R$ 40 (inteira) e R$ 20 (meia) e s\u00e3o vendidos pelo Sympla.<\/p>\n<p>EXPOSI\u00c7\u00d5ES<\/p>\n<p>Brasil Futuro<br \/>\nA mostra, que conta com curadoria da historiadora, antrop\u00f3loga e escritora Lilia Schwarcz, est\u00e1 instalada no Centro Cultural Solar Ferr\u00e3o, no Pelourinho. Com 300 obras, a exposi\u00e7\u00e3o \u00e9 gratuita e fica em Salvador at\u00e9 15 de novembro, de ter\u00e7a-feira a domingo, das 10h \u00e0s 18h. A mostra foi inaugurada na posse do presidente Lula e destaca a produ\u00e7\u00e3o de artistas negros e negras, de mulheres, pessoas LGBTQIAPN+ e artistas ind\u00edgenas sobre o futuro do pa\u00eds.<\/p>\n<p>Centen\u00e1rio de M\u00e1rio Cravo J\u00fanior<br \/>\nUm dos mais importantes artistas do movimento modernista das artes na Bahia, o escultor M\u00e1rio Cravo J\u00fanior \u00e9 homenageado com uma exposi\u00e7\u00e3o comemorativa ao seu centen\u00e1rio. A mostra \u201cM\u00e1rio Cravo Jr \u2013 Legado \u2013 100 anos\u201d, est\u00e1 aberta no Museu de Arte Moderna da Bahia (MAM). A entrada \u00e9 gratuita e a exposi\u00e7\u00e3o pode ser visitada de ter\u00e7a a domingo, das 10h \u00e0s 18h.<\/p>\n<p>Mostra sobre Brumadinho<br \/>\nInspirada em livro hom\u00f4nimo lan\u00e7ado em 2022, a exposi\u00e7\u00e3o \u201cBrumadinho de Bra\u00e7os Abertos\u201d re\u00fane diversas imagens da cidade mineira e est\u00e1 em diversos pontos do Centro Hist\u00f3rico de Savador. Com um acervo de fotos feitas por Kadu Niemeyer e outras de seu av\u00f4, o arquiteto Oscar Niemeyer, a exposi\u00e7\u00e3o segue at\u00e9 s\u00e1bado (3\/9). O objetivo \u00e9 divulgar a cultura e natureza do munic\u00edpio, que se recupera ap\u00f3s o rompimento de uma barragem, em 2019.<\/p>\n<p>Foto: Divulga\u00e7\u00e3o<br \/>\nAratu On<\/p>\n","protected":false},"excerpt":{"rendered":"<p>Confira shows, festas, exposi\u00e7\u00f5es e pe\u00e7as de teatro neste fim de semana em Salvador Com uma homenagem ao cantor Jo\u00e3o<\/p>\n","protected":false},"author":4,"featured_media":8780,"comment_status":"open","ping_status":"open","sticky":false,"template":"","format":"standard","meta":{"colormag_page_container_layout":"default_layout","colormag_page_sidebar_layout":"default_layout","_FSMCFIC_featured_image_caption":"","_FSMCFIC_featured_image_nocaption":"","_FSMCFIC_featured_image_hide":"","footnotes":""},"categories":[8,1],"tags":[],"class_list":["post-8779","post","type-post","status-publish","format-standard","has-post-thumbnail","hentry","category-entretenimento","category-ultimas"],"yoast_head":"<!-- This site is optimized with the Yoast SEO plugin v27.1.1 - https:\/\/yoast.com\/product\/yoast-seo-wordpress\/ -->\n<title>Agenda Cultural em Salvador: fim de semana tem shows de Djavan, Timbalada e Daniel - Brasil not\u00edcias<\/title>\n<meta name=\"robots\" content=\"index, follow, max-snippet:-1, max-image-preview:large, max-video-preview:-1\" \/>\n<link rel=\"canonical\" href=\"https:\/\/brasilnoticias.org\/site\/agenda-cultural-em-salvador-fim-de-semana-tem-shows-de-djavan-timbalada-e-daniel\/\" \/>\n<meta property=\"og:locale\" content=\"pt_PT\" \/>\n<meta property=\"og:type\" content=\"article\" \/>\n<meta property=\"og:title\" content=\"Agenda Cultural em Salvador: fim de semana tem shows de Djavan, Timbalada e Daniel - Brasil not\u00edcias\" \/>\n<meta property=\"og:description\" content=\"Confira shows, festas, exposi\u00e7\u00f5es e pe\u00e7as de teatro neste fim de semana em Salvador Com uma homenagem ao cantor Jo\u00e3o\" \/>\n<meta property=\"og:url\" content=\"https:\/\/brasilnoticias.org\/site\/agenda-cultural-em-salvador-fim-de-semana-tem-shows-de-djavan-timbalada-e-daniel\/\" \/>\n<meta property=\"og:site_name\" content=\"Brasil not\u00edcias\" \/>\n<meta property=\"article:published_time\" content=\"2023-08-31T22:15:52+00:00\" \/>\n<meta property=\"og:image\" content=\"https:\/\/brasilnoticias.org\/site\/wp-content\/uploads\/2023\/08\/1693424554761240-740x470-1.jpg\" \/>\n\t<meta property=\"og:image:width\" content=\"740\" \/>\n\t<meta property=\"og:image:height\" content=\"470\" \/>\n\t<meta property=\"og:image:type\" content=\"image\/jpeg\" \/>\n<meta name=\"author\" content=\"Reda\u00e7\u00e3o\" \/>\n<meta name=\"twitter:card\" content=\"summary_large_image\" \/>\n<meta name=\"twitter:label1\" content=\"Escrito por\" \/>\n\t<meta name=\"twitter:data1\" content=\"Reda\u00e7\u00e3o\" \/>\n<script type=\"application\/ld+json\" class=\"yoast-schema-graph\">{\"@context\":\"https:\/\/schema.org\",\"@graph\":[{\"@type\":\"Article\",\"@id\":\"https:\/\/brasilnoticias.org\/site\/agenda-cultural-em-salvador-fim-de-semana-tem-shows-de-djavan-timbalada-e-daniel\/#article\",\"isPartOf\":{\"@id\":\"https:\/\/brasilnoticias.org\/site\/agenda-cultural-em-salvador-fim-de-semana-tem-shows-de-djavan-timbalada-e-daniel\/\"},\"author\":{\"name\":\"Reda\u00e7\u00e3o\",\"@id\":\"https:\/\/brasilnoticias.org\/site\/#\/schema\/person\/03bbbfe6c7634ad18c26444ea39049fa\"},\"headline\":\"Agenda Cultural em Salvador: fim de semana tem shows de Djavan, Timbalada e Daniel\",\"datePublished\":\"2023-08-31T22:15:52+00:00\",\"mainEntityOfPage\":{\"@id\":\"https:\/\/brasilnoticias.org\/site\/agenda-cultural-em-salvador-fim-de-semana-tem-shows-de-djavan-timbalada-e-daniel\/\"},\"wordCount\":885,\"commentCount\":0,\"publisher\":{\"@id\":\"https:\/\/brasilnoticias.org\/site\/#organization\"},\"image\":{\"@id\":\"https:\/\/brasilnoticias.org\/site\/agenda-cultural-em-salvador-fim-de-semana-tem-shows-de-djavan-timbalada-e-daniel\/#primaryimage\"},\"thumbnailUrl\":\"https:\/\/brasilnoticias.org\/site\/wp-content\/uploads\/2023\/08\/1693424554761240-740x470-1.jpg\",\"articleSection\":[\"Entretenimento\",\"\u00daltimas\"],\"inLanguage\":\"pt-PT\",\"potentialAction\":[{\"@type\":\"CommentAction\",\"name\":\"Comment\",\"target\":[\"https:\/\/brasilnoticias.org\/site\/agenda-cultural-em-salvador-fim-de-semana-tem-shows-de-djavan-timbalada-e-daniel\/#respond\"]}]},{\"@type\":\"WebPage\",\"@id\":\"https:\/\/brasilnoticias.org\/site\/agenda-cultural-em-salvador-fim-de-semana-tem-shows-de-djavan-timbalada-e-daniel\/\",\"url\":\"https:\/\/brasilnoticias.org\/site\/agenda-cultural-em-salvador-fim-de-semana-tem-shows-de-djavan-timbalada-e-daniel\/\",\"name\":\"Agenda Cultural em Salvador: fim de semana tem shows de Djavan, Timbalada e Daniel - Brasil not\u00edcias\",\"isPartOf\":{\"@id\":\"https:\/\/brasilnoticias.org\/site\/#website\"},\"primaryImageOfPage\":{\"@id\":\"https:\/\/brasilnoticias.org\/site\/agenda-cultural-em-salvador-fim-de-semana-tem-shows-de-djavan-timbalada-e-daniel\/#primaryimage\"},\"image\":{\"@id\":\"https:\/\/brasilnoticias.org\/site\/agenda-cultural-em-salvador-fim-de-semana-tem-shows-de-djavan-timbalada-e-daniel\/#primaryimage\"},\"thumbnailUrl\":\"https:\/\/brasilnoticias.org\/site\/wp-content\/uploads\/2023\/08\/1693424554761240-740x470-1.jpg\",\"datePublished\":\"2023-08-31T22:15:52+00:00\",\"breadcrumb\":{\"@id\":\"https:\/\/brasilnoticias.org\/site\/agenda-cultural-em-salvador-fim-de-semana-tem-shows-de-djavan-timbalada-e-daniel\/#breadcrumb\"},\"inLanguage\":\"pt-PT\",\"potentialAction\":[{\"@type\":\"ReadAction\",\"target\":[\"https:\/\/brasilnoticias.org\/site\/agenda-cultural-em-salvador-fim-de-semana-tem-shows-de-djavan-timbalada-e-daniel\/\"]}]},{\"@type\":\"ImageObject\",\"inLanguage\":\"pt-PT\",\"@id\":\"https:\/\/brasilnoticias.org\/site\/agenda-cultural-em-salvador-fim-de-semana-tem-shows-de-djavan-timbalada-e-daniel\/#primaryimage\",\"url\":\"https:\/\/brasilnoticias.org\/site\/wp-content\/uploads\/2023\/08\/1693424554761240-740x470-1.jpg\",\"contentUrl\":\"https:\/\/brasilnoticias.org\/site\/wp-content\/uploads\/2023\/08\/1693424554761240-740x470-1.jpg\",\"width\":740,\"height\":470},{\"@type\":\"BreadcrumbList\",\"@id\":\"https:\/\/brasilnoticias.org\/site\/agenda-cultural-em-salvador-fim-de-semana-tem-shows-de-djavan-timbalada-e-daniel\/#breadcrumb\",\"itemListElement\":[{\"@type\":\"ListItem\",\"position\":1,\"name\":\"In\u00edcio\",\"item\":\"https:\/\/brasilnoticias.org\/site\/\"},{\"@type\":\"ListItem\",\"position\":2,\"name\":\"Agenda Cultural em Salvador: fim de semana tem shows de Djavan, Timbalada e Daniel\"}]},{\"@type\":\"WebSite\",\"@id\":\"https:\/\/brasilnoticias.org\/site\/#website\",\"url\":\"https:\/\/brasilnoticias.org\/site\/\",\"name\":\"Brasil not\u00edcias\",\"description\":\"Brasil not\u00edcias\",\"publisher\":{\"@id\":\"https:\/\/brasilnoticias.org\/site\/#organization\"},\"potentialAction\":[{\"@type\":\"SearchAction\",\"target\":{\"@type\":\"EntryPoint\",\"urlTemplate\":\"https:\/\/brasilnoticias.org\/site\/?s={search_term_string}\"},\"query-input\":{\"@type\":\"PropertyValueSpecification\",\"valueRequired\":true,\"valueName\":\"search_term_string\"}}],\"inLanguage\":\"pt-PT\"},{\"@type\":\"Organization\",\"@id\":\"https:\/\/brasilnoticias.org\/site\/#organization\",\"name\":\"Brasil not\u00edcias\",\"url\":\"https:\/\/brasilnoticias.org\/site\/\",\"logo\":{\"@type\":\"ImageObject\",\"inLanguage\":\"pt-PT\",\"@id\":\"https:\/\/brasilnoticias.org\/site\/#\/schema\/logo\/image\/\",\"url\":\"https:\/\/brasilnoticias.org\/site\/wp-content\/uploads\/2022\/05\/cropped-brasilnoticias-mini.jpg\",\"contentUrl\":\"https:\/\/brasilnoticias.org\/site\/wp-content\/uploads\/2022\/05\/cropped-brasilnoticias-mini.jpg\",\"width\":314,\"height\":86,\"caption\":\"Brasil not\u00edcias\"},\"image\":{\"@id\":\"https:\/\/brasilnoticias.org\/site\/#\/schema\/logo\/image\/\"}},{\"@type\":\"Person\",\"@id\":\"https:\/\/brasilnoticias.org\/site\/#\/schema\/person\/03bbbfe6c7634ad18c26444ea39049fa\",\"name\":\"Reda\u00e7\u00e3o\",\"image\":{\"@type\":\"ImageObject\",\"inLanguage\":\"pt-PT\",\"@id\":\"https:\/\/brasilnoticias.org\/site\/#\/schema\/person\/image\/\",\"url\":\"https:\/\/secure.gravatar.com\/avatar\/9ecaf7327a696cb23ad926fedded5f1f04d7049de9e445375d55b48c001a6e42?s=96&d=mm&r=g\",\"contentUrl\":\"https:\/\/secure.gravatar.com\/avatar\/9ecaf7327a696cb23ad926fedded5f1f04d7049de9e445375d55b48c001a6e42?s=96&d=mm&r=g\",\"caption\":\"Reda\u00e7\u00e3o\"},\"url\":\"https:\/\/brasilnoticias.org\/site\/author\/henrique\/\"}]}<\/script>\n<!-- \/ Yoast SEO plugin. -->","yoast_head_json":{"title":"Agenda Cultural em Salvador: fim de semana tem shows de Djavan, Timbalada e Daniel - Brasil not\u00edcias","robots":{"index":"index","follow":"follow","max-snippet":"max-snippet:-1","max-image-preview":"max-image-preview:large","max-video-preview":"max-video-preview:-1"},"canonical":"https:\/\/brasilnoticias.org\/site\/agenda-cultural-em-salvador-fim-de-semana-tem-shows-de-djavan-timbalada-e-daniel\/","og_locale":"pt_PT","og_type":"article","og_title":"Agenda Cultural em Salvador: fim de semana tem shows de Djavan, Timbalada e Daniel - Brasil not\u00edcias","og_description":"Confira shows, festas, exposi\u00e7\u00f5es e pe\u00e7as de teatro neste fim de semana em Salvador Com uma homenagem ao cantor Jo\u00e3o","og_url":"https:\/\/brasilnoticias.org\/site\/agenda-cultural-em-salvador-fim-de-semana-tem-shows-de-djavan-timbalada-e-daniel\/","og_site_name":"Brasil not\u00edcias","article_published_time":"2023-08-31T22:15:52+00:00","og_image":[{"width":740,"height":470,"url":"https:\/\/brasilnoticias.org\/site\/wp-content\/uploads\/2023\/08\/1693424554761240-740x470-1.jpg","type":"image\/jpeg"}],"author":"Reda\u00e7\u00e3o","twitter_card":"summary_large_image","twitter_misc":{"Escrito por":"Reda\u00e7\u00e3o"},"schema":{"@context":"https:\/\/schema.org","@graph":[{"@type":"Article","@id":"https:\/\/brasilnoticias.org\/site\/agenda-cultural-em-salvador-fim-de-semana-tem-shows-de-djavan-timbalada-e-daniel\/#article","isPartOf":{"@id":"https:\/\/brasilnoticias.org\/site\/agenda-cultural-em-salvador-fim-de-semana-tem-shows-de-djavan-timbalada-e-daniel\/"},"author":{"name":"Reda\u00e7\u00e3o","@id":"https:\/\/brasilnoticias.org\/site\/#\/schema\/person\/03bbbfe6c7634ad18c26444ea39049fa"},"headline":"Agenda Cultural em Salvador: fim de semana tem shows de Djavan, Timbalada e Daniel","datePublished":"2023-08-31T22:15:52+00:00","mainEntityOfPage":{"@id":"https:\/\/brasilnoticias.org\/site\/agenda-cultural-em-salvador-fim-de-semana-tem-shows-de-djavan-timbalada-e-daniel\/"},"wordCount":885,"commentCount":0,"publisher":{"@id":"https:\/\/brasilnoticias.org\/site\/#organization"},"image":{"@id":"https:\/\/brasilnoticias.org\/site\/agenda-cultural-em-salvador-fim-de-semana-tem-shows-de-djavan-timbalada-e-daniel\/#primaryimage"},"thumbnailUrl":"https:\/\/brasilnoticias.org\/site\/wp-content\/uploads\/2023\/08\/1693424554761240-740x470-1.jpg","articleSection":["Entretenimento","\u00daltimas"],"inLanguage":"pt-PT","potentialAction":[{"@type":"CommentAction","name":"Comment","target":["https:\/\/brasilnoticias.org\/site\/agenda-cultural-em-salvador-fim-de-semana-tem-shows-de-djavan-timbalada-e-daniel\/#respond"]}]},{"@type":"WebPage","@id":"https:\/\/brasilnoticias.org\/site\/agenda-cultural-em-salvador-fim-de-semana-tem-shows-de-djavan-timbalada-e-daniel\/","url":"https:\/\/brasilnoticias.org\/site\/agenda-cultural-em-salvador-fim-de-semana-tem-shows-de-djavan-timbalada-e-daniel\/","name":"Agenda Cultural em Salvador: fim de semana tem shows de Djavan, Timbalada e Daniel - Brasil not\u00edcias","isPartOf":{"@id":"https:\/\/brasilnoticias.org\/site\/#website"},"primaryImageOfPage":{"@id":"https:\/\/brasilnoticias.org\/site\/agenda-cultural-em-salvador-fim-de-semana-tem-shows-de-djavan-timbalada-e-daniel\/#primaryimage"},"image":{"@id":"https:\/\/brasilnoticias.org\/site\/agenda-cultural-em-salvador-fim-de-semana-tem-shows-de-djavan-timbalada-e-daniel\/#primaryimage"},"thumbnailUrl":"https:\/\/brasilnoticias.org\/site\/wp-content\/uploads\/2023\/08\/1693424554761240-740x470-1.jpg","datePublished":"2023-08-31T22:15:52+00:00","breadcrumb":{"@id":"https:\/\/brasilnoticias.org\/site\/agenda-cultural-em-salvador-fim-de-semana-tem-shows-de-djavan-timbalada-e-daniel\/#breadcrumb"},"inLanguage":"pt-PT","potentialAction":[{"@type":"ReadAction","target":["https:\/\/brasilnoticias.org\/site\/agenda-cultural-em-salvador-fim-de-semana-tem-shows-de-djavan-timbalada-e-daniel\/"]}]},{"@type":"ImageObject","inLanguage":"pt-PT","@id":"https:\/\/brasilnoticias.org\/site\/agenda-cultural-em-salvador-fim-de-semana-tem-shows-de-djavan-timbalada-e-daniel\/#primaryimage","url":"https:\/\/brasilnoticias.org\/site\/wp-content\/uploads\/2023\/08\/1693424554761240-740x470-1.jpg","contentUrl":"https:\/\/brasilnoticias.org\/site\/wp-content\/uploads\/2023\/08\/1693424554761240-740x470-1.jpg","width":740,"height":470},{"@type":"BreadcrumbList","@id":"https:\/\/brasilnoticias.org\/site\/agenda-cultural-em-salvador-fim-de-semana-tem-shows-de-djavan-timbalada-e-daniel\/#breadcrumb","itemListElement":[{"@type":"ListItem","position":1,"name":"In\u00edcio","item":"https:\/\/brasilnoticias.org\/site\/"},{"@type":"ListItem","position":2,"name":"Agenda Cultural em Salvador: fim de semana tem shows de Djavan, Timbalada e Daniel"}]},{"@type":"WebSite","@id":"https:\/\/brasilnoticias.org\/site\/#website","url":"https:\/\/brasilnoticias.org\/site\/","name":"Brasil not\u00edcias","description":"Brasil not\u00edcias","publisher":{"@id":"https:\/\/brasilnoticias.org\/site\/#organization"},"potentialAction":[{"@type":"SearchAction","target":{"@type":"EntryPoint","urlTemplate":"https:\/\/brasilnoticias.org\/site\/?s={search_term_string}"},"query-input":{"@type":"PropertyValueSpecification","valueRequired":true,"valueName":"search_term_string"}}],"inLanguage":"pt-PT"},{"@type":"Organization","@id":"https:\/\/brasilnoticias.org\/site\/#organization","name":"Brasil not\u00edcias","url":"https:\/\/brasilnoticias.org\/site\/","logo":{"@type":"ImageObject","inLanguage":"pt-PT","@id":"https:\/\/brasilnoticias.org\/site\/#\/schema\/logo\/image\/","url":"https:\/\/brasilnoticias.org\/site\/wp-content\/uploads\/2022\/05\/cropped-brasilnoticias-mini.jpg","contentUrl":"https:\/\/brasilnoticias.org\/site\/wp-content\/uploads\/2022\/05\/cropped-brasilnoticias-mini.jpg","width":314,"height":86,"caption":"Brasil not\u00edcias"},"image":{"@id":"https:\/\/brasilnoticias.org\/site\/#\/schema\/logo\/image\/"}},{"@type":"Person","@id":"https:\/\/brasilnoticias.org\/site\/#\/schema\/person\/03bbbfe6c7634ad18c26444ea39049fa","name":"Reda\u00e7\u00e3o","image":{"@type":"ImageObject","inLanguage":"pt-PT","@id":"https:\/\/brasilnoticias.org\/site\/#\/schema\/person\/image\/","url":"https:\/\/secure.gravatar.com\/avatar\/9ecaf7327a696cb23ad926fedded5f1f04d7049de9e445375d55b48c001a6e42?s=96&d=mm&r=g","contentUrl":"https:\/\/secure.gravatar.com\/avatar\/9ecaf7327a696cb23ad926fedded5f1f04d7049de9e445375d55b48c001a6e42?s=96&d=mm&r=g","caption":"Reda\u00e7\u00e3o"},"url":"https:\/\/brasilnoticias.org\/site\/author\/henrique\/"}]}},"_links":{"self":[{"href":"https:\/\/brasilnoticias.org\/site\/wp-json\/wp\/v2\/posts\/8779","targetHints":{"allow":["GET"]}}],"collection":[{"href":"https:\/\/brasilnoticias.org\/site\/wp-json\/wp\/v2\/posts"}],"about":[{"href":"https:\/\/brasilnoticias.org\/site\/wp-json\/wp\/v2\/types\/post"}],"author":[{"embeddable":true,"href":"https:\/\/brasilnoticias.org\/site\/wp-json\/wp\/v2\/users\/4"}],"replies":[{"embeddable":true,"href":"https:\/\/brasilnoticias.org\/site\/wp-json\/wp\/v2\/comments?post=8779"}],"version-history":[{"count":1,"href":"https:\/\/brasilnoticias.org\/site\/wp-json\/wp\/v2\/posts\/8779\/revisions"}],"predecessor-version":[{"id":8781,"href":"https:\/\/brasilnoticias.org\/site\/wp-json\/wp\/v2\/posts\/8779\/revisions\/8781"}],"wp:featuredmedia":[{"embeddable":true,"href":"https:\/\/brasilnoticias.org\/site\/wp-json\/wp\/v2\/media\/8780"}],"wp:attachment":[{"href":"https:\/\/brasilnoticias.org\/site\/wp-json\/wp\/v2\/media?parent=8779"}],"wp:term":[{"taxonomy":"category","embeddable":true,"href":"https:\/\/brasilnoticias.org\/site\/wp-json\/wp\/v2\/categories?post=8779"},{"taxonomy":"post_tag","embeddable":true,"href":"https:\/\/brasilnoticias.org\/site\/wp-json\/wp\/v2\/tags?post=8779"}],"curies":[{"name":"wp","href":"https:\/\/api.w.org\/{rel}","templated":true}]}}