{"id":8785,"date":"2023-08-31T19:19:57","date_gmt":"2023-08-31T22:19:57","guid":{"rendered":"https:\/\/brasilnoticias.org\/site\/?p=8785"},"modified":"2023-08-31T19:19:57","modified_gmt":"2023-08-31T22:19:57","slug":"homem-e-morto-durante-viagem-por-aplicativo-apos-sair-de-audiencia-de-custodia-em-salvador","status":"publish","type":"post","link":"https:\/\/brasilnoticias.org\/site\/homem-e-morto-durante-viagem-por-aplicativo-apos-sair-de-audiencia-de-custodia-em-salvador\/","title":{"rendered":"Homem \u00e9 morto durante viagem por aplicativo ap\u00f3s sair de audi\u00eancia de cust\u00f3dia em Salvador"},"content":{"rendered":"<p>V\u00edtima foi surpreendida no bairro do IAPI, quando ainda estava na viagem por aplicativo<\/p>\n<p>Um homem foi executado a tiros dentro de um carro, durante uma viagem por aplicativo, no bairro do IAPI, em Salvador. O crime aconteceu na quarta-feira (30), ap\u00f3s o rapaz sair de uma audi\u00eancia de cust\u00f3dia.<br \/>\nA v\u00edtima, de 30 anos, pegou um transporte por aplicativo no F\u00f3rum Criminal Desembargador Carlos Souto, no bairro de Sussuarana, e seguiu para o IAPI, onde vivia. No bairro, ele foi surpreendido por um homem em uma motocicleta, que passou pelo carro e efetuou os disparos.<br \/>\nClique aqui e se inscreva no canal do BNews no Youtube!<\/p>\n<p>O homem chegou a ser socorrido para uma unidade de sa\u00fade, mas n\u00e3o resistiu aos ferimentos. Equipes do Departamento de Homic\u00eddios e Prote\u00e7\u00e3o \u00e0 Pessoa (DHPP) foram acionadas para realizar os primeiros levantamentos sobre a morte.<\/p>\n<p>Foram expedidas as guias periciais e de remo\u00e7\u00e3o. A autoria e a motiva\u00e7\u00e3o s\u00e3o apuradas pela Pol\u00edcia Civil.<\/p>\n<p>Foto: Reprodu\u00e7\u00e3o\/Google Street View<br \/>\nBNews<\/p>\n","protected":false},"excerpt":{"rendered":"<p>V\u00edtima foi surpreendida no bairro do IAPI, quando ainda estava na viagem por aplicativo Um homem foi executado a tiros<\/p>\n","protected":false},"author":4,"featured_media":8786,"comment_status":"open","ping_status":"open","sticky":false,"template":"","format":"standard","meta":{"colormag_page_container_layout":"default_layout","colormag_page_sidebar_layout":"default_layout","_FSMCFIC_featured_image_caption":"","_FSMCFIC_featured_image_nocaption":"","_FSMCFIC_featured_image_hide":"","footnotes":""},"categories":[3,1],"tags":[],"class_list":["post-8785","post","type-post","status-publish","format-standard","has-post-thumbnail","hentry","category-policia","category-ultimas"],"yoast_head":"<!-- This site is optimized with the Yoast SEO plugin v27.1.1 - https:\/\/yoast.com\/product\/yoast-seo-wordpress\/ -->\n<title>Homem \u00e9 morto durante viagem por aplicativo ap\u00f3s sair de audi\u00eancia de cust\u00f3dia em Salvador - Brasil not\u00edcias<\/title>\n<meta name=\"robots\" content=\"index, follow, max-snippet:-1, max-image-preview:large, max-video-preview:-1\" \/>\n<link rel=\"canonical\" href=\"https:\/\/brasilnoticias.org\/site\/homem-e-morto-durante-viagem-por-aplicativo-apos-sair-de-audiencia-de-custodia-em-salvador\/\" \/>\n<meta property=\"og:locale\" content=\"pt_PT\" \/>\n<meta property=\"og:type\" content=\"article\" \/>\n<meta property=\"og:title\" content=\"Homem \u00e9 morto durante viagem por aplicativo ap\u00f3s sair de audi\u00eancia de cust\u00f3dia em Salvador - Brasil not\u00edcias\" \/>\n<meta property=\"og:description\" content=\"V\u00edtima foi surpreendida no bairro do IAPI, quando ainda estava na viagem por aplicativo Um homem foi executado a tiros\" \/>\n<meta property=\"og:url\" content=\"https:\/\/brasilnoticias.org\/site\/homem-e-morto-durante-viagem-por-aplicativo-apos-sair-de-audiencia-de-custodia-em-salvador\/\" \/>\n<meta property=\"og:site_name\" content=\"Brasil not\u00edcias\" \/>\n<meta property=\"article:published_time\" content=\"2023-08-31T22:19:57+00:00\" \/>\n<meta property=\"og:image\" content=\"https:\/\/brasilnoticias.org\/site\/wp-content\/uploads\/2023\/08\/whatsapp_image_2023-08-31_at_16.47.14_uBiGHgU_widelg.jpeg\" \/>\n\t<meta property=\"og:image:width\" content=\"800\" \/>\n\t<meta property=\"og:image:height\" content=\"450\" \/>\n\t<meta property=\"og:image:type\" content=\"image\/jpeg\" \/>\n<meta name=\"author\" content=\"Reda\u00e7\u00e3o\" \/>\n<meta name=\"twitter:card\" content=\"summary_large_image\" \/>\n<meta name=\"twitter:label1\" content=\"Escrito por\" \/>\n\t<meta name=\"twitter:data1\" content=\"Reda\u00e7\u00e3o\" \/>\n<script type=\"application\/ld+json\" class=\"yoast-schema-graph\">{\"@context\":\"https:\/\/schema.org\",\"@graph\":[{\"@type\":\"Article\",\"@id\":\"https:\/\/brasilnoticias.org\/site\/homem-e-morto-durante-viagem-por-aplicativo-apos-sair-de-audiencia-de-custodia-em-salvador\/#article\",\"isPartOf\":{\"@id\":\"https:\/\/brasilnoticias.org\/site\/homem-e-morto-durante-viagem-por-aplicativo-apos-sair-de-audiencia-de-custodia-em-salvador\/\"},\"author\":{\"name\":\"Reda\u00e7\u00e3o\",\"@id\":\"https:\/\/brasilnoticias.org\/site\/#\/schema\/person\/03bbbfe6c7634ad18c26444ea39049fa\"},\"headline\":\"Homem \u00e9 morto durante viagem por aplicativo ap\u00f3s sair de audi\u00eancia de cust\u00f3dia em Salvador\",\"datePublished\":\"2023-08-31T22:19:57+00:00\",\"mainEntityOfPage\":{\"@id\":\"https:\/\/brasilnoticias.org\/site\/homem-e-morto-durante-viagem-por-aplicativo-apos-sair-de-audiencia-de-custodia-em-salvador\/\"},\"wordCount\":196,\"commentCount\":0,\"publisher\":{\"@id\":\"https:\/\/brasilnoticias.org\/site\/#organization\"},\"image\":{\"@id\":\"https:\/\/brasilnoticias.org\/site\/homem-e-morto-durante-viagem-por-aplicativo-apos-sair-de-audiencia-de-custodia-em-salvador\/#primaryimage\"},\"thumbnailUrl\":\"https:\/\/brasilnoticias.org\/site\/wp-content\/uploads\/2023\/08\/whatsapp_image_2023-08-31_at_16.47.14_uBiGHgU_widelg.jpeg\",\"articleSection\":[\"Pol\u00edcia\",\"\u00daltimas\"],\"inLanguage\":\"pt-PT\",\"potentialAction\":[{\"@type\":\"CommentAction\",\"name\":\"Comment\",\"target\":[\"https:\/\/brasilnoticias.org\/site\/homem-e-morto-durante-viagem-por-aplicativo-apos-sair-de-audiencia-de-custodia-em-salvador\/#respond\"]}]},{\"@type\":\"WebPage\",\"@id\":\"https:\/\/brasilnoticias.org\/site\/homem-e-morto-durante-viagem-por-aplicativo-apos-sair-de-audiencia-de-custodia-em-salvador\/\",\"url\":\"https:\/\/brasilnoticias.org\/site\/homem-e-morto-durante-viagem-por-aplicativo-apos-sair-de-audiencia-de-custodia-em-salvador\/\",\"name\":\"Homem \u00e9 morto durante viagem por aplicativo ap\u00f3s sair de audi\u00eancia de cust\u00f3dia em Salvador - Brasil not\u00edcias\",\"isPartOf\":{\"@id\":\"https:\/\/brasilnoticias.org\/site\/#website\"},\"primaryImageOfPage\":{\"@id\":\"https:\/\/brasilnoticias.org\/site\/homem-e-morto-durante-viagem-por-aplicativo-apos-sair-de-audiencia-de-custodia-em-salvador\/#primaryimage\"},\"image\":{\"@id\":\"https:\/\/brasilnoticias.org\/site\/homem-e-morto-durante-viagem-por-aplicativo-apos-sair-de-audiencia-de-custodia-em-salvador\/#primaryimage\"},\"thumbnailUrl\":\"https:\/\/brasilnoticias.org\/site\/wp-content\/uploads\/2023\/08\/whatsapp_image_2023-08-31_at_16.47.14_uBiGHgU_widelg.jpeg\",\"datePublished\":\"2023-08-31T22:19:57+00:00\",\"breadcrumb\":{\"@id\":\"https:\/\/brasilnoticias.org\/site\/homem-e-morto-durante-viagem-por-aplicativo-apos-sair-de-audiencia-de-custodia-em-salvador\/#breadcrumb\"},\"inLanguage\":\"pt-PT\",\"potentialAction\":[{\"@type\":\"ReadAction\",\"target\":[\"https:\/\/brasilnoticias.org\/site\/homem-e-morto-durante-viagem-por-aplicativo-apos-sair-de-audiencia-de-custodia-em-salvador\/\"]}]},{\"@type\":\"ImageObject\",\"inLanguage\":\"pt-PT\",\"@id\":\"https:\/\/brasilnoticias.org\/site\/homem-e-morto-durante-viagem-por-aplicativo-apos-sair-de-audiencia-de-custodia-em-salvador\/#primaryimage\",\"url\":\"https:\/\/brasilnoticias.org\/site\/wp-content\/uploads\/2023\/08\/whatsapp_image_2023-08-31_at_16.47.14_uBiGHgU_widelg.jpeg\",\"contentUrl\":\"https:\/\/brasilnoticias.org\/site\/wp-content\/uploads\/2023\/08\/whatsapp_image_2023-08-31_at_16.47.14_uBiGHgU_widelg.jpeg\",\"width\":800,\"height\":450},{\"@type\":\"BreadcrumbList\",\"@id\":\"https:\/\/brasilnoticias.org\/site\/homem-e-morto-durante-viagem-por-aplicativo-apos-sair-de-audiencia-de-custodia-em-salvador\/#breadcrumb\",\"itemListElement\":[{\"@type\":\"ListItem\",\"position\":1,\"name\":\"In\u00edcio\",\"item\":\"https:\/\/brasilnoticias.org\/site\/\"},{\"@type\":\"ListItem\",\"position\":2,\"name\":\"Homem \u00e9 morto durante viagem por aplicativo ap\u00f3s sair de audi\u00eancia de cust\u00f3dia em Salvador\"}]},{\"@type\":\"WebSite\",\"@id\":\"https:\/\/brasilnoticias.org\/site\/#website\",\"url\":\"https:\/\/brasilnoticias.org\/site\/\",\"name\":\"Brasil not\u00edcias\",\"description\":\"Brasil not\u00edcias\",\"publisher\":{\"@id\":\"https:\/\/brasilnoticias.org\/site\/#organization\"},\"potentialAction\":[{\"@type\":\"SearchAction\",\"target\":{\"@type\":\"EntryPoint\",\"urlTemplate\":\"https:\/\/brasilnoticias.org\/site\/?s={search_term_string}\"},\"query-input\":{\"@type\":\"PropertyValueSpecification\",\"valueRequired\":true,\"valueName\":\"search_term_string\"}}],\"inLanguage\":\"pt-PT\"},{\"@type\":\"Organization\",\"@id\":\"https:\/\/brasilnoticias.org\/site\/#organization\",\"name\":\"Brasil not\u00edcias\",\"url\":\"https:\/\/brasilnoticias.org\/site\/\",\"logo\":{\"@type\":\"ImageObject\",\"inLanguage\":\"pt-PT\",\"@id\":\"https:\/\/brasilnoticias.org\/site\/#\/schema\/logo\/image\/\",\"url\":\"https:\/\/brasilnoticias.org\/site\/wp-content\/uploads\/2022\/05\/cropped-brasilnoticias-mini.jpg\",\"contentUrl\":\"https:\/\/brasilnoticias.org\/site\/wp-content\/uploads\/2022\/05\/cropped-brasilnoticias-mini.jpg\",\"width\":314,\"height\":86,\"caption\":\"Brasil not\u00edcias\"},\"image\":{\"@id\":\"https:\/\/brasilnoticias.org\/site\/#\/schema\/logo\/image\/\"}},{\"@type\":\"Person\",\"@id\":\"https:\/\/brasilnoticias.org\/site\/#\/schema\/person\/03bbbfe6c7634ad18c26444ea39049fa\",\"name\":\"Reda\u00e7\u00e3o\",\"image\":{\"@type\":\"ImageObject\",\"inLanguage\":\"pt-PT\",\"@id\":\"https:\/\/brasilnoticias.org\/site\/#\/schema\/person\/image\/\",\"url\":\"https:\/\/secure.gravatar.com\/avatar\/9ecaf7327a696cb23ad926fedded5f1f04d7049de9e445375d55b48c001a6e42?s=96&d=mm&r=g\",\"contentUrl\":\"https:\/\/secure.gravatar.com\/avatar\/9ecaf7327a696cb23ad926fedded5f1f04d7049de9e445375d55b48c001a6e42?s=96&d=mm&r=g\",\"caption\":\"Reda\u00e7\u00e3o\"},\"url\":\"https:\/\/brasilnoticias.org\/site\/author\/henrique\/\"}]}<\/script>\n<!-- \/ Yoast SEO plugin. -->","yoast_head_json":{"title":"Homem \u00e9 morto durante viagem por aplicativo ap\u00f3s sair de audi\u00eancia de cust\u00f3dia em Salvador - Brasil not\u00edcias","robots":{"index":"index","follow":"follow","max-snippet":"max-snippet:-1","max-image-preview":"max-image-preview:large","max-video-preview":"max-video-preview:-1"},"canonical":"https:\/\/brasilnoticias.org\/site\/homem-e-morto-durante-viagem-por-aplicativo-apos-sair-de-audiencia-de-custodia-em-salvador\/","og_locale":"pt_PT","og_type":"article","og_title":"Homem \u00e9 morto durante viagem por aplicativo ap\u00f3s sair de audi\u00eancia de cust\u00f3dia em Salvador - Brasil not\u00edcias","og_description":"V\u00edtima foi surpreendida no bairro do IAPI, quando ainda estava na viagem por aplicativo Um homem foi executado a tiros","og_url":"https:\/\/brasilnoticias.org\/site\/homem-e-morto-durante-viagem-por-aplicativo-apos-sair-de-audiencia-de-custodia-em-salvador\/","og_site_name":"Brasil not\u00edcias","article_published_time":"2023-08-31T22:19:57+00:00","og_image":[{"width":800,"height":450,"url":"https:\/\/brasilnoticias.org\/site\/wp-content\/uploads\/2023\/08\/whatsapp_image_2023-08-31_at_16.47.14_uBiGHgU_widelg.jpeg","type":"image\/jpeg"}],"author":"Reda\u00e7\u00e3o","twitter_card":"summary_large_image","twitter_misc":{"Escrito por":"Reda\u00e7\u00e3o"},"schema":{"@context":"https:\/\/schema.org","@graph":[{"@type":"Article","@id":"https:\/\/brasilnoticias.org\/site\/homem-e-morto-durante-viagem-por-aplicativo-apos-sair-de-audiencia-de-custodia-em-salvador\/#article","isPartOf":{"@id":"https:\/\/brasilnoticias.org\/site\/homem-e-morto-durante-viagem-por-aplicativo-apos-sair-de-audiencia-de-custodia-em-salvador\/"},"author":{"name":"Reda\u00e7\u00e3o","@id":"https:\/\/brasilnoticias.org\/site\/#\/schema\/person\/03bbbfe6c7634ad18c26444ea39049fa"},"headline":"Homem \u00e9 morto durante viagem por aplicativo ap\u00f3s sair de audi\u00eancia de cust\u00f3dia em Salvador","datePublished":"2023-08-31T22:19:57+00:00","mainEntityOfPage":{"@id":"https:\/\/brasilnoticias.org\/site\/homem-e-morto-durante-viagem-por-aplicativo-apos-sair-de-audiencia-de-custodia-em-salvador\/"},"wordCount":196,"commentCount":0,"publisher":{"@id":"https:\/\/brasilnoticias.org\/site\/#organization"},"image":{"@id":"https:\/\/brasilnoticias.org\/site\/homem-e-morto-durante-viagem-por-aplicativo-apos-sair-de-audiencia-de-custodia-em-salvador\/#primaryimage"},"thumbnailUrl":"https:\/\/brasilnoticias.org\/site\/wp-content\/uploads\/2023\/08\/whatsapp_image_2023-08-31_at_16.47.14_uBiGHgU_widelg.jpeg","articleSection":["Pol\u00edcia","\u00daltimas"],"inLanguage":"pt-PT","potentialAction":[{"@type":"CommentAction","name":"Comment","target":["https:\/\/brasilnoticias.org\/site\/homem-e-morto-durante-viagem-por-aplicativo-apos-sair-de-audiencia-de-custodia-em-salvador\/#respond"]}]},{"@type":"WebPage","@id":"https:\/\/brasilnoticias.org\/site\/homem-e-morto-durante-viagem-por-aplicativo-apos-sair-de-audiencia-de-custodia-em-salvador\/","url":"https:\/\/brasilnoticias.org\/site\/homem-e-morto-durante-viagem-por-aplicativo-apos-sair-de-audiencia-de-custodia-em-salvador\/","name":"Homem \u00e9 morto durante viagem por aplicativo ap\u00f3s sair de audi\u00eancia de cust\u00f3dia em Salvador - Brasil not\u00edcias","isPartOf":{"@id":"https:\/\/brasilnoticias.org\/site\/#website"},"primaryImageOfPage":{"@id":"https:\/\/brasilnoticias.org\/site\/homem-e-morto-durante-viagem-por-aplicativo-apos-sair-de-audiencia-de-custodia-em-salvador\/#primaryimage"},"image":{"@id":"https:\/\/brasilnoticias.org\/site\/homem-e-morto-durante-viagem-por-aplicativo-apos-sair-de-audiencia-de-custodia-em-salvador\/#primaryimage"},"thumbnailUrl":"https:\/\/brasilnoticias.org\/site\/wp-content\/uploads\/2023\/08\/whatsapp_image_2023-08-31_at_16.47.14_uBiGHgU_widelg.jpeg","datePublished":"2023-08-31T22:19:57+00:00","breadcrumb":{"@id":"https:\/\/brasilnoticias.org\/site\/homem-e-morto-durante-viagem-por-aplicativo-apos-sair-de-audiencia-de-custodia-em-salvador\/#breadcrumb"},"inLanguage":"pt-PT","potentialAction":[{"@type":"ReadAction","target":["https:\/\/brasilnoticias.org\/site\/homem-e-morto-durante-viagem-por-aplicativo-apos-sair-de-audiencia-de-custodia-em-salvador\/"]}]},{"@type":"ImageObject","inLanguage":"pt-PT","@id":"https:\/\/brasilnoticias.org\/site\/homem-e-morto-durante-viagem-por-aplicativo-apos-sair-de-audiencia-de-custodia-em-salvador\/#primaryimage","url":"https:\/\/brasilnoticias.org\/site\/wp-content\/uploads\/2023\/08\/whatsapp_image_2023-08-31_at_16.47.14_uBiGHgU_widelg.jpeg","contentUrl":"https:\/\/brasilnoticias.org\/site\/wp-content\/uploads\/2023\/08\/whatsapp_image_2023-08-31_at_16.47.14_uBiGHgU_widelg.jpeg","width":800,"height":450},{"@type":"BreadcrumbList","@id":"https:\/\/brasilnoticias.org\/site\/homem-e-morto-durante-viagem-por-aplicativo-apos-sair-de-audiencia-de-custodia-em-salvador\/#breadcrumb","itemListElement":[{"@type":"ListItem","position":1,"name":"In\u00edcio","item":"https:\/\/brasilnoticias.org\/site\/"},{"@type":"ListItem","position":2,"name":"Homem \u00e9 morto durante viagem por aplicativo ap\u00f3s sair de audi\u00eancia de cust\u00f3dia em Salvador"}]},{"@type":"WebSite","@id":"https:\/\/brasilnoticias.org\/site\/#website","url":"https:\/\/brasilnoticias.org\/site\/","name":"Brasil not\u00edcias","description":"Brasil not\u00edcias","publisher":{"@id":"https:\/\/brasilnoticias.org\/site\/#organization"},"potentialAction":[{"@type":"SearchAction","target":{"@type":"EntryPoint","urlTemplate":"https:\/\/brasilnoticias.org\/site\/?s={search_term_string}"},"query-input":{"@type":"PropertyValueSpecification","valueRequired":true,"valueName":"search_term_string"}}],"inLanguage":"pt-PT"},{"@type":"Organization","@id":"https:\/\/brasilnoticias.org\/site\/#organization","name":"Brasil not\u00edcias","url":"https:\/\/brasilnoticias.org\/site\/","logo":{"@type":"ImageObject","inLanguage":"pt-PT","@id":"https:\/\/brasilnoticias.org\/site\/#\/schema\/logo\/image\/","url":"https:\/\/brasilnoticias.org\/site\/wp-content\/uploads\/2022\/05\/cropped-brasilnoticias-mini.jpg","contentUrl":"https:\/\/brasilnoticias.org\/site\/wp-content\/uploads\/2022\/05\/cropped-brasilnoticias-mini.jpg","width":314,"height":86,"caption":"Brasil not\u00edcias"},"image":{"@id":"https:\/\/brasilnoticias.org\/site\/#\/schema\/logo\/image\/"}},{"@type":"Person","@id":"https:\/\/brasilnoticias.org\/site\/#\/schema\/person\/03bbbfe6c7634ad18c26444ea39049fa","name":"Reda\u00e7\u00e3o","image":{"@type":"ImageObject","inLanguage":"pt-PT","@id":"https:\/\/brasilnoticias.org\/site\/#\/schema\/person\/image\/","url":"https:\/\/secure.gravatar.com\/avatar\/9ecaf7327a696cb23ad926fedded5f1f04d7049de9e445375d55b48c001a6e42?s=96&d=mm&r=g","contentUrl":"https:\/\/secure.gravatar.com\/avatar\/9ecaf7327a696cb23ad926fedded5f1f04d7049de9e445375d55b48c001a6e42?s=96&d=mm&r=g","caption":"Reda\u00e7\u00e3o"},"url":"https:\/\/brasilnoticias.org\/site\/author\/henrique\/"}]}},"_links":{"self":[{"href":"https:\/\/brasilnoticias.org\/site\/wp-json\/wp\/v2\/posts\/8785","targetHints":{"allow":["GET"]}}],"collection":[{"href":"https:\/\/brasilnoticias.org\/site\/wp-json\/wp\/v2\/posts"}],"about":[{"href":"https:\/\/brasilnoticias.org\/site\/wp-json\/wp\/v2\/types\/post"}],"author":[{"embeddable":true,"href":"https:\/\/brasilnoticias.org\/site\/wp-json\/wp\/v2\/users\/4"}],"replies":[{"embeddable":true,"href":"https:\/\/brasilnoticias.org\/site\/wp-json\/wp\/v2\/comments?post=8785"}],"version-history":[{"count":1,"href":"https:\/\/brasilnoticias.org\/site\/wp-json\/wp\/v2\/posts\/8785\/revisions"}],"predecessor-version":[{"id":8787,"href":"https:\/\/brasilnoticias.org\/site\/wp-json\/wp\/v2\/posts\/8785\/revisions\/8787"}],"wp:featuredmedia":[{"embeddable":true,"href":"https:\/\/brasilnoticias.org\/site\/wp-json\/wp\/v2\/media\/8786"}],"wp:attachment":[{"href":"https:\/\/brasilnoticias.org\/site\/wp-json\/wp\/v2\/media?parent=8785"}],"wp:term":[{"taxonomy":"category","embeddable":true,"href":"https:\/\/brasilnoticias.org\/site\/wp-json\/wp\/v2\/categories?post=8785"},{"taxonomy":"post_tag","embeddable":true,"href":"https:\/\/brasilnoticias.org\/site\/wp-json\/wp\/v2\/tags?post=8785"}],"curies":[{"name":"wp","href":"https:\/\/api.w.org\/{rel}","templated":true}]}}