{"id":8794,"date":"2023-09-01T07:00:17","date_gmt":"2023-09-01T10:00:17","guid":{"rendered":"https:\/\/brasilnoticias.org\/site\/?p=8794"},"modified":"2023-08-31T19:27:38","modified_gmt":"2023-08-31T22:27:38","slug":"com-maxima-de-29oc-agosto-termina-com-clima-ensolarado-em-salvador-veja-como-fica-o-tempo-em-setembro","status":"publish","type":"post","link":"https:\/\/brasilnoticias.org\/site\/com-maxima-de-29oc-agosto-termina-com-clima-ensolarado-em-salvador-veja-como-fica-o-tempo-em-setembro\/","title":{"rendered":"Com m\u00e1xima de 29\u00baC, agosto termina com clima ensolarado em Salvador; veja como fica o tempo em setembro"},"content":{"rendered":"<p>M\u00eas teve menos chuvas do que o esperado devido ao fen\u00f4meno El Ni\u00f1o. Segundo meteorologista do Inmet, tempo seguir\u00e1 firme em setembro, m\u00eas que se inicia nesta sexta (1\u00ba).<\/p>\n<p>Agosto termina com o clima &#8220;de praia&#8221; em Salvador. Durante o m\u00eas, os acumulados de chuva foram 11% menor do que a m\u00e9dia esperada, de acordo com o Instituto Nacional de Meteorologia (Inmet). Em setembro, a expectativa \u00e9 que as temperaturas sigam altas na capital baiana.<\/p>\n<p>Segundo Cl\u00e1udia Val\u00e9ria, meteorologista do Inmet, o \u00edndice menor de chuvas j\u00e1 era algo esperado para agosto, por causa do fen\u00f4meno El Ni\u00f1o, que provoca altera\u00e7\u00f5es na temperatura da \u00e1gua do Oceano Pac\u00edfico.<\/p>\n<p>Essa mudan\u00e7a influencia o clima do Nordeste do Brasil, fazendo com que haja menos chuvas, menos dias nublados e temperaturas mais elevadas.<\/p>\n<p>&#8220;No Nordeste do Brasil, as esta\u00e7\u00f5es do ano sofrem grande variabilidade, muito por causa de fen\u00f4menos como El Ni\u00f1o e La Ni\u00f1a. Em alguns anos, o inverno \u00e9 mais quente e seco, mas tamb\u00e9m pode ser chuvoso&#8221;, explicou.<br \/>\nDevido ao fen\u00f4meno registrado neste ano, o acumulado de chuvas em agosto ficou em 115,9, quando a m\u00e9dia para o per\u00edodo \u00e9 de 129,7.<\/p>\n<p>Al\u00e9m disso, a temperatura ficou 1,6\u00baC maior do que a m\u00e9dia. Apesar disso, o m\u00eas n\u00e3o pode ser considerado at\u00edpico, justamente por causa dessa variabilidade causada pelos fen\u00f4menos.<\/p>\n<p>Ainda de acordo com a meteorologista, normalmente os meses mais chuvosos do ano s\u00e3o mar\u00e7o, abril, maio e junho.<\/p>\n<p>Setembro e a chegada da primavera<\/p>\n<p>Segundo Cl\u00e1udia Val\u00e9ria, os pr\u00f3ximos dias seguem sem muitas mudan\u00e7as no clima em Salvador. Com a chegada de setembro e consequentemente, a proximidade da primavera, a expectativa \u00e9 que as temperaturas sigam altas e o sol prevale\u00e7a. A primavera come\u00e7a em 23 de setembro.<\/p>\n<p>Conforme o Inmet, a previs\u00e3o para as regi\u00f5es Norte e Nordeste \u00e9 de chuva pr\u00f3xima ou ligeiramente abaixo da climatologia do m\u00eas.<\/p>\n<p>As nuvens podem at\u00e9 aparecer no in\u00edcio da manh\u00e3 e podem ocorrer chuvas r\u00e1pidas durante o dia na Bahia. Apesar disso, o sol &#8211; e a possibilidade de uma ida \u00e0 praia &#8211; vai prevalecer no estado.<\/p>\n<p>Ainda na Bahia, no primeiro final de semana de setembro, as temperaturas ficar\u00e3o entre 23\u00baC e 29\u00baC. Conforme divulgado pelo Inmet, o s\u00e1bado (2) e o domingo (3) poder\u00e3o ser exce\u00e7\u00f5es do m\u00eas, pois h\u00e1 possibilidade de tempo nublado e chuva.<\/p>\n<p>Foto: Malu Vieira<br \/>\nG1<\/p>\n","protected":false},"excerpt":{"rendered":"<p>M\u00eas teve menos chuvas do que o esperado devido ao fen\u00f4meno El Ni\u00f1o. Segundo meteorologista do Inmet, tempo seguir\u00e1 firme<\/p>\n","protected":false},"author":4,"featured_media":8795,"comment_status":"open","ping_status":"open","sticky":false,"template":"","format":"standard","meta":{"colormag_page_container_layout":"default_layout","colormag_page_sidebar_layout":"default_layout","_FSMCFIC_featured_image_caption":"","_FSMCFIC_featured_image_nocaption":"","_FSMCFIC_featured_image_hide":"","footnotes":""},"categories":[2,1],"tags":[],"class_list":["post-8794","post","type-post","status-publish","format-standard","has-post-thumbnail","hentry","category-noticias","category-ultimas"],"yoast_head":"<!-- This site is optimized with the Yoast SEO plugin v27.1.1 - https:\/\/yoast.com\/product\/yoast-seo-wordpress\/ -->\n<title>Com m\u00e1xima de 29\u00baC, agosto termina com clima ensolarado em Salvador; veja como fica o tempo em setembro - Brasil not\u00edcias<\/title>\n<meta name=\"robots\" content=\"index, follow, max-snippet:-1, max-image-preview:large, max-video-preview:-1\" \/>\n<link rel=\"canonical\" href=\"https:\/\/brasilnoticias.org\/site\/com-maxima-de-29oc-agosto-termina-com-clima-ensolarado-em-salvador-veja-como-fica-o-tempo-em-setembro\/\" \/>\n<meta property=\"og:locale\" content=\"pt_PT\" \/>\n<meta property=\"og:type\" content=\"article\" \/>\n<meta property=\"og:title\" content=\"Com m\u00e1xima de 29\u00baC, agosto termina com clima ensolarado em Salvador; veja como fica o tempo em setembro - Brasil not\u00edcias\" \/>\n<meta property=\"og:description\" content=\"M\u00eas teve menos chuvas do que o esperado devido ao fen\u00f4meno El Ni\u00f1o. Segundo meteorologista do Inmet, tempo seguir\u00e1 firme\" \/>\n<meta property=\"og:url\" content=\"https:\/\/brasilnoticias.org\/site\/com-maxima-de-29oc-agosto-termina-com-clima-ensolarado-em-salvador-veja-como-fica-o-tempo-em-setembro\/\" \/>\n<meta property=\"og:site_name\" content=\"Brasil not\u00edcias\" \/>\n<meta property=\"article:published_time\" content=\"2023-09-01T10:00:17+00:00\" \/>\n<meta property=\"og:image\" content=\"https:\/\/brasilnoticias.org\/site\/wp-content\/uploads\/2023\/08\/sao-tome-de-paripe-em-frente-a-casa-vila-maria-ao-lado-da-rampa-de-acesso-a-praia-periperi-na-saida-de-acesso-a-praia-apos-travessia-da-via-ferrea-pedra-furada-atras-do-hospital-sagrada-f-3-.webp\" \/>\n\t<meta property=\"og:image:width\" content=\"984\" \/>\n\t<meta property=\"og:image:height\" content=\"847\" \/>\n\t<meta property=\"og:image:type\" content=\"image\/webp\" \/>\n<meta name=\"author\" content=\"Reda\u00e7\u00e3o\" \/>\n<meta name=\"twitter:card\" content=\"summary_large_image\" \/>\n<meta name=\"twitter:label1\" content=\"Escrito por\" \/>\n\t<meta name=\"twitter:data1\" content=\"Reda\u00e7\u00e3o\" \/>\n<script type=\"application\/ld+json\" class=\"yoast-schema-graph\">{\"@context\":\"https:\/\/schema.org\",\"@graph\":[{\"@type\":\"Article\",\"@id\":\"https:\/\/brasilnoticias.org\/site\/com-maxima-de-29oc-agosto-termina-com-clima-ensolarado-em-salvador-veja-como-fica-o-tempo-em-setembro\/#article\",\"isPartOf\":{\"@id\":\"https:\/\/brasilnoticias.org\/site\/com-maxima-de-29oc-agosto-termina-com-clima-ensolarado-em-salvador-veja-como-fica-o-tempo-em-setembro\/\"},\"author\":{\"name\":\"Reda\u00e7\u00e3o\",\"@id\":\"https:\/\/brasilnoticias.org\/site\/#\/schema\/person\/03bbbfe6c7634ad18c26444ea39049fa\"},\"headline\":\"Com m\u00e1xima de 29\u00baC, agosto termina com clima ensolarado em Salvador; veja como fica o tempo em setembro\",\"datePublished\":\"2023-09-01T10:00:17+00:00\",\"mainEntityOfPage\":{\"@id\":\"https:\/\/brasilnoticias.org\/site\/com-maxima-de-29oc-agosto-termina-com-clima-ensolarado-em-salvador-veja-como-fica-o-tempo-em-setembro\/\"},\"wordCount\":445,\"commentCount\":0,\"publisher\":{\"@id\":\"https:\/\/brasilnoticias.org\/site\/#organization\"},\"image\":{\"@id\":\"https:\/\/brasilnoticias.org\/site\/com-maxima-de-29oc-agosto-termina-com-clima-ensolarado-em-salvador-veja-como-fica-o-tempo-em-setembro\/#primaryimage\"},\"thumbnailUrl\":\"https:\/\/brasilnoticias.org\/site\/wp-content\/uploads\/2023\/08\/sao-tome-de-paripe-em-frente-a-casa-vila-maria-ao-lado-da-rampa-de-acesso-a-praia-periperi-na-saida-de-acesso-a-praia-apos-travessia-da-via-ferrea-pedra-furada-atras-do-hospital-sagrada-f-3-.webp\",\"articleSection\":[\"Not\u00edcias\",\"\u00daltimas\"],\"inLanguage\":\"pt-PT\",\"potentialAction\":[{\"@type\":\"CommentAction\",\"name\":\"Comment\",\"target\":[\"https:\/\/brasilnoticias.org\/site\/com-maxima-de-29oc-agosto-termina-com-clima-ensolarado-em-salvador-veja-como-fica-o-tempo-em-setembro\/#respond\"]}]},{\"@type\":\"WebPage\",\"@id\":\"https:\/\/brasilnoticias.org\/site\/com-maxima-de-29oc-agosto-termina-com-clima-ensolarado-em-salvador-veja-como-fica-o-tempo-em-setembro\/\",\"url\":\"https:\/\/brasilnoticias.org\/site\/com-maxima-de-29oc-agosto-termina-com-clima-ensolarado-em-salvador-veja-como-fica-o-tempo-em-setembro\/\",\"name\":\"Com m\u00e1xima de 29\u00baC, agosto termina com clima ensolarado em Salvador; veja como fica o tempo em setembro - Brasil not\u00edcias\",\"isPartOf\":{\"@id\":\"https:\/\/brasilnoticias.org\/site\/#website\"},\"primaryImageOfPage\":{\"@id\":\"https:\/\/brasilnoticias.org\/site\/com-maxima-de-29oc-agosto-termina-com-clima-ensolarado-em-salvador-veja-como-fica-o-tempo-em-setembro\/#primaryimage\"},\"image\":{\"@id\":\"https:\/\/brasilnoticias.org\/site\/com-maxima-de-29oc-agosto-termina-com-clima-ensolarado-em-salvador-veja-como-fica-o-tempo-em-setembro\/#primaryimage\"},\"thumbnailUrl\":\"https:\/\/brasilnoticias.org\/site\/wp-content\/uploads\/2023\/08\/sao-tome-de-paripe-em-frente-a-casa-vila-maria-ao-lado-da-rampa-de-acesso-a-praia-periperi-na-saida-de-acesso-a-praia-apos-travessia-da-via-ferrea-pedra-furada-atras-do-hospital-sagrada-f-3-.webp\",\"datePublished\":\"2023-09-01T10:00:17+00:00\",\"breadcrumb\":{\"@id\":\"https:\/\/brasilnoticias.org\/site\/com-maxima-de-29oc-agosto-termina-com-clima-ensolarado-em-salvador-veja-como-fica-o-tempo-em-setembro\/#breadcrumb\"},\"inLanguage\":\"pt-PT\",\"potentialAction\":[{\"@type\":\"ReadAction\",\"target\":[\"https:\/\/brasilnoticias.org\/site\/com-maxima-de-29oc-agosto-termina-com-clima-ensolarado-em-salvador-veja-como-fica-o-tempo-em-setembro\/\"]}]},{\"@type\":\"ImageObject\",\"inLanguage\":\"pt-PT\",\"@id\":\"https:\/\/brasilnoticias.org\/site\/com-maxima-de-29oc-agosto-termina-com-clima-ensolarado-em-salvador-veja-como-fica-o-tempo-em-setembro\/#primaryimage\",\"url\":\"https:\/\/brasilnoticias.org\/site\/wp-content\/uploads\/2023\/08\/sao-tome-de-paripe-em-frente-a-casa-vila-maria-ao-lado-da-rampa-de-acesso-a-praia-periperi-na-saida-de-acesso-a-praia-apos-travessia-da-via-ferrea-pedra-furada-atras-do-hospital-sagrada-f-3-.webp\",\"contentUrl\":\"https:\/\/brasilnoticias.org\/site\/wp-content\/uploads\/2023\/08\/sao-tome-de-paripe-em-frente-a-casa-vila-maria-ao-lado-da-rampa-de-acesso-a-praia-periperi-na-saida-de-acesso-a-praia-apos-travessia-da-via-ferrea-pedra-furada-atras-do-hospital-sagrada-f-3-.webp\",\"width\":984,\"height\":847},{\"@type\":\"BreadcrumbList\",\"@id\":\"https:\/\/brasilnoticias.org\/site\/com-maxima-de-29oc-agosto-termina-com-clima-ensolarado-em-salvador-veja-como-fica-o-tempo-em-setembro\/#breadcrumb\",\"itemListElement\":[{\"@type\":\"ListItem\",\"position\":1,\"name\":\"In\u00edcio\",\"item\":\"https:\/\/brasilnoticias.org\/site\/\"},{\"@type\":\"ListItem\",\"position\":2,\"name\":\"Com m\u00e1xima de 29\u00baC, agosto termina com clima ensolarado em Salvador; veja como fica o tempo em setembro\"}]},{\"@type\":\"WebSite\",\"@id\":\"https:\/\/brasilnoticias.org\/site\/#website\",\"url\":\"https:\/\/brasilnoticias.org\/site\/\",\"name\":\"Brasil not\u00edcias\",\"description\":\"Brasil not\u00edcias\",\"publisher\":{\"@id\":\"https:\/\/brasilnoticias.org\/site\/#organization\"},\"potentialAction\":[{\"@type\":\"SearchAction\",\"target\":{\"@type\":\"EntryPoint\",\"urlTemplate\":\"https:\/\/brasilnoticias.org\/site\/?s={search_term_string}\"},\"query-input\":{\"@type\":\"PropertyValueSpecification\",\"valueRequired\":true,\"valueName\":\"search_term_string\"}}],\"inLanguage\":\"pt-PT\"},{\"@type\":\"Organization\",\"@id\":\"https:\/\/brasilnoticias.org\/site\/#organization\",\"name\":\"Brasil not\u00edcias\",\"url\":\"https:\/\/brasilnoticias.org\/site\/\",\"logo\":{\"@type\":\"ImageObject\",\"inLanguage\":\"pt-PT\",\"@id\":\"https:\/\/brasilnoticias.org\/site\/#\/schema\/logo\/image\/\",\"url\":\"https:\/\/brasilnoticias.org\/site\/wp-content\/uploads\/2022\/05\/cropped-brasilnoticias-mini.jpg\",\"contentUrl\":\"https:\/\/brasilnoticias.org\/site\/wp-content\/uploads\/2022\/05\/cropped-brasilnoticias-mini.jpg\",\"width\":314,\"height\":86,\"caption\":\"Brasil not\u00edcias\"},\"image\":{\"@id\":\"https:\/\/brasilnoticias.org\/site\/#\/schema\/logo\/image\/\"}},{\"@type\":\"Person\",\"@id\":\"https:\/\/brasilnoticias.org\/site\/#\/schema\/person\/03bbbfe6c7634ad18c26444ea39049fa\",\"name\":\"Reda\u00e7\u00e3o\",\"image\":{\"@type\":\"ImageObject\",\"inLanguage\":\"pt-PT\",\"@id\":\"https:\/\/brasilnoticias.org\/site\/#\/schema\/person\/image\/\",\"url\":\"https:\/\/secure.gravatar.com\/avatar\/9ecaf7327a696cb23ad926fedded5f1f04d7049de9e445375d55b48c001a6e42?s=96&d=mm&r=g\",\"contentUrl\":\"https:\/\/secure.gravatar.com\/avatar\/9ecaf7327a696cb23ad926fedded5f1f04d7049de9e445375d55b48c001a6e42?s=96&d=mm&r=g\",\"caption\":\"Reda\u00e7\u00e3o\"},\"url\":\"https:\/\/brasilnoticias.org\/site\/author\/henrique\/\"}]}<\/script>\n<!-- \/ Yoast SEO plugin. -->","yoast_head_json":{"title":"Com m\u00e1xima de 29\u00baC, agosto termina com clima ensolarado em Salvador; veja como fica o tempo em setembro - Brasil not\u00edcias","robots":{"index":"index","follow":"follow","max-snippet":"max-snippet:-1","max-image-preview":"max-image-preview:large","max-video-preview":"max-video-preview:-1"},"canonical":"https:\/\/brasilnoticias.org\/site\/com-maxima-de-29oc-agosto-termina-com-clima-ensolarado-em-salvador-veja-como-fica-o-tempo-em-setembro\/","og_locale":"pt_PT","og_type":"article","og_title":"Com m\u00e1xima de 29\u00baC, agosto termina com clima ensolarado em Salvador; veja como fica o tempo em setembro - Brasil not\u00edcias","og_description":"M\u00eas teve menos chuvas do que o esperado devido ao fen\u00f4meno El Ni\u00f1o. Segundo meteorologista do Inmet, tempo seguir\u00e1 firme","og_url":"https:\/\/brasilnoticias.org\/site\/com-maxima-de-29oc-agosto-termina-com-clima-ensolarado-em-salvador-veja-como-fica-o-tempo-em-setembro\/","og_site_name":"Brasil not\u00edcias","article_published_time":"2023-09-01T10:00:17+00:00","og_image":[{"width":984,"height":847,"url":"https:\/\/brasilnoticias.org\/site\/wp-content\/uploads\/2023\/08\/sao-tome-de-paripe-em-frente-a-casa-vila-maria-ao-lado-da-rampa-de-acesso-a-praia-periperi-na-saida-de-acesso-a-praia-apos-travessia-da-via-ferrea-pedra-furada-atras-do-hospital-sagrada-f-3-.webp","type":"image\/webp"}],"author":"Reda\u00e7\u00e3o","twitter_card":"summary_large_image","twitter_misc":{"Escrito por":"Reda\u00e7\u00e3o"},"schema":{"@context":"https:\/\/schema.org","@graph":[{"@type":"Article","@id":"https:\/\/brasilnoticias.org\/site\/com-maxima-de-29oc-agosto-termina-com-clima-ensolarado-em-salvador-veja-como-fica-o-tempo-em-setembro\/#article","isPartOf":{"@id":"https:\/\/brasilnoticias.org\/site\/com-maxima-de-29oc-agosto-termina-com-clima-ensolarado-em-salvador-veja-como-fica-o-tempo-em-setembro\/"},"author":{"name":"Reda\u00e7\u00e3o","@id":"https:\/\/brasilnoticias.org\/site\/#\/schema\/person\/03bbbfe6c7634ad18c26444ea39049fa"},"headline":"Com m\u00e1xima de 29\u00baC, agosto termina com clima ensolarado em Salvador; veja como fica o tempo em setembro","datePublished":"2023-09-01T10:00:17+00:00","mainEntityOfPage":{"@id":"https:\/\/brasilnoticias.org\/site\/com-maxima-de-29oc-agosto-termina-com-clima-ensolarado-em-salvador-veja-como-fica-o-tempo-em-setembro\/"},"wordCount":445,"commentCount":0,"publisher":{"@id":"https:\/\/brasilnoticias.org\/site\/#organization"},"image":{"@id":"https:\/\/brasilnoticias.org\/site\/com-maxima-de-29oc-agosto-termina-com-clima-ensolarado-em-salvador-veja-como-fica-o-tempo-em-setembro\/#primaryimage"},"thumbnailUrl":"https:\/\/brasilnoticias.org\/site\/wp-content\/uploads\/2023\/08\/sao-tome-de-paripe-em-frente-a-casa-vila-maria-ao-lado-da-rampa-de-acesso-a-praia-periperi-na-saida-de-acesso-a-praia-apos-travessia-da-via-ferrea-pedra-furada-atras-do-hospital-sagrada-f-3-.webp","articleSection":["Not\u00edcias","\u00daltimas"],"inLanguage":"pt-PT","potentialAction":[{"@type":"CommentAction","name":"Comment","target":["https:\/\/brasilnoticias.org\/site\/com-maxima-de-29oc-agosto-termina-com-clima-ensolarado-em-salvador-veja-como-fica-o-tempo-em-setembro\/#respond"]}]},{"@type":"WebPage","@id":"https:\/\/brasilnoticias.org\/site\/com-maxima-de-29oc-agosto-termina-com-clima-ensolarado-em-salvador-veja-como-fica-o-tempo-em-setembro\/","url":"https:\/\/brasilnoticias.org\/site\/com-maxima-de-29oc-agosto-termina-com-clima-ensolarado-em-salvador-veja-como-fica-o-tempo-em-setembro\/","name":"Com m\u00e1xima de 29\u00baC, agosto termina com clima ensolarado em Salvador; veja como fica o tempo em setembro - Brasil not\u00edcias","isPartOf":{"@id":"https:\/\/brasilnoticias.org\/site\/#website"},"primaryImageOfPage":{"@id":"https:\/\/brasilnoticias.org\/site\/com-maxima-de-29oc-agosto-termina-com-clima-ensolarado-em-salvador-veja-como-fica-o-tempo-em-setembro\/#primaryimage"},"image":{"@id":"https:\/\/brasilnoticias.org\/site\/com-maxima-de-29oc-agosto-termina-com-clima-ensolarado-em-salvador-veja-como-fica-o-tempo-em-setembro\/#primaryimage"},"thumbnailUrl":"https:\/\/brasilnoticias.org\/site\/wp-content\/uploads\/2023\/08\/sao-tome-de-paripe-em-frente-a-casa-vila-maria-ao-lado-da-rampa-de-acesso-a-praia-periperi-na-saida-de-acesso-a-praia-apos-travessia-da-via-ferrea-pedra-furada-atras-do-hospital-sagrada-f-3-.webp","datePublished":"2023-09-01T10:00:17+00:00","breadcrumb":{"@id":"https:\/\/brasilnoticias.org\/site\/com-maxima-de-29oc-agosto-termina-com-clima-ensolarado-em-salvador-veja-como-fica-o-tempo-em-setembro\/#breadcrumb"},"inLanguage":"pt-PT","potentialAction":[{"@type":"ReadAction","target":["https:\/\/brasilnoticias.org\/site\/com-maxima-de-29oc-agosto-termina-com-clima-ensolarado-em-salvador-veja-como-fica-o-tempo-em-setembro\/"]}]},{"@type":"ImageObject","inLanguage":"pt-PT","@id":"https:\/\/brasilnoticias.org\/site\/com-maxima-de-29oc-agosto-termina-com-clima-ensolarado-em-salvador-veja-como-fica-o-tempo-em-setembro\/#primaryimage","url":"https:\/\/brasilnoticias.org\/site\/wp-content\/uploads\/2023\/08\/sao-tome-de-paripe-em-frente-a-casa-vila-maria-ao-lado-da-rampa-de-acesso-a-praia-periperi-na-saida-de-acesso-a-praia-apos-travessia-da-via-ferrea-pedra-furada-atras-do-hospital-sagrada-f-3-.webp","contentUrl":"https:\/\/brasilnoticias.org\/site\/wp-content\/uploads\/2023\/08\/sao-tome-de-paripe-em-frente-a-casa-vila-maria-ao-lado-da-rampa-de-acesso-a-praia-periperi-na-saida-de-acesso-a-praia-apos-travessia-da-via-ferrea-pedra-furada-atras-do-hospital-sagrada-f-3-.webp","width":984,"height":847},{"@type":"BreadcrumbList","@id":"https:\/\/brasilnoticias.org\/site\/com-maxima-de-29oc-agosto-termina-com-clima-ensolarado-em-salvador-veja-como-fica-o-tempo-em-setembro\/#breadcrumb","itemListElement":[{"@type":"ListItem","position":1,"name":"In\u00edcio","item":"https:\/\/brasilnoticias.org\/site\/"},{"@type":"ListItem","position":2,"name":"Com m\u00e1xima de 29\u00baC, agosto termina com clima ensolarado em Salvador; veja como fica o tempo em setembro"}]},{"@type":"WebSite","@id":"https:\/\/brasilnoticias.org\/site\/#website","url":"https:\/\/brasilnoticias.org\/site\/","name":"Brasil not\u00edcias","description":"Brasil not\u00edcias","publisher":{"@id":"https:\/\/brasilnoticias.org\/site\/#organization"},"potentialAction":[{"@type":"SearchAction","target":{"@type":"EntryPoint","urlTemplate":"https:\/\/brasilnoticias.org\/site\/?s={search_term_string}"},"query-input":{"@type":"PropertyValueSpecification","valueRequired":true,"valueName":"search_term_string"}}],"inLanguage":"pt-PT"},{"@type":"Organization","@id":"https:\/\/brasilnoticias.org\/site\/#organization","name":"Brasil not\u00edcias","url":"https:\/\/brasilnoticias.org\/site\/","logo":{"@type":"ImageObject","inLanguage":"pt-PT","@id":"https:\/\/brasilnoticias.org\/site\/#\/schema\/logo\/image\/","url":"https:\/\/brasilnoticias.org\/site\/wp-content\/uploads\/2022\/05\/cropped-brasilnoticias-mini.jpg","contentUrl":"https:\/\/brasilnoticias.org\/site\/wp-content\/uploads\/2022\/05\/cropped-brasilnoticias-mini.jpg","width":314,"height":86,"caption":"Brasil not\u00edcias"},"image":{"@id":"https:\/\/brasilnoticias.org\/site\/#\/schema\/logo\/image\/"}},{"@type":"Person","@id":"https:\/\/brasilnoticias.org\/site\/#\/schema\/person\/03bbbfe6c7634ad18c26444ea39049fa","name":"Reda\u00e7\u00e3o","image":{"@type":"ImageObject","inLanguage":"pt-PT","@id":"https:\/\/brasilnoticias.org\/site\/#\/schema\/person\/image\/","url":"https:\/\/secure.gravatar.com\/avatar\/9ecaf7327a696cb23ad926fedded5f1f04d7049de9e445375d55b48c001a6e42?s=96&d=mm&r=g","contentUrl":"https:\/\/secure.gravatar.com\/avatar\/9ecaf7327a696cb23ad926fedded5f1f04d7049de9e445375d55b48c001a6e42?s=96&d=mm&r=g","caption":"Reda\u00e7\u00e3o"},"url":"https:\/\/brasilnoticias.org\/site\/author\/henrique\/"}]}},"_links":{"self":[{"href":"https:\/\/brasilnoticias.org\/site\/wp-json\/wp\/v2\/posts\/8794","targetHints":{"allow":["GET"]}}],"collection":[{"href":"https:\/\/brasilnoticias.org\/site\/wp-json\/wp\/v2\/posts"}],"about":[{"href":"https:\/\/brasilnoticias.org\/site\/wp-json\/wp\/v2\/types\/post"}],"author":[{"embeddable":true,"href":"https:\/\/brasilnoticias.org\/site\/wp-json\/wp\/v2\/users\/4"}],"replies":[{"embeddable":true,"href":"https:\/\/brasilnoticias.org\/site\/wp-json\/wp\/v2\/comments?post=8794"}],"version-history":[{"count":1,"href":"https:\/\/brasilnoticias.org\/site\/wp-json\/wp\/v2\/posts\/8794\/revisions"}],"predecessor-version":[{"id":8796,"href":"https:\/\/brasilnoticias.org\/site\/wp-json\/wp\/v2\/posts\/8794\/revisions\/8796"}],"wp:featuredmedia":[{"embeddable":true,"href":"https:\/\/brasilnoticias.org\/site\/wp-json\/wp\/v2\/media\/8795"}],"wp:attachment":[{"href":"https:\/\/brasilnoticias.org\/site\/wp-json\/wp\/v2\/media?parent=8794"}],"wp:term":[{"taxonomy":"category","embeddable":true,"href":"https:\/\/brasilnoticias.org\/site\/wp-json\/wp\/v2\/categories?post=8794"},{"taxonomy":"post_tag","embeddable":true,"href":"https:\/\/brasilnoticias.org\/site\/wp-json\/wp\/v2\/tags?post=8794"}],"curies":[{"name":"wp","href":"https:\/\/api.w.org\/{rel}","templated":true}]}}