{"id":8806,"date":"2023-09-01T11:00:21","date_gmt":"2023-09-01T14:00:21","guid":{"rendered":"https:\/\/brasilnoticias.org\/site\/?p=8806"},"modified":"2023-08-31T19:39:54","modified_gmt":"2023-08-31T22:39:54","slug":"em-tentativa-de-chamar-atencao-do-poder-publico-moradores-do-buracao-organizam-manifestacao","status":"publish","type":"post","link":"https:\/\/brasilnoticias.org\/site\/em-tentativa-de-chamar-atencao-do-poder-publico-moradores-do-buracao-organizam-manifestacao\/","title":{"rendered":"Em tentativa de \u201cchamar aten\u00e7\u00e3o do Poder P\u00fablico\u201d, moradores do Burac\u00e3o organizam manifesta\u00e7\u00e3o"},"content":{"rendered":"<p>O ato acontece neste domingo e deve contar com interven\u00e7\u00e3o art\u00edstica atrav\u00e9s do uso de sombreiros, em alus\u00e3o dos efeitos que a constru\u00e7\u00e3o de tr\u00eas pr\u00e9dios deve gerar na praia<\/p>\n<p>A Associa\u00e7\u00e3o de Moradores do Rio Vermelho, junto com integrantes do movimento S.O.S Burac\u00e3o, realizam neste domingo (03) uma manifesta\u00e7\u00e3o para chamar aten\u00e7\u00e3o do Poder P\u00fablico para a causa. O ato acontece contr\u00e1rio a constru\u00e7\u00e3o de 3 torres de 18 andares que podem sombrear a praia, o que traria impactos ecol\u00f3gicos ao local. <\/p>\n<p>Ao Metro1, Joseli Chaves Pereira, ex-presidente da associa\u00e7\u00e3o do bairro e moradora h\u00e1 25 anos da rua, comentou a import\u00e2ncia do ato. \u201cA gente vai ter essa manifesta\u00e7\u00e3o no domingo porque agora a gente est\u00e1 reunindo outros movimentos sociais. N\u00e3o \u00e9 um movimento do bairro do Rio Vermelho, \u00e9 um movimento necess\u00e1rio para a cidade. Essa praia \u00e9 uma rel\u00edquia nossa\u201d, afirmou.<\/p>\n<p>Segundo ela, a proposta \u00e9 fazer um movimento art\u00edstico atrav\u00e9s do uso de sombreiros, representando o efeito que a constru\u00e7\u00e3o ter\u00e1 na praia. Joseli ainda comenta que a implementa\u00e7\u00e3o das barracas na praia j\u00e1 tornou a regi\u00e3o intransit\u00e1vel, e a Prefeitura nunca prestou suporte para as queixas dos moradores, agora a quest\u00e3o se agravaria com os pr\u00e9dios.<\/p>\n<p>O Ouvidor-Geral da C\u00e2mara, Augusto Vasconcelos (PCdoB), reiterou as cr\u00edticas e disse que mesmo enquanto representante do Poder Legislativo municipal n\u00e3o recebeu retorno da Secretaria de Desenvolvimento Urbano (Sedur). \u201cA Secretaria n\u00e3o deu uma resposta formal, se limitou a falar na imprensa que n\u00e3o deu autoriza\u00e7\u00e3o para continuidade deste projeto. Foi a mobiliza\u00e7\u00e3o popular que fez com que houvesse uma esfriada nos planos da constru\u00e7\u00e3o, j\u00e1 que eles n\u00e3o possuem essa autoriza\u00e7\u00e3o. De qualquer modo, precisamos continuar cobrando para n\u00e3o avan\u00e7arem, queremos informa\u00e7\u00f5es detalhadas sobre esse processo administrativo do pedido feito para contru\u00e7\u00e3o\u201d, disse ao Metro1.<\/p>\n<p>Foto: Reprodu\u00e7\u00e3o Trip Advisor \/ S.O.S Burac\u00e3o<br \/>\nMetro1<\/p>\n","protected":false},"excerpt":{"rendered":"<p>O ato acontece neste domingo e deve contar com interven\u00e7\u00e3o art\u00edstica atrav\u00e9s do uso de sombreiros, em alus\u00e3o dos efeitos<\/p>\n","protected":false},"author":4,"featured_media":8807,"comment_status":"open","ping_status":"open","sticky":false,"template":"","format":"standard","meta":{"colormag_page_container_layout":"default_layout","colormag_page_sidebar_layout":"default_layout","_FSMCFIC_featured_image_caption":"","_FSMCFIC_featured_image_nocaption":"","_FSMCFIC_featured_image_hide":"","footnotes":""},"categories":[2,1],"tags":[],"class_list":["post-8806","post","type-post","status-publish","format-standard","has-post-thumbnail","hentry","category-noticias","category-ultimas"],"yoast_head":"<!-- This site is optimized with the Yoast SEO plugin v27.1.1 - https:\/\/yoast.com\/product\/yoast-seo-wordpress\/ -->\n<title>Em tentativa de \u201cchamar aten\u00e7\u00e3o do Poder P\u00fablico\u201d, moradores do Burac\u00e3o organizam manifesta\u00e7\u00e3o - Brasil not\u00edcias<\/title>\n<meta name=\"robots\" content=\"index, follow, max-snippet:-1, max-image-preview:large, max-video-preview:-1\" \/>\n<link rel=\"canonical\" href=\"https:\/\/brasilnoticias.org\/site\/em-tentativa-de-chamar-atencao-do-poder-publico-moradores-do-buracao-organizam-manifestacao\/\" \/>\n<meta property=\"og:locale\" content=\"pt_PT\" \/>\n<meta property=\"og:type\" content=\"article\" \/>\n<meta property=\"og:title\" content=\"Em tentativa de \u201cchamar aten\u00e7\u00e3o do Poder P\u00fablico\u201d, moradores do Burac\u00e3o organizam manifesta\u00e7\u00e3o - Brasil not\u00edcias\" \/>\n<meta property=\"og:description\" content=\"O ato acontece neste domingo e deve contar com interven\u00e7\u00e3o art\u00edstica atrav\u00e9s do uso de sombreiros, em alus\u00e3o dos efeitos\" \/>\n<meta property=\"og:url\" content=\"https:\/\/brasilnoticias.org\/site\/em-tentativa-de-chamar-atencao-do-poder-publico-moradores-do-buracao-organizam-manifestacao\/\" \/>\n<meta property=\"og:site_name\" content=\"Brasil not\u00edcias\" \/>\n<meta property=\"article:published_time\" content=\"2023-09-01T14:00:21+00:00\" \/>\n<meta property=\"og:image\" content=\"https:\/\/brasilnoticias.org\/site\/wp-content\/uploads\/2023\/08\/140475em-tentativa-de-chamar-atencao-do-poder-publico-moradores-do-buracao-organizam-manifestacao-3.jpg\" \/>\n\t<meta property=\"og:image:width\" content=\"1600\" \/>\n\t<meta property=\"og:image:height\" content=\"752\" \/>\n\t<meta property=\"og:image:type\" content=\"image\/jpeg\" \/>\n<meta name=\"author\" content=\"Reda\u00e7\u00e3o\" \/>\n<meta name=\"twitter:card\" content=\"summary_large_image\" \/>\n<meta name=\"twitter:label1\" content=\"Escrito por\" \/>\n\t<meta name=\"twitter:data1\" content=\"Reda\u00e7\u00e3o\" \/>\n<script type=\"application\/ld+json\" class=\"yoast-schema-graph\">{\"@context\":\"https:\/\/schema.org\",\"@graph\":[{\"@type\":\"Article\",\"@id\":\"https:\/\/brasilnoticias.org\/site\/em-tentativa-de-chamar-atencao-do-poder-publico-moradores-do-buracao-organizam-manifestacao\/#article\",\"isPartOf\":{\"@id\":\"https:\/\/brasilnoticias.org\/site\/em-tentativa-de-chamar-atencao-do-poder-publico-moradores-do-buracao-organizam-manifestacao\/\"},\"author\":{\"name\":\"Reda\u00e7\u00e3o\",\"@id\":\"https:\/\/brasilnoticias.org\/site\/#\/schema\/person\/03bbbfe6c7634ad18c26444ea39049fa\"},\"headline\":\"Em tentativa de \u201cchamar aten\u00e7\u00e3o do Poder P\u00fablico\u201d, moradores do Burac\u00e3o organizam manifesta\u00e7\u00e3o\",\"datePublished\":\"2023-09-01T14:00:21+00:00\",\"mainEntityOfPage\":{\"@id\":\"https:\/\/brasilnoticias.org\/site\/em-tentativa-de-chamar-atencao-do-poder-publico-moradores-do-buracao-organizam-manifestacao\/\"},\"wordCount\":363,\"commentCount\":0,\"publisher\":{\"@id\":\"https:\/\/brasilnoticias.org\/site\/#organization\"},\"image\":{\"@id\":\"https:\/\/brasilnoticias.org\/site\/em-tentativa-de-chamar-atencao-do-poder-publico-moradores-do-buracao-organizam-manifestacao\/#primaryimage\"},\"thumbnailUrl\":\"https:\/\/brasilnoticias.org\/site\/wp-content\/uploads\/2023\/08\/140475em-tentativa-de-chamar-atencao-do-poder-publico-moradores-do-buracao-organizam-manifestacao-3.jpg\",\"articleSection\":[\"Not\u00edcias\",\"\u00daltimas\"],\"inLanguage\":\"pt-PT\",\"potentialAction\":[{\"@type\":\"CommentAction\",\"name\":\"Comment\",\"target\":[\"https:\/\/brasilnoticias.org\/site\/em-tentativa-de-chamar-atencao-do-poder-publico-moradores-do-buracao-organizam-manifestacao\/#respond\"]}]},{\"@type\":\"WebPage\",\"@id\":\"https:\/\/brasilnoticias.org\/site\/em-tentativa-de-chamar-atencao-do-poder-publico-moradores-do-buracao-organizam-manifestacao\/\",\"url\":\"https:\/\/brasilnoticias.org\/site\/em-tentativa-de-chamar-atencao-do-poder-publico-moradores-do-buracao-organizam-manifestacao\/\",\"name\":\"Em tentativa de \u201cchamar aten\u00e7\u00e3o do Poder P\u00fablico\u201d, moradores do Burac\u00e3o organizam manifesta\u00e7\u00e3o - Brasil not\u00edcias\",\"isPartOf\":{\"@id\":\"https:\/\/brasilnoticias.org\/site\/#website\"},\"primaryImageOfPage\":{\"@id\":\"https:\/\/brasilnoticias.org\/site\/em-tentativa-de-chamar-atencao-do-poder-publico-moradores-do-buracao-organizam-manifestacao\/#primaryimage\"},\"image\":{\"@id\":\"https:\/\/brasilnoticias.org\/site\/em-tentativa-de-chamar-atencao-do-poder-publico-moradores-do-buracao-organizam-manifestacao\/#primaryimage\"},\"thumbnailUrl\":\"https:\/\/brasilnoticias.org\/site\/wp-content\/uploads\/2023\/08\/140475em-tentativa-de-chamar-atencao-do-poder-publico-moradores-do-buracao-organizam-manifestacao-3.jpg\",\"datePublished\":\"2023-09-01T14:00:21+00:00\",\"breadcrumb\":{\"@id\":\"https:\/\/brasilnoticias.org\/site\/em-tentativa-de-chamar-atencao-do-poder-publico-moradores-do-buracao-organizam-manifestacao\/#breadcrumb\"},\"inLanguage\":\"pt-PT\",\"potentialAction\":[{\"@type\":\"ReadAction\",\"target\":[\"https:\/\/brasilnoticias.org\/site\/em-tentativa-de-chamar-atencao-do-poder-publico-moradores-do-buracao-organizam-manifestacao\/\"]}]},{\"@type\":\"ImageObject\",\"inLanguage\":\"pt-PT\",\"@id\":\"https:\/\/brasilnoticias.org\/site\/em-tentativa-de-chamar-atencao-do-poder-publico-moradores-do-buracao-organizam-manifestacao\/#primaryimage\",\"url\":\"https:\/\/brasilnoticias.org\/site\/wp-content\/uploads\/2023\/08\/140475em-tentativa-de-chamar-atencao-do-poder-publico-moradores-do-buracao-organizam-manifestacao-3.jpg\",\"contentUrl\":\"https:\/\/brasilnoticias.org\/site\/wp-content\/uploads\/2023\/08\/140475em-tentativa-de-chamar-atencao-do-poder-publico-moradores-do-buracao-organizam-manifestacao-3.jpg\",\"width\":1600,\"height\":752},{\"@type\":\"BreadcrumbList\",\"@id\":\"https:\/\/brasilnoticias.org\/site\/em-tentativa-de-chamar-atencao-do-poder-publico-moradores-do-buracao-organizam-manifestacao\/#breadcrumb\",\"itemListElement\":[{\"@type\":\"ListItem\",\"position\":1,\"name\":\"In\u00edcio\",\"item\":\"https:\/\/brasilnoticias.org\/site\/\"},{\"@type\":\"ListItem\",\"position\":2,\"name\":\"Em tentativa de \u201cchamar aten\u00e7\u00e3o do Poder P\u00fablico\u201d, moradores do Burac\u00e3o organizam manifesta\u00e7\u00e3o\"}]},{\"@type\":\"WebSite\",\"@id\":\"https:\/\/brasilnoticias.org\/site\/#website\",\"url\":\"https:\/\/brasilnoticias.org\/site\/\",\"name\":\"Brasil not\u00edcias\",\"description\":\"Brasil not\u00edcias\",\"publisher\":{\"@id\":\"https:\/\/brasilnoticias.org\/site\/#organization\"},\"potentialAction\":[{\"@type\":\"SearchAction\",\"target\":{\"@type\":\"EntryPoint\",\"urlTemplate\":\"https:\/\/brasilnoticias.org\/site\/?s={search_term_string}\"},\"query-input\":{\"@type\":\"PropertyValueSpecification\",\"valueRequired\":true,\"valueName\":\"search_term_string\"}}],\"inLanguage\":\"pt-PT\"},{\"@type\":\"Organization\",\"@id\":\"https:\/\/brasilnoticias.org\/site\/#organization\",\"name\":\"Brasil not\u00edcias\",\"url\":\"https:\/\/brasilnoticias.org\/site\/\",\"logo\":{\"@type\":\"ImageObject\",\"inLanguage\":\"pt-PT\",\"@id\":\"https:\/\/brasilnoticias.org\/site\/#\/schema\/logo\/image\/\",\"url\":\"https:\/\/brasilnoticias.org\/site\/wp-content\/uploads\/2022\/05\/cropped-brasilnoticias-mini.jpg\",\"contentUrl\":\"https:\/\/brasilnoticias.org\/site\/wp-content\/uploads\/2022\/05\/cropped-brasilnoticias-mini.jpg\",\"width\":314,\"height\":86,\"caption\":\"Brasil not\u00edcias\"},\"image\":{\"@id\":\"https:\/\/brasilnoticias.org\/site\/#\/schema\/logo\/image\/\"}},{\"@type\":\"Person\",\"@id\":\"https:\/\/brasilnoticias.org\/site\/#\/schema\/person\/03bbbfe6c7634ad18c26444ea39049fa\",\"name\":\"Reda\u00e7\u00e3o\",\"image\":{\"@type\":\"ImageObject\",\"inLanguage\":\"pt-PT\",\"@id\":\"https:\/\/brasilnoticias.org\/site\/#\/schema\/person\/image\/\",\"url\":\"https:\/\/secure.gravatar.com\/avatar\/9ecaf7327a696cb23ad926fedded5f1f04d7049de9e445375d55b48c001a6e42?s=96&d=mm&r=g\",\"contentUrl\":\"https:\/\/secure.gravatar.com\/avatar\/9ecaf7327a696cb23ad926fedded5f1f04d7049de9e445375d55b48c001a6e42?s=96&d=mm&r=g\",\"caption\":\"Reda\u00e7\u00e3o\"},\"url\":\"https:\/\/brasilnoticias.org\/site\/author\/henrique\/\"}]}<\/script>\n<!-- \/ Yoast SEO plugin. -->","yoast_head_json":{"title":"Em tentativa de \u201cchamar aten\u00e7\u00e3o do Poder P\u00fablico\u201d, moradores do Burac\u00e3o organizam manifesta\u00e7\u00e3o - Brasil not\u00edcias","robots":{"index":"index","follow":"follow","max-snippet":"max-snippet:-1","max-image-preview":"max-image-preview:large","max-video-preview":"max-video-preview:-1"},"canonical":"https:\/\/brasilnoticias.org\/site\/em-tentativa-de-chamar-atencao-do-poder-publico-moradores-do-buracao-organizam-manifestacao\/","og_locale":"pt_PT","og_type":"article","og_title":"Em tentativa de \u201cchamar aten\u00e7\u00e3o do Poder P\u00fablico\u201d, moradores do Burac\u00e3o organizam manifesta\u00e7\u00e3o - Brasil not\u00edcias","og_description":"O ato acontece neste domingo e deve contar com interven\u00e7\u00e3o art\u00edstica atrav\u00e9s do uso de sombreiros, em alus\u00e3o dos efeitos","og_url":"https:\/\/brasilnoticias.org\/site\/em-tentativa-de-chamar-atencao-do-poder-publico-moradores-do-buracao-organizam-manifestacao\/","og_site_name":"Brasil not\u00edcias","article_published_time":"2023-09-01T14:00:21+00:00","og_image":[{"width":1600,"height":752,"url":"https:\/\/brasilnoticias.org\/site\/wp-content\/uploads\/2023\/08\/140475em-tentativa-de-chamar-atencao-do-poder-publico-moradores-do-buracao-organizam-manifestacao-3.jpg","type":"image\/jpeg"}],"author":"Reda\u00e7\u00e3o","twitter_card":"summary_large_image","twitter_misc":{"Escrito por":"Reda\u00e7\u00e3o"},"schema":{"@context":"https:\/\/schema.org","@graph":[{"@type":"Article","@id":"https:\/\/brasilnoticias.org\/site\/em-tentativa-de-chamar-atencao-do-poder-publico-moradores-do-buracao-organizam-manifestacao\/#article","isPartOf":{"@id":"https:\/\/brasilnoticias.org\/site\/em-tentativa-de-chamar-atencao-do-poder-publico-moradores-do-buracao-organizam-manifestacao\/"},"author":{"name":"Reda\u00e7\u00e3o","@id":"https:\/\/brasilnoticias.org\/site\/#\/schema\/person\/03bbbfe6c7634ad18c26444ea39049fa"},"headline":"Em tentativa de \u201cchamar aten\u00e7\u00e3o do Poder P\u00fablico\u201d, moradores do Burac\u00e3o organizam manifesta\u00e7\u00e3o","datePublished":"2023-09-01T14:00:21+00:00","mainEntityOfPage":{"@id":"https:\/\/brasilnoticias.org\/site\/em-tentativa-de-chamar-atencao-do-poder-publico-moradores-do-buracao-organizam-manifestacao\/"},"wordCount":363,"commentCount":0,"publisher":{"@id":"https:\/\/brasilnoticias.org\/site\/#organization"},"image":{"@id":"https:\/\/brasilnoticias.org\/site\/em-tentativa-de-chamar-atencao-do-poder-publico-moradores-do-buracao-organizam-manifestacao\/#primaryimage"},"thumbnailUrl":"https:\/\/brasilnoticias.org\/site\/wp-content\/uploads\/2023\/08\/140475em-tentativa-de-chamar-atencao-do-poder-publico-moradores-do-buracao-organizam-manifestacao-3.jpg","articleSection":["Not\u00edcias","\u00daltimas"],"inLanguage":"pt-PT","potentialAction":[{"@type":"CommentAction","name":"Comment","target":["https:\/\/brasilnoticias.org\/site\/em-tentativa-de-chamar-atencao-do-poder-publico-moradores-do-buracao-organizam-manifestacao\/#respond"]}]},{"@type":"WebPage","@id":"https:\/\/brasilnoticias.org\/site\/em-tentativa-de-chamar-atencao-do-poder-publico-moradores-do-buracao-organizam-manifestacao\/","url":"https:\/\/brasilnoticias.org\/site\/em-tentativa-de-chamar-atencao-do-poder-publico-moradores-do-buracao-organizam-manifestacao\/","name":"Em tentativa de \u201cchamar aten\u00e7\u00e3o do Poder P\u00fablico\u201d, moradores do Burac\u00e3o organizam manifesta\u00e7\u00e3o - Brasil not\u00edcias","isPartOf":{"@id":"https:\/\/brasilnoticias.org\/site\/#website"},"primaryImageOfPage":{"@id":"https:\/\/brasilnoticias.org\/site\/em-tentativa-de-chamar-atencao-do-poder-publico-moradores-do-buracao-organizam-manifestacao\/#primaryimage"},"image":{"@id":"https:\/\/brasilnoticias.org\/site\/em-tentativa-de-chamar-atencao-do-poder-publico-moradores-do-buracao-organizam-manifestacao\/#primaryimage"},"thumbnailUrl":"https:\/\/brasilnoticias.org\/site\/wp-content\/uploads\/2023\/08\/140475em-tentativa-de-chamar-atencao-do-poder-publico-moradores-do-buracao-organizam-manifestacao-3.jpg","datePublished":"2023-09-01T14:00:21+00:00","breadcrumb":{"@id":"https:\/\/brasilnoticias.org\/site\/em-tentativa-de-chamar-atencao-do-poder-publico-moradores-do-buracao-organizam-manifestacao\/#breadcrumb"},"inLanguage":"pt-PT","potentialAction":[{"@type":"ReadAction","target":["https:\/\/brasilnoticias.org\/site\/em-tentativa-de-chamar-atencao-do-poder-publico-moradores-do-buracao-organizam-manifestacao\/"]}]},{"@type":"ImageObject","inLanguage":"pt-PT","@id":"https:\/\/brasilnoticias.org\/site\/em-tentativa-de-chamar-atencao-do-poder-publico-moradores-do-buracao-organizam-manifestacao\/#primaryimage","url":"https:\/\/brasilnoticias.org\/site\/wp-content\/uploads\/2023\/08\/140475em-tentativa-de-chamar-atencao-do-poder-publico-moradores-do-buracao-organizam-manifestacao-3.jpg","contentUrl":"https:\/\/brasilnoticias.org\/site\/wp-content\/uploads\/2023\/08\/140475em-tentativa-de-chamar-atencao-do-poder-publico-moradores-do-buracao-organizam-manifestacao-3.jpg","width":1600,"height":752},{"@type":"BreadcrumbList","@id":"https:\/\/brasilnoticias.org\/site\/em-tentativa-de-chamar-atencao-do-poder-publico-moradores-do-buracao-organizam-manifestacao\/#breadcrumb","itemListElement":[{"@type":"ListItem","position":1,"name":"In\u00edcio","item":"https:\/\/brasilnoticias.org\/site\/"},{"@type":"ListItem","position":2,"name":"Em tentativa de \u201cchamar aten\u00e7\u00e3o do Poder P\u00fablico\u201d, moradores do Burac\u00e3o organizam manifesta\u00e7\u00e3o"}]},{"@type":"WebSite","@id":"https:\/\/brasilnoticias.org\/site\/#website","url":"https:\/\/brasilnoticias.org\/site\/","name":"Brasil not\u00edcias","description":"Brasil not\u00edcias","publisher":{"@id":"https:\/\/brasilnoticias.org\/site\/#organization"},"potentialAction":[{"@type":"SearchAction","target":{"@type":"EntryPoint","urlTemplate":"https:\/\/brasilnoticias.org\/site\/?s={search_term_string}"},"query-input":{"@type":"PropertyValueSpecification","valueRequired":true,"valueName":"search_term_string"}}],"inLanguage":"pt-PT"},{"@type":"Organization","@id":"https:\/\/brasilnoticias.org\/site\/#organization","name":"Brasil not\u00edcias","url":"https:\/\/brasilnoticias.org\/site\/","logo":{"@type":"ImageObject","inLanguage":"pt-PT","@id":"https:\/\/brasilnoticias.org\/site\/#\/schema\/logo\/image\/","url":"https:\/\/brasilnoticias.org\/site\/wp-content\/uploads\/2022\/05\/cropped-brasilnoticias-mini.jpg","contentUrl":"https:\/\/brasilnoticias.org\/site\/wp-content\/uploads\/2022\/05\/cropped-brasilnoticias-mini.jpg","width":314,"height":86,"caption":"Brasil not\u00edcias"},"image":{"@id":"https:\/\/brasilnoticias.org\/site\/#\/schema\/logo\/image\/"}},{"@type":"Person","@id":"https:\/\/brasilnoticias.org\/site\/#\/schema\/person\/03bbbfe6c7634ad18c26444ea39049fa","name":"Reda\u00e7\u00e3o","image":{"@type":"ImageObject","inLanguage":"pt-PT","@id":"https:\/\/brasilnoticias.org\/site\/#\/schema\/person\/image\/","url":"https:\/\/secure.gravatar.com\/avatar\/9ecaf7327a696cb23ad926fedded5f1f04d7049de9e445375d55b48c001a6e42?s=96&d=mm&r=g","contentUrl":"https:\/\/secure.gravatar.com\/avatar\/9ecaf7327a696cb23ad926fedded5f1f04d7049de9e445375d55b48c001a6e42?s=96&d=mm&r=g","caption":"Reda\u00e7\u00e3o"},"url":"https:\/\/brasilnoticias.org\/site\/author\/henrique\/"}]}},"_links":{"self":[{"href":"https:\/\/brasilnoticias.org\/site\/wp-json\/wp\/v2\/posts\/8806","targetHints":{"allow":["GET"]}}],"collection":[{"href":"https:\/\/brasilnoticias.org\/site\/wp-json\/wp\/v2\/posts"}],"about":[{"href":"https:\/\/brasilnoticias.org\/site\/wp-json\/wp\/v2\/types\/post"}],"author":[{"embeddable":true,"href":"https:\/\/brasilnoticias.org\/site\/wp-json\/wp\/v2\/users\/4"}],"replies":[{"embeddable":true,"href":"https:\/\/brasilnoticias.org\/site\/wp-json\/wp\/v2\/comments?post=8806"}],"version-history":[{"count":1,"href":"https:\/\/brasilnoticias.org\/site\/wp-json\/wp\/v2\/posts\/8806\/revisions"}],"predecessor-version":[{"id":8808,"href":"https:\/\/brasilnoticias.org\/site\/wp-json\/wp\/v2\/posts\/8806\/revisions\/8808"}],"wp:featuredmedia":[{"embeddable":true,"href":"https:\/\/brasilnoticias.org\/site\/wp-json\/wp\/v2\/media\/8807"}],"wp:attachment":[{"href":"https:\/\/brasilnoticias.org\/site\/wp-json\/wp\/v2\/media?parent=8806"}],"wp:term":[{"taxonomy":"category","embeddable":true,"href":"https:\/\/brasilnoticias.org\/site\/wp-json\/wp\/v2\/categories?post=8806"},{"taxonomy":"post_tag","embeddable":true,"href":"https:\/\/brasilnoticias.org\/site\/wp-json\/wp\/v2\/tags?post=8806"}],"curies":[{"name":"wp","href":"https:\/\/api.w.org\/{rel}","templated":true}]}}