{"id":8824,"date":"2023-09-02T06:06:33","date_gmt":"2023-09-02T09:06:33","guid":{"rendered":"https:\/\/brasilnoticias.org\/site\/?p=8824"},"modified":"2023-09-01T19:09:09","modified_gmt":"2023-09-01T22:09:09","slug":"lula-diz-que-juro-precisa-baixar-mais-e-critica-campos-neto-nao-conversa-comigo","status":"publish","type":"post","link":"https:\/\/brasilnoticias.org\/site\/lula-diz-que-juro-precisa-baixar-mais-e-critica-campos-neto-nao-conversa-comigo\/","title":{"rendered":"Lula diz que juro precisa baixar mais e critica Campos Neto: \u201cN\u00e3o conversa comigo\u201d"},"content":{"rendered":"<p>&#8220;N\u00e3o pensem que eu acho que o juro t\u00e1 baixo. O juro ainda t\u00e1 alto&#8221;, disse o presidente ao participar de evento no Cear\u00e1<\/p>\n<p>O presidente Luiz In\u00e1cio Lula da Silva (PT) voltou a defender a queda de juros no pa\u00eds e fez cr\u00edticas ao presidente do Banco Central (BC), Roberto Campos Neto.<\/p>\n<p>\u201cN\u00e3o pensem que eu acho que o juro t\u00e1 baixo. O juro ainda t\u00e1 alto\u201d, disse Lula, nesta sexta-feira (1\u00ba), ao participar de evento no Cear\u00e1.<\/p>\n<p>O presidente n\u00e3o se referiu nominalmente a Campos Neto, chamando-o somente de \u201ccidad\u00e3o do Banco Central\u201d ou \u201cpresidente do Banco Central\u201d.<\/p>\n<p>Ele voltou a critic\u00e1-lo dizendo que Campos Neto \u201cprecisa saber que \u00e9 presidente do Banco Central do Brasil\u201d, n\u00e3o de outro pa\u00eds.<\/p>\n<p>\u201cE precisa abaixar os juros. N\u00e3o \u00e9 poss\u00edvel. Como que o empres\u00e1rio vai investir? Como que vai fazer uma f\u00e1brica? Como vai fazer um investimento qualquer, se ele vai pegar a taxa de juros muito alta? Ent\u00e3o n\u00f3s vamos continuar brigando\u201d, declarou.<\/p>\n<p>Lula tamb\u00e9m disse ao p\u00fablico presente que era importante todos saberem que \u201co presidente do Banco Central n\u00e3o foi indicado por n\u00f3s, foi indicado pelo governo anterior\u201d.<\/p>\n<p>\u201cO Banco Central agora \u00e9 aut\u00f4nomo. N\u00e3o tem mais interfer\u00eancia da Presid\u00eancia da Rep\u00fablica, que podia chamar o presidente do Banco Central e conversar. Esse cidad\u00e3o, se ele conversa com algu\u00e9m, n\u00e3o \u00e9 comigo. Ele deve conversar com quem o indicou, e quem o indicou n\u00e3o fez coisas boas nesse pa\u00eds. A sociedade brasileira vai descobrir com o tempo\u201d, completou.<\/p>\n<p>O presidente ainda afirmou que a Caixa Econ\u00f4mica Federal (CEF), o Banco do Brasil (BB), o Banco da Amaz\u00f4nia (BASA), o Banco do Nordeste (BNB) e o Banco Nacional de Desenvolvimento Econ\u00f4mico e Social (BNDES) \u201cs\u00f3 tem sentido existir se for para fazer coisa diferente do que fazem os bancos privados\u201d.<\/p>\n<p>\u201cSe for para fazer igual, n\u00e3o precisa existir. O BNDES tem que ter muito dinheiro para investir no desenvolvimento industrial, na nova energia que vai ser produzida nesse pa\u00eds\u201d, continuou.<\/p>\n<p>\u201cNingu\u00e9m pode competir com o Brasil e precisamos ter dinheiro para investir. E dinheiro para investir a juros baratos\u201d, concluiu.<\/p>\n<p>Crescimento do PIB precisa ser distribu\u00eddo, diz Lula ap\u00f3s resultado do trimestre<br \/>\nEm sua fala, Lula tamb\u00e9m disse que o crescimento do Produto Interno Bruto (PIB) do Brasil precisa ser distribu\u00eddo.<\/p>\n<p>O Instituto Brasileiro de Geografia e Estat\u00edstica divulgou, nesta sexta, que a economia do Brasil cresceu 0,9% no segundo trimestre de 2023, em compara\u00e7\u00e3o com o trimestre anterior, de acordo com dados do Sistema de Contas Nacionais Trimestrais.<\/p>\n<p>\u201cA gente n\u00e3o pode ficar assistindo na televis\u00e3o que o PIB cresceu, mas n\u00e3o foi distribu\u00eddo. Porque nunca foi nesse pa\u00eds\u201d, declarou o presidente ao participar de evento no Cear\u00e1.<\/p>\n<p>\u201cO PIB come\u00e7ou a crescer e ser distribu\u00eddo quando n\u00f3s resolvemos aumentar o sal\u00e1rio m\u00ednimo em 77%, quando n\u00f3s governamos esse pa\u00eds da outra vez porque, se n\u00e3o, n\u00e3o tem sentido\u201d, completou.<\/p>\n<p>Lula disse que esperava que \u201calguns economistas brasileiros e o senhor presidente do Banco Central\u201d estivessem acompanhando a solenidade.<\/p>\n<p>\u201cEssa gente precisa compreender que o dinheiro que existe nesse pa\u00eds precisa circular nas m\u00e3os de muita gente. Porque, se o dinheiro ficar parado na m\u00e3o de poucas pessoas, \u00e9 concentra\u00e7\u00e3o de riqueza. Mas se o dinheiro \u00e9 distribu\u00eddo para muita gente, essa muita gente, que pega dinheiro como voc\u00eas, que compra e produz alguma coisa, esse dinheiro vai gerar mais emprego, mais desenvolvimento, mais com\u00e9rcio, vai gerar mais f\u00e1brica\u201d, acrescentou.<\/p>\n<p>\u201cQuando disse que eu queria que alguns economistas tivessem assistindo a esse ato, \u00e9 para perceber o benef\u00edcio que acontece no pa\u00eds quando a gente acredita no povo trabalhador e mais humilde\u201d, concluiu.<\/p>\n<p>Evento no Cear\u00e1<br \/>\nO discurso de Lula foi feito durante evento em Fortaleza, no Cear\u00e1, que celebrou o anivers\u00e1rio de dois anos de programas de microcr\u00e9dito urbano e rural do Banco do Nordeste \u2013 o Crediamigo e o Agroamigo.<\/p>\n<p>De acordo com o Pal\u00e1cio do Planalto, o Crediamigo completa 25 anos e tem o objetivo de \u201ccontribuir para o desenvolvimento socioecon\u00f4mico dos empreendedores\u201d.<\/p>\n<p>\u201cO programa atende atualmente cerca de dois milh\u00f5es de pessoas em quase dois mil munic\u00edpios e conta com uma carteira ativa pr\u00f3ximo a R$ 5 bilh\u00f5es. Entre seus clientes, 18% t\u00eam renda familiar mensal de at\u00e9 R$ 700 e 16% t\u00eam renda familiar de R$ 700 at\u00e9 R$ 1 mil\u201d, informou o Planalto em comunicado.<\/p>\n<p>J\u00e1 o Agroamigo, que completa 18 anos em 2023, tem o objetivo de desenvolver a agricultura familiar \u201cmediante a concess\u00e3o de microcr\u00e9dito rural, produtivo, orientado e acompanhado, de forma sustent\u00e1vel\u201d.<\/p>\n<p>\u201cO programa atende atualmente 1,3 milh\u00e3o de produtores rurais com microcr\u00e9dito e conta com uma carteira ativa de R$ 6,6 bilh\u00f5es. O perfil dos clientes desta modalidade mostra que 75% est\u00e3o na regi\u00e3o do semi\u00e1rido e quase a metade (47,5%) s\u00e3o mulheres\u201d, disse o Planalto.<\/p>\n<p>Foto: Marcelo Camargo \/ Ag\u00eancia Brasil<br \/>\nCNN<\/p>\n","protected":false},"excerpt":{"rendered":"<p>&#8220;N\u00e3o pensem que eu acho que o juro t\u00e1 baixo. O juro ainda t\u00e1 alto&#8221;, disse o presidente ao participar<\/p>\n","protected":false},"author":4,"featured_media":8826,"comment_status":"open","ping_status":"open","sticky":false,"template":"","format":"standard","meta":{"colormag_page_container_layout":"default_layout","colormag_page_sidebar_layout":"default_layout","_FSMCFIC_featured_image_caption":"","_FSMCFIC_featured_image_nocaption":"","_FSMCFIC_featured_image_hide":"","footnotes":""},"categories":[3,5,1],"tags":[],"class_list":["post-8824","post","type-post","status-publish","format-standard","has-post-thumbnail","hentry","category-policia","category-politica","category-ultimas"],"yoast_head":"<!-- This site is optimized with the Yoast SEO plugin v27.1.1 - https:\/\/yoast.com\/product\/yoast-seo-wordpress\/ -->\n<title>Lula diz que juro precisa baixar mais e critica Campos Neto: \u201cN\u00e3o conversa comigo\u201d - Brasil not\u00edcias<\/title>\n<meta name=\"robots\" content=\"index, follow, max-snippet:-1, max-image-preview:large, max-video-preview:-1\" \/>\n<link rel=\"canonical\" href=\"https:\/\/brasilnoticias.org\/site\/lula-diz-que-juro-precisa-baixar-mais-e-critica-campos-neto-nao-conversa-comigo\/\" \/>\n<meta property=\"og:locale\" content=\"pt_PT\" \/>\n<meta property=\"og:type\" content=\"article\" \/>\n<meta property=\"og:title\" content=\"Lula diz que juro precisa baixar mais e critica Campos Neto: \u201cN\u00e3o conversa comigo\u201d - Brasil not\u00edcias\" \/>\n<meta property=\"og:description\" content=\"&#8220;N\u00e3o pensem que eu acho que o juro t\u00e1 baixo. O juro ainda t\u00e1 alto&#8221;, disse o presidente ao participar\" \/>\n<meta property=\"og:url\" content=\"https:\/\/brasilnoticias.org\/site\/lula-diz-que-juro-precisa-baixar-mais-e-critica-campos-neto-nao-conversa-comigo\/\" \/>\n<meta property=\"og:site_name\" content=\"Brasil not\u00edcias\" \/>\n<meta property=\"article:published_time\" content=\"2023-09-02T09:06:33+00:00\" \/>\n<meta property=\"og:image\" content=\"https:\/\/brasilnoticias.org\/site\/wp-content\/uploads\/2023\/09\/140499mesmo-apos-ultima-queda-lula-volta-a-criticar-taxa-de-juros-3.jpg\" \/>\n\t<meta property=\"og:image:width\" content=\"1600\" \/>\n\t<meta property=\"og:image:height\" content=\"752\" \/>\n\t<meta property=\"og:image:type\" content=\"image\/jpeg\" \/>\n<meta name=\"author\" content=\"Reda\u00e7\u00e3o\" \/>\n<meta name=\"twitter:card\" content=\"summary_large_image\" \/>\n<meta name=\"twitter:label1\" content=\"Escrito por\" \/>\n\t<meta name=\"twitter:data1\" content=\"Reda\u00e7\u00e3o\" \/>\n\t<meta name=\"twitter:label2\" content=\"Tempo estimado de leitura\" \/>\n\t<meta name=\"twitter:data2\" content=\"5 minutos\" \/>\n<script type=\"application\/ld+json\" class=\"yoast-schema-graph\">{\"@context\":\"https:\/\/schema.org\",\"@graph\":[{\"@type\":\"Article\",\"@id\":\"https:\/\/brasilnoticias.org\/site\/lula-diz-que-juro-precisa-baixar-mais-e-critica-campos-neto-nao-conversa-comigo\/#article\",\"isPartOf\":{\"@id\":\"https:\/\/brasilnoticias.org\/site\/lula-diz-que-juro-precisa-baixar-mais-e-critica-campos-neto-nao-conversa-comigo\/\"},\"author\":{\"name\":\"Reda\u00e7\u00e3o\",\"@id\":\"https:\/\/brasilnoticias.org\/site\/#\/schema\/person\/03bbbfe6c7634ad18c26444ea39049fa\"},\"headline\":\"Lula diz que juro precisa baixar mais e critica Campos Neto: \u201cN\u00e3o conversa comigo\u201d\",\"datePublished\":\"2023-09-02T09:06:33+00:00\",\"mainEntityOfPage\":{\"@id\":\"https:\/\/brasilnoticias.org\/site\/lula-diz-que-juro-precisa-baixar-mais-e-critica-campos-neto-nao-conversa-comigo\/\"},\"wordCount\":882,\"commentCount\":0,\"publisher\":{\"@id\":\"https:\/\/brasilnoticias.org\/site\/#organization\"},\"image\":{\"@id\":\"https:\/\/brasilnoticias.org\/site\/lula-diz-que-juro-precisa-baixar-mais-e-critica-campos-neto-nao-conversa-comigo\/#primaryimage\"},\"thumbnailUrl\":\"https:\/\/brasilnoticias.org\/site\/wp-content\/uploads\/2023\/09\/140499mesmo-apos-ultima-queda-lula-volta-a-criticar-taxa-de-juros-3.jpg\",\"articleSection\":[\"Pol\u00edcia\",\"Pol\u00edtica\",\"\u00daltimas\"],\"inLanguage\":\"pt-PT\",\"potentialAction\":[{\"@type\":\"CommentAction\",\"name\":\"Comment\",\"target\":[\"https:\/\/brasilnoticias.org\/site\/lula-diz-que-juro-precisa-baixar-mais-e-critica-campos-neto-nao-conversa-comigo\/#respond\"]}]},{\"@type\":\"WebPage\",\"@id\":\"https:\/\/brasilnoticias.org\/site\/lula-diz-que-juro-precisa-baixar-mais-e-critica-campos-neto-nao-conversa-comigo\/\",\"url\":\"https:\/\/brasilnoticias.org\/site\/lula-diz-que-juro-precisa-baixar-mais-e-critica-campos-neto-nao-conversa-comigo\/\",\"name\":\"Lula diz que juro precisa baixar mais e critica Campos Neto: \u201cN\u00e3o conversa comigo\u201d - Brasil not\u00edcias\",\"isPartOf\":{\"@id\":\"https:\/\/brasilnoticias.org\/site\/#website\"},\"primaryImageOfPage\":{\"@id\":\"https:\/\/brasilnoticias.org\/site\/lula-diz-que-juro-precisa-baixar-mais-e-critica-campos-neto-nao-conversa-comigo\/#primaryimage\"},\"image\":{\"@id\":\"https:\/\/brasilnoticias.org\/site\/lula-diz-que-juro-precisa-baixar-mais-e-critica-campos-neto-nao-conversa-comigo\/#primaryimage\"},\"thumbnailUrl\":\"https:\/\/brasilnoticias.org\/site\/wp-content\/uploads\/2023\/09\/140499mesmo-apos-ultima-queda-lula-volta-a-criticar-taxa-de-juros-3.jpg\",\"datePublished\":\"2023-09-02T09:06:33+00:00\",\"breadcrumb\":{\"@id\":\"https:\/\/brasilnoticias.org\/site\/lula-diz-que-juro-precisa-baixar-mais-e-critica-campos-neto-nao-conversa-comigo\/#breadcrumb\"},\"inLanguage\":\"pt-PT\",\"potentialAction\":[{\"@type\":\"ReadAction\",\"target\":[\"https:\/\/brasilnoticias.org\/site\/lula-diz-que-juro-precisa-baixar-mais-e-critica-campos-neto-nao-conversa-comigo\/\"]}]},{\"@type\":\"ImageObject\",\"inLanguage\":\"pt-PT\",\"@id\":\"https:\/\/brasilnoticias.org\/site\/lula-diz-que-juro-precisa-baixar-mais-e-critica-campos-neto-nao-conversa-comigo\/#primaryimage\",\"url\":\"https:\/\/brasilnoticias.org\/site\/wp-content\/uploads\/2023\/09\/140499mesmo-apos-ultima-queda-lula-volta-a-criticar-taxa-de-juros-3.jpg\",\"contentUrl\":\"https:\/\/brasilnoticias.org\/site\/wp-content\/uploads\/2023\/09\/140499mesmo-apos-ultima-queda-lula-volta-a-criticar-taxa-de-juros-3.jpg\",\"width\":1600,\"height\":752},{\"@type\":\"BreadcrumbList\",\"@id\":\"https:\/\/brasilnoticias.org\/site\/lula-diz-que-juro-precisa-baixar-mais-e-critica-campos-neto-nao-conversa-comigo\/#breadcrumb\",\"itemListElement\":[{\"@type\":\"ListItem\",\"position\":1,\"name\":\"In\u00edcio\",\"item\":\"https:\/\/brasilnoticias.org\/site\/\"},{\"@type\":\"ListItem\",\"position\":2,\"name\":\"Lula diz que juro precisa baixar mais e critica Campos Neto: \u201cN\u00e3o conversa comigo\u201d\"}]},{\"@type\":\"WebSite\",\"@id\":\"https:\/\/brasilnoticias.org\/site\/#website\",\"url\":\"https:\/\/brasilnoticias.org\/site\/\",\"name\":\"Brasil not\u00edcias\",\"description\":\"Brasil not\u00edcias\",\"publisher\":{\"@id\":\"https:\/\/brasilnoticias.org\/site\/#organization\"},\"potentialAction\":[{\"@type\":\"SearchAction\",\"target\":{\"@type\":\"EntryPoint\",\"urlTemplate\":\"https:\/\/brasilnoticias.org\/site\/?s={search_term_string}\"},\"query-input\":{\"@type\":\"PropertyValueSpecification\",\"valueRequired\":true,\"valueName\":\"search_term_string\"}}],\"inLanguage\":\"pt-PT\"},{\"@type\":\"Organization\",\"@id\":\"https:\/\/brasilnoticias.org\/site\/#organization\",\"name\":\"Brasil not\u00edcias\",\"url\":\"https:\/\/brasilnoticias.org\/site\/\",\"logo\":{\"@type\":\"ImageObject\",\"inLanguage\":\"pt-PT\",\"@id\":\"https:\/\/brasilnoticias.org\/site\/#\/schema\/logo\/image\/\",\"url\":\"https:\/\/brasilnoticias.org\/site\/wp-content\/uploads\/2022\/05\/cropped-brasilnoticias-mini.jpg\",\"contentUrl\":\"https:\/\/brasilnoticias.org\/site\/wp-content\/uploads\/2022\/05\/cropped-brasilnoticias-mini.jpg\",\"width\":314,\"height\":86,\"caption\":\"Brasil not\u00edcias\"},\"image\":{\"@id\":\"https:\/\/brasilnoticias.org\/site\/#\/schema\/logo\/image\/\"}},{\"@type\":\"Person\",\"@id\":\"https:\/\/brasilnoticias.org\/site\/#\/schema\/person\/03bbbfe6c7634ad18c26444ea39049fa\",\"name\":\"Reda\u00e7\u00e3o\",\"image\":{\"@type\":\"ImageObject\",\"inLanguage\":\"pt-PT\",\"@id\":\"https:\/\/brasilnoticias.org\/site\/#\/schema\/person\/image\/\",\"url\":\"https:\/\/secure.gravatar.com\/avatar\/9ecaf7327a696cb23ad926fedded5f1f04d7049de9e445375d55b48c001a6e42?s=96&d=mm&r=g\",\"contentUrl\":\"https:\/\/secure.gravatar.com\/avatar\/9ecaf7327a696cb23ad926fedded5f1f04d7049de9e445375d55b48c001a6e42?s=96&d=mm&r=g\",\"caption\":\"Reda\u00e7\u00e3o\"},\"url\":\"https:\/\/brasilnoticias.org\/site\/author\/henrique\/\"}]}<\/script>\n<!-- \/ Yoast SEO plugin. -->","yoast_head_json":{"title":"Lula diz que juro precisa baixar mais e critica Campos Neto: \u201cN\u00e3o conversa comigo\u201d - Brasil not\u00edcias","robots":{"index":"index","follow":"follow","max-snippet":"max-snippet:-1","max-image-preview":"max-image-preview:large","max-video-preview":"max-video-preview:-1"},"canonical":"https:\/\/brasilnoticias.org\/site\/lula-diz-que-juro-precisa-baixar-mais-e-critica-campos-neto-nao-conversa-comigo\/","og_locale":"pt_PT","og_type":"article","og_title":"Lula diz que juro precisa baixar mais e critica Campos Neto: \u201cN\u00e3o conversa comigo\u201d - Brasil not\u00edcias","og_description":"&#8220;N\u00e3o pensem que eu acho que o juro t\u00e1 baixo. O juro ainda t\u00e1 alto&#8221;, disse o presidente ao participar","og_url":"https:\/\/brasilnoticias.org\/site\/lula-diz-que-juro-precisa-baixar-mais-e-critica-campos-neto-nao-conversa-comigo\/","og_site_name":"Brasil not\u00edcias","article_published_time":"2023-09-02T09:06:33+00:00","og_image":[{"width":1600,"height":752,"url":"https:\/\/brasilnoticias.org\/site\/wp-content\/uploads\/2023\/09\/140499mesmo-apos-ultima-queda-lula-volta-a-criticar-taxa-de-juros-3.jpg","type":"image\/jpeg"}],"author":"Reda\u00e7\u00e3o","twitter_card":"summary_large_image","twitter_misc":{"Escrito por":"Reda\u00e7\u00e3o","Tempo estimado de leitura":"5 minutos"},"schema":{"@context":"https:\/\/schema.org","@graph":[{"@type":"Article","@id":"https:\/\/brasilnoticias.org\/site\/lula-diz-que-juro-precisa-baixar-mais-e-critica-campos-neto-nao-conversa-comigo\/#article","isPartOf":{"@id":"https:\/\/brasilnoticias.org\/site\/lula-diz-que-juro-precisa-baixar-mais-e-critica-campos-neto-nao-conversa-comigo\/"},"author":{"name":"Reda\u00e7\u00e3o","@id":"https:\/\/brasilnoticias.org\/site\/#\/schema\/person\/03bbbfe6c7634ad18c26444ea39049fa"},"headline":"Lula diz que juro precisa baixar mais e critica Campos Neto: \u201cN\u00e3o conversa comigo\u201d","datePublished":"2023-09-02T09:06:33+00:00","mainEntityOfPage":{"@id":"https:\/\/brasilnoticias.org\/site\/lula-diz-que-juro-precisa-baixar-mais-e-critica-campos-neto-nao-conversa-comigo\/"},"wordCount":882,"commentCount":0,"publisher":{"@id":"https:\/\/brasilnoticias.org\/site\/#organization"},"image":{"@id":"https:\/\/brasilnoticias.org\/site\/lula-diz-que-juro-precisa-baixar-mais-e-critica-campos-neto-nao-conversa-comigo\/#primaryimage"},"thumbnailUrl":"https:\/\/brasilnoticias.org\/site\/wp-content\/uploads\/2023\/09\/140499mesmo-apos-ultima-queda-lula-volta-a-criticar-taxa-de-juros-3.jpg","articleSection":["Pol\u00edcia","Pol\u00edtica","\u00daltimas"],"inLanguage":"pt-PT","potentialAction":[{"@type":"CommentAction","name":"Comment","target":["https:\/\/brasilnoticias.org\/site\/lula-diz-que-juro-precisa-baixar-mais-e-critica-campos-neto-nao-conversa-comigo\/#respond"]}]},{"@type":"WebPage","@id":"https:\/\/brasilnoticias.org\/site\/lula-diz-que-juro-precisa-baixar-mais-e-critica-campos-neto-nao-conversa-comigo\/","url":"https:\/\/brasilnoticias.org\/site\/lula-diz-que-juro-precisa-baixar-mais-e-critica-campos-neto-nao-conversa-comigo\/","name":"Lula diz que juro precisa baixar mais e critica Campos Neto: \u201cN\u00e3o conversa comigo\u201d - Brasil not\u00edcias","isPartOf":{"@id":"https:\/\/brasilnoticias.org\/site\/#website"},"primaryImageOfPage":{"@id":"https:\/\/brasilnoticias.org\/site\/lula-diz-que-juro-precisa-baixar-mais-e-critica-campos-neto-nao-conversa-comigo\/#primaryimage"},"image":{"@id":"https:\/\/brasilnoticias.org\/site\/lula-diz-que-juro-precisa-baixar-mais-e-critica-campos-neto-nao-conversa-comigo\/#primaryimage"},"thumbnailUrl":"https:\/\/brasilnoticias.org\/site\/wp-content\/uploads\/2023\/09\/140499mesmo-apos-ultima-queda-lula-volta-a-criticar-taxa-de-juros-3.jpg","datePublished":"2023-09-02T09:06:33+00:00","breadcrumb":{"@id":"https:\/\/brasilnoticias.org\/site\/lula-diz-que-juro-precisa-baixar-mais-e-critica-campos-neto-nao-conversa-comigo\/#breadcrumb"},"inLanguage":"pt-PT","potentialAction":[{"@type":"ReadAction","target":["https:\/\/brasilnoticias.org\/site\/lula-diz-que-juro-precisa-baixar-mais-e-critica-campos-neto-nao-conversa-comigo\/"]}]},{"@type":"ImageObject","inLanguage":"pt-PT","@id":"https:\/\/brasilnoticias.org\/site\/lula-diz-que-juro-precisa-baixar-mais-e-critica-campos-neto-nao-conversa-comigo\/#primaryimage","url":"https:\/\/brasilnoticias.org\/site\/wp-content\/uploads\/2023\/09\/140499mesmo-apos-ultima-queda-lula-volta-a-criticar-taxa-de-juros-3.jpg","contentUrl":"https:\/\/brasilnoticias.org\/site\/wp-content\/uploads\/2023\/09\/140499mesmo-apos-ultima-queda-lula-volta-a-criticar-taxa-de-juros-3.jpg","width":1600,"height":752},{"@type":"BreadcrumbList","@id":"https:\/\/brasilnoticias.org\/site\/lula-diz-que-juro-precisa-baixar-mais-e-critica-campos-neto-nao-conversa-comigo\/#breadcrumb","itemListElement":[{"@type":"ListItem","position":1,"name":"In\u00edcio","item":"https:\/\/brasilnoticias.org\/site\/"},{"@type":"ListItem","position":2,"name":"Lula diz que juro precisa baixar mais e critica Campos Neto: \u201cN\u00e3o conversa comigo\u201d"}]},{"@type":"WebSite","@id":"https:\/\/brasilnoticias.org\/site\/#website","url":"https:\/\/brasilnoticias.org\/site\/","name":"Brasil not\u00edcias","description":"Brasil not\u00edcias","publisher":{"@id":"https:\/\/brasilnoticias.org\/site\/#organization"},"potentialAction":[{"@type":"SearchAction","target":{"@type":"EntryPoint","urlTemplate":"https:\/\/brasilnoticias.org\/site\/?s={search_term_string}"},"query-input":{"@type":"PropertyValueSpecification","valueRequired":true,"valueName":"search_term_string"}}],"inLanguage":"pt-PT"},{"@type":"Organization","@id":"https:\/\/brasilnoticias.org\/site\/#organization","name":"Brasil not\u00edcias","url":"https:\/\/brasilnoticias.org\/site\/","logo":{"@type":"ImageObject","inLanguage":"pt-PT","@id":"https:\/\/brasilnoticias.org\/site\/#\/schema\/logo\/image\/","url":"https:\/\/brasilnoticias.org\/site\/wp-content\/uploads\/2022\/05\/cropped-brasilnoticias-mini.jpg","contentUrl":"https:\/\/brasilnoticias.org\/site\/wp-content\/uploads\/2022\/05\/cropped-brasilnoticias-mini.jpg","width":314,"height":86,"caption":"Brasil not\u00edcias"},"image":{"@id":"https:\/\/brasilnoticias.org\/site\/#\/schema\/logo\/image\/"}},{"@type":"Person","@id":"https:\/\/brasilnoticias.org\/site\/#\/schema\/person\/03bbbfe6c7634ad18c26444ea39049fa","name":"Reda\u00e7\u00e3o","image":{"@type":"ImageObject","inLanguage":"pt-PT","@id":"https:\/\/brasilnoticias.org\/site\/#\/schema\/person\/image\/","url":"https:\/\/secure.gravatar.com\/avatar\/9ecaf7327a696cb23ad926fedded5f1f04d7049de9e445375d55b48c001a6e42?s=96&d=mm&r=g","contentUrl":"https:\/\/secure.gravatar.com\/avatar\/9ecaf7327a696cb23ad926fedded5f1f04d7049de9e445375d55b48c001a6e42?s=96&d=mm&r=g","caption":"Reda\u00e7\u00e3o"},"url":"https:\/\/brasilnoticias.org\/site\/author\/henrique\/"}]}},"_links":{"self":[{"href":"https:\/\/brasilnoticias.org\/site\/wp-json\/wp\/v2\/posts\/8824","targetHints":{"allow":["GET"]}}],"collection":[{"href":"https:\/\/brasilnoticias.org\/site\/wp-json\/wp\/v2\/posts"}],"about":[{"href":"https:\/\/brasilnoticias.org\/site\/wp-json\/wp\/v2\/types\/post"}],"author":[{"embeddable":true,"href":"https:\/\/brasilnoticias.org\/site\/wp-json\/wp\/v2\/users\/4"}],"replies":[{"embeddable":true,"href":"https:\/\/brasilnoticias.org\/site\/wp-json\/wp\/v2\/comments?post=8824"}],"version-history":[{"count":1,"href":"https:\/\/brasilnoticias.org\/site\/wp-json\/wp\/v2\/posts\/8824\/revisions"}],"predecessor-version":[{"id":8825,"href":"https:\/\/brasilnoticias.org\/site\/wp-json\/wp\/v2\/posts\/8824\/revisions\/8825"}],"wp:featuredmedia":[{"embeddable":true,"href":"https:\/\/brasilnoticias.org\/site\/wp-json\/wp\/v2\/media\/8826"}],"wp:attachment":[{"href":"https:\/\/brasilnoticias.org\/site\/wp-json\/wp\/v2\/media?parent=8824"}],"wp:term":[{"taxonomy":"category","embeddable":true,"href":"https:\/\/brasilnoticias.org\/site\/wp-json\/wp\/v2\/categories?post=8824"},{"taxonomy":"post_tag","embeddable":true,"href":"https:\/\/brasilnoticias.org\/site\/wp-json\/wp\/v2\/tags?post=8824"}],"curies":[{"name":"wp","href":"https:\/\/api.w.org\/{rel}","templated":true}]}}