{"id":8827,"date":"2023-09-02T06:09:17","date_gmt":"2023-09-02T09:09:17","guid":{"rendered":"https:\/\/brasilnoticias.org\/site\/?p=8827"},"modified":"2023-09-01T19:11:50","modified_gmt":"2023-09-01T22:11:50","slug":"barroso-bloqueia-bens-de-ministro-das-comunicacoes-e-outros-investigados","status":"publish","type":"post","link":"https:\/\/brasilnoticias.org\/site\/barroso-bloqueia-bens-de-ministro-das-comunicacoes-e-outros-investigados\/","title":{"rendered":"Barroso bloqueia bens de ministro das Comunica\u00e7\u00f5es e outros investigados"},"content":{"rendered":"<p>Ministro do STF atendeu a um pedido da Policia Federal em investiga\u00e7\u00e3o sobre suposto desvio de dinheiro p\u00fablico<\/p>\n<p>O ministro Lu\u00eds Roberto Barroso, do Supremo Tribunal Federal (STF), decretou o bloqueio de R$ 835 mil do ministro das Comunica\u00e7\u00f5es Juscelino Filho (Uni\u00e3o Brasil-MA) e demais investigados em uma opera\u00e7\u00e3o que apura suspeitas de desvio de dinheiro p\u00fablico envolvendo emendas parlamentares do ministro. A informa\u00e7\u00e3o foi publicada pelo UOL e confirmada pelo GLOBO.<\/p>\n<p>Segundo O GLOBO apurou, Barroso atendeu a um pedido da Pol\u00edcia Federal (PF) para bloquear bens dos investigados, entre eles o ministro das Comunica\u00e7\u00f5es, que \u00e9 investigado tamb\u00e9m. A decis\u00e3o do ministro do STF est\u00e1 sob sigilo.<\/p>\n<p>Ainda de acordo com relatos feitos \u00e0 reportagem, h\u00e1 elementos de que houve desvio do dinheiro da emenda direcionada, mas Barroso n\u00e3o autorizou a busca pessoal porque n\u00e3o tinha nada concreto especificamente sobre a atua\u00e7\u00e3o direta de Juscelino Filho.<\/p>\n<p>O ministro do STF, assim, considerou muito dr\u00e1stica a medida conforme os elementos dispon\u00edveis, deixando claro na decis\u00e3o a necessidade de continuidade das investiga\u00e7\u00f5es.<\/p>\n<p>Um dos alvos da opera\u00e7\u00e3o deflagrada pela PF \u00e9 a irm\u00e3 de Juscelino Filho e prefeita de Vitorino Freire, Luanna Resende. Ela foi afastada do cargo por decis\u00e3o do Supremo Tribunal Federal. Juscelino Filho, por sua vez, \u00e9 investigado no caso, mas n\u00e3o \u00e9 alvo da opera\u00e7\u00e3o desta sexta-feira.<\/p>\n<p>Em nota, a defesa de Juscelino Filho afirma que toda a atua\u00e7\u00e3o do ministro &#8220;tem sido pautada pelo interesse p\u00fablico e atendimento da popula\u00e7\u00e3o&#8221;.<\/p>\n<p>&#8220;\u00c9 importante ressaltar que Juscelino Filho n\u00e3o foi alvo de buscas e que o inqu\u00e9rito servir\u00e1 justamente para esclarecer os fatos e demonstrar que n\u00e3o houve qualquer irregularidade. Emendas parlamentares, vale dizer, s\u00e3o instrumentos leg\u00edtimos e democr\u00e1ticos do Congresso Nacional e Juscelino Filho segue \u00e0 disposi\u00e7\u00e3o, como sempre esteve, para prestar esclarecimentos \u00e0s autoridades&#8221;, dizem os advogados Ticiano Figueiredo e Pedro Ivo Velloso.<\/p>\n<p>Foto: Rafa Neddermeyer\/ Ag\u00eancia Brasil<br \/>\nO Globo<\/p>\n","protected":false},"excerpt":{"rendered":"<p>Ministro do STF atendeu a um pedido da Policia Federal em investiga\u00e7\u00e3o sobre suposto desvio de dinheiro p\u00fablico O ministro<\/p>\n","protected":false},"author":4,"featured_media":8828,"comment_status":"open","ping_status":"open","sticky":false,"template":"","format":"standard","meta":{"colormag_page_container_layout":"default_layout","colormag_page_sidebar_layout":"default_layout","_FSMCFIC_featured_image_caption":"","_FSMCFIC_featured_image_nocaption":"","_FSMCFIC_featured_image_hide":"","footnotes":""},"categories":[5,1],"tags":[],"class_list":["post-8827","post","type-post","status-publish","format-standard","has-post-thumbnail","hentry","category-politica","category-ultimas"],"yoast_head":"<!-- This site is optimized with the Yoast SEO plugin v27.1.1 - https:\/\/yoast.com\/product\/yoast-seo-wordpress\/ -->\n<title>Barroso bloqueia bens de ministro das Comunica\u00e7\u00f5es e outros investigados - Brasil not\u00edcias<\/title>\n<meta name=\"robots\" content=\"index, follow, max-snippet:-1, max-image-preview:large, max-video-preview:-1\" \/>\n<link rel=\"canonical\" href=\"https:\/\/brasilnoticias.org\/site\/barroso-bloqueia-bens-de-ministro-das-comunicacoes-e-outros-investigados\/\" \/>\n<meta property=\"og:locale\" content=\"pt_PT\" \/>\n<meta property=\"og:type\" content=\"article\" \/>\n<meta property=\"og:title\" content=\"Barroso bloqueia bens de ministro das Comunica\u00e7\u00f5es e outros investigados - Brasil not\u00edcias\" \/>\n<meta property=\"og:description\" content=\"Ministro do STF atendeu a um pedido da Policia Federal em investiga\u00e7\u00e3o sobre suposto desvio de dinheiro p\u00fablico O ministro\" \/>\n<meta property=\"og:url\" content=\"https:\/\/brasilnoticias.org\/site\/barroso-bloqueia-bens-de-ministro-das-comunicacoes-e-outros-investigados\/\" \/>\n<meta property=\"og:site_name\" content=\"Brasil not\u00edcias\" \/>\n<meta property=\"article:published_time\" content=\"2023-09-02T09:09:17+00:00\" \/>\n<meta property=\"og:image\" content=\"https:\/\/brasilnoticias.org\/site\/wp-content\/uploads\/2023\/09\/140508barroso-acata-pedido-da-pf-e-bloqueia-parcialmente-bens-de-juscelino-filho-ministro-das-comunicacoes-3.jpg\" \/>\n\t<meta property=\"og:image:width\" content=\"1600\" \/>\n\t<meta property=\"og:image:height\" content=\"752\" \/>\n\t<meta property=\"og:image:type\" content=\"image\/jpeg\" \/>\n<meta name=\"author\" content=\"Reda\u00e7\u00e3o\" \/>\n<meta name=\"twitter:card\" content=\"summary_large_image\" \/>\n<meta name=\"twitter:label1\" content=\"Escrito por\" \/>\n\t<meta name=\"twitter:data1\" content=\"Reda\u00e7\u00e3o\" \/>\n<script type=\"application\/ld+json\" class=\"yoast-schema-graph\">{\"@context\":\"https:\/\/schema.org\",\"@graph\":[{\"@type\":\"Article\",\"@id\":\"https:\/\/brasilnoticias.org\/site\/barroso-bloqueia-bens-de-ministro-das-comunicacoes-e-outros-investigados\/#article\",\"isPartOf\":{\"@id\":\"https:\/\/brasilnoticias.org\/site\/barroso-bloqueia-bens-de-ministro-das-comunicacoes-e-outros-investigados\/\"},\"author\":{\"name\":\"Reda\u00e7\u00e3o\",\"@id\":\"https:\/\/brasilnoticias.org\/site\/#\/schema\/person\/03bbbfe6c7634ad18c26444ea39049fa\"},\"headline\":\"Barroso bloqueia bens de ministro das Comunica\u00e7\u00f5es e outros investigados\",\"datePublished\":\"2023-09-02T09:09:17+00:00\",\"mainEntityOfPage\":{\"@id\":\"https:\/\/brasilnoticias.org\/site\/barroso-bloqueia-bens-de-ministro-das-comunicacoes-e-outros-investigados\/\"},\"wordCount\":352,\"commentCount\":0,\"publisher\":{\"@id\":\"https:\/\/brasilnoticias.org\/site\/#organization\"},\"image\":{\"@id\":\"https:\/\/brasilnoticias.org\/site\/barroso-bloqueia-bens-de-ministro-das-comunicacoes-e-outros-investigados\/#primaryimage\"},\"thumbnailUrl\":\"https:\/\/brasilnoticias.org\/site\/wp-content\/uploads\/2023\/09\/140508barroso-acata-pedido-da-pf-e-bloqueia-parcialmente-bens-de-juscelino-filho-ministro-das-comunicacoes-3.jpg\",\"articleSection\":[\"Pol\u00edtica\",\"\u00daltimas\"],\"inLanguage\":\"pt-PT\",\"potentialAction\":[{\"@type\":\"CommentAction\",\"name\":\"Comment\",\"target\":[\"https:\/\/brasilnoticias.org\/site\/barroso-bloqueia-bens-de-ministro-das-comunicacoes-e-outros-investigados\/#respond\"]}]},{\"@type\":\"WebPage\",\"@id\":\"https:\/\/brasilnoticias.org\/site\/barroso-bloqueia-bens-de-ministro-das-comunicacoes-e-outros-investigados\/\",\"url\":\"https:\/\/brasilnoticias.org\/site\/barroso-bloqueia-bens-de-ministro-das-comunicacoes-e-outros-investigados\/\",\"name\":\"Barroso bloqueia bens de ministro das Comunica\u00e7\u00f5es e outros investigados - Brasil not\u00edcias\",\"isPartOf\":{\"@id\":\"https:\/\/brasilnoticias.org\/site\/#website\"},\"primaryImageOfPage\":{\"@id\":\"https:\/\/brasilnoticias.org\/site\/barroso-bloqueia-bens-de-ministro-das-comunicacoes-e-outros-investigados\/#primaryimage\"},\"image\":{\"@id\":\"https:\/\/brasilnoticias.org\/site\/barroso-bloqueia-bens-de-ministro-das-comunicacoes-e-outros-investigados\/#primaryimage\"},\"thumbnailUrl\":\"https:\/\/brasilnoticias.org\/site\/wp-content\/uploads\/2023\/09\/140508barroso-acata-pedido-da-pf-e-bloqueia-parcialmente-bens-de-juscelino-filho-ministro-das-comunicacoes-3.jpg\",\"datePublished\":\"2023-09-02T09:09:17+00:00\",\"breadcrumb\":{\"@id\":\"https:\/\/brasilnoticias.org\/site\/barroso-bloqueia-bens-de-ministro-das-comunicacoes-e-outros-investigados\/#breadcrumb\"},\"inLanguage\":\"pt-PT\",\"potentialAction\":[{\"@type\":\"ReadAction\",\"target\":[\"https:\/\/brasilnoticias.org\/site\/barroso-bloqueia-bens-de-ministro-das-comunicacoes-e-outros-investigados\/\"]}]},{\"@type\":\"ImageObject\",\"inLanguage\":\"pt-PT\",\"@id\":\"https:\/\/brasilnoticias.org\/site\/barroso-bloqueia-bens-de-ministro-das-comunicacoes-e-outros-investigados\/#primaryimage\",\"url\":\"https:\/\/brasilnoticias.org\/site\/wp-content\/uploads\/2023\/09\/140508barroso-acata-pedido-da-pf-e-bloqueia-parcialmente-bens-de-juscelino-filho-ministro-das-comunicacoes-3.jpg\",\"contentUrl\":\"https:\/\/brasilnoticias.org\/site\/wp-content\/uploads\/2023\/09\/140508barroso-acata-pedido-da-pf-e-bloqueia-parcialmente-bens-de-juscelino-filho-ministro-das-comunicacoes-3.jpg\",\"width\":1600,\"height\":752},{\"@type\":\"BreadcrumbList\",\"@id\":\"https:\/\/brasilnoticias.org\/site\/barroso-bloqueia-bens-de-ministro-das-comunicacoes-e-outros-investigados\/#breadcrumb\",\"itemListElement\":[{\"@type\":\"ListItem\",\"position\":1,\"name\":\"In\u00edcio\",\"item\":\"https:\/\/brasilnoticias.org\/site\/\"},{\"@type\":\"ListItem\",\"position\":2,\"name\":\"Barroso bloqueia bens de ministro das Comunica\u00e7\u00f5es e outros investigados\"}]},{\"@type\":\"WebSite\",\"@id\":\"https:\/\/brasilnoticias.org\/site\/#website\",\"url\":\"https:\/\/brasilnoticias.org\/site\/\",\"name\":\"Brasil not\u00edcias\",\"description\":\"Brasil not\u00edcias\",\"publisher\":{\"@id\":\"https:\/\/brasilnoticias.org\/site\/#organization\"},\"potentialAction\":[{\"@type\":\"SearchAction\",\"target\":{\"@type\":\"EntryPoint\",\"urlTemplate\":\"https:\/\/brasilnoticias.org\/site\/?s={search_term_string}\"},\"query-input\":{\"@type\":\"PropertyValueSpecification\",\"valueRequired\":true,\"valueName\":\"search_term_string\"}}],\"inLanguage\":\"pt-PT\"},{\"@type\":\"Organization\",\"@id\":\"https:\/\/brasilnoticias.org\/site\/#organization\",\"name\":\"Brasil not\u00edcias\",\"url\":\"https:\/\/brasilnoticias.org\/site\/\",\"logo\":{\"@type\":\"ImageObject\",\"inLanguage\":\"pt-PT\",\"@id\":\"https:\/\/brasilnoticias.org\/site\/#\/schema\/logo\/image\/\",\"url\":\"https:\/\/brasilnoticias.org\/site\/wp-content\/uploads\/2022\/05\/cropped-brasilnoticias-mini.jpg\",\"contentUrl\":\"https:\/\/brasilnoticias.org\/site\/wp-content\/uploads\/2022\/05\/cropped-brasilnoticias-mini.jpg\",\"width\":314,\"height\":86,\"caption\":\"Brasil not\u00edcias\"},\"image\":{\"@id\":\"https:\/\/brasilnoticias.org\/site\/#\/schema\/logo\/image\/\"}},{\"@type\":\"Person\",\"@id\":\"https:\/\/brasilnoticias.org\/site\/#\/schema\/person\/03bbbfe6c7634ad18c26444ea39049fa\",\"name\":\"Reda\u00e7\u00e3o\",\"image\":{\"@type\":\"ImageObject\",\"inLanguage\":\"pt-PT\",\"@id\":\"https:\/\/brasilnoticias.org\/site\/#\/schema\/person\/image\/\",\"url\":\"https:\/\/secure.gravatar.com\/avatar\/9ecaf7327a696cb23ad926fedded5f1f04d7049de9e445375d55b48c001a6e42?s=96&d=mm&r=g\",\"contentUrl\":\"https:\/\/secure.gravatar.com\/avatar\/9ecaf7327a696cb23ad926fedded5f1f04d7049de9e445375d55b48c001a6e42?s=96&d=mm&r=g\",\"caption\":\"Reda\u00e7\u00e3o\"},\"url\":\"https:\/\/brasilnoticias.org\/site\/author\/henrique\/\"}]}<\/script>\n<!-- \/ Yoast SEO plugin. -->","yoast_head_json":{"title":"Barroso bloqueia bens de ministro das Comunica\u00e7\u00f5es e outros investigados - Brasil not\u00edcias","robots":{"index":"index","follow":"follow","max-snippet":"max-snippet:-1","max-image-preview":"max-image-preview:large","max-video-preview":"max-video-preview:-1"},"canonical":"https:\/\/brasilnoticias.org\/site\/barroso-bloqueia-bens-de-ministro-das-comunicacoes-e-outros-investigados\/","og_locale":"pt_PT","og_type":"article","og_title":"Barroso bloqueia bens de ministro das Comunica\u00e7\u00f5es e outros investigados - Brasil not\u00edcias","og_description":"Ministro do STF atendeu a um pedido da Policia Federal em investiga\u00e7\u00e3o sobre suposto desvio de dinheiro p\u00fablico O ministro","og_url":"https:\/\/brasilnoticias.org\/site\/barroso-bloqueia-bens-de-ministro-das-comunicacoes-e-outros-investigados\/","og_site_name":"Brasil not\u00edcias","article_published_time":"2023-09-02T09:09:17+00:00","og_image":[{"width":1600,"height":752,"url":"https:\/\/brasilnoticias.org\/site\/wp-content\/uploads\/2023\/09\/140508barroso-acata-pedido-da-pf-e-bloqueia-parcialmente-bens-de-juscelino-filho-ministro-das-comunicacoes-3.jpg","type":"image\/jpeg"}],"author":"Reda\u00e7\u00e3o","twitter_card":"summary_large_image","twitter_misc":{"Escrito por":"Reda\u00e7\u00e3o"},"schema":{"@context":"https:\/\/schema.org","@graph":[{"@type":"Article","@id":"https:\/\/brasilnoticias.org\/site\/barroso-bloqueia-bens-de-ministro-das-comunicacoes-e-outros-investigados\/#article","isPartOf":{"@id":"https:\/\/brasilnoticias.org\/site\/barroso-bloqueia-bens-de-ministro-das-comunicacoes-e-outros-investigados\/"},"author":{"name":"Reda\u00e7\u00e3o","@id":"https:\/\/brasilnoticias.org\/site\/#\/schema\/person\/03bbbfe6c7634ad18c26444ea39049fa"},"headline":"Barroso bloqueia bens de ministro das Comunica\u00e7\u00f5es e outros investigados","datePublished":"2023-09-02T09:09:17+00:00","mainEntityOfPage":{"@id":"https:\/\/brasilnoticias.org\/site\/barroso-bloqueia-bens-de-ministro-das-comunicacoes-e-outros-investigados\/"},"wordCount":352,"commentCount":0,"publisher":{"@id":"https:\/\/brasilnoticias.org\/site\/#organization"},"image":{"@id":"https:\/\/brasilnoticias.org\/site\/barroso-bloqueia-bens-de-ministro-das-comunicacoes-e-outros-investigados\/#primaryimage"},"thumbnailUrl":"https:\/\/brasilnoticias.org\/site\/wp-content\/uploads\/2023\/09\/140508barroso-acata-pedido-da-pf-e-bloqueia-parcialmente-bens-de-juscelino-filho-ministro-das-comunicacoes-3.jpg","articleSection":["Pol\u00edtica","\u00daltimas"],"inLanguage":"pt-PT","potentialAction":[{"@type":"CommentAction","name":"Comment","target":["https:\/\/brasilnoticias.org\/site\/barroso-bloqueia-bens-de-ministro-das-comunicacoes-e-outros-investigados\/#respond"]}]},{"@type":"WebPage","@id":"https:\/\/brasilnoticias.org\/site\/barroso-bloqueia-bens-de-ministro-das-comunicacoes-e-outros-investigados\/","url":"https:\/\/brasilnoticias.org\/site\/barroso-bloqueia-bens-de-ministro-das-comunicacoes-e-outros-investigados\/","name":"Barroso bloqueia bens de ministro das Comunica\u00e7\u00f5es e outros investigados - Brasil not\u00edcias","isPartOf":{"@id":"https:\/\/brasilnoticias.org\/site\/#website"},"primaryImageOfPage":{"@id":"https:\/\/brasilnoticias.org\/site\/barroso-bloqueia-bens-de-ministro-das-comunicacoes-e-outros-investigados\/#primaryimage"},"image":{"@id":"https:\/\/brasilnoticias.org\/site\/barroso-bloqueia-bens-de-ministro-das-comunicacoes-e-outros-investigados\/#primaryimage"},"thumbnailUrl":"https:\/\/brasilnoticias.org\/site\/wp-content\/uploads\/2023\/09\/140508barroso-acata-pedido-da-pf-e-bloqueia-parcialmente-bens-de-juscelino-filho-ministro-das-comunicacoes-3.jpg","datePublished":"2023-09-02T09:09:17+00:00","breadcrumb":{"@id":"https:\/\/brasilnoticias.org\/site\/barroso-bloqueia-bens-de-ministro-das-comunicacoes-e-outros-investigados\/#breadcrumb"},"inLanguage":"pt-PT","potentialAction":[{"@type":"ReadAction","target":["https:\/\/brasilnoticias.org\/site\/barroso-bloqueia-bens-de-ministro-das-comunicacoes-e-outros-investigados\/"]}]},{"@type":"ImageObject","inLanguage":"pt-PT","@id":"https:\/\/brasilnoticias.org\/site\/barroso-bloqueia-bens-de-ministro-das-comunicacoes-e-outros-investigados\/#primaryimage","url":"https:\/\/brasilnoticias.org\/site\/wp-content\/uploads\/2023\/09\/140508barroso-acata-pedido-da-pf-e-bloqueia-parcialmente-bens-de-juscelino-filho-ministro-das-comunicacoes-3.jpg","contentUrl":"https:\/\/brasilnoticias.org\/site\/wp-content\/uploads\/2023\/09\/140508barroso-acata-pedido-da-pf-e-bloqueia-parcialmente-bens-de-juscelino-filho-ministro-das-comunicacoes-3.jpg","width":1600,"height":752},{"@type":"BreadcrumbList","@id":"https:\/\/brasilnoticias.org\/site\/barroso-bloqueia-bens-de-ministro-das-comunicacoes-e-outros-investigados\/#breadcrumb","itemListElement":[{"@type":"ListItem","position":1,"name":"In\u00edcio","item":"https:\/\/brasilnoticias.org\/site\/"},{"@type":"ListItem","position":2,"name":"Barroso bloqueia bens de ministro das Comunica\u00e7\u00f5es e outros investigados"}]},{"@type":"WebSite","@id":"https:\/\/brasilnoticias.org\/site\/#website","url":"https:\/\/brasilnoticias.org\/site\/","name":"Brasil not\u00edcias","description":"Brasil not\u00edcias","publisher":{"@id":"https:\/\/brasilnoticias.org\/site\/#organization"},"potentialAction":[{"@type":"SearchAction","target":{"@type":"EntryPoint","urlTemplate":"https:\/\/brasilnoticias.org\/site\/?s={search_term_string}"},"query-input":{"@type":"PropertyValueSpecification","valueRequired":true,"valueName":"search_term_string"}}],"inLanguage":"pt-PT"},{"@type":"Organization","@id":"https:\/\/brasilnoticias.org\/site\/#organization","name":"Brasil not\u00edcias","url":"https:\/\/brasilnoticias.org\/site\/","logo":{"@type":"ImageObject","inLanguage":"pt-PT","@id":"https:\/\/brasilnoticias.org\/site\/#\/schema\/logo\/image\/","url":"https:\/\/brasilnoticias.org\/site\/wp-content\/uploads\/2022\/05\/cropped-brasilnoticias-mini.jpg","contentUrl":"https:\/\/brasilnoticias.org\/site\/wp-content\/uploads\/2022\/05\/cropped-brasilnoticias-mini.jpg","width":314,"height":86,"caption":"Brasil not\u00edcias"},"image":{"@id":"https:\/\/brasilnoticias.org\/site\/#\/schema\/logo\/image\/"}},{"@type":"Person","@id":"https:\/\/brasilnoticias.org\/site\/#\/schema\/person\/03bbbfe6c7634ad18c26444ea39049fa","name":"Reda\u00e7\u00e3o","image":{"@type":"ImageObject","inLanguage":"pt-PT","@id":"https:\/\/brasilnoticias.org\/site\/#\/schema\/person\/image\/","url":"https:\/\/secure.gravatar.com\/avatar\/9ecaf7327a696cb23ad926fedded5f1f04d7049de9e445375d55b48c001a6e42?s=96&d=mm&r=g","contentUrl":"https:\/\/secure.gravatar.com\/avatar\/9ecaf7327a696cb23ad926fedded5f1f04d7049de9e445375d55b48c001a6e42?s=96&d=mm&r=g","caption":"Reda\u00e7\u00e3o"},"url":"https:\/\/brasilnoticias.org\/site\/author\/henrique\/"}]}},"_links":{"self":[{"href":"https:\/\/brasilnoticias.org\/site\/wp-json\/wp\/v2\/posts\/8827","targetHints":{"allow":["GET"]}}],"collection":[{"href":"https:\/\/brasilnoticias.org\/site\/wp-json\/wp\/v2\/posts"}],"about":[{"href":"https:\/\/brasilnoticias.org\/site\/wp-json\/wp\/v2\/types\/post"}],"author":[{"embeddable":true,"href":"https:\/\/brasilnoticias.org\/site\/wp-json\/wp\/v2\/users\/4"}],"replies":[{"embeddable":true,"href":"https:\/\/brasilnoticias.org\/site\/wp-json\/wp\/v2\/comments?post=8827"}],"version-history":[{"count":1,"href":"https:\/\/brasilnoticias.org\/site\/wp-json\/wp\/v2\/posts\/8827\/revisions"}],"predecessor-version":[{"id":8829,"href":"https:\/\/brasilnoticias.org\/site\/wp-json\/wp\/v2\/posts\/8827\/revisions\/8829"}],"wp:featuredmedia":[{"embeddable":true,"href":"https:\/\/brasilnoticias.org\/site\/wp-json\/wp\/v2\/media\/8828"}],"wp:attachment":[{"href":"https:\/\/brasilnoticias.org\/site\/wp-json\/wp\/v2\/media?parent=8827"}],"wp:term":[{"taxonomy":"category","embeddable":true,"href":"https:\/\/brasilnoticias.org\/site\/wp-json\/wp\/v2\/categories?post=8827"},{"taxonomy":"post_tag","embeddable":true,"href":"https:\/\/brasilnoticias.org\/site\/wp-json\/wp\/v2\/tags?post=8827"}],"curies":[{"name":"wp","href":"https:\/\/api.w.org\/{rel}","templated":true}]}}