{"id":8830,"date":"2023-09-02T08:12:27","date_gmt":"2023-09-02T11:12:27","guid":{"rendered":"https:\/\/brasilnoticias.org\/site\/?p=8830"},"modified":"2023-09-01T19:14:45","modified_gmt":"2023-09-01T22:14:45","slug":"industria-e-servicos-puxam-pib-que-cresce-09-no-segundo-trimestre","status":"publish","type":"post","link":"https:\/\/brasilnoticias.org\/site\/industria-e-servicos-puxam-pib-que-cresce-09-no-segundo-trimestre\/","title":{"rendered":"Ind\u00fastria e servi\u00e7os puxam PIB, que cresce 0,9% no segundo trimestre"},"content":{"rendered":"<p>Em rela\u00e7\u00e3o ao mesmo trimestre de 2022, o PIB brasileiro teve alta de 3,4%. O acumulado em 12 meses \u00e9 de 3,2%]<\/p>\n<p>O Produto Interno Bruto (PIB) brasileiro cresceu 0,9% no segundo trimestre do ano em rela\u00e7\u00e3o aos tr\u00eas meses anteriores. O dado \u00e9 do Instituto Brasileiro de Geografia e Estat\u00edstica (IBGE), divulgado nesta sexta-feira (1\u00ba). O indicador trimestral \u00e9 o oitavo consecutivo com dados positivos ap\u00f3s crescimento de 1,8% no primeiro trimestre.<\/p>\n<p>O desempenho positivo foi puxado pela ind\u00fastria (0,9%) e servi\u00e7os (0,6%) \u2013 que equivale a 70% do PIB nacional e por isso tem o maior peso no crescimento no per\u00edodo avaliado. Ja a agropecu\u00e1ria recuou 0,9%, ap\u00f3s subir 21% no per\u00edodo anterior, maior alta para o setor desde 1996. O consumo das fam\u00edlias subiu 0,9%.<\/p>\n<p>Segundo o IBGE, o desempenho da economia no segundo trimestre deste ano indica fortalecimento em todos os setores, exceto os investimentos. A agropecu\u00e1ria cresceu 17% em um ano, com evolu\u00e7\u00e3o maior nas culturas de soja, milho, algod\u00e3o e caf\u00e9.<\/p>\n<p>PIB 3,4% maior em rela\u00e7\u00e3o ao mesmo per\u00edodo do ano passado<br \/>\nO crescimento do PIB no segundo trimestre teve alta de 3,4% em compara\u00e7\u00e3o com o mesmo per\u00edodo de 2022. E de 3,2% no acumulado dos \u00faltimos 12 meses.<\/p>\n<p>A ind\u00fastria teve alta de 1,5% no mesmo comparativo entre os 2\u00ba trimestres. O instituto aponta destaque para a ind\u00fastria extrativa, que subiu 8,8% entre um per\u00edodo e outro, apoiada na cadeia de petr\u00f3leo e min\u00e9rios ferrosos.<\/p>\n<p>Os dados do IBGE est\u00e3o acima das proje\u00e7\u00f5es do mercado financeiro, com alta de 0,3%. J\u00e1 para o resultado econ\u00f4mico em 2023, as proje\u00e7\u00f5es s\u00e3o de crescimento de 2,31%, segundo relat\u00f3rio do Banco Central (BC) com as expectativas das institui\u00e7\u00f5es financeiras.<\/p>\n<p>Confira o crescimento o crescimento conforme os setores da economia:<\/p>\n<p>-Ind\u00fastria: 0,9%<br \/>\n-Servi\u00e7os: 0,6%<br \/>\n-Agropecu\u00e1ria: -0,9%<br \/>\n-Consumo das fam\u00edlias: 0,9%<br \/>\n-Consumo do governo: 0,7%<br \/>\n-Investimentos: 0,1%<br \/>\n-Exporta\u00e7\u00f5es: 2,9%<br \/>\n-Importa\u00e7\u00e3o: 4,5%<\/p>\n<p>Foto: Ag\u00eancia Brasil<br \/>\nCUT<\/p>\n","protected":false},"excerpt":{"rendered":"<p>Em rela\u00e7\u00e3o ao mesmo trimestre de 2022, o PIB brasileiro teve alta de 3,4%. O acumulado em 12 meses \u00e9<\/p>\n","protected":false},"author":4,"featured_media":8831,"comment_status":"open","ping_status":"open","sticky":false,"template":"","format":"standard","meta":{"colormag_page_container_layout":"default_layout","colormag_page_sidebar_layout":"default_layout","_FSMCFIC_featured_image_caption":"","_FSMCFIC_featured_image_nocaption":"","_FSMCFIC_featured_image_hide":"","footnotes":""},"categories":[6,1],"tags":[],"class_list":["post-8830","post","type-post","status-publish","format-standard","has-post-thumbnail","hentry","category-mundo","category-ultimas"],"yoast_head":"<!-- This site is optimized with the Yoast SEO plugin v27.1.1 - https:\/\/yoast.com\/product\/yoast-seo-wordpress\/ -->\n<title>Ind\u00fastria e servi\u00e7os puxam PIB, que cresce 0,9% no segundo trimestre - Brasil not\u00edcias<\/title>\n<meta name=\"robots\" content=\"index, follow, max-snippet:-1, max-image-preview:large, max-video-preview:-1\" \/>\n<link rel=\"canonical\" href=\"https:\/\/brasilnoticias.org\/site\/industria-e-servicos-puxam-pib-que-cresce-09-no-segundo-trimestre\/\" \/>\n<meta property=\"og:locale\" content=\"pt_PT\" \/>\n<meta property=\"og:type\" content=\"article\" \/>\n<meta property=\"og:title\" content=\"Ind\u00fastria e servi\u00e7os puxam PIB, que cresce 0,9% no segundo trimestre - Brasil not\u00edcias\" \/>\n<meta property=\"og:description\" content=\"Em rela\u00e7\u00e3o ao mesmo trimestre de 2022, o PIB brasileiro teve alta de 3,4%. O acumulado em 12 meses \u00e9\" \/>\n<meta property=\"og:url\" content=\"https:\/\/brasilnoticias.org\/site\/industria-e-servicos-puxam-pib-que-cresce-09-no-segundo-trimestre\/\" \/>\n<meta property=\"og:site_name\" content=\"Brasil not\u00edcias\" \/>\n<meta property=\"article:published_time\" content=\"2023-09-02T11:12:27+00:00\" \/>\n<meta property=\"og:image\" content=\"https:\/\/brasilnoticias.org\/site\/wp-content\/uploads\/2023\/09\/140492pib-do-brasil-cresce-09-no-2-trimestre-de-2023-puxado-por-industria-e-servicos-3.jpg\" \/>\n\t<meta property=\"og:image:width\" content=\"1600\" \/>\n\t<meta property=\"og:image:height\" content=\"752\" \/>\n\t<meta property=\"og:image:type\" content=\"image\/jpeg\" \/>\n<meta name=\"author\" content=\"Reda\u00e7\u00e3o\" \/>\n<meta name=\"twitter:card\" content=\"summary_large_image\" \/>\n<meta name=\"twitter:label1\" content=\"Escrito por\" \/>\n\t<meta name=\"twitter:data1\" content=\"Reda\u00e7\u00e3o\" \/>\n<script type=\"application\/ld+json\" class=\"yoast-schema-graph\">{\"@context\":\"https:\/\/schema.org\",\"@graph\":[{\"@type\":\"Article\",\"@id\":\"https:\/\/brasilnoticias.org\/site\/industria-e-servicos-puxam-pib-que-cresce-09-no-segundo-trimestre\/#article\",\"isPartOf\":{\"@id\":\"https:\/\/brasilnoticias.org\/site\/industria-e-servicos-puxam-pib-que-cresce-09-no-segundo-trimestre\/\"},\"author\":{\"name\":\"Reda\u00e7\u00e3o\",\"@id\":\"https:\/\/brasilnoticias.org\/site\/#\/schema\/person\/03bbbfe6c7634ad18c26444ea39049fa\"},\"headline\":\"Ind\u00fastria e servi\u00e7os puxam PIB, que cresce 0,9% no segundo trimestre\",\"datePublished\":\"2023-09-02T11:12:27+00:00\",\"mainEntityOfPage\":{\"@id\":\"https:\/\/brasilnoticias.org\/site\/industria-e-servicos-puxam-pib-que-cresce-09-no-segundo-trimestre\/\"},\"wordCount\":331,\"commentCount\":0,\"publisher\":{\"@id\":\"https:\/\/brasilnoticias.org\/site\/#organization\"},\"image\":{\"@id\":\"https:\/\/brasilnoticias.org\/site\/industria-e-servicos-puxam-pib-que-cresce-09-no-segundo-trimestre\/#primaryimage\"},\"thumbnailUrl\":\"https:\/\/brasilnoticias.org\/site\/wp-content\/uploads\/2023\/09\/140492pib-do-brasil-cresce-09-no-2-trimestre-de-2023-puxado-por-industria-e-servicos-3.jpg\",\"articleSection\":[\"Mundo\",\"\u00daltimas\"],\"inLanguage\":\"pt-PT\",\"potentialAction\":[{\"@type\":\"CommentAction\",\"name\":\"Comment\",\"target\":[\"https:\/\/brasilnoticias.org\/site\/industria-e-servicos-puxam-pib-que-cresce-09-no-segundo-trimestre\/#respond\"]}]},{\"@type\":\"WebPage\",\"@id\":\"https:\/\/brasilnoticias.org\/site\/industria-e-servicos-puxam-pib-que-cresce-09-no-segundo-trimestre\/\",\"url\":\"https:\/\/brasilnoticias.org\/site\/industria-e-servicos-puxam-pib-que-cresce-09-no-segundo-trimestre\/\",\"name\":\"Ind\u00fastria e servi\u00e7os puxam PIB, que cresce 0,9% no segundo trimestre - Brasil not\u00edcias\",\"isPartOf\":{\"@id\":\"https:\/\/brasilnoticias.org\/site\/#website\"},\"primaryImageOfPage\":{\"@id\":\"https:\/\/brasilnoticias.org\/site\/industria-e-servicos-puxam-pib-que-cresce-09-no-segundo-trimestre\/#primaryimage\"},\"image\":{\"@id\":\"https:\/\/brasilnoticias.org\/site\/industria-e-servicos-puxam-pib-que-cresce-09-no-segundo-trimestre\/#primaryimage\"},\"thumbnailUrl\":\"https:\/\/brasilnoticias.org\/site\/wp-content\/uploads\/2023\/09\/140492pib-do-brasil-cresce-09-no-2-trimestre-de-2023-puxado-por-industria-e-servicos-3.jpg\",\"datePublished\":\"2023-09-02T11:12:27+00:00\",\"breadcrumb\":{\"@id\":\"https:\/\/brasilnoticias.org\/site\/industria-e-servicos-puxam-pib-que-cresce-09-no-segundo-trimestre\/#breadcrumb\"},\"inLanguage\":\"pt-PT\",\"potentialAction\":[{\"@type\":\"ReadAction\",\"target\":[\"https:\/\/brasilnoticias.org\/site\/industria-e-servicos-puxam-pib-que-cresce-09-no-segundo-trimestre\/\"]}]},{\"@type\":\"ImageObject\",\"inLanguage\":\"pt-PT\",\"@id\":\"https:\/\/brasilnoticias.org\/site\/industria-e-servicos-puxam-pib-que-cresce-09-no-segundo-trimestre\/#primaryimage\",\"url\":\"https:\/\/brasilnoticias.org\/site\/wp-content\/uploads\/2023\/09\/140492pib-do-brasil-cresce-09-no-2-trimestre-de-2023-puxado-por-industria-e-servicos-3.jpg\",\"contentUrl\":\"https:\/\/brasilnoticias.org\/site\/wp-content\/uploads\/2023\/09\/140492pib-do-brasil-cresce-09-no-2-trimestre-de-2023-puxado-por-industria-e-servicos-3.jpg\",\"width\":1600,\"height\":752},{\"@type\":\"BreadcrumbList\",\"@id\":\"https:\/\/brasilnoticias.org\/site\/industria-e-servicos-puxam-pib-que-cresce-09-no-segundo-trimestre\/#breadcrumb\",\"itemListElement\":[{\"@type\":\"ListItem\",\"position\":1,\"name\":\"In\u00edcio\",\"item\":\"https:\/\/brasilnoticias.org\/site\/\"},{\"@type\":\"ListItem\",\"position\":2,\"name\":\"Ind\u00fastria e servi\u00e7os puxam PIB, que cresce 0,9% no segundo trimestre\"}]},{\"@type\":\"WebSite\",\"@id\":\"https:\/\/brasilnoticias.org\/site\/#website\",\"url\":\"https:\/\/brasilnoticias.org\/site\/\",\"name\":\"Brasil not\u00edcias\",\"description\":\"Brasil not\u00edcias\",\"publisher\":{\"@id\":\"https:\/\/brasilnoticias.org\/site\/#organization\"},\"potentialAction\":[{\"@type\":\"SearchAction\",\"target\":{\"@type\":\"EntryPoint\",\"urlTemplate\":\"https:\/\/brasilnoticias.org\/site\/?s={search_term_string}\"},\"query-input\":{\"@type\":\"PropertyValueSpecification\",\"valueRequired\":true,\"valueName\":\"search_term_string\"}}],\"inLanguage\":\"pt-PT\"},{\"@type\":\"Organization\",\"@id\":\"https:\/\/brasilnoticias.org\/site\/#organization\",\"name\":\"Brasil not\u00edcias\",\"url\":\"https:\/\/brasilnoticias.org\/site\/\",\"logo\":{\"@type\":\"ImageObject\",\"inLanguage\":\"pt-PT\",\"@id\":\"https:\/\/brasilnoticias.org\/site\/#\/schema\/logo\/image\/\",\"url\":\"https:\/\/brasilnoticias.org\/site\/wp-content\/uploads\/2022\/05\/cropped-brasilnoticias-mini.jpg\",\"contentUrl\":\"https:\/\/brasilnoticias.org\/site\/wp-content\/uploads\/2022\/05\/cropped-brasilnoticias-mini.jpg\",\"width\":314,\"height\":86,\"caption\":\"Brasil not\u00edcias\"},\"image\":{\"@id\":\"https:\/\/brasilnoticias.org\/site\/#\/schema\/logo\/image\/\"}},{\"@type\":\"Person\",\"@id\":\"https:\/\/brasilnoticias.org\/site\/#\/schema\/person\/03bbbfe6c7634ad18c26444ea39049fa\",\"name\":\"Reda\u00e7\u00e3o\",\"image\":{\"@type\":\"ImageObject\",\"inLanguage\":\"pt-PT\",\"@id\":\"https:\/\/brasilnoticias.org\/site\/#\/schema\/person\/image\/\",\"url\":\"https:\/\/secure.gravatar.com\/avatar\/9ecaf7327a696cb23ad926fedded5f1f04d7049de9e445375d55b48c001a6e42?s=96&d=mm&r=g\",\"contentUrl\":\"https:\/\/secure.gravatar.com\/avatar\/9ecaf7327a696cb23ad926fedded5f1f04d7049de9e445375d55b48c001a6e42?s=96&d=mm&r=g\",\"caption\":\"Reda\u00e7\u00e3o\"},\"url\":\"https:\/\/brasilnoticias.org\/site\/author\/henrique\/\"}]}<\/script>\n<!-- \/ Yoast SEO plugin. -->","yoast_head_json":{"title":"Ind\u00fastria e servi\u00e7os puxam PIB, que cresce 0,9% no segundo trimestre - Brasil not\u00edcias","robots":{"index":"index","follow":"follow","max-snippet":"max-snippet:-1","max-image-preview":"max-image-preview:large","max-video-preview":"max-video-preview:-1"},"canonical":"https:\/\/brasilnoticias.org\/site\/industria-e-servicos-puxam-pib-que-cresce-09-no-segundo-trimestre\/","og_locale":"pt_PT","og_type":"article","og_title":"Ind\u00fastria e servi\u00e7os puxam PIB, que cresce 0,9% no segundo trimestre - Brasil not\u00edcias","og_description":"Em rela\u00e7\u00e3o ao mesmo trimestre de 2022, o PIB brasileiro teve alta de 3,4%. O acumulado em 12 meses \u00e9","og_url":"https:\/\/brasilnoticias.org\/site\/industria-e-servicos-puxam-pib-que-cresce-09-no-segundo-trimestre\/","og_site_name":"Brasil not\u00edcias","article_published_time":"2023-09-02T11:12:27+00:00","og_image":[{"width":1600,"height":752,"url":"https:\/\/brasilnoticias.org\/site\/wp-content\/uploads\/2023\/09\/140492pib-do-brasil-cresce-09-no-2-trimestre-de-2023-puxado-por-industria-e-servicos-3.jpg","type":"image\/jpeg"}],"author":"Reda\u00e7\u00e3o","twitter_card":"summary_large_image","twitter_misc":{"Escrito por":"Reda\u00e7\u00e3o"},"schema":{"@context":"https:\/\/schema.org","@graph":[{"@type":"Article","@id":"https:\/\/brasilnoticias.org\/site\/industria-e-servicos-puxam-pib-que-cresce-09-no-segundo-trimestre\/#article","isPartOf":{"@id":"https:\/\/brasilnoticias.org\/site\/industria-e-servicos-puxam-pib-que-cresce-09-no-segundo-trimestre\/"},"author":{"name":"Reda\u00e7\u00e3o","@id":"https:\/\/brasilnoticias.org\/site\/#\/schema\/person\/03bbbfe6c7634ad18c26444ea39049fa"},"headline":"Ind\u00fastria e servi\u00e7os puxam PIB, que cresce 0,9% no segundo trimestre","datePublished":"2023-09-02T11:12:27+00:00","mainEntityOfPage":{"@id":"https:\/\/brasilnoticias.org\/site\/industria-e-servicos-puxam-pib-que-cresce-09-no-segundo-trimestre\/"},"wordCount":331,"commentCount":0,"publisher":{"@id":"https:\/\/brasilnoticias.org\/site\/#organization"},"image":{"@id":"https:\/\/brasilnoticias.org\/site\/industria-e-servicos-puxam-pib-que-cresce-09-no-segundo-trimestre\/#primaryimage"},"thumbnailUrl":"https:\/\/brasilnoticias.org\/site\/wp-content\/uploads\/2023\/09\/140492pib-do-brasil-cresce-09-no-2-trimestre-de-2023-puxado-por-industria-e-servicos-3.jpg","articleSection":["Mundo","\u00daltimas"],"inLanguage":"pt-PT","potentialAction":[{"@type":"CommentAction","name":"Comment","target":["https:\/\/brasilnoticias.org\/site\/industria-e-servicos-puxam-pib-que-cresce-09-no-segundo-trimestre\/#respond"]}]},{"@type":"WebPage","@id":"https:\/\/brasilnoticias.org\/site\/industria-e-servicos-puxam-pib-que-cresce-09-no-segundo-trimestre\/","url":"https:\/\/brasilnoticias.org\/site\/industria-e-servicos-puxam-pib-que-cresce-09-no-segundo-trimestre\/","name":"Ind\u00fastria e servi\u00e7os puxam PIB, que cresce 0,9% no segundo trimestre - Brasil not\u00edcias","isPartOf":{"@id":"https:\/\/brasilnoticias.org\/site\/#website"},"primaryImageOfPage":{"@id":"https:\/\/brasilnoticias.org\/site\/industria-e-servicos-puxam-pib-que-cresce-09-no-segundo-trimestre\/#primaryimage"},"image":{"@id":"https:\/\/brasilnoticias.org\/site\/industria-e-servicos-puxam-pib-que-cresce-09-no-segundo-trimestre\/#primaryimage"},"thumbnailUrl":"https:\/\/brasilnoticias.org\/site\/wp-content\/uploads\/2023\/09\/140492pib-do-brasil-cresce-09-no-2-trimestre-de-2023-puxado-por-industria-e-servicos-3.jpg","datePublished":"2023-09-02T11:12:27+00:00","breadcrumb":{"@id":"https:\/\/brasilnoticias.org\/site\/industria-e-servicos-puxam-pib-que-cresce-09-no-segundo-trimestre\/#breadcrumb"},"inLanguage":"pt-PT","potentialAction":[{"@type":"ReadAction","target":["https:\/\/brasilnoticias.org\/site\/industria-e-servicos-puxam-pib-que-cresce-09-no-segundo-trimestre\/"]}]},{"@type":"ImageObject","inLanguage":"pt-PT","@id":"https:\/\/brasilnoticias.org\/site\/industria-e-servicos-puxam-pib-que-cresce-09-no-segundo-trimestre\/#primaryimage","url":"https:\/\/brasilnoticias.org\/site\/wp-content\/uploads\/2023\/09\/140492pib-do-brasil-cresce-09-no-2-trimestre-de-2023-puxado-por-industria-e-servicos-3.jpg","contentUrl":"https:\/\/brasilnoticias.org\/site\/wp-content\/uploads\/2023\/09\/140492pib-do-brasil-cresce-09-no-2-trimestre-de-2023-puxado-por-industria-e-servicos-3.jpg","width":1600,"height":752},{"@type":"BreadcrumbList","@id":"https:\/\/brasilnoticias.org\/site\/industria-e-servicos-puxam-pib-que-cresce-09-no-segundo-trimestre\/#breadcrumb","itemListElement":[{"@type":"ListItem","position":1,"name":"In\u00edcio","item":"https:\/\/brasilnoticias.org\/site\/"},{"@type":"ListItem","position":2,"name":"Ind\u00fastria e servi\u00e7os puxam PIB, que cresce 0,9% no segundo trimestre"}]},{"@type":"WebSite","@id":"https:\/\/brasilnoticias.org\/site\/#website","url":"https:\/\/brasilnoticias.org\/site\/","name":"Brasil not\u00edcias","description":"Brasil not\u00edcias","publisher":{"@id":"https:\/\/brasilnoticias.org\/site\/#organization"},"potentialAction":[{"@type":"SearchAction","target":{"@type":"EntryPoint","urlTemplate":"https:\/\/brasilnoticias.org\/site\/?s={search_term_string}"},"query-input":{"@type":"PropertyValueSpecification","valueRequired":true,"valueName":"search_term_string"}}],"inLanguage":"pt-PT"},{"@type":"Organization","@id":"https:\/\/brasilnoticias.org\/site\/#organization","name":"Brasil not\u00edcias","url":"https:\/\/brasilnoticias.org\/site\/","logo":{"@type":"ImageObject","inLanguage":"pt-PT","@id":"https:\/\/brasilnoticias.org\/site\/#\/schema\/logo\/image\/","url":"https:\/\/brasilnoticias.org\/site\/wp-content\/uploads\/2022\/05\/cropped-brasilnoticias-mini.jpg","contentUrl":"https:\/\/brasilnoticias.org\/site\/wp-content\/uploads\/2022\/05\/cropped-brasilnoticias-mini.jpg","width":314,"height":86,"caption":"Brasil not\u00edcias"},"image":{"@id":"https:\/\/brasilnoticias.org\/site\/#\/schema\/logo\/image\/"}},{"@type":"Person","@id":"https:\/\/brasilnoticias.org\/site\/#\/schema\/person\/03bbbfe6c7634ad18c26444ea39049fa","name":"Reda\u00e7\u00e3o","image":{"@type":"ImageObject","inLanguage":"pt-PT","@id":"https:\/\/brasilnoticias.org\/site\/#\/schema\/person\/image\/","url":"https:\/\/secure.gravatar.com\/avatar\/9ecaf7327a696cb23ad926fedded5f1f04d7049de9e445375d55b48c001a6e42?s=96&d=mm&r=g","contentUrl":"https:\/\/secure.gravatar.com\/avatar\/9ecaf7327a696cb23ad926fedded5f1f04d7049de9e445375d55b48c001a6e42?s=96&d=mm&r=g","caption":"Reda\u00e7\u00e3o"},"url":"https:\/\/brasilnoticias.org\/site\/author\/henrique\/"}]}},"_links":{"self":[{"href":"https:\/\/brasilnoticias.org\/site\/wp-json\/wp\/v2\/posts\/8830","targetHints":{"allow":["GET"]}}],"collection":[{"href":"https:\/\/brasilnoticias.org\/site\/wp-json\/wp\/v2\/posts"}],"about":[{"href":"https:\/\/brasilnoticias.org\/site\/wp-json\/wp\/v2\/types\/post"}],"author":[{"embeddable":true,"href":"https:\/\/brasilnoticias.org\/site\/wp-json\/wp\/v2\/users\/4"}],"replies":[{"embeddable":true,"href":"https:\/\/brasilnoticias.org\/site\/wp-json\/wp\/v2\/comments?post=8830"}],"version-history":[{"count":1,"href":"https:\/\/brasilnoticias.org\/site\/wp-json\/wp\/v2\/posts\/8830\/revisions"}],"predecessor-version":[{"id":8832,"href":"https:\/\/brasilnoticias.org\/site\/wp-json\/wp\/v2\/posts\/8830\/revisions\/8832"}],"wp:featuredmedia":[{"embeddable":true,"href":"https:\/\/brasilnoticias.org\/site\/wp-json\/wp\/v2\/media\/8831"}],"wp:attachment":[{"href":"https:\/\/brasilnoticias.org\/site\/wp-json\/wp\/v2\/media?parent=8830"}],"wp:term":[{"taxonomy":"category","embeddable":true,"href":"https:\/\/brasilnoticias.org\/site\/wp-json\/wp\/v2\/categories?post=8830"},{"taxonomy":"post_tag","embeddable":true,"href":"https:\/\/brasilnoticias.org\/site\/wp-json\/wp\/v2\/tags?post=8830"}],"curies":[{"name":"wp","href":"https:\/\/api.w.org\/{rel}","templated":true}]}}