{"id":8839,"date":"2023-09-02T11:17:39","date_gmt":"2023-09-02T14:17:39","guid":{"rendered":"https:\/\/brasilnoticias.org\/site\/?p=8839"},"modified":"2023-09-01T19:20:16","modified_gmt":"2023-09-01T22:20:16","slug":"governo-deve-lancar-licitacao-de-r-14-bilhao-para-expansao-do-metro-ate-o-campo-grande","status":"publish","type":"post","link":"https:\/\/brasilnoticias.org\/site\/governo-deve-lancar-licitacao-de-r-14-bilhao-para-expansao-do-metro-ate-o-campo-grande\/","title":{"rendered":"Governo deve lan\u00e7ar licita\u00e7\u00e3o de R$ 1,4 bilh\u00e3o para expans\u00e3o do metr\u00f4 at\u00e9 o Campo Grande"},"content":{"rendered":"<p>Segundo as proje\u00e7\u00f5es do governo, que podem ser alteradas, o primeiro edital deve ser publicado no dia 1\u00ba de outubro, cujo objeto \u00e9 a obra para a chamada \u201cexpans\u00e3o sul\u201d<\/p>\n<p>O governo da Bahia deve lan\u00e7ar, em outubro, os editais de licita\u00e7\u00e3o para elabora\u00e7\u00e3o de anteprojeto e de execu\u00e7\u00e3o das obras da expans\u00e3o do metr\u00f4 de Salvador at\u00e9 o Campo Grande. O Aratu On obteve acesso a uma planilha interna da gest\u00e3o estadual, que estima que as interven\u00e7\u00f5es devem custar cerca de R$ 1,4 bilh\u00e3o.<\/p>\n<p>De acordo com as proje\u00e7\u00f5es do governo, que podem ser alteradas, o primeiro edital deve ser publicado no dia 1\u00ba de outubro, cujo objeto \u00e9 a obra para a chamada \u201cexpans\u00e3o sul\u201d. Esta licita\u00e7\u00e3o tem custo estimado de R$ 1,3 bilh\u00e3o.<\/p>\n<p>O segundo edital tem valor estimado de R$ 110 mil, e deve ser disponibilizado no dia 20 de outubro, com intuito da criar sistemas para o modal.<\/p>\n<p>O Aratu On pediu esclarecimentos ao Governo do Estado, que afirmou que \u201cn\u00e3o tem conhecimento sobre os documentos\u201d.<\/p>\n<p>Em nota, a Companhia de Transportes do Estado da Bahia (CTB) declarou que \u201ca mobilidade urbana \u00e9 um compromisso do Governo e uma prioridade do governador\u201d.<\/p>\n<p>HIST\u00d3RICO<\/p>\n<p>A obra at\u00e9 o Campo Grande marca o in\u00edcio da expans\u00e3o do sistema metrovi\u00e1rio at\u00e9 a Barra.<\/p>\n<p>O ex-governador Rui Costa (PT), atual ministro da Casa Civil, prometeu, em 2019, que esta primeira esta\u00e7\u00e3o seria entregue em 2022, \u00faltimo ano do seu governo. A promessa, contudo, n\u00e3o foi cumprida.<\/p>\n<p>Especialistas consultados pela reportagem criticaram o governo e consideraram que havia falta de transpar\u00eancia no processo. Os estudiosos reclamam da aus\u00eancia de discuss\u00f5es com a sociedade civil sobre o tema.<\/p>\n<p>O QUE SE SABE AT\u00c9 AGORA?<\/p>\n<p>As primeiras licita\u00e7\u00f5es para constru\u00e7\u00e3o do metr\u00f4 ocorreram em 1997. \u00c0 \u00e9poca, o modal seria constru\u00eddo pela Prefeitura. As obras come\u00e7aram, a passos lentos, em 2000. Em 2013, a gest\u00e3o foi transferida para o Governo do Estado, que inaugurou em 2014 a estrutura para utiliza\u00e7\u00e3o durante a Copa do Mundo. Portanto, foram 14 anos at\u00e9 o equipamento ficar pronto.<\/p>\n<p>A ideia de levar o metr\u00f4 at\u00e9 a Barra j\u00e1 existia, mas, em 2015, foi descartada no segundo termo aditivo do contrato entre a Sedur e a CCR Metr\u00f4, concession\u00e1ria do metr\u00f4 soteropolitano. O documento previa esta\u00e7\u00f5es na Barra e na Pituba. A segunda foi descartada por conta da constru\u00e7\u00e3o do BRT pela Prefeitura.<\/p>\n<p>Como os estudos encomendados pela administra\u00e7\u00e3o Rui Costa ainda n\u00e3o foram detalhados \u00e0 sociedade civil, h\u00e1 informa\u00e7\u00f5es embrion\u00e1rias sobre o prov\u00e1vel tra\u00e7ado da expans\u00e3o do modal at\u00e9 a Barra. Denominada de \u201cExpans\u00e3o Sul\u201d, a etapa de incremento tem, at\u00e9 o momento, duas alternativas.<\/p>\n<p>Na primeira, seriam tr\u00eas esta\u00e7\u00f5es subterr\u00e2neas que sairiam da Lapa: Campo Grande, Gra\u00e7a e Barra<\/p>\n<p>Na segunda, seriam quatro paradas elevadas: Garcia, Federa\u00e7\u00e3o\/Hospital Santo Amaro, Calabar e Barra.<\/p>\n<p>A Companhia de Desenvolvimento Urbano do Estado (Conder) elaborou um plano que estima que mais de 87 mil pessoas seriam impactadas em Salvador e em Lauro de Freitas por conta da expans\u00e3o. O projeto, contudo, \u00e9 baseado em dados do censo demogr\u00e1fico de 2010. Desta forma, a possibilidade \u00e9 que ainda mais pessoas possam sentir os efeitos do metr\u00f4 na regi\u00e3o.<\/p>\n<p>ATUALIDADE<\/p>\n<p>O metr\u00f4 soteropolitano possui, atualmente, duas linhas. A primeira abrange as esta\u00e7\u00f5es Lapa, Campo da P\u00f3lvora, Brotas, Bonoc\u00f4, Retiro e Bom Ju\u00e1. A segunda tem as seguintes esta\u00e7\u00f5es: Acesso Norte, Detran, Rodovi\u00e1ria, Pernambu\u00e9s, Imbu\u00ed, CAB, Pitua\u00e7u, Flamboyant, Tamburugy, Bairro da Paz, Mussurunga e Aeroporto.<\/p>\n<p>A Linha 1 est\u00e1 prestes a ganhar mais duas novas esta\u00e7\u00f5es: Brasilg\u00e1s e \u00c1guas Claras. Este trecho, com 5 km de extens\u00e3o, com sa\u00edda da Esta\u00e7\u00e3o Piraj\u00e1, estava previsto para operar a partir deste m\u00eas. O governo, no entanto, atualizou na \u00faltima segunda-feira (29\/5) a proje\u00e7\u00e3o. Desta forma, o empreendimento deve ser inaugurado em julho.<\/p>\n<p>Foto: Divulga\u00e7\u00e3o\/CCR Metr\u00f4<br \/>\nAratu On<\/p>\n","protected":false},"excerpt":{"rendered":"<p>Segundo as proje\u00e7\u00f5es do governo, que podem ser alteradas, o primeiro edital deve ser publicado no dia 1\u00ba de outubro,<\/p>\n","protected":false},"author":4,"featured_media":8840,"comment_status":"open","ping_status":"open","sticky":false,"template":"","format":"standard","meta":{"colormag_page_container_layout":"default_layout","colormag_page_sidebar_layout":"default_layout","_FSMCFIC_featured_image_caption":"","_FSMCFIC_featured_image_nocaption":"","_FSMCFIC_featured_image_hide":"","footnotes":""},"categories":[2,1],"tags":[],"class_list":["post-8839","post","type-post","status-publish","format-standard","has-post-thumbnail","hentry","category-noticias","category-ultimas"],"yoast_head":"<!-- This site is optimized with the Yoast SEO plugin v27.1.1 - https:\/\/yoast.com\/product\/yoast-seo-wordpress\/ -->\n<title>Governo deve lan\u00e7ar licita\u00e7\u00e3o de R$ 1,4 bilh\u00e3o para expans\u00e3o do metr\u00f4 at\u00e9 o Campo Grande - Brasil not\u00edcias<\/title>\n<meta name=\"robots\" content=\"index, follow, max-snippet:-1, max-image-preview:large, max-video-preview:-1\" \/>\n<link rel=\"canonical\" href=\"https:\/\/brasilnoticias.org\/site\/governo-deve-lancar-licitacao-de-r-14-bilhao-para-expansao-do-metro-ate-o-campo-grande\/\" \/>\n<meta property=\"og:locale\" content=\"pt_PT\" \/>\n<meta property=\"og:type\" content=\"article\" \/>\n<meta property=\"og:title\" content=\"Governo deve lan\u00e7ar licita\u00e7\u00e3o de R$ 1,4 bilh\u00e3o para expans\u00e3o do metr\u00f4 at\u00e9 o Campo Grande - Brasil not\u00edcias\" \/>\n<meta property=\"og:description\" content=\"Segundo as proje\u00e7\u00f5es do governo, que podem ser alteradas, o primeiro edital deve ser publicado no dia 1\u00ba de outubro,\" \/>\n<meta property=\"og:url\" content=\"https:\/\/brasilnoticias.org\/site\/governo-deve-lancar-licitacao-de-r-14-bilhao-para-expansao-do-metro-ate-o-campo-grande\/\" \/>\n<meta property=\"og:site_name\" content=\"Brasil not\u00edcias\" \/>\n<meta property=\"article:published_time\" content=\"2023-09-02T14:17:39+00:00\" \/>\n<meta property=\"og:image\" content=\"https:\/\/brasilnoticias.org\/site\/wp-content\/uploads\/2023\/09\/metro-740x470-1.jpg\" \/>\n\t<meta property=\"og:image:width\" content=\"740\" \/>\n\t<meta property=\"og:image:height\" content=\"470\" \/>\n\t<meta property=\"og:image:type\" content=\"image\/jpeg\" \/>\n<meta name=\"author\" content=\"Reda\u00e7\u00e3o\" \/>\n<meta name=\"twitter:card\" content=\"summary_large_image\" \/>\n<meta name=\"twitter:label1\" content=\"Escrito por\" \/>\n\t<meta name=\"twitter:data1\" content=\"Reda\u00e7\u00e3o\" \/>\n<script type=\"application\/ld+json\" class=\"yoast-schema-graph\">{\"@context\":\"https:\/\/schema.org\",\"@graph\":[{\"@type\":\"Article\",\"@id\":\"https:\/\/brasilnoticias.org\/site\/governo-deve-lancar-licitacao-de-r-14-bilhao-para-expansao-do-metro-ate-o-campo-grande\/#article\",\"isPartOf\":{\"@id\":\"https:\/\/brasilnoticias.org\/site\/governo-deve-lancar-licitacao-de-r-14-bilhao-para-expansao-do-metro-ate-o-campo-grande\/\"},\"author\":{\"name\":\"Reda\u00e7\u00e3o\",\"@id\":\"https:\/\/brasilnoticias.org\/site\/#\/schema\/person\/03bbbfe6c7634ad18c26444ea39049fa\"},\"headline\":\"Governo deve lan\u00e7ar licita\u00e7\u00e3o de R$ 1,4 bilh\u00e3o para expans\u00e3o do metr\u00f4 at\u00e9 o Campo Grande\",\"datePublished\":\"2023-09-02T14:17:39+00:00\",\"mainEntityOfPage\":{\"@id\":\"https:\/\/brasilnoticias.org\/site\/governo-deve-lancar-licitacao-de-r-14-bilhao-para-expansao-do-metro-ate-o-campo-grande\/\"},\"wordCount\":691,\"commentCount\":0,\"publisher\":{\"@id\":\"https:\/\/brasilnoticias.org\/site\/#organization\"},\"image\":{\"@id\":\"https:\/\/brasilnoticias.org\/site\/governo-deve-lancar-licitacao-de-r-14-bilhao-para-expansao-do-metro-ate-o-campo-grande\/#primaryimage\"},\"thumbnailUrl\":\"https:\/\/brasilnoticias.org\/site\/wp-content\/uploads\/2023\/09\/metro-740x470-1.jpg\",\"articleSection\":[\"Not\u00edcias\",\"\u00daltimas\"],\"inLanguage\":\"pt-PT\",\"potentialAction\":[{\"@type\":\"CommentAction\",\"name\":\"Comment\",\"target\":[\"https:\/\/brasilnoticias.org\/site\/governo-deve-lancar-licitacao-de-r-14-bilhao-para-expansao-do-metro-ate-o-campo-grande\/#respond\"]}]},{\"@type\":\"WebPage\",\"@id\":\"https:\/\/brasilnoticias.org\/site\/governo-deve-lancar-licitacao-de-r-14-bilhao-para-expansao-do-metro-ate-o-campo-grande\/\",\"url\":\"https:\/\/brasilnoticias.org\/site\/governo-deve-lancar-licitacao-de-r-14-bilhao-para-expansao-do-metro-ate-o-campo-grande\/\",\"name\":\"Governo deve lan\u00e7ar licita\u00e7\u00e3o de R$ 1,4 bilh\u00e3o para expans\u00e3o do metr\u00f4 at\u00e9 o Campo Grande - Brasil not\u00edcias\",\"isPartOf\":{\"@id\":\"https:\/\/brasilnoticias.org\/site\/#website\"},\"primaryImageOfPage\":{\"@id\":\"https:\/\/brasilnoticias.org\/site\/governo-deve-lancar-licitacao-de-r-14-bilhao-para-expansao-do-metro-ate-o-campo-grande\/#primaryimage\"},\"image\":{\"@id\":\"https:\/\/brasilnoticias.org\/site\/governo-deve-lancar-licitacao-de-r-14-bilhao-para-expansao-do-metro-ate-o-campo-grande\/#primaryimage\"},\"thumbnailUrl\":\"https:\/\/brasilnoticias.org\/site\/wp-content\/uploads\/2023\/09\/metro-740x470-1.jpg\",\"datePublished\":\"2023-09-02T14:17:39+00:00\",\"breadcrumb\":{\"@id\":\"https:\/\/brasilnoticias.org\/site\/governo-deve-lancar-licitacao-de-r-14-bilhao-para-expansao-do-metro-ate-o-campo-grande\/#breadcrumb\"},\"inLanguage\":\"pt-PT\",\"potentialAction\":[{\"@type\":\"ReadAction\",\"target\":[\"https:\/\/brasilnoticias.org\/site\/governo-deve-lancar-licitacao-de-r-14-bilhao-para-expansao-do-metro-ate-o-campo-grande\/\"]}]},{\"@type\":\"ImageObject\",\"inLanguage\":\"pt-PT\",\"@id\":\"https:\/\/brasilnoticias.org\/site\/governo-deve-lancar-licitacao-de-r-14-bilhao-para-expansao-do-metro-ate-o-campo-grande\/#primaryimage\",\"url\":\"https:\/\/brasilnoticias.org\/site\/wp-content\/uploads\/2023\/09\/metro-740x470-1.jpg\",\"contentUrl\":\"https:\/\/brasilnoticias.org\/site\/wp-content\/uploads\/2023\/09\/metro-740x470-1.jpg\",\"width\":740,\"height\":470},{\"@type\":\"BreadcrumbList\",\"@id\":\"https:\/\/brasilnoticias.org\/site\/governo-deve-lancar-licitacao-de-r-14-bilhao-para-expansao-do-metro-ate-o-campo-grande\/#breadcrumb\",\"itemListElement\":[{\"@type\":\"ListItem\",\"position\":1,\"name\":\"In\u00edcio\",\"item\":\"https:\/\/brasilnoticias.org\/site\/\"},{\"@type\":\"ListItem\",\"position\":2,\"name\":\"Governo deve lan\u00e7ar licita\u00e7\u00e3o de R$ 1,4 bilh\u00e3o para expans\u00e3o do metr\u00f4 at\u00e9 o Campo Grande\"}]},{\"@type\":\"WebSite\",\"@id\":\"https:\/\/brasilnoticias.org\/site\/#website\",\"url\":\"https:\/\/brasilnoticias.org\/site\/\",\"name\":\"Brasil not\u00edcias\",\"description\":\"Brasil not\u00edcias\",\"publisher\":{\"@id\":\"https:\/\/brasilnoticias.org\/site\/#organization\"},\"potentialAction\":[{\"@type\":\"SearchAction\",\"target\":{\"@type\":\"EntryPoint\",\"urlTemplate\":\"https:\/\/brasilnoticias.org\/site\/?s={search_term_string}\"},\"query-input\":{\"@type\":\"PropertyValueSpecification\",\"valueRequired\":true,\"valueName\":\"search_term_string\"}}],\"inLanguage\":\"pt-PT\"},{\"@type\":\"Organization\",\"@id\":\"https:\/\/brasilnoticias.org\/site\/#organization\",\"name\":\"Brasil not\u00edcias\",\"url\":\"https:\/\/brasilnoticias.org\/site\/\",\"logo\":{\"@type\":\"ImageObject\",\"inLanguage\":\"pt-PT\",\"@id\":\"https:\/\/brasilnoticias.org\/site\/#\/schema\/logo\/image\/\",\"url\":\"https:\/\/brasilnoticias.org\/site\/wp-content\/uploads\/2022\/05\/cropped-brasilnoticias-mini.jpg\",\"contentUrl\":\"https:\/\/brasilnoticias.org\/site\/wp-content\/uploads\/2022\/05\/cropped-brasilnoticias-mini.jpg\",\"width\":314,\"height\":86,\"caption\":\"Brasil not\u00edcias\"},\"image\":{\"@id\":\"https:\/\/brasilnoticias.org\/site\/#\/schema\/logo\/image\/\"}},{\"@type\":\"Person\",\"@id\":\"https:\/\/brasilnoticias.org\/site\/#\/schema\/person\/03bbbfe6c7634ad18c26444ea39049fa\",\"name\":\"Reda\u00e7\u00e3o\",\"image\":{\"@type\":\"ImageObject\",\"inLanguage\":\"pt-PT\",\"@id\":\"https:\/\/brasilnoticias.org\/site\/#\/schema\/person\/image\/\",\"url\":\"https:\/\/secure.gravatar.com\/avatar\/9ecaf7327a696cb23ad926fedded5f1f04d7049de9e445375d55b48c001a6e42?s=96&d=mm&r=g\",\"contentUrl\":\"https:\/\/secure.gravatar.com\/avatar\/9ecaf7327a696cb23ad926fedded5f1f04d7049de9e445375d55b48c001a6e42?s=96&d=mm&r=g\",\"caption\":\"Reda\u00e7\u00e3o\"},\"url\":\"https:\/\/brasilnoticias.org\/site\/author\/henrique\/\"}]}<\/script>\n<!-- \/ Yoast SEO plugin. -->","yoast_head_json":{"title":"Governo deve lan\u00e7ar licita\u00e7\u00e3o de R$ 1,4 bilh\u00e3o para expans\u00e3o do metr\u00f4 at\u00e9 o Campo Grande - Brasil not\u00edcias","robots":{"index":"index","follow":"follow","max-snippet":"max-snippet:-1","max-image-preview":"max-image-preview:large","max-video-preview":"max-video-preview:-1"},"canonical":"https:\/\/brasilnoticias.org\/site\/governo-deve-lancar-licitacao-de-r-14-bilhao-para-expansao-do-metro-ate-o-campo-grande\/","og_locale":"pt_PT","og_type":"article","og_title":"Governo deve lan\u00e7ar licita\u00e7\u00e3o de R$ 1,4 bilh\u00e3o para expans\u00e3o do metr\u00f4 at\u00e9 o Campo Grande - Brasil not\u00edcias","og_description":"Segundo as proje\u00e7\u00f5es do governo, que podem ser alteradas, o primeiro edital deve ser publicado no dia 1\u00ba de outubro,","og_url":"https:\/\/brasilnoticias.org\/site\/governo-deve-lancar-licitacao-de-r-14-bilhao-para-expansao-do-metro-ate-o-campo-grande\/","og_site_name":"Brasil not\u00edcias","article_published_time":"2023-09-02T14:17:39+00:00","og_image":[{"width":740,"height":470,"url":"https:\/\/brasilnoticias.org\/site\/wp-content\/uploads\/2023\/09\/metro-740x470-1.jpg","type":"image\/jpeg"}],"author":"Reda\u00e7\u00e3o","twitter_card":"summary_large_image","twitter_misc":{"Escrito por":"Reda\u00e7\u00e3o"},"schema":{"@context":"https:\/\/schema.org","@graph":[{"@type":"Article","@id":"https:\/\/brasilnoticias.org\/site\/governo-deve-lancar-licitacao-de-r-14-bilhao-para-expansao-do-metro-ate-o-campo-grande\/#article","isPartOf":{"@id":"https:\/\/brasilnoticias.org\/site\/governo-deve-lancar-licitacao-de-r-14-bilhao-para-expansao-do-metro-ate-o-campo-grande\/"},"author":{"name":"Reda\u00e7\u00e3o","@id":"https:\/\/brasilnoticias.org\/site\/#\/schema\/person\/03bbbfe6c7634ad18c26444ea39049fa"},"headline":"Governo deve lan\u00e7ar licita\u00e7\u00e3o de R$ 1,4 bilh\u00e3o para expans\u00e3o do metr\u00f4 at\u00e9 o Campo Grande","datePublished":"2023-09-02T14:17:39+00:00","mainEntityOfPage":{"@id":"https:\/\/brasilnoticias.org\/site\/governo-deve-lancar-licitacao-de-r-14-bilhao-para-expansao-do-metro-ate-o-campo-grande\/"},"wordCount":691,"commentCount":0,"publisher":{"@id":"https:\/\/brasilnoticias.org\/site\/#organization"},"image":{"@id":"https:\/\/brasilnoticias.org\/site\/governo-deve-lancar-licitacao-de-r-14-bilhao-para-expansao-do-metro-ate-o-campo-grande\/#primaryimage"},"thumbnailUrl":"https:\/\/brasilnoticias.org\/site\/wp-content\/uploads\/2023\/09\/metro-740x470-1.jpg","articleSection":["Not\u00edcias","\u00daltimas"],"inLanguage":"pt-PT","potentialAction":[{"@type":"CommentAction","name":"Comment","target":["https:\/\/brasilnoticias.org\/site\/governo-deve-lancar-licitacao-de-r-14-bilhao-para-expansao-do-metro-ate-o-campo-grande\/#respond"]}]},{"@type":"WebPage","@id":"https:\/\/brasilnoticias.org\/site\/governo-deve-lancar-licitacao-de-r-14-bilhao-para-expansao-do-metro-ate-o-campo-grande\/","url":"https:\/\/brasilnoticias.org\/site\/governo-deve-lancar-licitacao-de-r-14-bilhao-para-expansao-do-metro-ate-o-campo-grande\/","name":"Governo deve lan\u00e7ar licita\u00e7\u00e3o de R$ 1,4 bilh\u00e3o para expans\u00e3o do metr\u00f4 at\u00e9 o Campo Grande - Brasil not\u00edcias","isPartOf":{"@id":"https:\/\/brasilnoticias.org\/site\/#website"},"primaryImageOfPage":{"@id":"https:\/\/brasilnoticias.org\/site\/governo-deve-lancar-licitacao-de-r-14-bilhao-para-expansao-do-metro-ate-o-campo-grande\/#primaryimage"},"image":{"@id":"https:\/\/brasilnoticias.org\/site\/governo-deve-lancar-licitacao-de-r-14-bilhao-para-expansao-do-metro-ate-o-campo-grande\/#primaryimage"},"thumbnailUrl":"https:\/\/brasilnoticias.org\/site\/wp-content\/uploads\/2023\/09\/metro-740x470-1.jpg","datePublished":"2023-09-02T14:17:39+00:00","breadcrumb":{"@id":"https:\/\/brasilnoticias.org\/site\/governo-deve-lancar-licitacao-de-r-14-bilhao-para-expansao-do-metro-ate-o-campo-grande\/#breadcrumb"},"inLanguage":"pt-PT","potentialAction":[{"@type":"ReadAction","target":["https:\/\/brasilnoticias.org\/site\/governo-deve-lancar-licitacao-de-r-14-bilhao-para-expansao-do-metro-ate-o-campo-grande\/"]}]},{"@type":"ImageObject","inLanguage":"pt-PT","@id":"https:\/\/brasilnoticias.org\/site\/governo-deve-lancar-licitacao-de-r-14-bilhao-para-expansao-do-metro-ate-o-campo-grande\/#primaryimage","url":"https:\/\/brasilnoticias.org\/site\/wp-content\/uploads\/2023\/09\/metro-740x470-1.jpg","contentUrl":"https:\/\/brasilnoticias.org\/site\/wp-content\/uploads\/2023\/09\/metro-740x470-1.jpg","width":740,"height":470},{"@type":"BreadcrumbList","@id":"https:\/\/brasilnoticias.org\/site\/governo-deve-lancar-licitacao-de-r-14-bilhao-para-expansao-do-metro-ate-o-campo-grande\/#breadcrumb","itemListElement":[{"@type":"ListItem","position":1,"name":"In\u00edcio","item":"https:\/\/brasilnoticias.org\/site\/"},{"@type":"ListItem","position":2,"name":"Governo deve lan\u00e7ar licita\u00e7\u00e3o de R$ 1,4 bilh\u00e3o para expans\u00e3o do metr\u00f4 at\u00e9 o Campo Grande"}]},{"@type":"WebSite","@id":"https:\/\/brasilnoticias.org\/site\/#website","url":"https:\/\/brasilnoticias.org\/site\/","name":"Brasil not\u00edcias","description":"Brasil not\u00edcias","publisher":{"@id":"https:\/\/brasilnoticias.org\/site\/#organization"},"potentialAction":[{"@type":"SearchAction","target":{"@type":"EntryPoint","urlTemplate":"https:\/\/brasilnoticias.org\/site\/?s={search_term_string}"},"query-input":{"@type":"PropertyValueSpecification","valueRequired":true,"valueName":"search_term_string"}}],"inLanguage":"pt-PT"},{"@type":"Organization","@id":"https:\/\/brasilnoticias.org\/site\/#organization","name":"Brasil not\u00edcias","url":"https:\/\/brasilnoticias.org\/site\/","logo":{"@type":"ImageObject","inLanguage":"pt-PT","@id":"https:\/\/brasilnoticias.org\/site\/#\/schema\/logo\/image\/","url":"https:\/\/brasilnoticias.org\/site\/wp-content\/uploads\/2022\/05\/cropped-brasilnoticias-mini.jpg","contentUrl":"https:\/\/brasilnoticias.org\/site\/wp-content\/uploads\/2022\/05\/cropped-brasilnoticias-mini.jpg","width":314,"height":86,"caption":"Brasil not\u00edcias"},"image":{"@id":"https:\/\/brasilnoticias.org\/site\/#\/schema\/logo\/image\/"}},{"@type":"Person","@id":"https:\/\/brasilnoticias.org\/site\/#\/schema\/person\/03bbbfe6c7634ad18c26444ea39049fa","name":"Reda\u00e7\u00e3o","image":{"@type":"ImageObject","inLanguage":"pt-PT","@id":"https:\/\/brasilnoticias.org\/site\/#\/schema\/person\/image\/","url":"https:\/\/secure.gravatar.com\/avatar\/9ecaf7327a696cb23ad926fedded5f1f04d7049de9e445375d55b48c001a6e42?s=96&d=mm&r=g","contentUrl":"https:\/\/secure.gravatar.com\/avatar\/9ecaf7327a696cb23ad926fedded5f1f04d7049de9e445375d55b48c001a6e42?s=96&d=mm&r=g","caption":"Reda\u00e7\u00e3o"},"url":"https:\/\/brasilnoticias.org\/site\/author\/henrique\/"}]}},"_links":{"self":[{"href":"https:\/\/brasilnoticias.org\/site\/wp-json\/wp\/v2\/posts\/8839","targetHints":{"allow":["GET"]}}],"collection":[{"href":"https:\/\/brasilnoticias.org\/site\/wp-json\/wp\/v2\/posts"}],"about":[{"href":"https:\/\/brasilnoticias.org\/site\/wp-json\/wp\/v2\/types\/post"}],"author":[{"embeddable":true,"href":"https:\/\/brasilnoticias.org\/site\/wp-json\/wp\/v2\/users\/4"}],"replies":[{"embeddable":true,"href":"https:\/\/brasilnoticias.org\/site\/wp-json\/wp\/v2\/comments?post=8839"}],"version-history":[{"count":1,"href":"https:\/\/brasilnoticias.org\/site\/wp-json\/wp\/v2\/posts\/8839\/revisions"}],"predecessor-version":[{"id":8841,"href":"https:\/\/brasilnoticias.org\/site\/wp-json\/wp\/v2\/posts\/8839\/revisions\/8841"}],"wp:featuredmedia":[{"embeddable":true,"href":"https:\/\/brasilnoticias.org\/site\/wp-json\/wp\/v2\/media\/8840"}],"wp:attachment":[{"href":"https:\/\/brasilnoticias.org\/site\/wp-json\/wp\/v2\/media?parent=8839"}],"wp:term":[{"taxonomy":"category","embeddable":true,"href":"https:\/\/brasilnoticias.org\/site\/wp-json\/wp\/v2\/categories?post=8839"},{"taxonomy":"post_tag","embeddable":true,"href":"https:\/\/brasilnoticias.org\/site\/wp-json\/wp\/v2\/tags?post=8839"}],"curies":[{"name":"wp","href":"https:\/\/api.w.org\/{rel}","templated":true}]}}