{"id":8845,"date":"2023-09-02T20:21:53","date_gmt":"2023-09-02T23:21:53","guid":{"rendered":"https:\/\/brasilnoticias.org\/site\/?p=8845"},"modified":"2023-09-01T19:24:12","modified_gmt":"2023-09-01T22:24:12","slug":"novo-tecnico-da-selecao-feminina-faz-primeira-convocacao-com-veterana-cristiane","status":"publish","type":"post","link":"https:\/\/brasilnoticias.org\/site\/novo-tecnico-da-selecao-feminina-faz-primeira-convocacao-com-veterana-cristiane\/","title":{"rendered":"Novo t\u00e9cnico da Sele\u00e7\u00e3o Feminina faz primeira convoca\u00e7\u00e3o, com veterana Cristiane"},"content":{"rendered":"<p>Ex-treinador da equipe feminina do Corinthians Arthur Elias assume a vaga de Pia Sundhage<\/p>\n<p>A Sele\u00e7\u00e3o Brasileira Feminina est\u00e1 com novo comandante, o ex-treinador da equipe feminina do Corinthians Arthur Elias. Anunciado nesta sexta-feira (1\/9), em coletiva realizada na sede da CBF, no Rio de Janeiro, Elias tamb\u00e9m fez a primeira convoca\u00e7\u00e3o.<\/p>\n<p>T\u00e9cnico tetracampe\u00e3o do Brasileir\u00e3o Feminino (2018, 2020, 2021 e 2022) e bicampe\u00e3o da Libertadores Feminina, Arthur Elias chega com a responsabilidade de substituir a sueca Pia Sundhage, demitida ap\u00f3s a elimina\u00e7\u00e3o do Mundial deste ano. O foco do trabalho ser\u00e1 na prepara\u00e7\u00e3o da equipe para os Jogos Ol\u00edmpicos de 2024.<\/p>\n<p>Apesar da pr\u00f3xima Data Fifa ser em setembro, o Brasil n\u00e3o organizou amistosos e deve usar o per\u00edodo para treinamentos e primeiros contatos entre treinador e atletas. Na lista divulgada ap\u00f3s a apresenta\u00e7\u00e3o, Elias convocou 30 jogadores, inclusive a atacante Cristiane, de 39 anos, n\u00e3o convocada pela comandante anterior nos \u00faltimos dois anos.<\/p>\n<p>Veja a lista:<\/p>\n<p>GOLEIRAS<\/p>\n<p>Leticia Izidoro \u2013 Corinthians , Luciana \u2013 Ferrovi\u00e1ria, Camila \u2013 Santos, Kemelli \u2013 Corinthians<\/p>\n<p>ZAGUEIRAS<\/p>\n<p>Rafaelle \u2013 Orlando Pride (EUA), Tainara \u2013 Bayern de Munique (ALE), Kathellen \u2013 Real Madrid (ESP), Antonia \u2013 Levante (ESP)<\/p>\n<p>LATERAIS<\/p>\n<p>Tamires \u2013 Corinthians, Yasmim \u2013 Corinthians, Kati \u2013 Corinthians, Bruninha \u2013 Gotham (EUA)<\/p>\n<p>MEIAS<\/p>\n<p>Ary Borges \u2013 Racing Louisville (EUA), Luana \u2013 Corinthians, Duda Sampaio \u2013 Corinthians, Angelina \u2013 O.L Reign (EUA), Ana Vit\u00f3ria \u2013 PSG (FRA), Brena \u2013 Santos<\/p>\n<p>ATACANTES<\/p>\n<p>Kerolin \u2013 North Carolina (EUA), Debinha \u2013 Kansas City (EUA), Bia Zaneratto \u2013 Palmeiras, Geyse \u2013 Manchester United (ING), Nycole \u2013 Benfica (POR), Gabi Portilho \u2013 Corinthians, Jheniffer \u2013 Corinthians, Eudimila \u2013 Ferrovi\u00e1ria, Amanda \u2013 Palmeiras, Adriana \u2013 Orlando Pride (EUA), Marta \u2013 Orlando Pride (EUA), Cristiane \u2013 Santos.<\/p>\n<p>Foto: Thais Magalh\u00e3es\/CBF<br \/>\nAratu On<\/p>\n","protected":false},"excerpt":{"rendered":"<p>Ex-treinador da equipe feminina do Corinthians Arthur Elias assume a vaga de Pia Sundhage A Sele\u00e7\u00e3o Brasileira Feminina est\u00e1 com<\/p>\n","protected":false},"author":4,"featured_media":8846,"comment_status":"open","ping_status":"open","sticky":false,"template":"","format":"standard","meta":{"colormag_page_container_layout":"default_layout","colormag_page_sidebar_layout":"default_layout","_FSMCFIC_featured_image_caption":"","_FSMCFIC_featured_image_nocaption":"","_FSMCFIC_featured_image_hide":"","footnotes":""},"categories":[4,1],"tags":[],"class_list":["post-8845","post","type-post","status-publish","format-standard","has-post-thumbnail","hentry","category-esporte","category-ultimas"],"yoast_head":"<!-- This site is optimized with the Yoast SEO plugin v27.1.1 - https:\/\/yoast.com\/product\/yoast-seo-wordpress\/ -->\n<title>Novo t\u00e9cnico da Sele\u00e7\u00e3o Feminina faz primeira convoca\u00e7\u00e3o, com veterana Cristiane - Brasil not\u00edcias<\/title>\n<meta name=\"robots\" content=\"index, follow, max-snippet:-1, max-image-preview:large, max-video-preview:-1\" \/>\n<link rel=\"canonical\" href=\"https:\/\/brasilnoticias.org\/site\/novo-tecnico-da-selecao-feminina-faz-primeira-convocacao-com-veterana-cristiane\/\" \/>\n<meta property=\"og:locale\" content=\"pt_PT\" \/>\n<meta property=\"og:type\" content=\"article\" \/>\n<meta property=\"og:title\" content=\"Novo t\u00e9cnico da Sele\u00e7\u00e3o Feminina faz primeira convoca\u00e7\u00e3o, com veterana Cristiane - Brasil not\u00edcias\" \/>\n<meta property=\"og:description\" content=\"Ex-treinador da equipe feminina do Corinthians Arthur Elias assume a vaga de Pia Sundhage A Sele\u00e7\u00e3o Brasileira Feminina est\u00e1 com\" \/>\n<meta property=\"og:url\" content=\"https:\/\/brasilnoticias.org\/site\/novo-tecnico-da-selecao-feminina-faz-primeira-convocacao-com-veterana-cristiane\/\" \/>\n<meta property=\"og:site_name\" content=\"Brasil not\u00edcias\" \/>\n<meta property=\"article:published_time\" content=\"2023-09-02T23:21:53+00:00\" \/>\n<meta property=\"og:image\" content=\"https:\/\/brasilnoticias.org\/site\/wp-content\/uploads\/2023\/09\/ARTHUR-740x470-1.jpg\" \/>\n\t<meta property=\"og:image:width\" content=\"740\" \/>\n\t<meta property=\"og:image:height\" content=\"470\" \/>\n\t<meta property=\"og:image:type\" content=\"image\/jpeg\" \/>\n<meta name=\"author\" content=\"Reda\u00e7\u00e3o\" \/>\n<meta name=\"twitter:card\" content=\"summary_large_image\" \/>\n<meta name=\"twitter:label1\" content=\"Escrito por\" \/>\n\t<meta name=\"twitter:data1\" content=\"Reda\u00e7\u00e3o\" \/>\n<script type=\"application\/ld+json\" class=\"yoast-schema-graph\">{\"@context\":\"https:\/\/schema.org\",\"@graph\":[{\"@type\":\"Article\",\"@id\":\"https:\/\/brasilnoticias.org\/site\/novo-tecnico-da-selecao-feminina-faz-primeira-convocacao-com-veterana-cristiane\/#article\",\"isPartOf\":{\"@id\":\"https:\/\/brasilnoticias.org\/site\/novo-tecnico-da-selecao-feminina-faz-primeira-convocacao-com-veterana-cristiane\/\"},\"author\":{\"name\":\"Reda\u00e7\u00e3o\",\"@id\":\"https:\/\/brasilnoticias.org\/site\/#\/schema\/person\/03bbbfe6c7634ad18c26444ea39049fa\"},\"headline\":\"Novo t\u00e9cnico da Sele\u00e7\u00e3o Feminina faz primeira convoca\u00e7\u00e3o, com veterana Cristiane\",\"datePublished\":\"2023-09-02T23:21:53+00:00\",\"mainEntityOfPage\":{\"@id\":\"https:\/\/brasilnoticias.org\/site\/novo-tecnico-da-selecao-feminina-faz-primeira-convocacao-com-veterana-cristiane\/\"},\"wordCount\":288,\"commentCount\":0,\"publisher\":{\"@id\":\"https:\/\/brasilnoticias.org\/site\/#organization\"},\"image\":{\"@id\":\"https:\/\/brasilnoticias.org\/site\/novo-tecnico-da-selecao-feminina-faz-primeira-convocacao-com-veterana-cristiane\/#primaryimage\"},\"thumbnailUrl\":\"https:\/\/brasilnoticias.org\/site\/wp-content\/uploads\/2023\/09\/ARTHUR-740x470-1.jpg\",\"articleSection\":[\"Esporte\",\"\u00daltimas\"],\"inLanguage\":\"pt-PT\",\"potentialAction\":[{\"@type\":\"CommentAction\",\"name\":\"Comment\",\"target\":[\"https:\/\/brasilnoticias.org\/site\/novo-tecnico-da-selecao-feminina-faz-primeira-convocacao-com-veterana-cristiane\/#respond\"]}]},{\"@type\":\"WebPage\",\"@id\":\"https:\/\/brasilnoticias.org\/site\/novo-tecnico-da-selecao-feminina-faz-primeira-convocacao-com-veterana-cristiane\/\",\"url\":\"https:\/\/brasilnoticias.org\/site\/novo-tecnico-da-selecao-feminina-faz-primeira-convocacao-com-veterana-cristiane\/\",\"name\":\"Novo t\u00e9cnico da Sele\u00e7\u00e3o Feminina faz primeira convoca\u00e7\u00e3o, com veterana Cristiane - Brasil not\u00edcias\",\"isPartOf\":{\"@id\":\"https:\/\/brasilnoticias.org\/site\/#website\"},\"primaryImageOfPage\":{\"@id\":\"https:\/\/brasilnoticias.org\/site\/novo-tecnico-da-selecao-feminina-faz-primeira-convocacao-com-veterana-cristiane\/#primaryimage\"},\"image\":{\"@id\":\"https:\/\/brasilnoticias.org\/site\/novo-tecnico-da-selecao-feminina-faz-primeira-convocacao-com-veterana-cristiane\/#primaryimage\"},\"thumbnailUrl\":\"https:\/\/brasilnoticias.org\/site\/wp-content\/uploads\/2023\/09\/ARTHUR-740x470-1.jpg\",\"datePublished\":\"2023-09-02T23:21:53+00:00\",\"breadcrumb\":{\"@id\":\"https:\/\/brasilnoticias.org\/site\/novo-tecnico-da-selecao-feminina-faz-primeira-convocacao-com-veterana-cristiane\/#breadcrumb\"},\"inLanguage\":\"pt-PT\",\"potentialAction\":[{\"@type\":\"ReadAction\",\"target\":[\"https:\/\/brasilnoticias.org\/site\/novo-tecnico-da-selecao-feminina-faz-primeira-convocacao-com-veterana-cristiane\/\"]}]},{\"@type\":\"ImageObject\",\"inLanguage\":\"pt-PT\",\"@id\":\"https:\/\/brasilnoticias.org\/site\/novo-tecnico-da-selecao-feminina-faz-primeira-convocacao-com-veterana-cristiane\/#primaryimage\",\"url\":\"https:\/\/brasilnoticias.org\/site\/wp-content\/uploads\/2023\/09\/ARTHUR-740x470-1.jpg\",\"contentUrl\":\"https:\/\/brasilnoticias.org\/site\/wp-content\/uploads\/2023\/09\/ARTHUR-740x470-1.jpg\",\"width\":740,\"height\":470},{\"@type\":\"BreadcrumbList\",\"@id\":\"https:\/\/brasilnoticias.org\/site\/novo-tecnico-da-selecao-feminina-faz-primeira-convocacao-com-veterana-cristiane\/#breadcrumb\",\"itemListElement\":[{\"@type\":\"ListItem\",\"position\":1,\"name\":\"In\u00edcio\",\"item\":\"https:\/\/brasilnoticias.org\/site\/\"},{\"@type\":\"ListItem\",\"position\":2,\"name\":\"Novo t\u00e9cnico da Sele\u00e7\u00e3o Feminina faz primeira convoca\u00e7\u00e3o, com veterana Cristiane\"}]},{\"@type\":\"WebSite\",\"@id\":\"https:\/\/brasilnoticias.org\/site\/#website\",\"url\":\"https:\/\/brasilnoticias.org\/site\/\",\"name\":\"Brasil not\u00edcias\",\"description\":\"Brasil not\u00edcias\",\"publisher\":{\"@id\":\"https:\/\/brasilnoticias.org\/site\/#organization\"},\"potentialAction\":[{\"@type\":\"SearchAction\",\"target\":{\"@type\":\"EntryPoint\",\"urlTemplate\":\"https:\/\/brasilnoticias.org\/site\/?s={search_term_string}\"},\"query-input\":{\"@type\":\"PropertyValueSpecification\",\"valueRequired\":true,\"valueName\":\"search_term_string\"}}],\"inLanguage\":\"pt-PT\"},{\"@type\":\"Organization\",\"@id\":\"https:\/\/brasilnoticias.org\/site\/#organization\",\"name\":\"Brasil not\u00edcias\",\"url\":\"https:\/\/brasilnoticias.org\/site\/\",\"logo\":{\"@type\":\"ImageObject\",\"inLanguage\":\"pt-PT\",\"@id\":\"https:\/\/brasilnoticias.org\/site\/#\/schema\/logo\/image\/\",\"url\":\"https:\/\/brasilnoticias.org\/site\/wp-content\/uploads\/2022\/05\/cropped-brasilnoticias-mini.jpg\",\"contentUrl\":\"https:\/\/brasilnoticias.org\/site\/wp-content\/uploads\/2022\/05\/cropped-brasilnoticias-mini.jpg\",\"width\":314,\"height\":86,\"caption\":\"Brasil not\u00edcias\"},\"image\":{\"@id\":\"https:\/\/brasilnoticias.org\/site\/#\/schema\/logo\/image\/\"}},{\"@type\":\"Person\",\"@id\":\"https:\/\/brasilnoticias.org\/site\/#\/schema\/person\/03bbbfe6c7634ad18c26444ea39049fa\",\"name\":\"Reda\u00e7\u00e3o\",\"image\":{\"@type\":\"ImageObject\",\"inLanguage\":\"pt-PT\",\"@id\":\"https:\/\/brasilnoticias.org\/site\/#\/schema\/person\/image\/\",\"url\":\"https:\/\/secure.gravatar.com\/avatar\/9ecaf7327a696cb23ad926fedded5f1f04d7049de9e445375d55b48c001a6e42?s=96&d=mm&r=g\",\"contentUrl\":\"https:\/\/secure.gravatar.com\/avatar\/9ecaf7327a696cb23ad926fedded5f1f04d7049de9e445375d55b48c001a6e42?s=96&d=mm&r=g\",\"caption\":\"Reda\u00e7\u00e3o\"},\"url\":\"https:\/\/brasilnoticias.org\/site\/author\/henrique\/\"}]}<\/script>\n<!-- \/ Yoast SEO plugin. -->","yoast_head_json":{"title":"Novo t\u00e9cnico da Sele\u00e7\u00e3o Feminina faz primeira convoca\u00e7\u00e3o, com veterana Cristiane - Brasil not\u00edcias","robots":{"index":"index","follow":"follow","max-snippet":"max-snippet:-1","max-image-preview":"max-image-preview:large","max-video-preview":"max-video-preview:-1"},"canonical":"https:\/\/brasilnoticias.org\/site\/novo-tecnico-da-selecao-feminina-faz-primeira-convocacao-com-veterana-cristiane\/","og_locale":"pt_PT","og_type":"article","og_title":"Novo t\u00e9cnico da Sele\u00e7\u00e3o Feminina faz primeira convoca\u00e7\u00e3o, com veterana Cristiane - Brasil not\u00edcias","og_description":"Ex-treinador da equipe feminina do Corinthians Arthur Elias assume a vaga de Pia Sundhage A Sele\u00e7\u00e3o Brasileira Feminina est\u00e1 com","og_url":"https:\/\/brasilnoticias.org\/site\/novo-tecnico-da-selecao-feminina-faz-primeira-convocacao-com-veterana-cristiane\/","og_site_name":"Brasil not\u00edcias","article_published_time":"2023-09-02T23:21:53+00:00","og_image":[{"width":740,"height":470,"url":"https:\/\/brasilnoticias.org\/site\/wp-content\/uploads\/2023\/09\/ARTHUR-740x470-1.jpg","type":"image\/jpeg"}],"author":"Reda\u00e7\u00e3o","twitter_card":"summary_large_image","twitter_misc":{"Escrito por":"Reda\u00e7\u00e3o"},"schema":{"@context":"https:\/\/schema.org","@graph":[{"@type":"Article","@id":"https:\/\/brasilnoticias.org\/site\/novo-tecnico-da-selecao-feminina-faz-primeira-convocacao-com-veterana-cristiane\/#article","isPartOf":{"@id":"https:\/\/brasilnoticias.org\/site\/novo-tecnico-da-selecao-feminina-faz-primeira-convocacao-com-veterana-cristiane\/"},"author":{"name":"Reda\u00e7\u00e3o","@id":"https:\/\/brasilnoticias.org\/site\/#\/schema\/person\/03bbbfe6c7634ad18c26444ea39049fa"},"headline":"Novo t\u00e9cnico da Sele\u00e7\u00e3o Feminina faz primeira convoca\u00e7\u00e3o, com veterana Cristiane","datePublished":"2023-09-02T23:21:53+00:00","mainEntityOfPage":{"@id":"https:\/\/brasilnoticias.org\/site\/novo-tecnico-da-selecao-feminina-faz-primeira-convocacao-com-veterana-cristiane\/"},"wordCount":288,"commentCount":0,"publisher":{"@id":"https:\/\/brasilnoticias.org\/site\/#organization"},"image":{"@id":"https:\/\/brasilnoticias.org\/site\/novo-tecnico-da-selecao-feminina-faz-primeira-convocacao-com-veterana-cristiane\/#primaryimage"},"thumbnailUrl":"https:\/\/brasilnoticias.org\/site\/wp-content\/uploads\/2023\/09\/ARTHUR-740x470-1.jpg","articleSection":["Esporte","\u00daltimas"],"inLanguage":"pt-PT","potentialAction":[{"@type":"CommentAction","name":"Comment","target":["https:\/\/brasilnoticias.org\/site\/novo-tecnico-da-selecao-feminina-faz-primeira-convocacao-com-veterana-cristiane\/#respond"]}]},{"@type":"WebPage","@id":"https:\/\/brasilnoticias.org\/site\/novo-tecnico-da-selecao-feminina-faz-primeira-convocacao-com-veterana-cristiane\/","url":"https:\/\/brasilnoticias.org\/site\/novo-tecnico-da-selecao-feminina-faz-primeira-convocacao-com-veterana-cristiane\/","name":"Novo t\u00e9cnico da Sele\u00e7\u00e3o Feminina faz primeira convoca\u00e7\u00e3o, com veterana Cristiane - Brasil not\u00edcias","isPartOf":{"@id":"https:\/\/brasilnoticias.org\/site\/#website"},"primaryImageOfPage":{"@id":"https:\/\/brasilnoticias.org\/site\/novo-tecnico-da-selecao-feminina-faz-primeira-convocacao-com-veterana-cristiane\/#primaryimage"},"image":{"@id":"https:\/\/brasilnoticias.org\/site\/novo-tecnico-da-selecao-feminina-faz-primeira-convocacao-com-veterana-cristiane\/#primaryimage"},"thumbnailUrl":"https:\/\/brasilnoticias.org\/site\/wp-content\/uploads\/2023\/09\/ARTHUR-740x470-1.jpg","datePublished":"2023-09-02T23:21:53+00:00","breadcrumb":{"@id":"https:\/\/brasilnoticias.org\/site\/novo-tecnico-da-selecao-feminina-faz-primeira-convocacao-com-veterana-cristiane\/#breadcrumb"},"inLanguage":"pt-PT","potentialAction":[{"@type":"ReadAction","target":["https:\/\/brasilnoticias.org\/site\/novo-tecnico-da-selecao-feminina-faz-primeira-convocacao-com-veterana-cristiane\/"]}]},{"@type":"ImageObject","inLanguage":"pt-PT","@id":"https:\/\/brasilnoticias.org\/site\/novo-tecnico-da-selecao-feminina-faz-primeira-convocacao-com-veterana-cristiane\/#primaryimage","url":"https:\/\/brasilnoticias.org\/site\/wp-content\/uploads\/2023\/09\/ARTHUR-740x470-1.jpg","contentUrl":"https:\/\/brasilnoticias.org\/site\/wp-content\/uploads\/2023\/09\/ARTHUR-740x470-1.jpg","width":740,"height":470},{"@type":"BreadcrumbList","@id":"https:\/\/brasilnoticias.org\/site\/novo-tecnico-da-selecao-feminina-faz-primeira-convocacao-com-veterana-cristiane\/#breadcrumb","itemListElement":[{"@type":"ListItem","position":1,"name":"In\u00edcio","item":"https:\/\/brasilnoticias.org\/site\/"},{"@type":"ListItem","position":2,"name":"Novo t\u00e9cnico da Sele\u00e7\u00e3o Feminina faz primeira convoca\u00e7\u00e3o, com veterana Cristiane"}]},{"@type":"WebSite","@id":"https:\/\/brasilnoticias.org\/site\/#website","url":"https:\/\/brasilnoticias.org\/site\/","name":"Brasil not\u00edcias","description":"Brasil not\u00edcias","publisher":{"@id":"https:\/\/brasilnoticias.org\/site\/#organization"},"potentialAction":[{"@type":"SearchAction","target":{"@type":"EntryPoint","urlTemplate":"https:\/\/brasilnoticias.org\/site\/?s={search_term_string}"},"query-input":{"@type":"PropertyValueSpecification","valueRequired":true,"valueName":"search_term_string"}}],"inLanguage":"pt-PT"},{"@type":"Organization","@id":"https:\/\/brasilnoticias.org\/site\/#organization","name":"Brasil not\u00edcias","url":"https:\/\/brasilnoticias.org\/site\/","logo":{"@type":"ImageObject","inLanguage":"pt-PT","@id":"https:\/\/brasilnoticias.org\/site\/#\/schema\/logo\/image\/","url":"https:\/\/brasilnoticias.org\/site\/wp-content\/uploads\/2022\/05\/cropped-brasilnoticias-mini.jpg","contentUrl":"https:\/\/brasilnoticias.org\/site\/wp-content\/uploads\/2022\/05\/cropped-brasilnoticias-mini.jpg","width":314,"height":86,"caption":"Brasil not\u00edcias"},"image":{"@id":"https:\/\/brasilnoticias.org\/site\/#\/schema\/logo\/image\/"}},{"@type":"Person","@id":"https:\/\/brasilnoticias.org\/site\/#\/schema\/person\/03bbbfe6c7634ad18c26444ea39049fa","name":"Reda\u00e7\u00e3o","image":{"@type":"ImageObject","inLanguage":"pt-PT","@id":"https:\/\/brasilnoticias.org\/site\/#\/schema\/person\/image\/","url":"https:\/\/secure.gravatar.com\/avatar\/9ecaf7327a696cb23ad926fedded5f1f04d7049de9e445375d55b48c001a6e42?s=96&d=mm&r=g","contentUrl":"https:\/\/secure.gravatar.com\/avatar\/9ecaf7327a696cb23ad926fedded5f1f04d7049de9e445375d55b48c001a6e42?s=96&d=mm&r=g","caption":"Reda\u00e7\u00e3o"},"url":"https:\/\/brasilnoticias.org\/site\/author\/henrique\/"}]}},"_links":{"self":[{"href":"https:\/\/brasilnoticias.org\/site\/wp-json\/wp\/v2\/posts\/8845","targetHints":{"allow":["GET"]}}],"collection":[{"href":"https:\/\/brasilnoticias.org\/site\/wp-json\/wp\/v2\/posts"}],"about":[{"href":"https:\/\/brasilnoticias.org\/site\/wp-json\/wp\/v2\/types\/post"}],"author":[{"embeddable":true,"href":"https:\/\/brasilnoticias.org\/site\/wp-json\/wp\/v2\/users\/4"}],"replies":[{"embeddable":true,"href":"https:\/\/brasilnoticias.org\/site\/wp-json\/wp\/v2\/comments?post=8845"}],"version-history":[{"count":1,"href":"https:\/\/brasilnoticias.org\/site\/wp-json\/wp\/v2\/posts\/8845\/revisions"}],"predecessor-version":[{"id":8847,"href":"https:\/\/brasilnoticias.org\/site\/wp-json\/wp\/v2\/posts\/8845\/revisions\/8847"}],"wp:featuredmedia":[{"embeddable":true,"href":"https:\/\/brasilnoticias.org\/site\/wp-json\/wp\/v2\/media\/8846"}],"wp:attachment":[{"href":"https:\/\/brasilnoticias.org\/site\/wp-json\/wp\/v2\/media?parent=8845"}],"wp:term":[{"taxonomy":"category","embeddable":true,"href":"https:\/\/brasilnoticias.org\/site\/wp-json\/wp\/v2\/categories?post=8845"},{"taxonomy":"post_tag","embeddable":true,"href":"https:\/\/brasilnoticias.org\/site\/wp-json\/wp\/v2\/tags?post=8845"}],"curies":[{"name":"wp","href":"https:\/\/api.w.org\/{rel}","templated":true}]}}