{"id":885,"date":"2022-06-13T17:29:32","date_gmt":"2022-06-13T20:29:32","guid":{"rendered":"https:\/\/brasilnoticias.org\/site\/?p=885"},"modified":"2022-06-13T17:29:32","modified_gmt":"2022-06-13T20:29:32","slug":"marcio-franca-testa-positivo-para-covid-e-desabafa","status":"publish","type":"post","link":"https:\/\/brasilnoticias.org\/site\/marcio-franca-testa-positivo-para-covid-e-desabafa\/","title":{"rendered":"M\u00c1RCIO FRAN\u00c7A TESTA POSITIVO PARA COVID E DESABAFA"},"content":{"rendered":"<p>O pr\u00e9-candidato do\u00a0<a href=\"https:\/\/www.bnews.com.br\/tags\/psb\">PSB<\/a>\u00a0ao governo de S\u00e3o Paulo,\u00a0<a href=\"https:\/\/www.bnews.com.br\/tags\/marcio-franca\">M\u00e1rcio Fran\u00e7a<\/a>, se contaminou pela segunda vez com a\u00a0<a href=\"https:\/\/www.bnews.com.br\/tags\/covid\">Covid-19<\/a>. A informa\u00e7\u00e3o foi confirmada pela assessoria dele, no in\u00edcio da tarde desta segunda-feir (13).<\/p>\n<p>\u201cEita! Que doen\u00e7a perigosa \u00e9 (sic) trai\u00e7oeira! Vamos vencer de novo!\u201d, declarou Fran\u00e7a, que j\u00e1 tinha sido infectado pelo coronav\u00edrus em maio de 2021 e tem 58 anos.<\/p>\n<p>M\u00e1rcio Fran\u00e7a est\u00e1 assintom\u00e1tico e isolado. Ele fez um teste de rotina nesta manh\u00e3 e teve o resultado positivo.\u00a0 Todos os compromissos de sua agenda foram cancelados.<\/p>\n<p>O ex-governador de S\u00e3o Paulo tomou tr\u00eas doses da vacina contra covid-19.<\/p>\n<p>M\u00e1rcio Fran\u00e7a aparece m em segundo lugar na corrida eleitoral ao Governo de S\u00e3o Paulo, tecnicamente empatado com Tarc\u00edsio de Freitas (Republicanos) e atr\u00e1s de Fernando Haddad (PT).<\/p>\n<p>Em 2018, Fran\u00e7a foi derrotado no 2\u00ba turno por Jo\u00e3o Doria (PSDB) por 51,75% X 48,25%.<\/p>\n<p>&nbsp;<\/p>\n<p>Bnews<\/p>\n","protected":false},"excerpt":{"rendered":"<p>O pr\u00e9-candidato do\u00a0PSB\u00a0ao governo de S\u00e3o Paulo,\u00a0M\u00e1rcio Fran\u00e7a, se contaminou pela segunda vez com a\u00a0Covid-19. A informa\u00e7\u00e3o foi confirmada pela<\/p>\n","protected":false},"author":2,"featured_media":886,"comment_status":"open","ping_status":"open","sticky":false,"template":"","format":"standard","meta":{"colormag_page_container_layout":"default_layout","colormag_page_sidebar_layout":"default_layout","_FSMCFIC_featured_image_caption":"","_FSMCFIC_featured_image_nocaption":"","_FSMCFIC_featured_image_hide":"","footnotes":""},"categories":[5,1],"tags":[],"class_list":["post-885","post","type-post","status-publish","format-standard","has-post-thumbnail","hentry","category-politica","category-ultimas"],"yoast_head":"<!-- This site is optimized with the Yoast SEO plugin v27.1.1 - https:\/\/yoast.com\/product\/yoast-seo-wordpress\/ -->\n<title>M\u00c1RCIO FRAN\u00c7A TESTA POSITIVO PARA COVID E DESABAFA - Brasil not\u00edcias<\/title>\n<meta name=\"robots\" content=\"index, follow, max-snippet:-1, max-image-preview:large, max-video-preview:-1\" \/>\n<link rel=\"canonical\" href=\"https:\/\/brasilnoticias.org\/site\/marcio-franca-testa-positivo-para-covid-e-desabafa\/\" \/>\n<meta property=\"og:locale\" content=\"pt_PT\" \/>\n<meta property=\"og:type\" content=\"article\" \/>\n<meta property=\"og:title\" content=\"M\u00c1RCIO FRAN\u00c7A TESTA POSITIVO PARA COVID E DESABAFA - Brasil not\u00edcias\" \/>\n<meta property=\"og:description\" content=\"O pr\u00e9-candidato do\u00a0PSB\u00a0ao governo de S\u00e3o Paulo,\u00a0M\u00e1rcio Fran\u00e7a, se contaminou pela segunda vez com a\u00a0Covid-19. A informa\u00e7\u00e3o foi confirmada pela\" \/>\n<meta property=\"og:url\" content=\"https:\/\/brasilnoticias.org\/site\/marcio-franca-testa-positivo-para-covid-e-desabafa\/\" \/>\n<meta property=\"og:site_name\" content=\"Brasil not\u00edcias\" \/>\n<meta property=\"article:published_time\" content=\"2022-06-13T20:29:32+00:00\" \/>\n<meta property=\"og:image\" content=\"https:\/\/brasilnoticias.org\/site\/wp-content\/uploads\/2022\/06\/marcio_franca_1_widelg-1.jpg\" \/>\n\t<meta property=\"og:image:width\" content=\"800\" \/>\n\t<meta property=\"og:image:height\" content=\"450\" \/>\n\t<meta property=\"og:image:type\" content=\"image\/jpeg\" \/>\n<meta name=\"author\" content=\"Reda\u00e7\u00e3o\" \/>\n<meta name=\"twitter:card\" content=\"summary_large_image\" \/>\n<meta name=\"twitter:label1\" content=\"Escrito por\" \/>\n\t<meta name=\"twitter:data1\" content=\"Reda\u00e7\u00e3o\" \/>\n\t<meta name=\"twitter:label2\" content=\"Tempo estimado de leitura\" \/>\n\t<meta name=\"twitter:data2\" content=\"1 minuto\" \/>\n<script type=\"application\/ld+json\" class=\"yoast-schema-graph\">{\"@context\":\"https:\/\/schema.org\",\"@graph\":[{\"@type\":\"Article\",\"@id\":\"https:\/\/brasilnoticias.org\/site\/marcio-franca-testa-positivo-para-covid-e-desabafa\/#article\",\"isPartOf\":{\"@id\":\"https:\/\/brasilnoticias.org\/site\/marcio-franca-testa-positivo-para-covid-e-desabafa\/\"},\"author\":{\"name\":\"Reda\u00e7\u00e3o\",\"@id\":\"https:\/\/brasilnoticias.org\/site\/#\/schema\/person\/f609fa847b5314f1c8b983342f34c798\"},\"headline\":\"M\u00c1RCIO FRAN\u00c7A TESTA POSITIVO PARA COVID E DESABAFA\",\"datePublished\":\"2022-06-13T20:29:32+00:00\",\"mainEntityOfPage\":{\"@id\":\"https:\/\/brasilnoticias.org\/site\/marcio-franca-testa-positivo-para-covid-e-desabafa\/\"},\"wordCount\":170,\"commentCount\":0,\"publisher\":{\"@id\":\"https:\/\/brasilnoticias.org\/site\/#organization\"},\"image\":{\"@id\":\"https:\/\/brasilnoticias.org\/site\/marcio-franca-testa-positivo-para-covid-e-desabafa\/#primaryimage\"},\"thumbnailUrl\":\"https:\/\/brasilnoticias.org\/site\/wp-content\/uploads\/2022\/06\/marcio_franca_1_widelg-1.jpg\",\"articleSection\":[\"Pol\u00edtica\",\"\u00daltimas\"],\"inLanguage\":\"pt-PT\",\"potentialAction\":[{\"@type\":\"CommentAction\",\"name\":\"Comment\",\"target\":[\"https:\/\/brasilnoticias.org\/site\/marcio-franca-testa-positivo-para-covid-e-desabafa\/#respond\"]}]},{\"@type\":\"WebPage\",\"@id\":\"https:\/\/brasilnoticias.org\/site\/marcio-franca-testa-positivo-para-covid-e-desabafa\/\",\"url\":\"https:\/\/brasilnoticias.org\/site\/marcio-franca-testa-positivo-para-covid-e-desabafa\/\",\"name\":\"M\u00c1RCIO FRAN\u00c7A TESTA POSITIVO PARA COVID E DESABAFA - Brasil not\u00edcias\",\"isPartOf\":{\"@id\":\"https:\/\/brasilnoticias.org\/site\/#website\"},\"primaryImageOfPage\":{\"@id\":\"https:\/\/brasilnoticias.org\/site\/marcio-franca-testa-positivo-para-covid-e-desabafa\/#primaryimage\"},\"image\":{\"@id\":\"https:\/\/brasilnoticias.org\/site\/marcio-franca-testa-positivo-para-covid-e-desabafa\/#primaryimage\"},\"thumbnailUrl\":\"https:\/\/brasilnoticias.org\/site\/wp-content\/uploads\/2022\/06\/marcio_franca_1_widelg-1.jpg\",\"datePublished\":\"2022-06-13T20:29:32+00:00\",\"breadcrumb\":{\"@id\":\"https:\/\/brasilnoticias.org\/site\/marcio-franca-testa-positivo-para-covid-e-desabafa\/#breadcrumb\"},\"inLanguage\":\"pt-PT\",\"potentialAction\":[{\"@type\":\"ReadAction\",\"target\":[\"https:\/\/brasilnoticias.org\/site\/marcio-franca-testa-positivo-para-covid-e-desabafa\/\"]}]},{\"@type\":\"ImageObject\",\"inLanguage\":\"pt-PT\",\"@id\":\"https:\/\/brasilnoticias.org\/site\/marcio-franca-testa-positivo-para-covid-e-desabafa\/#primaryimage\",\"url\":\"https:\/\/brasilnoticias.org\/site\/wp-content\/uploads\/2022\/06\/marcio_franca_1_widelg-1.jpg\",\"contentUrl\":\"https:\/\/brasilnoticias.org\/site\/wp-content\/uploads\/2022\/06\/marcio_franca_1_widelg-1.jpg\",\"width\":800,\"height\":450},{\"@type\":\"BreadcrumbList\",\"@id\":\"https:\/\/brasilnoticias.org\/site\/marcio-franca-testa-positivo-para-covid-e-desabafa\/#breadcrumb\",\"itemListElement\":[{\"@type\":\"ListItem\",\"position\":1,\"name\":\"In\u00edcio\",\"item\":\"https:\/\/brasilnoticias.org\/site\/\"},{\"@type\":\"ListItem\",\"position\":2,\"name\":\"M\u00c1RCIO FRAN\u00c7A TESTA POSITIVO PARA COVID E DESABAFA\"}]},{\"@type\":\"WebSite\",\"@id\":\"https:\/\/brasilnoticias.org\/site\/#website\",\"url\":\"https:\/\/brasilnoticias.org\/site\/\",\"name\":\"Brasil not\u00edcias\",\"description\":\"Brasil not\u00edcias\",\"publisher\":{\"@id\":\"https:\/\/brasilnoticias.org\/site\/#organization\"},\"potentialAction\":[{\"@type\":\"SearchAction\",\"target\":{\"@type\":\"EntryPoint\",\"urlTemplate\":\"https:\/\/brasilnoticias.org\/site\/?s={search_term_string}\"},\"query-input\":{\"@type\":\"PropertyValueSpecification\",\"valueRequired\":true,\"valueName\":\"search_term_string\"}}],\"inLanguage\":\"pt-PT\"},{\"@type\":\"Organization\",\"@id\":\"https:\/\/brasilnoticias.org\/site\/#organization\",\"name\":\"Brasil not\u00edcias\",\"url\":\"https:\/\/brasilnoticias.org\/site\/\",\"logo\":{\"@type\":\"ImageObject\",\"inLanguage\":\"pt-PT\",\"@id\":\"https:\/\/brasilnoticias.org\/site\/#\/schema\/logo\/image\/\",\"url\":\"https:\/\/brasilnoticias.org\/site\/wp-content\/uploads\/2022\/05\/cropped-brasilnoticias-mini.jpg\",\"contentUrl\":\"https:\/\/brasilnoticias.org\/site\/wp-content\/uploads\/2022\/05\/cropped-brasilnoticias-mini.jpg\",\"width\":314,\"height\":86,\"caption\":\"Brasil not\u00edcias\"},\"image\":{\"@id\":\"https:\/\/brasilnoticias.org\/site\/#\/schema\/logo\/image\/\"}},{\"@type\":\"Person\",\"@id\":\"https:\/\/brasilnoticias.org\/site\/#\/schema\/person\/f609fa847b5314f1c8b983342f34c798\",\"name\":\"Reda\u00e7\u00e3o\",\"image\":{\"@type\":\"ImageObject\",\"inLanguage\":\"pt-PT\",\"@id\":\"https:\/\/brasilnoticias.org\/site\/#\/schema\/person\/image\/\",\"url\":\"https:\/\/secure.gravatar.com\/avatar\/447284c06c1ad8b46465a36de9cd0d8326b73387a22799b8b1ffb1fbcff2ed0c?s=96&d=mm&r=g\",\"contentUrl\":\"https:\/\/secure.gravatar.com\/avatar\/447284c06c1ad8b46465a36de9cd0d8326b73387a22799b8b1ffb1fbcff2ed0c?s=96&d=mm&r=g\",\"caption\":\"Reda\u00e7\u00e3o\"},\"url\":\"https:\/\/brasilnoticias.org\/site\/author\/redacao\/\"}]}<\/script>\n<!-- \/ Yoast SEO plugin. -->","yoast_head_json":{"title":"M\u00c1RCIO FRAN\u00c7A TESTA POSITIVO PARA COVID E DESABAFA - Brasil not\u00edcias","robots":{"index":"index","follow":"follow","max-snippet":"max-snippet:-1","max-image-preview":"max-image-preview:large","max-video-preview":"max-video-preview:-1"},"canonical":"https:\/\/brasilnoticias.org\/site\/marcio-franca-testa-positivo-para-covid-e-desabafa\/","og_locale":"pt_PT","og_type":"article","og_title":"M\u00c1RCIO FRAN\u00c7A TESTA POSITIVO PARA COVID E DESABAFA - Brasil not\u00edcias","og_description":"O pr\u00e9-candidato do\u00a0PSB\u00a0ao governo de S\u00e3o Paulo,\u00a0M\u00e1rcio Fran\u00e7a, se contaminou pela segunda vez com a\u00a0Covid-19. A informa\u00e7\u00e3o foi confirmada pela","og_url":"https:\/\/brasilnoticias.org\/site\/marcio-franca-testa-positivo-para-covid-e-desabafa\/","og_site_name":"Brasil not\u00edcias","article_published_time":"2022-06-13T20:29:32+00:00","og_image":[{"width":800,"height":450,"url":"https:\/\/brasilnoticias.org\/site\/wp-content\/uploads\/2022\/06\/marcio_franca_1_widelg-1.jpg","type":"image\/jpeg"}],"author":"Reda\u00e7\u00e3o","twitter_card":"summary_large_image","twitter_misc":{"Escrito por":"Reda\u00e7\u00e3o","Tempo estimado de leitura":"1 minuto"},"schema":{"@context":"https:\/\/schema.org","@graph":[{"@type":"Article","@id":"https:\/\/brasilnoticias.org\/site\/marcio-franca-testa-positivo-para-covid-e-desabafa\/#article","isPartOf":{"@id":"https:\/\/brasilnoticias.org\/site\/marcio-franca-testa-positivo-para-covid-e-desabafa\/"},"author":{"name":"Reda\u00e7\u00e3o","@id":"https:\/\/brasilnoticias.org\/site\/#\/schema\/person\/f609fa847b5314f1c8b983342f34c798"},"headline":"M\u00c1RCIO FRAN\u00c7A TESTA POSITIVO PARA COVID E DESABAFA","datePublished":"2022-06-13T20:29:32+00:00","mainEntityOfPage":{"@id":"https:\/\/brasilnoticias.org\/site\/marcio-franca-testa-positivo-para-covid-e-desabafa\/"},"wordCount":170,"commentCount":0,"publisher":{"@id":"https:\/\/brasilnoticias.org\/site\/#organization"},"image":{"@id":"https:\/\/brasilnoticias.org\/site\/marcio-franca-testa-positivo-para-covid-e-desabafa\/#primaryimage"},"thumbnailUrl":"https:\/\/brasilnoticias.org\/site\/wp-content\/uploads\/2022\/06\/marcio_franca_1_widelg-1.jpg","articleSection":["Pol\u00edtica","\u00daltimas"],"inLanguage":"pt-PT","potentialAction":[{"@type":"CommentAction","name":"Comment","target":["https:\/\/brasilnoticias.org\/site\/marcio-franca-testa-positivo-para-covid-e-desabafa\/#respond"]}]},{"@type":"WebPage","@id":"https:\/\/brasilnoticias.org\/site\/marcio-franca-testa-positivo-para-covid-e-desabafa\/","url":"https:\/\/brasilnoticias.org\/site\/marcio-franca-testa-positivo-para-covid-e-desabafa\/","name":"M\u00c1RCIO FRAN\u00c7A TESTA POSITIVO PARA COVID E DESABAFA - Brasil not\u00edcias","isPartOf":{"@id":"https:\/\/brasilnoticias.org\/site\/#website"},"primaryImageOfPage":{"@id":"https:\/\/brasilnoticias.org\/site\/marcio-franca-testa-positivo-para-covid-e-desabafa\/#primaryimage"},"image":{"@id":"https:\/\/brasilnoticias.org\/site\/marcio-franca-testa-positivo-para-covid-e-desabafa\/#primaryimage"},"thumbnailUrl":"https:\/\/brasilnoticias.org\/site\/wp-content\/uploads\/2022\/06\/marcio_franca_1_widelg-1.jpg","datePublished":"2022-06-13T20:29:32+00:00","breadcrumb":{"@id":"https:\/\/brasilnoticias.org\/site\/marcio-franca-testa-positivo-para-covid-e-desabafa\/#breadcrumb"},"inLanguage":"pt-PT","potentialAction":[{"@type":"ReadAction","target":["https:\/\/brasilnoticias.org\/site\/marcio-franca-testa-positivo-para-covid-e-desabafa\/"]}]},{"@type":"ImageObject","inLanguage":"pt-PT","@id":"https:\/\/brasilnoticias.org\/site\/marcio-franca-testa-positivo-para-covid-e-desabafa\/#primaryimage","url":"https:\/\/brasilnoticias.org\/site\/wp-content\/uploads\/2022\/06\/marcio_franca_1_widelg-1.jpg","contentUrl":"https:\/\/brasilnoticias.org\/site\/wp-content\/uploads\/2022\/06\/marcio_franca_1_widelg-1.jpg","width":800,"height":450},{"@type":"BreadcrumbList","@id":"https:\/\/brasilnoticias.org\/site\/marcio-franca-testa-positivo-para-covid-e-desabafa\/#breadcrumb","itemListElement":[{"@type":"ListItem","position":1,"name":"In\u00edcio","item":"https:\/\/brasilnoticias.org\/site\/"},{"@type":"ListItem","position":2,"name":"M\u00c1RCIO FRAN\u00c7A TESTA POSITIVO PARA COVID E DESABAFA"}]},{"@type":"WebSite","@id":"https:\/\/brasilnoticias.org\/site\/#website","url":"https:\/\/brasilnoticias.org\/site\/","name":"Brasil not\u00edcias","description":"Brasil not\u00edcias","publisher":{"@id":"https:\/\/brasilnoticias.org\/site\/#organization"},"potentialAction":[{"@type":"SearchAction","target":{"@type":"EntryPoint","urlTemplate":"https:\/\/brasilnoticias.org\/site\/?s={search_term_string}"},"query-input":{"@type":"PropertyValueSpecification","valueRequired":true,"valueName":"search_term_string"}}],"inLanguage":"pt-PT"},{"@type":"Organization","@id":"https:\/\/brasilnoticias.org\/site\/#organization","name":"Brasil not\u00edcias","url":"https:\/\/brasilnoticias.org\/site\/","logo":{"@type":"ImageObject","inLanguage":"pt-PT","@id":"https:\/\/brasilnoticias.org\/site\/#\/schema\/logo\/image\/","url":"https:\/\/brasilnoticias.org\/site\/wp-content\/uploads\/2022\/05\/cropped-brasilnoticias-mini.jpg","contentUrl":"https:\/\/brasilnoticias.org\/site\/wp-content\/uploads\/2022\/05\/cropped-brasilnoticias-mini.jpg","width":314,"height":86,"caption":"Brasil not\u00edcias"},"image":{"@id":"https:\/\/brasilnoticias.org\/site\/#\/schema\/logo\/image\/"}},{"@type":"Person","@id":"https:\/\/brasilnoticias.org\/site\/#\/schema\/person\/f609fa847b5314f1c8b983342f34c798","name":"Reda\u00e7\u00e3o","image":{"@type":"ImageObject","inLanguage":"pt-PT","@id":"https:\/\/brasilnoticias.org\/site\/#\/schema\/person\/image\/","url":"https:\/\/secure.gravatar.com\/avatar\/447284c06c1ad8b46465a36de9cd0d8326b73387a22799b8b1ffb1fbcff2ed0c?s=96&d=mm&r=g","contentUrl":"https:\/\/secure.gravatar.com\/avatar\/447284c06c1ad8b46465a36de9cd0d8326b73387a22799b8b1ffb1fbcff2ed0c?s=96&d=mm&r=g","caption":"Reda\u00e7\u00e3o"},"url":"https:\/\/brasilnoticias.org\/site\/author\/redacao\/"}]}},"_links":{"self":[{"href":"https:\/\/brasilnoticias.org\/site\/wp-json\/wp\/v2\/posts\/885","targetHints":{"allow":["GET"]}}],"collection":[{"href":"https:\/\/brasilnoticias.org\/site\/wp-json\/wp\/v2\/posts"}],"about":[{"href":"https:\/\/brasilnoticias.org\/site\/wp-json\/wp\/v2\/types\/post"}],"author":[{"embeddable":true,"href":"https:\/\/brasilnoticias.org\/site\/wp-json\/wp\/v2\/users\/2"}],"replies":[{"embeddable":true,"href":"https:\/\/brasilnoticias.org\/site\/wp-json\/wp\/v2\/comments?post=885"}],"version-history":[{"count":1,"href":"https:\/\/brasilnoticias.org\/site\/wp-json\/wp\/v2\/posts\/885\/revisions"}],"predecessor-version":[{"id":887,"href":"https:\/\/brasilnoticias.org\/site\/wp-json\/wp\/v2\/posts\/885\/revisions\/887"}],"wp:featuredmedia":[{"embeddable":true,"href":"https:\/\/brasilnoticias.org\/site\/wp-json\/wp\/v2\/media\/886"}],"wp:attachment":[{"href":"https:\/\/brasilnoticias.org\/site\/wp-json\/wp\/v2\/media?parent=885"}],"wp:term":[{"taxonomy":"category","embeddable":true,"href":"https:\/\/brasilnoticias.org\/site\/wp-json\/wp\/v2\/categories?post=885"},{"taxonomy":"post_tag","embeddable":true,"href":"https:\/\/brasilnoticias.org\/site\/wp-json\/wp\/v2\/tags?post=885"}],"curies":[{"name":"wp","href":"https:\/\/api.w.org\/{rel}","templated":true}]}}