{"id":8851,"date":"2023-09-02T19:27:31","date_gmt":"2023-09-02T22:27:31","guid":{"rendered":"https:\/\/brasilnoticias.org\/site\/?p=8851"},"modified":"2023-09-01T19:28:50","modified_gmt":"2023-09-01T22:28:50","slug":"sac-movel-promove-atendimento-gratuito-ao-publico-lgbtqiapn-em-salvador","status":"publish","type":"post","link":"https:\/\/brasilnoticias.org\/site\/sac-movel-promove-atendimento-gratuito-ao-publico-lgbtqiapn-em-salvador\/","title":{"rendered":"SAC M\u00f3vel promove atendimento gratuito ao p\u00fablico LGBTQIAPN+ em Salvador"},"content":{"rendered":"<p>O SAC M\u00f3vel realiza um atendimento totalmente gratuito ao p\u00fablico LGBTQIAPN+, em Salvador. Os servi\u00e7os dispon\u00edveis s\u00e3o RG, antecedentes criminais, recadastramento Ceprev (prova de vida para aposentados e pensionistas do Estado), al\u00e9m de atendimento da Ouvidoria Geral do Estado (OGE). A carreta est\u00e1 no campus de Ondina da Universidade Federal da Bahia (Ufba), e o atendimento \u00e9 de 7h30 \u00e0s 17h, por ordem de chegada, na segunda (4) e ter\u00e7a-feira (5).  <\/p>\n<p>Para emiss\u00e3o de carteira de identidade, \u00e9 necess\u00e1rio levar duas fotos 3\u00d74 e certid\u00e3o de nascimento (ou estado civil) original. A fotografia deve ser colorida e ter a imagem frontal da pessoa, sem retoque, e com a cor do fundo branca. A participa\u00e7\u00e3o do SAC M\u00f3vel faz parte da Feira da Diversidade, que \u00e9 uma edi\u00e7\u00e3o especial da Feira Sa\u00fade Mais Perto voltada ao p\u00fablico LGBTQIAPN+. O evento \u00e9 promovido pela Secretaria da Sa\u00fade da Bahia (Sesab), em parceria com as Volunt\u00e1rias Sociais da Bahia. <\/p>\n<p>As pessoas que quiserem realizar a troca de nome no RG, devem apresentar a certid\u00e3o atualizada. Para a coordenadora do SAC, Cec\u00edlia Pereira, a participa\u00e7\u00e3o do SAC na Feira de Diversidade afirma o compromisso de cidadania na presta\u00e7\u00e3o de servi\u00e7os p\u00fablicos, de maneira inclusiva. \u201cO p\u00fablico LGBTQIAPN+ ser\u00e1 acolhido e atendido com todo o respeito que merecem como cidad\u00e3os e cidad\u00e3s\u201d, afirma. <\/p>\n<p>Para outras informa\u00e7\u00f5es, a Secretaria da Administra\u00e7\u00e3o (Saeb) disponibiliza o aplicativo e portal SAC Digital (www.sacdigital.ba.gov.br) e o site institucional do SAC (www.sac.ba.gov.br), al\u00e9m do call center: (71) 4020-5353 (liga\u00e7\u00e3o de celular) ou 0800 071 5353 (liga\u00e7\u00e3o de fixo). <\/p>\n<p>Foto: Mateus Pereira\/GOVBA<br \/>\nFonte: Ascom\/Saeb<\/p>\n","protected":false},"excerpt":{"rendered":"<p>O SAC M\u00f3vel realiza um atendimento totalmente gratuito ao p\u00fablico LGBTQIAPN+, em Salvador. Os servi\u00e7os dispon\u00edveis s\u00e3o RG, antecedentes criminais,<\/p>\n","protected":false},"author":4,"featured_media":8852,"comment_status":"open","ping_status":"open","sticky":false,"template":"","format":"standard","meta":{"colormag_page_container_layout":"default_layout","colormag_page_sidebar_layout":"default_layout","_FSMCFIC_featured_image_caption":"","_FSMCFIC_featured_image_nocaption":"","_FSMCFIC_featured_image_hide":"","footnotes":""},"categories":[2,1],"tags":[],"class_list":["post-8851","post","type-post","status-publish","format-standard","has-post-thumbnail","hentry","category-noticias","category-ultimas"],"yoast_head":"<!-- This site is optimized with the Yoast SEO plugin v27.1.1 - https:\/\/yoast.com\/product\/yoast-seo-wordpress\/ -->\n<title>SAC M\u00f3vel promove atendimento gratuito ao p\u00fablico LGBTQIAPN+ em Salvador - Brasil not\u00edcias<\/title>\n<meta name=\"robots\" content=\"index, follow, max-snippet:-1, max-image-preview:large, max-video-preview:-1\" \/>\n<link rel=\"canonical\" href=\"https:\/\/brasilnoticias.org\/site\/sac-movel-promove-atendimento-gratuito-ao-publico-lgbtqiapn-em-salvador\/\" \/>\n<meta property=\"og:locale\" content=\"pt_PT\" \/>\n<meta property=\"og:type\" content=\"article\" \/>\n<meta property=\"og:title\" content=\"SAC M\u00f3vel promove atendimento gratuito ao p\u00fablico LGBTQIAPN+ em Salvador - Brasil not\u00edcias\" \/>\n<meta property=\"og:description\" content=\"O SAC M\u00f3vel realiza um atendimento totalmente gratuito ao p\u00fablico LGBTQIAPN+, em Salvador. Os servi\u00e7os dispon\u00edveis s\u00e3o RG, antecedentes criminais,\" \/>\n<meta property=\"og:url\" content=\"https:\/\/brasilnoticias.org\/site\/sac-movel-promove-atendimento-gratuito-ao-publico-lgbtqiapn-em-salvador\/\" \/>\n<meta property=\"og:site_name\" content=\"Brasil not\u00edcias\" \/>\n<meta property=\"article:published_time\" content=\"2023-09-02T22:27:31+00:00\" \/>\n<meta property=\"og:image\" content=\"https:\/\/brasilnoticias.org\/site\/wp-content\/uploads\/2023\/09\/50380923-0f8b-4386-8567-e9a1b7942464-696x464-1.jpg\" \/>\n\t<meta property=\"og:image:width\" content=\"696\" \/>\n\t<meta property=\"og:image:height\" content=\"464\" \/>\n\t<meta property=\"og:image:type\" content=\"image\/jpeg\" \/>\n<meta name=\"author\" content=\"Reda\u00e7\u00e3o\" \/>\n<meta name=\"twitter:card\" content=\"summary_large_image\" \/>\n<meta name=\"twitter:label1\" content=\"Escrito por\" \/>\n\t<meta name=\"twitter:data1\" content=\"Reda\u00e7\u00e3o\" \/>\n<script type=\"application\/ld+json\" class=\"yoast-schema-graph\">{\"@context\":\"https:\/\/schema.org\",\"@graph\":[{\"@type\":\"Article\",\"@id\":\"https:\/\/brasilnoticias.org\/site\/sac-movel-promove-atendimento-gratuito-ao-publico-lgbtqiapn-em-salvador\/#article\",\"isPartOf\":{\"@id\":\"https:\/\/brasilnoticias.org\/site\/sac-movel-promove-atendimento-gratuito-ao-publico-lgbtqiapn-em-salvador\/\"},\"author\":{\"name\":\"Reda\u00e7\u00e3o\",\"@id\":\"https:\/\/brasilnoticias.org\/site\/#\/schema\/person\/03bbbfe6c7634ad18c26444ea39049fa\"},\"headline\":\"SAC M\u00f3vel promove atendimento gratuito ao p\u00fablico LGBTQIAPN+ em Salvador\",\"datePublished\":\"2023-09-02T22:27:31+00:00\",\"mainEntityOfPage\":{\"@id\":\"https:\/\/brasilnoticias.org\/site\/sac-movel-promove-atendimento-gratuito-ao-publico-lgbtqiapn-em-salvador\/\"},\"wordCount\":304,\"commentCount\":0,\"publisher\":{\"@id\":\"https:\/\/brasilnoticias.org\/site\/#organization\"},\"image\":{\"@id\":\"https:\/\/brasilnoticias.org\/site\/sac-movel-promove-atendimento-gratuito-ao-publico-lgbtqiapn-em-salvador\/#primaryimage\"},\"thumbnailUrl\":\"https:\/\/brasilnoticias.org\/site\/wp-content\/uploads\/2023\/09\/50380923-0f8b-4386-8567-e9a1b7942464-696x464-1.jpg\",\"articleSection\":[\"Not\u00edcias\",\"\u00daltimas\"],\"inLanguage\":\"pt-PT\",\"potentialAction\":[{\"@type\":\"CommentAction\",\"name\":\"Comment\",\"target\":[\"https:\/\/brasilnoticias.org\/site\/sac-movel-promove-atendimento-gratuito-ao-publico-lgbtqiapn-em-salvador\/#respond\"]}]},{\"@type\":\"WebPage\",\"@id\":\"https:\/\/brasilnoticias.org\/site\/sac-movel-promove-atendimento-gratuito-ao-publico-lgbtqiapn-em-salvador\/\",\"url\":\"https:\/\/brasilnoticias.org\/site\/sac-movel-promove-atendimento-gratuito-ao-publico-lgbtqiapn-em-salvador\/\",\"name\":\"SAC M\u00f3vel promove atendimento gratuito ao p\u00fablico LGBTQIAPN+ em Salvador - Brasil not\u00edcias\",\"isPartOf\":{\"@id\":\"https:\/\/brasilnoticias.org\/site\/#website\"},\"primaryImageOfPage\":{\"@id\":\"https:\/\/brasilnoticias.org\/site\/sac-movel-promove-atendimento-gratuito-ao-publico-lgbtqiapn-em-salvador\/#primaryimage\"},\"image\":{\"@id\":\"https:\/\/brasilnoticias.org\/site\/sac-movel-promove-atendimento-gratuito-ao-publico-lgbtqiapn-em-salvador\/#primaryimage\"},\"thumbnailUrl\":\"https:\/\/brasilnoticias.org\/site\/wp-content\/uploads\/2023\/09\/50380923-0f8b-4386-8567-e9a1b7942464-696x464-1.jpg\",\"datePublished\":\"2023-09-02T22:27:31+00:00\",\"breadcrumb\":{\"@id\":\"https:\/\/brasilnoticias.org\/site\/sac-movel-promove-atendimento-gratuito-ao-publico-lgbtqiapn-em-salvador\/#breadcrumb\"},\"inLanguage\":\"pt-PT\",\"potentialAction\":[{\"@type\":\"ReadAction\",\"target\":[\"https:\/\/brasilnoticias.org\/site\/sac-movel-promove-atendimento-gratuito-ao-publico-lgbtqiapn-em-salvador\/\"]}]},{\"@type\":\"ImageObject\",\"inLanguage\":\"pt-PT\",\"@id\":\"https:\/\/brasilnoticias.org\/site\/sac-movel-promove-atendimento-gratuito-ao-publico-lgbtqiapn-em-salvador\/#primaryimage\",\"url\":\"https:\/\/brasilnoticias.org\/site\/wp-content\/uploads\/2023\/09\/50380923-0f8b-4386-8567-e9a1b7942464-696x464-1.jpg\",\"contentUrl\":\"https:\/\/brasilnoticias.org\/site\/wp-content\/uploads\/2023\/09\/50380923-0f8b-4386-8567-e9a1b7942464-696x464-1.jpg\",\"width\":696,\"height\":464},{\"@type\":\"BreadcrumbList\",\"@id\":\"https:\/\/brasilnoticias.org\/site\/sac-movel-promove-atendimento-gratuito-ao-publico-lgbtqiapn-em-salvador\/#breadcrumb\",\"itemListElement\":[{\"@type\":\"ListItem\",\"position\":1,\"name\":\"In\u00edcio\",\"item\":\"https:\/\/brasilnoticias.org\/site\/\"},{\"@type\":\"ListItem\",\"position\":2,\"name\":\"SAC M\u00f3vel promove atendimento gratuito ao p\u00fablico LGBTQIAPN+ em Salvador\"}]},{\"@type\":\"WebSite\",\"@id\":\"https:\/\/brasilnoticias.org\/site\/#website\",\"url\":\"https:\/\/brasilnoticias.org\/site\/\",\"name\":\"Brasil not\u00edcias\",\"description\":\"Brasil not\u00edcias\",\"publisher\":{\"@id\":\"https:\/\/brasilnoticias.org\/site\/#organization\"},\"potentialAction\":[{\"@type\":\"SearchAction\",\"target\":{\"@type\":\"EntryPoint\",\"urlTemplate\":\"https:\/\/brasilnoticias.org\/site\/?s={search_term_string}\"},\"query-input\":{\"@type\":\"PropertyValueSpecification\",\"valueRequired\":true,\"valueName\":\"search_term_string\"}}],\"inLanguage\":\"pt-PT\"},{\"@type\":\"Organization\",\"@id\":\"https:\/\/brasilnoticias.org\/site\/#organization\",\"name\":\"Brasil not\u00edcias\",\"url\":\"https:\/\/brasilnoticias.org\/site\/\",\"logo\":{\"@type\":\"ImageObject\",\"inLanguage\":\"pt-PT\",\"@id\":\"https:\/\/brasilnoticias.org\/site\/#\/schema\/logo\/image\/\",\"url\":\"https:\/\/brasilnoticias.org\/site\/wp-content\/uploads\/2022\/05\/cropped-brasilnoticias-mini.jpg\",\"contentUrl\":\"https:\/\/brasilnoticias.org\/site\/wp-content\/uploads\/2022\/05\/cropped-brasilnoticias-mini.jpg\",\"width\":314,\"height\":86,\"caption\":\"Brasil not\u00edcias\"},\"image\":{\"@id\":\"https:\/\/brasilnoticias.org\/site\/#\/schema\/logo\/image\/\"}},{\"@type\":\"Person\",\"@id\":\"https:\/\/brasilnoticias.org\/site\/#\/schema\/person\/03bbbfe6c7634ad18c26444ea39049fa\",\"name\":\"Reda\u00e7\u00e3o\",\"image\":{\"@type\":\"ImageObject\",\"inLanguage\":\"pt-PT\",\"@id\":\"https:\/\/brasilnoticias.org\/site\/#\/schema\/person\/image\/\",\"url\":\"https:\/\/secure.gravatar.com\/avatar\/9ecaf7327a696cb23ad926fedded5f1f04d7049de9e445375d55b48c001a6e42?s=96&d=mm&r=g\",\"contentUrl\":\"https:\/\/secure.gravatar.com\/avatar\/9ecaf7327a696cb23ad926fedded5f1f04d7049de9e445375d55b48c001a6e42?s=96&d=mm&r=g\",\"caption\":\"Reda\u00e7\u00e3o\"},\"url\":\"https:\/\/brasilnoticias.org\/site\/author\/henrique\/\"}]}<\/script>\n<!-- \/ Yoast SEO plugin. -->","yoast_head_json":{"title":"SAC M\u00f3vel promove atendimento gratuito ao p\u00fablico LGBTQIAPN+ em Salvador - Brasil not\u00edcias","robots":{"index":"index","follow":"follow","max-snippet":"max-snippet:-1","max-image-preview":"max-image-preview:large","max-video-preview":"max-video-preview:-1"},"canonical":"https:\/\/brasilnoticias.org\/site\/sac-movel-promove-atendimento-gratuito-ao-publico-lgbtqiapn-em-salvador\/","og_locale":"pt_PT","og_type":"article","og_title":"SAC M\u00f3vel promove atendimento gratuito ao p\u00fablico LGBTQIAPN+ em Salvador - Brasil not\u00edcias","og_description":"O SAC M\u00f3vel realiza um atendimento totalmente gratuito ao p\u00fablico LGBTQIAPN+, em Salvador. Os servi\u00e7os dispon\u00edveis s\u00e3o RG, antecedentes criminais,","og_url":"https:\/\/brasilnoticias.org\/site\/sac-movel-promove-atendimento-gratuito-ao-publico-lgbtqiapn-em-salvador\/","og_site_name":"Brasil not\u00edcias","article_published_time":"2023-09-02T22:27:31+00:00","og_image":[{"width":696,"height":464,"url":"https:\/\/brasilnoticias.org\/site\/wp-content\/uploads\/2023\/09\/50380923-0f8b-4386-8567-e9a1b7942464-696x464-1.jpg","type":"image\/jpeg"}],"author":"Reda\u00e7\u00e3o","twitter_card":"summary_large_image","twitter_misc":{"Escrito por":"Reda\u00e7\u00e3o"},"schema":{"@context":"https:\/\/schema.org","@graph":[{"@type":"Article","@id":"https:\/\/brasilnoticias.org\/site\/sac-movel-promove-atendimento-gratuito-ao-publico-lgbtqiapn-em-salvador\/#article","isPartOf":{"@id":"https:\/\/brasilnoticias.org\/site\/sac-movel-promove-atendimento-gratuito-ao-publico-lgbtqiapn-em-salvador\/"},"author":{"name":"Reda\u00e7\u00e3o","@id":"https:\/\/brasilnoticias.org\/site\/#\/schema\/person\/03bbbfe6c7634ad18c26444ea39049fa"},"headline":"SAC M\u00f3vel promove atendimento gratuito ao p\u00fablico LGBTQIAPN+ em Salvador","datePublished":"2023-09-02T22:27:31+00:00","mainEntityOfPage":{"@id":"https:\/\/brasilnoticias.org\/site\/sac-movel-promove-atendimento-gratuito-ao-publico-lgbtqiapn-em-salvador\/"},"wordCount":304,"commentCount":0,"publisher":{"@id":"https:\/\/brasilnoticias.org\/site\/#organization"},"image":{"@id":"https:\/\/brasilnoticias.org\/site\/sac-movel-promove-atendimento-gratuito-ao-publico-lgbtqiapn-em-salvador\/#primaryimage"},"thumbnailUrl":"https:\/\/brasilnoticias.org\/site\/wp-content\/uploads\/2023\/09\/50380923-0f8b-4386-8567-e9a1b7942464-696x464-1.jpg","articleSection":["Not\u00edcias","\u00daltimas"],"inLanguage":"pt-PT","potentialAction":[{"@type":"CommentAction","name":"Comment","target":["https:\/\/brasilnoticias.org\/site\/sac-movel-promove-atendimento-gratuito-ao-publico-lgbtqiapn-em-salvador\/#respond"]}]},{"@type":"WebPage","@id":"https:\/\/brasilnoticias.org\/site\/sac-movel-promove-atendimento-gratuito-ao-publico-lgbtqiapn-em-salvador\/","url":"https:\/\/brasilnoticias.org\/site\/sac-movel-promove-atendimento-gratuito-ao-publico-lgbtqiapn-em-salvador\/","name":"SAC M\u00f3vel promove atendimento gratuito ao p\u00fablico LGBTQIAPN+ em Salvador - Brasil not\u00edcias","isPartOf":{"@id":"https:\/\/brasilnoticias.org\/site\/#website"},"primaryImageOfPage":{"@id":"https:\/\/brasilnoticias.org\/site\/sac-movel-promove-atendimento-gratuito-ao-publico-lgbtqiapn-em-salvador\/#primaryimage"},"image":{"@id":"https:\/\/brasilnoticias.org\/site\/sac-movel-promove-atendimento-gratuito-ao-publico-lgbtqiapn-em-salvador\/#primaryimage"},"thumbnailUrl":"https:\/\/brasilnoticias.org\/site\/wp-content\/uploads\/2023\/09\/50380923-0f8b-4386-8567-e9a1b7942464-696x464-1.jpg","datePublished":"2023-09-02T22:27:31+00:00","breadcrumb":{"@id":"https:\/\/brasilnoticias.org\/site\/sac-movel-promove-atendimento-gratuito-ao-publico-lgbtqiapn-em-salvador\/#breadcrumb"},"inLanguage":"pt-PT","potentialAction":[{"@type":"ReadAction","target":["https:\/\/brasilnoticias.org\/site\/sac-movel-promove-atendimento-gratuito-ao-publico-lgbtqiapn-em-salvador\/"]}]},{"@type":"ImageObject","inLanguage":"pt-PT","@id":"https:\/\/brasilnoticias.org\/site\/sac-movel-promove-atendimento-gratuito-ao-publico-lgbtqiapn-em-salvador\/#primaryimage","url":"https:\/\/brasilnoticias.org\/site\/wp-content\/uploads\/2023\/09\/50380923-0f8b-4386-8567-e9a1b7942464-696x464-1.jpg","contentUrl":"https:\/\/brasilnoticias.org\/site\/wp-content\/uploads\/2023\/09\/50380923-0f8b-4386-8567-e9a1b7942464-696x464-1.jpg","width":696,"height":464},{"@type":"BreadcrumbList","@id":"https:\/\/brasilnoticias.org\/site\/sac-movel-promove-atendimento-gratuito-ao-publico-lgbtqiapn-em-salvador\/#breadcrumb","itemListElement":[{"@type":"ListItem","position":1,"name":"In\u00edcio","item":"https:\/\/brasilnoticias.org\/site\/"},{"@type":"ListItem","position":2,"name":"SAC M\u00f3vel promove atendimento gratuito ao p\u00fablico LGBTQIAPN+ em Salvador"}]},{"@type":"WebSite","@id":"https:\/\/brasilnoticias.org\/site\/#website","url":"https:\/\/brasilnoticias.org\/site\/","name":"Brasil not\u00edcias","description":"Brasil not\u00edcias","publisher":{"@id":"https:\/\/brasilnoticias.org\/site\/#organization"},"potentialAction":[{"@type":"SearchAction","target":{"@type":"EntryPoint","urlTemplate":"https:\/\/brasilnoticias.org\/site\/?s={search_term_string}"},"query-input":{"@type":"PropertyValueSpecification","valueRequired":true,"valueName":"search_term_string"}}],"inLanguage":"pt-PT"},{"@type":"Organization","@id":"https:\/\/brasilnoticias.org\/site\/#organization","name":"Brasil not\u00edcias","url":"https:\/\/brasilnoticias.org\/site\/","logo":{"@type":"ImageObject","inLanguage":"pt-PT","@id":"https:\/\/brasilnoticias.org\/site\/#\/schema\/logo\/image\/","url":"https:\/\/brasilnoticias.org\/site\/wp-content\/uploads\/2022\/05\/cropped-brasilnoticias-mini.jpg","contentUrl":"https:\/\/brasilnoticias.org\/site\/wp-content\/uploads\/2022\/05\/cropped-brasilnoticias-mini.jpg","width":314,"height":86,"caption":"Brasil not\u00edcias"},"image":{"@id":"https:\/\/brasilnoticias.org\/site\/#\/schema\/logo\/image\/"}},{"@type":"Person","@id":"https:\/\/brasilnoticias.org\/site\/#\/schema\/person\/03bbbfe6c7634ad18c26444ea39049fa","name":"Reda\u00e7\u00e3o","image":{"@type":"ImageObject","inLanguage":"pt-PT","@id":"https:\/\/brasilnoticias.org\/site\/#\/schema\/person\/image\/","url":"https:\/\/secure.gravatar.com\/avatar\/9ecaf7327a696cb23ad926fedded5f1f04d7049de9e445375d55b48c001a6e42?s=96&d=mm&r=g","contentUrl":"https:\/\/secure.gravatar.com\/avatar\/9ecaf7327a696cb23ad926fedded5f1f04d7049de9e445375d55b48c001a6e42?s=96&d=mm&r=g","caption":"Reda\u00e7\u00e3o"},"url":"https:\/\/brasilnoticias.org\/site\/author\/henrique\/"}]}},"_links":{"self":[{"href":"https:\/\/brasilnoticias.org\/site\/wp-json\/wp\/v2\/posts\/8851","targetHints":{"allow":["GET"]}}],"collection":[{"href":"https:\/\/brasilnoticias.org\/site\/wp-json\/wp\/v2\/posts"}],"about":[{"href":"https:\/\/brasilnoticias.org\/site\/wp-json\/wp\/v2\/types\/post"}],"author":[{"embeddable":true,"href":"https:\/\/brasilnoticias.org\/site\/wp-json\/wp\/v2\/users\/4"}],"replies":[{"embeddable":true,"href":"https:\/\/brasilnoticias.org\/site\/wp-json\/wp\/v2\/comments?post=8851"}],"version-history":[{"count":1,"href":"https:\/\/brasilnoticias.org\/site\/wp-json\/wp\/v2\/posts\/8851\/revisions"}],"predecessor-version":[{"id":8853,"href":"https:\/\/brasilnoticias.org\/site\/wp-json\/wp\/v2\/posts\/8851\/revisions\/8853"}],"wp:featuredmedia":[{"embeddable":true,"href":"https:\/\/brasilnoticias.org\/site\/wp-json\/wp\/v2\/media\/8852"}],"wp:attachment":[{"href":"https:\/\/brasilnoticias.org\/site\/wp-json\/wp\/v2\/media?parent=8851"}],"wp:term":[{"taxonomy":"category","embeddable":true,"href":"https:\/\/brasilnoticias.org\/site\/wp-json\/wp\/v2\/categories?post=8851"},{"taxonomy":"post_tag","embeddable":true,"href":"https:\/\/brasilnoticias.org\/site\/wp-json\/wp\/v2\/tags?post=8851"}],"curies":[{"name":"wp","href":"https:\/\/api.w.org\/{rel}","templated":true}]}}