{"id":8854,"date":"2023-09-02T19:29:10","date_gmt":"2023-09-02T22:29:10","guid":{"rendered":"https:\/\/brasilnoticias.org\/site\/?p=8854"},"modified":"2023-09-01T19:29:53","modified_gmt":"2023-09-01T22:29:53","slug":"mais-de-10-mil-aposentados-e-pensionistas-do-estado-sao-convocados-para-a-prova-de-vida","status":"publish","type":"post","link":"https:\/\/brasilnoticias.org\/site\/mais-de-10-mil-aposentados-e-pensionistas-do-estado-sao-convocados-para-a-prova-de-vida\/","title":{"rendered":"Mais de 10 mil aposentados e pensionistas do Estado s\u00e3o convocados para a prova de vida"},"content":{"rendered":"<p>A Superintend\u00eancia de Previd\u00eancia do Estado (Suprev) est\u00e1 convocando os servidores inativos e pensionistas que aniversariam no m\u00eas de setembro para realizar a prova de vida. O grupo \u00e9 formado por 10.197 benefici\u00e1rios do Poder Executivo Estadual, 334 do Tribunal de Justi\u00e7a e oito do Minist\u00e9rio P\u00fablico que precisam se submeter ao procedimento at\u00e9 o pr\u00f3ximo dia 30 para n\u00e3o correr o risco de ter o benef\u00edcio suspenso.<\/p>\n<p>A agenda de convoca\u00e7\u00e3o da Previd\u00eancia Estadual segue sempre o m\u00eas de anivers\u00e1rio do benefici\u00e1rio. A coordenadora de Relacionamento com o Benefici\u00e1rio da Suprev, S\u00edlvia Machado, informa que os convocados que est\u00e3o em dia com o cronograma e t\u00eam cadastro no TRE e Senatran devem fazer a Prova de Vida Digital de qualquer celular com acesso \u00e0 internet por meio do aplicativo GOV.BR. Para tanto, basta baixar o aplicativo e abrir uma conta no GOV.BR.<\/p>\n<p>No YouTube da Secretaria da Administra\u00e7\u00e3o do Estado (Saeb) os usu\u00e1rios encontram um v\u00eddeo com o passo a passo completo para o procedimento. A coordenadora ressalta ainda que a grande vantagem de realizar a prova de vida por esta modalidade \u00e9 que o benefici\u00e1rio n\u00e3o precisa sair de casa: basta acessar o aplicativo e fazer o reconhecimento facial.<\/p>\n<p>Pend\u00eancias<\/p>\n<p>\u201cA prova de vida \u00e9 de fundamental import\u00e2ncia para que a Previd\u00eancia possa ter o controle do benef\u00edcio, evitando pagamentos indevidos e tentativas de fraude, al\u00e9m de manter a base cadastral atualizada; da\u00ed a import\u00e2ncia de cumprir os prazos\u201d, argumenta S\u00edlvia Machado.<\/p>\n<p>A coordenadora alerta ainda que h\u00e1 pend\u00eancias na prova de vida de 2.423 benefici\u00e1rios do Poder Executivo e 76 do Tribunal de Justi\u00e7a e Minist\u00e9rio P\u00fablico aniversariantes de agosto. \u201cEm casos de eventuais suspens\u00f5es, o pagamento \u00e9 retomado \u00e0 medida que o benefici\u00e1rio se submete ao procedimento\u201d, orienta S\u00edlvia.<\/p>\n<p>Al\u00e9m da vers\u00e3o digital, os benefici\u00e1rios podem optar pelas modalidades de prova de vida por videoatendimento ou presencial. Nestes dois casos, o servi\u00e7o est\u00e1 dispon\u00edvel para todos os convocados, incluindo retardat\u00e1rios, com agendamento pr\u00e9vio por meio do SAC Digital ou no call center da Suprev\/SAC pelos telefones 0800 071 5353 (para liga\u00e7\u00f5es gratuitas por celular ou fixo, de qualquer lugar do Brasil) e (071) 4020-5353 (para Salvador e Regi\u00e3o Metropolitana, de telefone fixo ou celular). Mais informa\u00e7\u00f5es podem ser obtidas no RH Bahia (www.rhbahia.ba.gov.br).<\/p>\n<p>Foto: Divulga\u00e7\u00e3o\/Saeb<br \/>\nFonte: Ascom\/Saeb<\/p>\n","protected":false},"excerpt":{"rendered":"<p>A Superintend\u00eancia de Previd\u00eancia do Estado (Suprev) est\u00e1 convocando os servidores inativos e pensionistas que aniversariam no m\u00eas de setembro<\/p>\n","protected":false},"author":4,"featured_media":8855,"comment_status":"open","ping_status":"open","sticky":false,"template":"","format":"standard","meta":{"colormag_page_container_layout":"default_layout","colormag_page_sidebar_layout":"default_layout","_FSMCFIC_featured_image_caption":"","_FSMCFIC_featured_image_nocaption":"","_FSMCFIC_featured_image_hide":"","footnotes":""},"categories":[2,1],"tags":[],"class_list":["post-8854","post","type-post","status-publish","format-standard","has-post-thumbnail","hentry","category-noticias","category-ultimas"],"yoast_head":"<!-- This site is optimized with the Yoast SEO plugin v27.1.1 - https:\/\/yoast.com\/product\/yoast-seo-wordpress\/ -->\n<title>Mais de 10 mil aposentados e pensionistas do Estado s\u00e3o convocados para a prova de vida - Brasil not\u00edcias<\/title>\n<meta name=\"robots\" content=\"index, follow, max-snippet:-1, max-image-preview:large, max-video-preview:-1\" \/>\n<link rel=\"canonical\" href=\"https:\/\/brasilnoticias.org\/site\/mais-de-10-mil-aposentados-e-pensionistas-do-estado-sao-convocados-para-a-prova-de-vida\/\" \/>\n<meta property=\"og:locale\" content=\"pt_PT\" \/>\n<meta property=\"og:type\" content=\"article\" \/>\n<meta property=\"og:title\" content=\"Mais de 10 mil aposentados e pensionistas do Estado s\u00e3o convocados para a prova de vida - Brasil not\u00edcias\" \/>\n<meta property=\"og:description\" content=\"A Superintend\u00eancia de Previd\u00eancia do Estado (Suprev) est\u00e1 convocando os servidores inativos e pensionistas que aniversariam no m\u00eas de setembro\" \/>\n<meta property=\"og:url\" content=\"https:\/\/brasilnoticias.org\/site\/mais-de-10-mil-aposentados-e-pensionistas-do-estado-sao-convocados-para-a-prova-de-vida\/\" \/>\n<meta property=\"og:site_name\" content=\"Brasil not\u00edcias\" \/>\n<meta property=\"article:published_time\" content=\"2023-09-02T22:29:10+00:00\" \/>\n<meta property=\"og:image\" content=\"https:\/\/brasilnoticias.org\/site\/wp-content\/uploads\/2023\/09\/atendimentos-servidores_saeb-696x350-1.png\" \/>\n\t<meta property=\"og:image:width\" content=\"696\" \/>\n\t<meta property=\"og:image:height\" content=\"350\" \/>\n\t<meta property=\"og:image:type\" content=\"image\/png\" \/>\n<meta name=\"author\" content=\"Reda\u00e7\u00e3o\" \/>\n<meta name=\"twitter:card\" content=\"summary_large_image\" \/>\n<meta name=\"twitter:label1\" content=\"Escrito por\" \/>\n\t<meta name=\"twitter:data1\" content=\"Reda\u00e7\u00e3o\" \/>\n<script type=\"application\/ld+json\" class=\"yoast-schema-graph\">{\"@context\":\"https:\/\/schema.org\",\"@graph\":[{\"@type\":\"Article\",\"@id\":\"https:\/\/brasilnoticias.org\/site\/mais-de-10-mil-aposentados-e-pensionistas-do-estado-sao-convocados-para-a-prova-de-vida\/#article\",\"isPartOf\":{\"@id\":\"https:\/\/brasilnoticias.org\/site\/mais-de-10-mil-aposentados-e-pensionistas-do-estado-sao-convocados-para-a-prova-de-vida\/\"},\"author\":{\"name\":\"Reda\u00e7\u00e3o\",\"@id\":\"https:\/\/brasilnoticias.org\/site\/#\/schema\/person\/03bbbfe6c7634ad18c26444ea39049fa\"},\"headline\":\"Mais de 10 mil aposentados e pensionistas do Estado s\u00e3o convocados para a prova de vida\",\"datePublished\":\"2023-09-02T22:29:10+00:00\",\"mainEntityOfPage\":{\"@id\":\"https:\/\/brasilnoticias.org\/site\/mais-de-10-mil-aposentados-e-pensionistas-do-estado-sao-convocados-para-a-prova-de-vida\/\"},\"wordCount\":441,\"commentCount\":0,\"publisher\":{\"@id\":\"https:\/\/brasilnoticias.org\/site\/#organization\"},\"image\":{\"@id\":\"https:\/\/brasilnoticias.org\/site\/mais-de-10-mil-aposentados-e-pensionistas-do-estado-sao-convocados-para-a-prova-de-vida\/#primaryimage\"},\"thumbnailUrl\":\"https:\/\/brasilnoticias.org\/site\/wp-content\/uploads\/2023\/09\/atendimentos-servidores_saeb-696x350-1.png\",\"articleSection\":[\"Not\u00edcias\",\"\u00daltimas\"],\"inLanguage\":\"pt-PT\",\"potentialAction\":[{\"@type\":\"CommentAction\",\"name\":\"Comment\",\"target\":[\"https:\/\/brasilnoticias.org\/site\/mais-de-10-mil-aposentados-e-pensionistas-do-estado-sao-convocados-para-a-prova-de-vida\/#respond\"]}]},{\"@type\":\"WebPage\",\"@id\":\"https:\/\/brasilnoticias.org\/site\/mais-de-10-mil-aposentados-e-pensionistas-do-estado-sao-convocados-para-a-prova-de-vida\/\",\"url\":\"https:\/\/brasilnoticias.org\/site\/mais-de-10-mil-aposentados-e-pensionistas-do-estado-sao-convocados-para-a-prova-de-vida\/\",\"name\":\"Mais de 10 mil aposentados e pensionistas do Estado s\u00e3o convocados para a prova de vida - Brasil not\u00edcias\",\"isPartOf\":{\"@id\":\"https:\/\/brasilnoticias.org\/site\/#website\"},\"primaryImageOfPage\":{\"@id\":\"https:\/\/brasilnoticias.org\/site\/mais-de-10-mil-aposentados-e-pensionistas-do-estado-sao-convocados-para-a-prova-de-vida\/#primaryimage\"},\"image\":{\"@id\":\"https:\/\/brasilnoticias.org\/site\/mais-de-10-mil-aposentados-e-pensionistas-do-estado-sao-convocados-para-a-prova-de-vida\/#primaryimage\"},\"thumbnailUrl\":\"https:\/\/brasilnoticias.org\/site\/wp-content\/uploads\/2023\/09\/atendimentos-servidores_saeb-696x350-1.png\",\"datePublished\":\"2023-09-02T22:29:10+00:00\",\"breadcrumb\":{\"@id\":\"https:\/\/brasilnoticias.org\/site\/mais-de-10-mil-aposentados-e-pensionistas-do-estado-sao-convocados-para-a-prova-de-vida\/#breadcrumb\"},\"inLanguage\":\"pt-PT\",\"potentialAction\":[{\"@type\":\"ReadAction\",\"target\":[\"https:\/\/brasilnoticias.org\/site\/mais-de-10-mil-aposentados-e-pensionistas-do-estado-sao-convocados-para-a-prova-de-vida\/\"]}]},{\"@type\":\"ImageObject\",\"inLanguage\":\"pt-PT\",\"@id\":\"https:\/\/brasilnoticias.org\/site\/mais-de-10-mil-aposentados-e-pensionistas-do-estado-sao-convocados-para-a-prova-de-vida\/#primaryimage\",\"url\":\"https:\/\/brasilnoticias.org\/site\/wp-content\/uploads\/2023\/09\/atendimentos-servidores_saeb-696x350-1.png\",\"contentUrl\":\"https:\/\/brasilnoticias.org\/site\/wp-content\/uploads\/2023\/09\/atendimentos-servidores_saeb-696x350-1.png\",\"width\":696,\"height\":350},{\"@type\":\"BreadcrumbList\",\"@id\":\"https:\/\/brasilnoticias.org\/site\/mais-de-10-mil-aposentados-e-pensionistas-do-estado-sao-convocados-para-a-prova-de-vida\/#breadcrumb\",\"itemListElement\":[{\"@type\":\"ListItem\",\"position\":1,\"name\":\"In\u00edcio\",\"item\":\"https:\/\/brasilnoticias.org\/site\/\"},{\"@type\":\"ListItem\",\"position\":2,\"name\":\"Mais de 10 mil aposentados e pensionistas do Estado s\u00e3o convocados para a prova de vida\"}]},{\"@type\":\"WebSite\",\"@id\":\"https:\/\/brasilnoticias.org\/site\/#website\",\"url\":\"https:\/\/brasilnoticias.org\/site\/\",\"name\":\"Brasil not\u00edcias\",\"description\":\"Brasil not\u00edcias\",\"publisher\":{\"@id\":\"https:\/\/brasilnoticias.org\/site\/#organization\"},\"potentialAction\":[{\"@type\":\"SearchAction\",\"target\":{\"@type\":\"EntryPoint\",\"urlTemplate\":\"https:\/\/brasilnoticias.org\/site\/?s={search_term_string}\"},\"query-input\":{\"@type\":\"PropertyValueSpecification\",\"valueRequired\":true,\"valueName\":\"search_term_string\"}}],\"inLanguage\":\"pt-PT\"},{\"@type\":\"Organization\",\"@id\":\"https:\/\/brasilnoticias.org\/site\/#organization\",\"name\":\"Brasil not\u00edcias\",\"url\":\"https:\/\/brasilnoticias.org\/site\/\",\"logo\":{\"@type\":\"ImageObject\",\"inLanguage\":\"pt-PT\",\"@id\":\"https:\/\/brasilnoticias.org\/site\/#\/schema\/logo\/image\/\",\"url\":\"https:\/\/brasilnoticias.org\/site\/wp-content\/uploads\/2022\/05\/cropped-brasilnoticias-mini.jpg\",\"contentUrl\":\"https:\/\/brasilnoticias.org\/site\/wp-content\/uploads\/2022\/05\/cropped-brasilnoticias-mini.jpg\",\"width\":314,\"height\":86,\"caption\":\"Brasil not\u00edcias\"},\"image\":{\"@id\":\"https:\/\/brasilnoticias.org\/site\/#\/schema\/logo\/image\/\"}},{\"@type\":\"Person\",\"@id\":\"https:\/\/brasilnoticias.org\/site\/#\/schema\/person\/03bbbfe6c7634ad18c26444ea39049fa\",\"name\":\"Reda\u00e7\u00e3o\",\"image\":{\"@type\":\"ImageObject\",\"inLanguage\":\"pt-PT\",\"@id\":\"https:\/\/brasilnoticias.org\/site\/#\/schema\/person\/image\/\",\"url\":\"https:\/\/secure.gravatar.com\/avatar\/9ecaf7327a696cb23ad926fedded5f1f04d7049de9e445375d55b48c001a6e42?s=96&d=mm&r=g\",\"contentUrl\":\"https:\/\/secure.gravatar.com\/avatar\/9ecaf7327a696cb23ad926fedded5f1f04d7049de9e445375d55b48c001a6e42?s=96&d=mm&r=g\",\"caption\":\"Reda\u00e7\u00e3o\"},\"url\":\"https:\/\/brasilnoticias.org\/site\/author\/henrique\/\"}]}<\/script>\n<!-- \/ Yoast SEO plugin. -->","yoast_head_json":{"title":"Mais de 10 mil aposentados e pensionistas do Estado s\u00e3o convocados para a prova de vida - Brasil not\u00edcias","robots":{"index":"index","follow":"follow","max-snippet":"max-snippet:-1","max-image-preview":"max-image-preview:large","max-video-preview":"max-video-preview:-1"},"canonical":"https:\/\/brasilnoticias.org\/site\/mais-de-10-mil-aposentados-e-pensionistas-do-estado-sao-convocados-para-a-prova-de-vida\/","og_locale":"pt_PT","og_type":"article","og_title":"Mais de 10 mil aposentados e pensionistas do Estado s\u00e3o convocados para a prova de vida - Brasil not\u00edcias","og_description":"A Superintend\u00eancia de Previd\u00eancia do Estado (Suprev) est\u00e1 convocando os servidores inativos e pensionistas que aniversariam no m\u00eas de setembro","og_url":"https:\/\/brasilnoticias.org\/site\/mais-de-10-mil-aposentados-e-pensionistas-do-estado-sao-convocados-para-a-prova-de-vida\/","og_site_name":"Brasil not\u00edcias","article_published_time":"2023-09-02T22:29:10+00:00","og_image":[{"width":696,"height":350,"url":"https:\/\/brasilnoticias.org\/site\/wp-content\/uploads\/2023\/09\/atendimentos-servidores_saeb-696x350-1.png","type":"image\/png"}],"author":"Reda\u00e7\u00e3o","twitter_card":"summary_large_image","twitter_misc":{"Escrito por":"Reda\u00e7\u00e3o"},"schema":{"@context":"https:\/\/schema.org","@graph":[{"@type":"Article","@id":"https:\/\/brasilnoticias.org\/site\/mais-de-10-mil-aposentados-e-pensionistas-do-estado-sao-convocados-para-a-prova-de-vida\/#article","isPartOf":{"@id":"https:\/\/brasilnoticias.org\/site\/mais-de-10-mil-aposentados-e-pensionistas-do-estado-sao-convocados-para-a-prova-de-vida\/"},"author":{"name":"Reda\u00e7\u00e3o","@id":"https:\/\/brasilnoticias.org\/site\/#\/schema\/person\/03bbbfe6c7634ad18c26444ea39049fa"},"headline":"Mais de 10 mil aposentados e pensionistas do Estado s\u00e3o convocados para a prova de vida","datePublished":"2023-09-02T22:29:10+00:00","mainEntityOfPage":{"@id":"https:\/\/brasilnoticias.org\/site\/mais-de-10-mil-aposentados-e-pensionistas-do-estado-sao-convocados-para-a-prova-de-vida\/"},"wordCount":441,"commentCount":0,"publisher":{"@id":"https:\/\/brasilnoticias.org\/site\/#organization"},"image":{"@id":"https:\/\/brasilnoticias.org\/site\/mais-de-10-mil-aposentados-e-pensionistas-do-estado-sao-convocados-para-a-prova-de-vida\/#primaryimage"},"thumbnailUrl":"https:\/\/brasilnoticias.org\/site\/wp-content\/uploads\/2023\/09\/atendimentos-servidores_saeb-696x350-1.png","articleSection":["Not\u00edcias","\u00daltimas"],"inLanguage":"pt-PT","potentialAction":[{"@type":"CommentAction","name":"Comment","target":["https:\/\/brasilnoticias.org\/site\/mais-de-10-mil-aposentados-e-pensionistas-do-estado-sao-convocados-para-a-prova-de-vida\/#respond"]}]},{"@type":"WebPage","@id":"https:\/\/brasilnoticias.org\/site\/mais-de-10-mil-aposentados-e-pensionistas-do-estado-sao-convocados-para-a-prova-de-vida\/","url":"https:\/\/brasilnoticias.org\/site\/mais-de-10-mil-aposentados-e-pensionistas-do-estado-sao-convocados-para-a-prova-de-vida\/","name":"Mais de 10 mil aposentados e pensionistas do Estado s\u00e3o convocados para a prova de vida - Brasil not\u00edcias","isPartOf":{"@id":"https:\/\/brasilnoticias.org\/site\/#website"},"primaryImageOfPage":{"@id":"https:\/\/brasilnoticias.org\/site\/mais-de-10-mil-aposentados-e-pensionistas-do-estado-sao-convocados-para-a-prova-de-vida\/#primaryimage"},"image":{"@id":"https:\/\/brasilnoticias.org\/site\/mais-de-10-mil-aposentados-e-pensionistas-do-estado-sao-convocados-para-a-prova-de-vida\/#primaryimage"},"thumbnailUrl":"https:\/\/brasilnoticias.org\/site\/wp-content\/uploads\/2023\/09\/atendimentos-servidores_saeb-696x350-1.png","datePublished":"2023-09-02T22:29:10+00:00","breadcrumb":{"@id":"https:\/\/brasilnoticias.org\/site\/mais-de-10-mil-aposentados-e-pensionistas-do-estado-sao-convocados-para-a-prova-de-vida\/#breadcrumb"},"inLanguage":"pt-PT","potentialAction":[{"@type":"ReadAction","target":["https:\/\/brasilnoticias.org\/site\/mais-de-10-mil-aposentados-e-pensionistas-do-estado-sao-convocados-para-a-prova-de-vida\/"]}]},{"@type":"ImageObject","inLanguage":"pt-PT","@id":"https:\/\/brasilnoticias.org\/site\/mais-de-10-mil-aposentados-e-pensionistas-do-estado-sao-convocados-para-a-prova-de-vida\/#primaryimage","url":"https:\/\/brasilnoticias.org\/site\/wp-content\/uploads\/2023\/09\/atendimentos-servidores_saeb-696x350-1.png","contentUrl":"https:\/\/brasilnoticias.org\/site\/wp-content\/uploads\/2023\/09\/atendimentos-servidores_saeb-696x350-1.png","width":696,"height":350},{"@type":"BreadcrumbList","@id":"https:\/\/brasilnoticias.org\/site\/mais-de-10-mil-aposentados-e-pensionistas-do-estado-sao-convocados-para-a-prova-de-vida\/#breadcrumb","itemListElement":[{"@type":"ListItem","position":1,"name":"In\u00edcio","item":"https:\/\/brasilnoticias.org\/site\/"},{"@type":"ListItem","position":2,"name":"Mais de 10 mil aposentados e pensionistas do Estado s\u00e3o convocados para a prova de vida"}]},{"@type":"WebSite","@id":"https:\/\/brasilnoticias.org\/site\/#website","url":"https:\/\/brasilnoticias.org\/site\/","name":"Brasil not\u00edcias","description":"Brasil not\u00edcias","publisher":{"@id":"https:\/\/brasilnoticias.org\/site\/#organization"},"potentialAction":[{"@type":"SearchAction","target":{"@type":"EntryPoint","urlTemplate":"https:\/\/brasilnoticias.org\/site\/?s={search_term_string}"},"query-input":{"@type":"PropertyValueSpecification","valueRequired":true,"valueName":"search_term_string"}}],"inLanguage":"pt-PT"},{"@type":"Organization","@id":"https:\/\/brasilnoticias.org\/site\/#organization","name":"Brasil not\u00edcias","url":"https:\/\/brasilnoticias.org\/site\/","logo":{"@type":"ImageObject","inLanguage":"pt-PT","@id":"https:\/\/brasilnoticias.org\/site\/#\/schema\/logo\/image\/","url":"https:\/\/brasilnoticias.org\/site\/wp-content\/uploads\/2022\/05\/cropped-brasilnoticias-mini.jpg","contentUrl":"https:\/\/brasilnoticias.org\/site\/wp-content\/uploads\/2022\/05\/cropped-brasilnoticias-mini.jpg","width":314,"height":86,"caption":"Brasil not\u00edcias"},"image":{"@id":"https:\/\/brasilnoticias.org\/site\/#\/schema\/logo\/image\/"}},{"@type":"Person","@id":"https:\/\/brasilnoticias.org\/site\/#\/schema\/person\/03bbbfe6c7634ad18c26444ea39049fa","name":"Reda\u00e7\u00e3o","image":{"@type":"ImageObject","inLanguage":"pt-PT","@id":"https:\/\/brasilnoticias.org\/site\/#\/schema\/person\/image\/","url":"https:\/\/secure.gravatar.com\/avatar\/9ecaf7327a696cb23ad926fedded5f1f04d7049de9e445375d55b48c001a6e42?s=96&d=mm&r=g","contentUrl":"https:\/\/secure.gravatar.com\/avatar\/9ecaf7327a696cb23ad926fedded5f1f04d7049de9e445375d55b48c001a6e42?s=96&d=mm&r=g","caption":"Reda\u00e7\u00e3o"},"url":"https:\/\/brasilnoticias.org\/site\/author\/henrique\/"}]}},"_links":{"self":[{"href":"https:\/\/brasilnoticias.org\/site\/wp-json\/wp\/v2\/posts\/8854","targetHints":{"allow":["GET"]}}],"collection":[{"href":"https:\/\/brasilnoticias.org\/site\/wp-json\/wp\/v2\/posts"}],"about":[{"href":"https:\/\/brasilnoticias.org\/site\/wp-json\/wp\/v2\/types\/post"}],"author":[{"embeddable":true,"href":"https:\/\/brasilnoticias.org\/site\/wp-json\/wp\/v2\/users\/4"}],"replies":[{"embeddable":true,"href":"https:\/\/brasilnoticias.org\/site\/wp-json\/wp\/v2\/comments?post=8854"}],"version-history":[{"count":1,"href":"https:\/\/brasilnoticias.org\/site\/wp-json\/wp\/v2\/posts\/8854\/revisions"}],"predecessor-version":[{"id":8856,"href":"https:\/\/brasilnoticias.org\/site\/wp-json\/wp\/v2\/posts\/8854\/revisions\/8856"}],"wp:featuredmedia":[{"embeddable":true,"href":"https:\/\/brasilnoticias.org\/site\/wp-json\/wp\/v2\/media\/8855"}],"wp:attachment":[{"href":"https:\/\/brasilnoticias.org\/site\/wp-json\/wp\/v2\/media?parent=8854"}],"wp:term":[{"taxonomy":"category","embeddable":true,"href":"https:\/\/brasilnoticias.org\/site\/wp-json\/wp\/v2\/categories?post=8854"},{"taxonomy":"post_tag","embeddable":true,"href":"https:\/\/brasilnoticias.org\/site\/wp-json\/wp\/v2\/tags?post=8854"}],"curies":[{"name":"wp","href":"https:\/\/api.w.org\/{rel}","templated":true}]}}