{"id":8870,"date":"2023-09-03T09:24:06","date_gmt":"2023-09-03T12:24:06","guid":{"rendered":"https:\/\/brasilnoticias.org\/site\/?p=8870"},"modified":"2023-09-02T18:25:30","modified_gmt":"2023-09-02T21:25:30","slug":"estrategias-de-gestao-da-saude-na-bahia-sao-apresentadas-para-mais-de-2-mil-secretarios-de-saude","status":"publish","type":"post","link":"https:\/\/brasilnoticias.org\/site\/estrategias-de-gestao-da-saude-na-bahia-sao-apresentadas-para-mais-de-2-mil-secretarios-de-saude\/","title":{"rendered":"Estrat\u00e9gias de gest\u00e3o da sa\u00fade na Bahia s\u00e3o apresentadas para mais de 2 mil secret\u00e1rios de sa\u00fade"},"content":{"rendered":"<p>Um dos principais desafios na sa\u00fade p\u00fablica brasileira \u00e9 conseguir, simultaneamente, ampliar, qualificar e regionalizar o acesso da popula\u00e7\u00e3o \u00e0 assist\u00eancia em um cen\u00e1rio de recursos p\u00fablicos limitados. Neste contexto, a Secretaria da Sa\u00fade do Estado da Bahia (Sesab) desponta com experi\u00eancias positivas que s\u00e3o refer\u00eancia nacional, a exemplo das Policl\u00ednicas Regionais, Registro de Pre\u00e7o compartilhado de medicamentos e insumos, bem como a constru\u00e7\u00e3o da Rede Estadual de Dados em Sa\u00fade (Reds). Estes e outros projetos ser\u00e3o apresentados no 9\u00ba Congresso Norte\/Nordeste de Secretarias Municipais de Sa\u00fade, que acontece entre os dias 4 e 6 de setembro, no Centro de Conven\u00e7\u00f5es, na capital baiana.<\/p>\n<p>A secret\u00e1ria da Sa\u00fade da Bahia, Roberta Santana, destaca que o congresso \u00e9 um espa\u00e7o de compartilhamento de experi\u00eancias positivas do Sistema \u00danico de Sa\u00fade (SUS). \u201cO registro de pre\u00e7o compartilhado, por exemplo, possibilita que o Estado fa\u00e7a uma \u00fanica licita\u00e7\u00e3o de aproximadamente 300 medicamentos, garantindo pre\u00e7os at\u00e9 60% mais baratos que os praticados no mercado, onde todos os munic\u00edpios que fazem ades\u00e3o podem sacar. S\u00e3o medicamentos anti-hipertensivos, analg\u00e9sicos, anti-inflamat\u00f3rios, antibi\u00f3ticos e antidiab\u00e9ticos\u201d, exemplifica a secret\u00e1ria.<\/p>\n<p>Os mais de 4 mil congressistas inscritos de 16 estados da federa\u00e7\u00e3o ainda ter\u00e3o a oportunidade de conhecer o projeto de integra\u00e7\u00e3o de dados baiano. A Reds \u00e9 uma plataforma que concentra informa\u00e7\u00f5es de diversos bancos de dados do Sistema \u00danico de Sa\u00fade, sendo poss\u00edvel acessar o hist\u00f3rico m\u00e9dico, o resultado de exames, acompanhar consultas, regula\u00e7\u00f5es e procedimentos, al\u00e9m do acompanhamento farmac\u00eautico. \u201cAtualmente s\u00e3o mais de 2,7 milh\u00f5es de baianos cadastrados e o projeto est\u00e1 em fase de expans\u00e3o\u201d, afirma o coordenador geral da Gest\u00e3o de Sistemas de Tecnologia de Informa\u00e7\u00e3o e Comunica\u00e7\u00e3o na Sa\u00fade (CGTICS) da Sesab, Diego Daltro.<\/p>\n<p>Outra inova\u00e7\u00e3o baiana s\u00e3o as Policl\u00ednicas Regionais de Sa\u00fade, que s\u00e3o administradas por Cons\u00f3rcios P\u00fablicos. S\u00e3o estruturas jur\u00eddicas que integram munic\u00edpios e o Estado em prol de ampliar e regionalizar o acesso a consultas ambulatoriais com m\u00e9dicos especialistas e exames de m\u00e9dia e alta complexidade, possibilitando assim, fornecer resolutividade \u00e0 Aten\u00e7\u00e3o Prim\u00e1ria.<\/p>\n<p>Palestras<\/p>\n<p>T\u00e9cnicos e dirigentes da Secretaria da Sa\u00fade do Estado da Bahia (Sesab) far\u00e3o uma s\u00e9rie de palestras ao longo dos tr\u00eas dias do evento. Segue abaixo alguns dos temas a serem apresentados.<\/p>\n<p>1)\u2002\u2002\u2002\u2002Registro de Pre\u00e7os Compartilhado dos medicamentos e insumos da Assist\u00eancia Farmac\u00eautica na Aten\u00e7\u00e3o B\u00e1sica.<\/p>\n<p>2)\u2002\u2002\u2002\u2002A\u00e7\u00e3o de Coopera\u00e7\u00e3o T\u00e9cnica para Auditores do SUS dos Componentes Municipais de Auditoria.<\/p>\n<p>3)\u2002\u2002\u2002\u2002Planejamento em Sa\u00fade \u2013 DigiSUS Cen\u00e1rio Bahia.<\/p>\n<p>4)\u2002\u2002\u2002\u2002Plano de Aten\u00e7\u00e3o Hospitalar.<\/p>\n<p>5)\u2002\u2002\u2002\u2002Pol\u00edtica Estadual de Humaniza\u00e7\u00e3o da Aten\u00e7\u00e3o e da Gest\u00e3o do SUS-Ba (PEH).<\/p>\n<p>6)\u2002\u2002\u2002\u2002Panorama Atual do Programa Mais M\u00e9dicos na Bahia \u2013 Avan\u00e7os e Perspectivas 2023 e Painel de Controle de Dados.<\/p>\n<p>7)\u2002\u2002\u2002\u2002Cat\u00e1logo de cursos da Escola de Sa\u00fade P\u00fablica da Bahia.<\/p>\n<p>8)\u2002\u2002\u2002\u2002Policl\u00ednicas Regionais de Sa\u00fade.<\/p>\n<p>9)\u2002\u2002\u2002\u2002HTLV na Bahia: estrat\u00e9gias do Programa Estadual de IST\u2019s.<\/p>\n<p>10)\u2002\u2002\u2002Estrat\u00e9gias de elimina\u00e7\u00e3o da transmiss\u00e3o vertical da s\u00edfilis e HIV na Bahia.<\/p>\n<p>11)\u2002\u2002\u2002Plano Estadual de a\u00e7\u00f5es estrat\u00e9gicas para o enfrentamento e agravos n\u00e3o transmiss\u00edveis \u2013 Plano DANT 2022-2030: elabora\u00e7\u00e3o e perspectiva de implanta\u00e7\u00e3o.<\/p>\n<p>12)\u2002\u2002\u2002Roteiro para constru\u00e7\u00e3o de c\u00f3digo de vigil\u00e2ncia a sa\u00fade.<\/p>\n<p>13)\u2002\u2002\u2002Cons\u00f3rcios municipais\/ intermunicipais de vigil\u00e2ncia sanit\u00e1ria \u2013 Raoni Rodrigues; Hugo Roxo<\/p>\n<p>14)\u2002\u2002\u2002Monitoramento p\u00f3s-comercializa\u00e7\u00e3o: produtos de sa\u00fade e interesse para sa\u00fade \u2013 Eliana Fiais<\/p>\n<p>15)\u2002\u2002\u2002Mudan\u00e7as Clim\u00e1ticas e as a\u00e7\u00f5es de vigil\u00e2ncia em sa\u00fade ambiental \u2013 Orlando Farias de Souza<\/p>\n<p>16)\u2002\u2002\u2002Implanta\u00e7\u00e3o do Kit calamidade para as emerg\u00eancias em sa\u00fade p\u00fablica: pioneirismo do Nordeste.<\/p>\n<p>17)\u2002\u2002\u2002Sa\u00fade do Trabalhador na Aten\u00e7\u00e3o B\u00e1sica \u2013 desafios para a constru\u00e7\u00e3o das linhas de cuidado.<\/p>\n<p>18)\u2002\u2002\u2002Atua\u00e7\u00e3o da vigil\u00e2ncia \u00e0 Sa\u00fade do Trabalhador nos ambientes e processos de trabalho no Estado da Bahia.<\/p>\n<p>19)\u2002\u2002\u2002Fortalecimento da Renast\/BA.<\/p>\n<p>Foto: Divulga\u00e7\u00e3o<br \/>\nFonte: Ascom\/Sesab<\/p>\n","protected":false},"excerpt":{"rendered":"<p>Um dos principais desafios na sa\u00fade p\u00fablica brasileira \u00e9 conseguir, simultaneamente, ampliar, qualificar e regionalizar o acesso da popula\u00e7\u00e3o \u00e0<\/p>\n","protected":false},"author":4,"featured_media":8871,"comment_status":"open","ping_status":"open","sticky":false,"template":"","format":"standard","meta":{"colormag_page_container_layout":"default_layout","colormag_page_sidebar_layout":"default_layout","_FSMCFIC_featured_image_caption":"","_FSMCFIC_featured_image_nocaption":"","_FSMCFIC_featured_image_hide":"","footnotes":""},"categories":[2,1],"tags":[],"class_list":["post-8870","post","type-post","status-publish","format-standard","has-post-thumbnail","hentry","category-noticias","category-ultimas"],"yoast_head":"<!-- This site is optimized with the Yoast SEO plugin v27.1.1 - https:\/\/yoast.com\/product\/yoast-seo-wordpress\/ -->\n<title>Estrat\u00e9gias de gest\u00e3o da sa\u00fade na Bahia s\u00e3o apresentadas para mais de 2 mil secret\u00e1rios de sa\u00fade - Brasil not\u00edcias<\/title>\n<meta name=\"robots\" content=\"index, follow, max-snippet:-1, max-image-preview:large, max-video-preview:-1\" \/>\n<link rel=\"canonical\" href=\"https:\/\/brasilnoticias.org\/site\/estrategias-de-gestao-da-saude-na-bahia-sao-apresentadas-para-mais-de-2-mil-secretarios-de-saude\/\" \/>\n<meta property=\"og:locale\" content=\"pt_PT\" \/>\n<meta property=\"og:type\" content=\"article\" \/>\n<meta property=\"og:title\" content=\"Estrat\u00e9gias de gest\u00e3o da sa\u00fade na Bahia s\u00e3o apresentadas para mais de 2 mil secret\u00e1rios de sa\u00fade - Brasil not\u00edcias\" \/>\n<meta property=\"og:description\" content=\"Um dos principais desafios na sa\u00fade p\u00fablica brasileira \u00e9 conseguir, simultaneamente, ampliar, qualificar e regionalizar o acesso da popula\u00e7\u00e3o \u00e0\" \/>\n<meta property=\"og:url\" content=\"https:\/\/brasilnoticias.org\/site\/estrategias-de-gestao-da-saude-na-bahia-sao-apresentadas-para-mais-de-2-mil-secretarios-de-saude\/\" \/>\n<meta property=\"og:site_name\" content=\"Brasil not\u00edcias\" \/>\n<meta property=\"article:published_time\" content=\"2023-09-03T12:24:06+00:00\" \/>\n<meta property=\"og:image\" content=\"https:\/\/brasilnoticias.org\/site\/wp-content\/uploads\/2023\/09\/IMG_0396-1068x712-1.jpg\" \/>\n\t<meta property=\"og:image:width\" content=\"1068\" \/>\n\t<meta property=\"og:image:height\" content=\"712\" \/>\n\t<meta property=\"og:image:type\" content=\"image\/jpeg\" \/>\n<meta name=\"author\" content=\"Reda\u00e7\u00e3o\" \/>\n<meta name=\"twitter:card\" content=\"summary_large_image\" \/>\n<meta name=\"twitter:label1\" content=\"Escrito por\" \/>\n\t<meta name=\"twitter:data1\" content=\"Reda\u00e7\u00e3o\" \/>\n<script type=\"application\/ld+json\" class=\"yoast-schema-graph\">{\"@context\":\"https:\/\/schema.org\",\"@graph\":[{\"@type\":\"Article\",\"@id\":\"https:\/\/brasilnoticias.org\/site\/estrategias-de-gestao-da-saude-na-bahia-sao-apresentadas-para-mais-de-2-mil-secretarios-de-saude\/#article\",\"isPartOf\":{\"@id\":\"https:\/\/brasilnoticias.org\/site\/estrategias-de-gestao-da-saude-na-bahia-sao-apresentadas-para-mais-de-2-mil-secretarios-de-saude\/\"},\"author\":{\"name\":\"Reda\u00e7\u00e3o\",\"@id\":\"https:\/\/brasilnoticias.org\/site\/#\/schema\/person\/03bbbfe6c7634ad18c26444ea39049fa\"},\"headline\":\"Estrat\u00e9gias de gest\u00e3o da sa\u00fade na Bahia s\u00e3o apresentadas para mais de 2 mil secret\u00e1rios de sa\u00fade\",\"datePublished\":\"2023-09-03T12:24:06+00:00\",\"mainEntityOfPage\":{\"@id\":\"https:\/\/brasilnoticias.org\/site\/estrategias-de-gestao-da-saude-na-bahia-sao-apresentadas-para-mais-de-2-mil-secretarios-de-saude\/\"},\"wordCount\":725,\"commentCount\":0,\"publisher\":{\"@id\":\"https:\/\/brasilnoticias.org\/site\/#organization\"},\"image\":{\"@id\":\"https:\/\/brasilnoticias.org\/site\/estrategias-de-gestao-da-saude-na-bahia-sao-apresentadas-para-mais-de-2-mil-secretarios-de-saude\/#primaryimage\"},\"thumbnailUrl\":\"https:\/\/brasilnoticias.org\/site\/wp-content\/uploads\/2023\/09\/IMG_0396-1068x712-1.jpg\",\"articleSection\":[\"Not\u00edcias\",\"\u00daltimas\"],\"inLanguage\":\"pt-PT\",\"potentialAction\":[{\"@type\":\"CommentAction\",\"name\":\"Comment\",\"target\":[\"https:\/\/brasilnoticias.org\/site\/estrategias-de-gestao-da-saude-na-bahia-sao-apresentadas-para-mais-de-2-mil-secretarios-de-saude\/#respond\"]}]},{\"@type\":\"WebPage\",\"@id\":\"https:\/\/brasilnoticias.org\/site\/estrategias-de-gestao-da-saude-na-bahia-sao-apresentadas-para-mais-de-2-mil-secretarios-de-saude\/\",\"url\":\"https:\/\/brasilnoticias.org\/site\/estrategias-de-gestao-da-saude-na-bahia-sao-apresentadas-para-mais-de-2-mil-secretarios-de-saude\/\",\"name\":\"Estrat\u00e9gias de gest\u00e3o da sa\u00fade na Bahia s\u00e3o apresentadas para mais de 2 mil secret\u00e1rios de sa\u00fade - Brasil not\u00edcias\",\"isPartOf\":{\"@id\":\"https:\/\/brasilnoticias.org\/site\/#website\"},\"primaryImageOfPage\":{\"@id\":\"https:\/\/brasilnoticias.org\/site\/estrategias-de-gestao-da-saude-na-bahia-sao-apresentadas-para-mais-de-2-mil-secretarios-de-saude\/#primaryimage\"},\"image\":{\"@id\":\"https:\/\/brasilnoticias.org\/site\/estrategias-de-gestao-da-saude-na-bahia-sao-apresentadas-para-mais-de-2-mil-secretarios-de-saude\/#primaryimage\"},\"thumbnailUrl\":\"https:\/\/brasilnoticias.org\/site\/wp-content\/uploads\/2023\/09\/IMG_0396-1068x712-1.jpg\",\"datePublished\":\"2023-09-03T12:24:06+00:00\",\"breadcrumb\":{\"@id\":\"https:\/\/brasilnoticias.org\/site\/estrategias-de-gestao-da-saude-na-bahia-sao-apresentadas-para-mais-de-2-mil-secretarios-de-saude\/#breadcrumb\"},\"inLanguage\":\"pt-PT\",\"potentialAction\":[{\"@type\":\"ReadAction\",\"target\":[\"https:\/\/brasilnoticias.org\/site\/estrategias-de-gestao-da-saude-na-bahia-sao-apresentadas-para-mais-de-2-mil-secretarios-de-saude\/\"]}]},{\"@type\":\"ImageObject\",\"inLanguage\":\"pt-PT\",\"@id\":\"https:\/\/brasilnoticias.org\/site\/estrategias-de-gestao-da-saude-na-bahia-sao-apresentadas-para-mais-de-2-mil-secretarios-de-saude\/#primaryimage\",\"url\":\"https:\/\/brasilnoticias.org\/site\/wp-content\/uploads\/2023\/09\/IMG_0396-1068x712-1.jpg\",\"contentUrl\":\"https:\/\/brasilnoticias.org\/site\/wp-content\/uploads\/2023\/09\/IMG_0396-1068x712-1.jpg\",\"width\":1068,\"height\":712},{\"@type\":\"BreadcrumbList\",\"@id\":\"https:\/\/brasilnoticias.org\/site\/estrategias-de-gestao-da-saude-na-bahia-sao-apresentadas-para-mais-de-2-mil-secretarios-de-saude\/#breadcrumb\",\"itemListElement\":[{\"@type\":\"ListItem\",\"position\":1,\"name\":\"In\u00edcio\",\"item\":\"https:\/\/brasilnoticias.org\/site\/\"},{\"@type\":\"ListItem\",\"position\":2,\"name\":\"Estrat\u00e9gias de gest\u00e3o da sa\u00fade na Bahia s\u00e3o apresentadas para mais de 2 mil secret\u00e1rios de sa\u00fade\"}]},{\"@type\":\"WebSite\",\"@id\":\"https:\/\/brasilnoticias.org\/site\/#website\",\"url\":\"https:\/\/brasilnoticias.org\/site\/\",\"name\":\"Brasil not\u00edcias\",\"description\":\"Brasil not\u00edcias\",\"publisher\":{\"@id\":\"https:\/\/brasilnoticias.org\/site\/#organization\"},\"potentialAction\":[{\"@type\":\"SearchAction\",\"target\":{\"@type\":\"EntryPoint\",\"urlTemplate\":\"https:\/\/brasilnoticias.org\/site\/?s={search_term_string}\"},\"query-input\":{\"@type\":\"PropertyValueSpecification\",\"valueRequired\":true,\"valueName\":\"search_term_string\"}}],\"inLanguage\":\"pt-PT\"},{\"@type\":\"Organization\",\"@id\":\"https:\/\/brasilnoticias.org\/site\/#organization\",\"name\":\"Brasil not\u00edcias\",\"url\":\"https:\/\/brasilnoticias.org\/site\/\",\"logo\":{\"@type\":\"ImageObject\",\"inLanguage\":\"pt-PT\",\"@id\":\"https:\/\/brasilnoticias.org\/site\/#\/schema\/logo\/image\/\",\"url\":\"https:\/\/brasilnoticias.org\/site\/wp-content\/uploads\/2022\/05\/cropped-brasilnoticias-mini.jpg\",\"contentUrl\":\"https:\/\/brasilnoticias.org\/site\/wp-content\/uploads\/2022\/05\/cropped-brasilnoticias-mini.jpg\",\"width\":314,\"height\":86,\"caption\":\"Brasil not\u00edcias\"},\"image\":{\"@id\":\"https:\/\/brasilnoticias.org\/site\/#\/schema\/logo\/image\/\"}},{\"@type\":\"Person\",\"@id\":\"https:\/\/brasilnoticias.org\/site\/#\/schema\/person\/03bbbfe6c7634ad18c26444ea39049fa\",\"name\":\"Reda\u00e7\u00e3o\",\"image\":{\"@type\":\"ImageObject\",\"inLanguage\":\"pt-PT\",\"@id\":\"https:\/\/brasilnoticias.org\/site\/#\/schema\/person\/image\/\",\"url\":\"https:\/\/secure.gravatar.com\/avatar\/9ecaf7327a696cb23ad926fedded5f1f04d7049de9e445375d55b48c001a6e42?s=96&d=mm&r=g\",\"contentUrl\":\"https:\/\/secure.gravatar.com\/avatar\/9ecaf7327a696cb23ad926fedded5f1f04d7049de9e445375d55b48c001a6e42?s=96&d=mm&r=g\",\"caption\":\"Reda\u00e7\u00e3o\"},\"url\":\"https:\/\/brasilnoticias.org\/site\/author\/henrique\/\"}]}<\/script>\n<!-- \/ Yoast SEO plugin. -->","yoast_head_json":{"title":"Estrat\u00e9gias de gest\u00e3o da sa\u00fade na Bahia s\u00e3o apresentadas para mais de 2 mil secret\u00e1rios de sa\u00fade - Brasil not\u00edcias","robots":{"index":"index","follow":"follow","max-snippet":"max-snippet:-1","max-image-preview":"max-image-preview:large","max-video-preview":"max-video-preview:-1"},"canonical":"https:\/\/brasilnoticias.org\/site\/estrategias-de-gestao-da-saude-na-bahia-sao-apresentadas-para-mais-de-2-mil-secretarios-de-saude\/","og_locale":"pt_PT","og_type":"article","og_title":"Estrat\u00e9gias de gest\u00e3o da sa\u00fade na Bahia s\u00e3o apresentadas para mais de 2 mil secret\u00e1rios de sa\u00fade - Brasil not\u00edcias","og_description":"Um dos principais desafios na sa\u00fade p\u00fablica brasileira \u00e9 conseguir, simultaneamente, ampliar, qualificar e regionalizar o acesso da popula\u00e7\u00e3o \u00e0","og_url":"https:\/\/brasilnoticias.org\/site\/estrategias-de-gestao-da-saude-na-bahia-sao-apresentadas-para-mais-de-2-mil-secretarios-de-saude\/","og_site_name":"Brasil not\u00edcias","article_published_time":"2023-09-03T12:24:06+00:00","og_image":[{"width":1068,"height":712,"url":"https:\/\/brasilnoticias.org\/site\/wp-content\/uploads\/2023\/09\/IMG_0396-1068x712-1.jpg","type":"image\/jpeg"}],"author":"Reda\u00e7\u00e3o","twitter_card":"summary_large_image","twitter_misc":{"Escrito por":"Reda\u00e7\u00e3o"},"schema":{"@context":"https:\/\/schema.org","@graph":[{"@type":"Article","@id":"https:\/\/brasilnoticias.org\/site\/estrategias-de-gestao-da-saude-na-bahia-sao-apresentadas-para-mais-de-2-mil-secretarios-de-saude\/#article","isPartOf":{"@id":"https:\/\/brasilnoticias.org\/site\/estrategias-de-gestao-da-saude-na-bahia-sao-apresentadas-para-mais-de-2-mil-secretarios-de-saude\/"},"author":{"name":"Reda\u00e7\u00e3o","@id":"https:\/\/brasilnoticias.org\/site\/#\/schema\/person\/03bbbfe6c7634ad18c26444ea39049fa"},"headline":"Estrat\u00e9gias de gest\u00e3o da sa\u00fade na Bahia s\u00e3o apresentadas para mais de 2 mil secret\u00e1rios de sa\u00fade","datePublished":"2023-09-03T12:24:06+00:00","mainEntityOfPage":{"@id":"https:\/\/brasilnoticias.org\/site\/estrategias-de-gestao-da-saude-na-bahia-sao-apresentadas-para-mais-de-2-mil-secretarios-de-saude\/"},"wordCount":725,"commentCount":0,"publisher":{"@id":"https:\/\/brasilnoticias.org\/site\/#organization"},"image":{"@id":"https:\/\/brasilnoticias.org\/site\/estrategias-de-gestao-da-saude-na-bahia-sao-apresentadas-para-mais-de-2-mil-secretarios-de-saude\/#primaryimage"},"thumbnailUrl":"https:\/\/brasilnoticias.org\/site\/wp-content\/uploads\/2023\/09\/IMG_0396-1068x712-1.jpg","articleSection":["Not\u00edcias","\u00daltimas"],"inLanguage":"pt-PT","potentialAction":[{"@type":"CommentAction","name":"Comment","target":["https:\/\/brasilnoticias.org\/site\/estrategias-de-gestao-da-saude-na-bahia-sao-apresentadas-para-mais-de-2-mil-secretarios-de-saude\/#respond"]}]},{"@type":"WebPage","@id":"https:\/\/brasilnoticias.org\/site\/estrategias-de-gestao-da-saude-na-bahia-sao-apresentadas-para-mais-de-2-mil-secretarios-de-saude\/","url":"https:\/\/brasilnoticias.org\/site\/estrategias-de-gestao-da-saude-na-bahia-sao-apresentadas-para-mais-de-2-mil-secretarios-de-saude\/","name":"Estrat\u00e9gias de gest\u00e3o da sa\u00fade na Bahia s\u00e3o apresentadas para mais de 2 mil secret\u00e1rios de sa\u00fade - Brasil not\u00edcias","isPartOf":{"@id":"https:\/\/brasilnoticias.org\/site\/#website"},"primaryImageOfPage":{"@id":"https:\/\/brasilnoticias.org\/site\/estrategias-de-gestao-da-saude-na-bahia-sao-apresentadas-para-mais-de-2-mil-secretarios-de-saude\/#primaryimage"},"image":{"@id":"https:\/\/brasilnoticias.org\/site\/estrategias-de-gestao-da-saude-na-bahia-sao-apresentadas-para-mais-de-2-mil-secretarios-de-saude\/#primaryimage"},"thumbnailUrl":"https:\/\/brasilnoticias.org\/site\/wp-content\/uploads\/2023\/09\/IMG_0396-1068x712-1.jpg","datePublished":"2023-09-03T12:24:06+00:00","breadcrumb":{"@id":"https:\/\/brasilnoticias.org\/site\/estrategias-de-gestao-da-saude-na-bahia-sao-apresentadas-para-mais-de-2-mil-secretarios-de-saude\/#breadcrumb"},"inLanguage":"pt-PT","potentialAction":[{"@type":"ReadAction","target":["https:\/\/brasilnoticias.org\/site\/estrategias-de-gestao-da-saude-na-bahia-sao-apresentadas-para-mais-de-2-mil-secretarios-de-saude\/"]}]},{"@type":"ImageObject","inLanguage":"pt-PT","@id":"https:\/\/brasilnoticias.org\/site\/estrategias-de-gestao-da-saude-na-bahia-sao-apresentadas-para-mais-de-2-mil-secretarios-de-saude\/#primaryimage","url":"https:\/\/brasilnoticias.org\/site\/wp-content\/uploads\/2023\/09\/IMG_0396-1068x712-1.jpg","contentUrl":"https:\/\/brasilnoticias.org\/site\/wp-content\/uploads\/2023\/09\/IMG_0396-1068x712-1.jpg","width":1068,"height":712},{"@type":"BreadcrumbList","@id":"https:\/\/brasilnoticias.org\/site\/estrategias-de-gestao-da-saude-na-bahia-sao-apresentadas-para-mais-de-2-mil-secretarios-de-saude\/#breadcrumb","itemListElement":[{"@type":"ListItem","position":1,"name":"In\u00edcio","item":"https:\/\/brasilnoticias.org\/site\/"},{"@type":"ListItem","position":2,"name":"Estrat\u00e9gias de gest\u00e3o da sa\u00fade na Bahia s\u00e3o apresentadas para mais de 2 mil secret\u00e1rios de sa\u00fade"}]},{"@type":"WebSite","@id":"https:\/\/brasilnoticias.org\/site\/#website","url":"https:\/\/brasilnoticias.org\/site\/","name":"Brasil not\u00edcias","description":"Brasil not\u00edcias","publisher":{"@id":"https:\/\/brasilnoticias.org\/site\/#organization"},"potentialAction":[{"@type":"SearchAction","target":{"@type":"EntryPoint","urlTemplate":"https:\/\/brasilnoticias.org\/site\/?s={search_term_string}"},"query-input":{"@type":"PropertyValueSpecification","valueRequired":true,"valueName":"search_term_string"}}],"inLanguage":"pt-PT"},{"@type":"Organization","@id":"https:\/\/brasilnoticias.org\/site\/#organization","name":"Brasil not\u00edcias","url":"https:\/\/brasilnoticias.org\/site\/","logo":{"@type":"ImageObject","inLanguage":"pt-PT","@id":"https:\/\/brasilnoticias.org\/site\/#\/schema\/logo\/image\/","url":"https:\/\/brasilnoticias.org\/site\/wp-content\/uploads\/2022\/05\/cropped-brasilnoticias-mini.jpg","contentUrl":"https:\/\/brasilnoticias.org\/site\/wp-content\/uploads\/2022\/05\/cropped-brasilnoticias-mini.jpg","width":314,"height":86,"caption":"Brasil not\u00edcias"},"image":{"@id":"https:\/\/brasilnoticias.org\/site\/#\/schema\/logo\/image\/"}},{"@type":"Person","@id":"https:\/\/brasilnoticias.org\/site\/#\/schema\/person\/03bbbfe6c7634ad18c26444ea39049fa","name":"Reda\u00e7\u00e3o","image":{"@type":"ImageObject","inLanguage":"pt-PT","@id":"https:\/\/brasilnoticias.org\/site\/#\/schema\/person\/image\/","url":"https:\/\/secure.gravatar.com\/avatar\/9ecaf7327a696cb23ad926fedded5f1f04d7049de9e445375d55b48c001a6e42?s=96&d=mm&r=g","contentUrl":"https:\/\/secure.gravatar.com\/avatar\/9ecaf7327a696cb23ad926fedded5f1f04d7049de9e445375d55b48c001a6e42?s=96&d=mm&r=g","caption":"Reda\u00e7\u00e3o"},"url":"https:\/\/brasilnoticias.org\/site\/author\/henrique\/"}]}},"_links":{"self":[{"href":"https:\/\/brasilnoticias.org\/site\/wp-json\/wp\/v2\/posts\/8870","targetHints":{"allow":["GET"]}}],"collection":[{"href":"https:\/\/brasilnoticias.org\/site\/wp-json\/wp\/v2\/posts"}],"about":[{"href":"https:\/\/brasilnoticias.org\/site\/wp-json\/wp\/v2\/types\/post"}],"author":[{"embeddable":true,"href":"https:\/\/brasilnoticias.org\/site\/wp-json\/wp\/v2\/users\/4"}],"replies":[{"embeddable":true,"href":"https:\/\/brasilnoticias.org\/site\/wp-json\/wp\/v2\/comments?post=8870"}],"version-history":[{"count":1,"href":"https:\/\/brasilnoticias.org\/site\/wp-json\/wp\/v2\/posts\/8870\/revisions"}],"predecessor-version":[{"id":8872,"href":"https:\/\/brasilnoticias.org\/site\/wp-json\/wp\/v2\/posts\/8870\/revisions\/8872"}],"wp:featuredmedia":[{"embeddable":true,"href":"https:\/\/brasilnoticias.org\/site\/wp-json\/wp\/v2\/media\/8871"}],"wp:attachment":[{"href":"https:\/\/brasilnoticias.org\/site\/wp-json\/wp\/v2\/media?parent=8870"}],"wp:term":[{"taxonomy":"category","embeddable":true,"href":"https:\/\/brasilnoticias.org\/site\/wp-json\/wp\/v2\/categories?post=8870"},{"taxonomy":"post_tag","embeddable":true,"href":"https:\/\/brasilnoticias.org\/site\/wp-json\/wp\/v2\/tags?post=8870"}],"curies":[{"name":"wp","href":"https:\/\/api.w.org\/{rel}","templated":true}]}}