{"id":8877,"date":"2023-09-03T11:00:42","date_gmt":"2023-09-03T14:00:42","guid":{"rendered":"https:\/\/brasilnoticias.org\/site\/?p=8877"},"modified":"2023-09-02T18:31:36","modified_gmt":"2023-09-02T21:31:36","slug":"viih-tube-e-eliezer-sao-criticados-por-modo-de-criacao-e-protegem-a-filha-com-unhas-e-dentes","status":"publish","type":"post","link":"https:\/\/brasilnoticias.org\/site\/viih-tube-e-eliezer-sao-criticados-por-modo-de-criacao-e-protegem-a-filha-com-unhas-e-dentes\/","title":{"rendered":"Viih Tube e Eliezer s\u00e3o criticados por modo de cria\u00e7\u00e3o e protegem a filha com &#8216;unhas e dentes&#8217;"},"content":{"rendered":"<p>Alguns internautas dizem que os influenciadores s\u00e3o &#8216;superprotetores&#8217; e falam at\u00e9 sobre o peso da pequena Lua<\/p>\n<p>Desde que anunciaram que seriam papais, Viih Tube e Eliezer receberam diversas cr\u00edticas dos internautas. Antes mesmo de Lua nascer, os dois j\u00e1 recebiam coment\u00e1rios maldosos sobre o relacionamento deles. Apesar de Viih ser bastante elogiada por mostrar a maternidade real, ela e Eli ainda sofrem ofensas pelo modo como criam a filha. Algumas pessoas dizem que eles s\u00e3o &#8220;superprotetores&#8221; e falam at\u00e9 sobre o peso de Lua. Confira, a seguir, algumas das vezes em que o casal teve de defender a filha e as decis\u00f5es deles com &#8220;unhas e dentes&#8221;<\/p>\n<p>Em fevereiro, Eliezer contou aos seguidores que Lua n\u00e3o teria o sobrenome dele, por uma quest\u00e3o est\u00e9tica. O influenciador, ent\u00e3o, teve de se explicar nas redes sociais.<\/p>\n<p>&#8220;Isso \u00e9 muito cansativo. S\u00e9rio, cada vez mais eu estou mais desgostoso de aparecer aqui. Vamos l\u00e1: responsabilidade legal est\u00e1 atrelada a certificado de paternidade e maternidade, na certid\u00e3o de nascimento. N\u00e3o tem nada a ver com sobrenome. Milh\u00f5es e milh\u00f5es de pessoas n\u00e3o t\u00eam o sobrenome da m\u00e3e ou do pai. Isso n\u00e3o faz com que ningu\u00e9m seja menos pai ou menos m\u00e3e&#8221;, disse ele<\/p>\n<p>Lua nasceu em abril. Por\u00e9m, Viih decidiu n\u00e3o mostrar o rosto da pequena por quase um m\u00eas, por receio do julgamento dos internautas. Em uma conversa com os seguidores, a youtuber explicou que queria evitar a situa\u00e7\u00e3o vivida por Virginia Fonseca, quando os internautas criticaram a apar\u00eancia de Maria Flor, filha ca\u00e7ula da influenciadora e fruto do relacionamento com Z\u00e9 Felipe<\/p>\n<p>Em junho, Viih teve de se pronunciar ap\u00f3s receber cr\u00edticas pela festa luxuosa de mesvers\u00e1rio que fez para Lua, com o tema Show da Xuxa. Ela reconheceu que a produ\u00e7\u00e3o foi mesmo excessiva, de certa forma. Por\u00e9m, ressaltou: &#8220;Duvido que se voc\u00eas n\u00e3o tivessem tamb\u00e9m tantas parcerias incr\u00edveis n\u00e3o fariam todo m\u00eas pelos filhos de voc\u00eas. S\u00f3 consigo imaginar ela quando crescer e assistir a todo esse amor. Sem contar que dar ideias para voc\u00eas faz parte do meu trabalho e conte\u00fado. Eu amo&#8221;<\/p>\n<p>Em julho, Viih e Eli publicaram um v\u00eddeo em que apareceram cuidando de Lua, e brincaram ao dizer que n\u00e3o respondem aos amigos porque est\u00e3o ocupados com a filha. Depois disso, o casal recebeu coment\u00e1rios de que mimam demais a beb\u00ea e que muito colo pode fazer mal \u00e0 pequena.<\/p>\n<p>A influenciadora, ent\u00e3o, rebateu os internautas: &#8220;Muito colo n\u00e3o faz mal, n\u00e3o! N\u00e3o existe isso de deixar mimado. \u00c9 um beb\u00ea que n\u00e3o tem nem 3 meses que saiu do \u00fatero. Eu tava olhando os coment\u00e1rios agora, e muita gente comentando: &#8216;Nossa, muito colo&#8217;. O seu filho gosta do seu colo&#8221;<\/p>\n<p>No mesmo m\u00eas, Viih contou aos seguidores que mudou a rotina para dar mais aten\u00e7\u00e3o \u00e0 filha. Ela tomou a decis\u00e3o de parar de trabalhar a partir das 7 da noite. &#8220;Sem d\u00favida foi uma das melhores decis\u00f5es para valorizar meu tempo com ela. Dinheiro n\u00e3o \u00e9 tudo&#8221;, declarou.<\/p>\n<p>A influenciadora tamb\u00e9m j\u00e1 disse que seu n\u00edvel de preocupa\u00e7\u00e3o \u00e9 t\u00e3o grande que chegou a ficar alguns dias sem lavar o cabelo porque o tempo no banho a fazia ter alucina\u00e7\u00f5es com a beb\u00ea: &#8220;Vou tomar banho e fico ouvindo a filha chorar no banho. A filha n\u00e3o est\u00e1 chorando, mas fico ouvindo alucina\u00e7\u00f5es. N\u00e3o consigo tomar banho com calma&#8221;<\/p>\n<p>Eliezer revelou aos seguidores que ele e Viih Tube passeiam com a filha, Lua, dentro de casa, j\u00e1 que sair no lugar onde eles moram \u00e9 perigoso. O influenciador disse que o desejo dos dois \u00e9 morar em um local com \u00e1rea verde, porque eles s\u00f3 ficam dando voltas pela cozinha. &#8220;Onde a gente mora n\u00e3o d\u00e1 para sair de casa porque \u00e9 perigoso. N\u00e3o \u00e9 condom\u00ednio, \u00e9 rua&#8221;, explicou a influenciadora.<\/p>\n<p>Os internautas, ent\u00e3o, n\u00e3o deixaram de se pronunciar sobre o caso. &#8220;Minha filha? Tem que ir para a terra para criar anticorpos. Que frescura&#8221;, disse uma pessoa. &#8220;Gente, os filhos dos pobres rindo disso (risos)&#8221;, comentou outra<\/p>\n<p>No \u00faltimo dia 21, Eliezer rebateu os coment\u00e1rios sobre o peso de Lua. Ele afirmou que entende a preocupa\u00e7\u00e3o dos internautas, mas que \u00e9 muito chato para ele e Viih lerem coment\u00e1rios com a insinua\u00e7\u00e3o de que a pequena est\u00e1 doente. &#8220;Se coloquem no nosso lugar, com algu\u00e9m falando que &#8216;sua filha est\u00e1 obesa, com problemas de tireoide, que ela vai ser obesa&#8217;. Que \u00e9 isso, gente? Ela \u00e9 um beb\u00ea de 4 meses e saud\u00e1vel&#8221; <\/p>\n<p>Na \u00faltima quarta-feira (30), Viih resolveu tamb\u00e9m rebater os coment\u00e1rios sobre o peso da filha. &#8220;\u00c9 normal a Lua estar t\u00e3o cheinha?&#8221;, perguntou uma pessoa. A influenciadora, ent\u00e3o, respondeu. Ela disse que a pequena \u00e9 completamente saud\u00e1vel e que ela ainda n\u00e3o come, apenas mama na propor\u00e7\u00e3o correta e frequ\u00eancia normal. &#8220;Est\u00e1 tudo bem. Ela tem um \u00f3timo acompanhamento. Obrigada pelas preocupa\u00e7\u00f5es, mas est\u00e1 tudo ok e eu sempre quis ter uma beb\u00ea muito saud\u00e1vel e cheia de dobrinhas gostosas para apertar. E est\u00e1 a\u00ed a minha princesa&#8221;, explicou<\/p>\n<p>Apesar das preocupa\u00e7\u00f5es e cr\u00edticas, Viih e Eliezer permanecem &#8220;sincer\u00f5es&#8221;. Os dois n\u00e3o t\u00eam medo de responder aos haters e continuam mostrando a rotina real de papais<\/p>\n<p>Foto: Reprodu\u00e7\u00e3o\/Instagram<br \/>\nR7<\/p>\n","protected":false},"excerpt":{"rendered":"<p>Alguns internautas dizem que os influenciadores s\u00e3o &#8216;superprotetores&#8217; e falam at\u00e9 sobre o peso da pequena Lua Desde que anunciaram<\/p>\n","protected":false},"author":4,"featured_media":8878,"comment_status":"open","ping_status":"open","sticky":false,"template":"","format":"standard","meta":{"colormag_page_container_layout":"default_layout","colormag_page_sidebar_layout":"default_layout","_FSMCFIC_featured_image_caption":"","_FSMCFIC_featured_image_nocaption":"","_FSMCFIC_featured_image_hide":"","footnotes":""},"categories":[8,1],"tags":[],"class_list":["post-8877","post","type-post","status-publish","format-standard","has-post-thumbnail","hentry","category-entretenimento","category-ultimas"],"yoast_head":"<!-- This site is optimized with the Yoast SEO plugin v27.1.1 - https:\/\/yoast.com\/product\/yoast-seo-wordpress\/ -->\n<title>Viih Tube e Eliezer s\u00e3o criticados por modo de cria\u00e7\u00e3o e protegem a filha com &#039;unhas e dentes&#039; - Brasil not\u00edcias<\/title>\n<meta name=\"robots\" content=\"index, follow, max-snippet:-1, max-image-preview:large, max-video-preview:-1\" \/>\n<link rel=\"canonical\" href=\"https:\/\/brasilnoticias.org\/site\/viih-tube-e-eliezer-sao-criticados-por-modo-de-criacao-e-protegem-a-filha-com-unhas-e-dentes\/\" \/>\n<meta property=\"og:locale\" content=\"pt_PT\" \/>\n<meta property=\"og:type\" content=\"article\" \/>\n<meta property=\"og:title\" content=\"Viih Tube e Eliezer s\u00e3o criticados por modo de cria\u00e7\u00e3o e protegem a filha com &#039;unhas e dentes&#039; - Brasil not\u00edcias\" \/>\n<meta property=\"og:description\" content=\"Alguns internautas dizem que os influenciadores s\u00e3o &#8216;superprotetores&#8217; e falam at\u00e9 sobre o peso da pequena Lua Desde que anunciaram\" \/>\n<meta property=\"og:url\" content=\"https:\/\/brasilnoticias.org\/site\/viih-tube-e-eliezer-sao-criticados-por-modo-de-criacao-e-protegem-a-filha-com-unhas-e-dentes\/\" \/>\n<meta property=\"og:site_name\" content=\"Brasil not\u00edcias\" \/>\n<meta property=\"article:published_time\" content=\"2023-09-03T14:00:42+00:00\" \/>\n<meta property=\"og:image\" content=\"https:\/\/brasilnoticias.org\/site\/wp-content\/uploads\/2023\/09\/viih-tube-e-eliezer-30082023154009046.jpeg\" \/>\n\t<meta property=\"og:image:width\" content=\"771\" \/>\n\t<meta property=\"og:image:height\" content=\"420\" \/>\n\t<meta property=\"og:image:type\" content=\"image\/jpeg\" \/>\n<meta name=\"author\" content=\"Reda\u00e7\u00e3o\" \/>\n<meta name=\"twitter:card\" content=\"summary_large_image\" \/>\n<meta name=\"twitter:label1\" content=\"Escrito por\" \/>\n\t<meta name=\"twitter:data1\" content=\"Reda\u00e7\u00e3o\" \/>\n<script type=\"application\/ld+json\" class=\"yoast-schema-graph\">{\"@context\":\"https:\/\/schema.org\",\"@graph\":[{\"@type\":\"Article\",\"@id\":\"https:\/\/brasilnoticias.org\/site\/viih-tube-e-eliezer-sao-criticados-por-modo-de-criacao-e-protegem-a-filha-com-unhas-e-dentes\/#article\",\"isPartOf\":{\"@id\":\"https:\/\/brasilnoticias.org\/site\/viih-tube-e-eliezer-sao-criticados-por-modo-de-criacao-e-protegem-a-filha-com-unhas-e-dentes\/\"},\"author\":{\"name\":\"Reda\u00e7\u00e3o\",\"@id\":\"https:\/\/brasilnoticias.org\/site\/#\/schema\/person\/03bbbfe6c7634ad18c26444ea39049fa\"},\"headline\":\"Viih Tube e Eliezer s\u00e3o criticados por modo de cria\u00e7\u00e3o e protegem a filha com &#8216;unhas e dentes&#8217;\",\"datePublished\":\"2023-09-03T14:00:42+00:00\",\"mainEntityOfPage\":{\"@id\":\"https:\/\/brasilnoticias.org\/site\/viih-tube-e-eliezer-sao-criticados-por-modo-de-criacao-e-protegem-a-filha-com-unhas-e-dentes\/\"},\"wordCount\":952,\"commentCount\":0,\"publisher\":{\"@id\":\"https:\/\/brasilnoticias.org\/site\/#organization\"},\"image\":{\"@id\":\"https:\/\/brasilnoticias.org\/site\/viih-tube-e-eliezer-sao-criticados-por-modo-de-criacao-e-protegem-a-filha-com-unhas-e-dentes\/#primaryimage\"},\"thumbnailUrl\":\"https:\/\/brasilnoticias.org\/site\/wp-content\/uploads\/2023\/09\/viih-tube-e-eliezer-30082023154009046.jpeg\",\"articleSection\":[\"Entretenimento\",\"\u00daltimas\"],\"inLanguage\":\"pt-PT\",\"potentialAction\":[{\"@type\":\"CommentAction\",\"name\":\"Comment\",\"target\":[\"https:\/\/brasilnoticias.org\/site\/viih-tube-e-eliezer-sao-criticados-por-modo-de-criacao-e-protegem-a-filha-com-unhas-e-dentes\/#respond\"]}]},{\"@type\":\"WebPage\",\"@id\":\"https:\/\/brasilnoticias.org\/site\/viih-tube-e-eliezer-sao-criticados-por-modo-de-criacao-e-protegem-a-filha-com-unhas-e-dentes\/\",\"url\":\"https:\/\/brasilnoticias.org\/site\/viih-tube-e-eliezer-sao-criticados-por-modo-de-criacao-e-protegem-a-filha-com-unhas-e-dentes\/\",\"name\":\"Viih Tube e Eliezer s\u00e3o criticados por modo de cria\u00e7\u00e3o e protegem a filha com 'unhas e dentes' - Brasil not\u00edcias\",\"isPartOf\":{\"@id\":\"https:\/\/brasilnoticias.org\/site\/#website\"},\"primaryImageOfPage\":{\"@id\":\"https:\/\/brasilnoticias.org\/site\/viih-tube-e-eliezer-sao-criticados-por-modo-de-criacao-e-protegem-a-filha-com-unhas-e-dentes\/#primaryimage\"},\"image\":{\"@id\":\"https:\/\/brasilnoticias.org\/site\/viih-tube-e-eliezer-sao-criticados-por-modo-de-criacao-e-protegem-a-filha-com-unhas-e-dentes\/#primaryimage\"},\"thumbnailUrl\":\"https:\/\/brasilnoticias.org\/site\/wp-content\/uploads\/2023\/09\/viih-tube-e-eliezer-30082023154009046.jpeg\",\"datePublished\":\"2023-09-03T14:00:42+00:00\",\"breadcrumb\":{\"@id\":\"https:\/\/brasilnoticias.org\/site\/viih-tube-e-eliezer-sao-criticados-por-modo-de-criacao-e-protegem-a-filha-com-unhas-e-dentes\/#breadcrumb\"},\"inLanguage\":\"pt-PT\",\"potentialAction\":[{\"@type\":\"ReadAction\",\"target\":[\"https:\/\/brasilnoticias.org\/site\/viih-tube-e-eliezer-sao-criticados-por-modo-de-criacao-e-protegem-a-filha-com-unhas-e-dentes\/\"]}]},{\"@type\":\"ImageObject\",\"inLanguage\":\"pt-PT\",\"@id\":\"https:\/\/brasilnoticias.org\/site\/viih-tube-e-eliezer-sao-criticados-por-modo-de-criacao-e-protegem-a-filha-com-unhas-e-dentes\/#primaryimage\",\"url\":\"https:\/\/brasilnoticias.org\/site\/wp-content\/uploads\/2023\/09\/viih-tube-e-eliezer-30082023154009046.jpeg\",\"contentUrl\":\"https:\/\/brasilnoticias.org\/site\/wp-content\/uploads\/2023\/09\/viih-tube-e-eliezer-30082023154009046.jpeg\",\"width\":771,\"height\":420},{\"@type\":\"BreadcrumbList\",\"@id\":\"https:\/\/brasilnoticias.org\/site\/viih-tube-e-eliezer-sao-criticados-por-modo-de-criacao-e-protegem-a-filha-com-unhas-e-dentes\/#breadcrumb\",\"itemListElement\":[{\"@type\":\"ListItem\",\"position\":1,\"name\":\"In\u00edcio\",\"item\":\"https:\/\/brasilnoticias.org\/site\/\"},{\"@type\":\"ListItem\",\"position\":2,\"name\":\"Viih Tube e Eliezer s\u00e3o criticados por modo de cria\u00e7\u00e3o e protegem a filha com &#8216;unhas e dentes&#8217;\"}]},{\"@type\":\"WebSite\",\"@id\":\"https:\/\/brasilnoticias.org\/site\/#website\",\"url\":\"https:\/\/brasilnoticias.org\/site\/\",\"name\":\"Brasil not\u00edcias\",\"description\":\"Brasil not\u00edcias\",\"publisher\":{\"@id\":\"https:\/\/brasilnoticias.org\/site\/#organization\"},\"potentialAction\":[{\"@type\":\"SearchAction\",\"target\":{\"@type\":\"EntryPoint\",\"urlTemplate\":\"https:\/\/brasilnoticias.org\/site\/?s={search_term_string}\"},\"query-input\":{\"@type\":\"PropertyValueSpecification\",\"valueRequired\":true,\"valueName\":\"search_term_string\"}}],\"inLanguage\":\"pt-PT\"},{\"@type\":\"Organization\",\"@id\":\"https:\/\/brasilnoticias.org\/site\/#organization\",\"name\":\"Brasil not\u00edcias\",\"url\":\"https:\/\/brasilnoticias.org\/site\/\",\"logo\":{\"@type\":\"ImageObject\",\"inLanguage\":\"pt-PT\",\"@id\":\"https:\/\/brasilnoticias.org\/site\/#\/schema\/logo\/image\/\",\"url\":\"https:\/\/brasilnoticias.org\/site\/wp-content\/uploads\/2022\/05\/cropped-brasilnoticias-mini.jpg\",\"contentUrl\":\"https:\/\/brasilnoticias.org\/site\/wp-content\/uploads\/2022\/05\/cropped-brasilnoticias-mini.jpg\",\"width\":314,\"height\":86,\"caption\":\"Brasil not\u00edcias\"},\"image\":{\"@id\":\"https:\/\/brasilnoticias.org\/site\/#\/schema\/logo\/image\/\"}},{\"@type\":\"Person\",\"@id\":\"https:\/\/brasilnoticias.org\/site\/#\/schema\/person\/03bbbfe6c7634ad18c26444ea39049fa\",\"name\":\"Reda\u00e7\u00e3o\",\"image\":{\"@type\":\"ImageObject\",\"inLanguage\":\"pt-PT\",\"@id\":\"https:\/\/brasilnoticias.org\/site\/#\/schema\/person\/image\/\",\"url\":\"https:\/\/secure.gravatar.com\/avatar\/9ecaf7327a696cb23ad926fedded5f1f04d7049de9e445375d55b48c001a6e42?s=96&d=mm&r=g\",\"contentUrl\":\"https:\/\/secure.gravatar.com\/avatar\/9ecaf7327a696cb23ad926fedded5f1f04d7049de9e445375d55b48c001a6e42?s=96&d=mm&r=g\",\"caption\":\"Reda\u00e7\u00e3o\"},\"url\":\"https:\/\/brasilnoticias.org\/site\/author\/henrique\/\"}]}<\/script>\n<!-- \/ Yoast SEO plugin. -->","yoast_head_json":{"title":"Viih Tube e Eliezer s\u00e3o criticados por modo de cria\u00e7\u00e3o e protegem a filha com 'unhas e dentes' - Brasil not\u00edcias","robots":{"index":"index","follow":"follow","max-snippet":"max-snippet:-1","max-image-preview":"max-image-preview:large","max-video-preview":"max-video-preview:-1"},"canonical":"https:\/\/brasilnoticias.org\/site\/viih-tube-e-eliezer-sao-criticados-por-modo-de-criacao-e-protegem-a-filha-com-unhas-e-dentes\/","og_locale":"pt_PT","og_type":"article","og_title":"Viih Tube e Eliezer s\u00e3o criticados por modo de cria\u00e7\u00e3o e protegem a filha com 'unhas e dentes' - Brasil not\u00edcias","og_description":"Alguns internautas dizem que os influenciadores s\u00e3o &#8216;superprotetores&#8217; e falam at\u00e9 sobre o peso da pequena Lua Desde que anunciaram","og_url":"https:\/\/brasilnoticias.org\/site\/viih-tube-e-eliezer-sao-criticados-por-modo-de-criacao-e-protegem-a-filha-com-unhas-e-dentes\/","og_site_name":"Brasil not\u00edcias","article_published_time":"2023-09-03T14:00:42+00:00","og_image":[{"width":771,"height":420,"url":"https:\/\/brasilnoticias.org\/site\/wp-content\/uploads\/2023\/09\/viih-tube-e-eliezer-30082023154009046.jpeg","type":"image\/jpeg"}],"author":"Reda\u00e7\u00e3o","twitter_card":"summary_large_image","twitter_misc":{"Escrito por":"Reda\u00e7\u00e3o"},"schema":{"@context":"https:\/\/schema.org","@graph":[{"@type":"Article","@id":"https:\/\/brasilnoticias.org\/site\/viih-tube-e-eliezer-sao-criticados-por-modo-de-criacao-e-protegem-a-filha-com-unhas-e-dentes\/#article","isPartOf":{"@id":"https:\/\/brasilnoticias.org\/site\/viih-tube-e-eliezer-sao-criticados-por-modo-de-criacao-e-protegem-a-filha-com-unhas-e-dentes\/"},"author":{"name":"Reda\u00e7\u00e3o","@id":"https:\/\/brasilnoticias.org\/site\/#\/schema\/person\/03bbbfe6c7634ad18c26444ea39049fa"},"headline":"Viih Tube e Eliezer s\u00e3o criticados por modo de cria\u00e7\u00e3o e protegem a filha com &#8216;unhas e dentes&#8217;","datePublished":"2023-09-03T14:00:42+00:00","mainEntityOfPage":{"@id":"https:\/\/brasilnoticias.org\/site\/viih-tube-e-eliezer-sao-criticados-por-modo-de-criacao-e-protegem-a-filha-com-unhas-e-dentes\/"},"wordCount":952,"commentCount":0,"publisher":{"@id":"https:\/\/brasilnoticias.org\/site\/#organization"},"image":{"@id":"https:\/\/brasilnoticias.org\/site\/viih-tube-e-eliezer-sao-criticados-por-modo-de-criacao-e-protegem-a-filha-com-unhas-e-dentes\/#primaryimage"},"thumbnailUrl":"https:\/\/brasilnoticias.org\/site\/wp-content\/uploads\/2023\/09\/viih-tube-e-eliezer-30082023154009046.jpeg","articleSection":["Entretenimento","\u00daltimas"],"inLanguage":"pt-PT","potentialAction":[{"@type":"CommentAction","name":"Comment","target":["https:\/\/brasilnoticias.org\/site\/viih-tube-e-eliezer-sao-criticados-por-modo-de-criacao-e-protegem-a-filha-com-unhas-e-dentes\/#respond"]}]},{"@type":"WebPage","@id":"https:\/\/brasilnoticias.org\/site\/viih-tube-e-eliezer-sao-criticados-por-modo-de-criacao-e-protegem-a-filha-com-unhas-e-dentes\/","url":"https:\/\/brasilnoticias.org\/site\/viih-tube-e-eliezer-sao-criticados-por-modo-de-criacao-e-protegem-a-filha-com-unhas-e-dentes\/","name":"Viih Tube e Eliezer s\u00e3o criticados por modo de cria\u00e7\u00e3o e protegem a filha com 'unhas e dentes' - Brasil not\u00edcias","isPartOf":{"@id":"https:\/\/brasilnoticias.org\/site\/#website"},"primaryImageOfPage":{"@id":"https:\/\/brasilnoticias.org\/site\/viih-tube-e-eliezer-sao-criticados-por-modo-de-criacao-e-protegem-a-filha-com-unhas-e-dentes\/#primaryimage"},"image":{"@id":"https:\/\/brasilnoticias.org\/site\/viih-tube-e-eliezer-sao-criticados-por-modo-de-criacao-e-protegem-a-filha-com-unhas-e-dentes\/#primaryimage"},"thumbnailUrl":"https:\/\/brasilnoticias.org\/site\/wp-content\/uploads\/2023\/09\/viih-tube-e-eliezer-30082023154009046.jpeg","datePublished":"2023-09-03T14:00:42+00:00","breadcrumb":{"@id":"https:\/\/brasilnoticias.org\/site\/viih-tube-e-eliezer-sao-criticados-por-modo-de-criacao-e-protegem-a-filha-com-unhas-e-dentes\/#breadcrumb"},"inLanguage":"pt-PT","potentialAction":[{"@type":"ReadAction","target":["https:\/\/brasilnoticias.org\/site\/viih-tube-e-eliezer-sao-criticados-por-modo-de-criacao-e-protegem-a-filha-com-unhas-e-dentes\/"]}]},{"@type":"ImageObject","inLanguage":"pt-PT","@id":"https:\/\/brasilnoticias.org\/site\/viih-tube-e-eliezer-sao-criticados-por-modo-de-criacao-e-protegem-a-filha-com-unhas-e-dentes\/#primaryimage","url":"https:\/\/brasilnoticias.org\/site\/wp-content\/uploads\/2023\/09\/viih-tube-e-eliezer-30082023154009046.jpeg","contentUrl":"https:\/\/brasilnoticias.org\/site\/wp-content\/uploads\/2023\/09\/viih-tube-e-eliezer-30082023154009046.jpeg","width":771,"height":420},{"@type":"BreadcrumbList","@id":"https:\/\/brasilnoticias.org\/site\/viih-tube-e-eliezer-sao-criticados-por-modo-de-criacao-e-protegem-a-filha-com-unhas-e-dentes\/#breadcrumb","itemListElement":[{"@type":"ListItem","position":1,"name":"In\u00edcio","item":"https:\/\/brasilnoticias.org\/site\/"},{"@type":"ListItem","position":2,"name":"Viih Tube e Eliezer s\u00e3o criticados por modo de cria\u00e7\u00e3o e protegem a filha com &#8216;unhas e dentes&#8217;"}]},{"@type":"WebSite","@id":"https:\/\/brasilnoticias.org\/site\/#website","url":"https:\/\/brasilnoticias.org\/site\/","name":"Brasil not\u00edcias","description":"Brasil not\u00edcias","publisher":{"@id":"https:\/\/brasilnoticias.org\/site\/#organization"},"potentialAction":[{"@type":"SearchAction","target":{"@type":"EntryPoint","urlTemplate":"https:\/\/brasilnoticias.org\/site\/?s={search_term_string}"},"query-input":{"@type":"PropertyValueSpecification","valueRequired":true,"valueName":"search_term_string"}}],"inLanguage":"pt-PT"},{"@type":"Organization","@id":"https:\/\/brasilnoticias.org\/site\/#organization","name":"Brasil not\u00edcias","url":"https:\/\/brasilnoticias.org\/site\/","logo":{"@type":"ImageObject","inLanguage":"pt-PT","@id":"https:\/\/brasilnoticias.org\/site\/#\/schema\/logo\/image\/","url":"https:\/\/brasilnoticias.org\/site\/wp-content\/uploads\/2022\/05\/cropped-brasilnoticias-mini.jpg","contentUrl":"https:\/\/brasilnoticias.org\/site\/wp-content\/uploads\/2022\/05\/cropped-brasilnoticias-mini.jpg","width":314,"height":86,"caption":"Brasil not\u00edcias"},"image":{"@id":"https:\/\/brasilnoticias.org\/site\/#\/schema\/logo\/image\/"}},{"@type":"Person","@id":"https:\/\/brasilnoticias.org\/site\/#\/schema\/person\/03bbbfe6c7634ad18c26444ea39049fa","name":"Reda\u00e7\u00e3o","image":{"@type":"ImageObject","inLanguage":"pt-PT","@id":"https:\/\/brasilnoticias.org\/site\/#\/schema\/person\/image\/","url":"https:\/\/secure.gravatar.com\/avatar\/9ecaf7327a696cb23ad926fedded5f1f04d7049de9e445375d55b48c001a6e42?s=96&d=mm&r=g","contentUrl":"https:\/\/secure.gravatar.com\/avatar\/9ecaf7327a696cb23ad926fedded5f1f04d7049de9e445375d55b48c001a6e42?s=96&d=mm&r=g","caption":"Reda\u00e7\u00e3o"},"url":"https:\/\/brasilnoticias.org\/site\/author\/henrique\/"}]}},"_links":{"self":[{"href":"https:\/\/brasilnoticias.org\/site\/wp-json\/wp\/v2\/posts\/8877","targetHints":{"allow":["GET"]}}],"collection":[{"href":"https:\/\/brasilnoticias.org\/site\/wp-json\/wp\/v2\/posts"}],"about":[{"href":"https:\/\/brasilnoticias.org\/site\/wp-json\/wp\/v2\/types\/post"}],"author":[{"embeddable":true,"href":"https:\/\/brasilnoticias.org\/site\/wp-json\/wp\/v2\/users\/4"}],"replies":[{"embeddable":true,"href":"https:\/\/brasilnoticias.org\/site\/wp-json\/wp\/v2\/comments?post=8877"}],"version-history":[{"count":1,"href":"https:\/\/brasilnoticias.org\/site\/wp-json\/wp\/v2\/posts\/8877\/revisions"}],"predecessor-version":[{"id":8879,"href":"https:\/\/brasilnoticias.org\/site\/wp-json\/wp\/v2\/posts\/8877\/revisions\/8879"}],"wp:featuredmedia":[{"embeddable":true,"href":"https:\/\/brasilnoticias.org\/site\/wp-json\/wp\/v2\/media\/8878"}],"wp:attachment":[{"href":"https:\/\/brasilnoticias.org\/site\/wp-json\/wp\/v2\/media?parent=8877"}],"wp:term":[{"taxonomy":"category","embeddable":true,"href":"https:\/\/brasilnoticias.org\/site\/wp-json\/wp\/v2\/categories?post=8877"},{"taxonomy":"post_tag","embeddable":true,"href":"https:\/\/brasilnoticias.org\/site\/wp-json\/wp\/v2\/tags?post=8877"}],"curies":[{"name":"wp","href":"https:\/\/api.w.org\/{rel}","templated":true}]}}