{"id":8886,"date":"2023-09-03T20:34:49","date_gmt":"2023-09-03T23:34:49","guid":{"rendered":"https:\/\/brasilnoticias.org\/site\/?p=8886"},"modified":"2023-09-02T18:35:45","modified_gmt":"2023-09-02T21:35:45","slug":"ministerio-de-direitos-humanos-e-da-cidadania-anuncia-criacao-de-programa-voltado-para-direitos-dos-idosos","status":"publish","type":"post","link":"https:\/\/brasilnoticias.org\/site\/ministerio-de-direitos-humanos-e-da-cidadania-anuncia-criacao-de-programa-voltado-para-direitos-dos-idosos\/","title":{"rendered":"Minist\u00e9rio de Direitos Humanos e da Cidadania anuncia cria\u00e7\u00e3o de programa voltado para direitos dos idosos"},"content":{"rendered":"<p>projeto tem como objetivo o fortalecer os direitos das pessoas idosas e acompanhamento da aplica\u00e7\u00e3o de pol\u00edticas p\u00fablicas<\/p>\n<p>O Minist\u00e9rio de Direitos Humanos e da Cidadania deve anunciar na pr\u00f3xima segunda (4) um repasse de R$5,5 milh\u00f5es para o novo programa \u201cEnvelhecer nos Territ\u00f3rios\u201d. O projeto tem como objetivo o fortalecimento dos direitos das pessoas idosas, juntamente com o acompanhamento da aplica\u00e7\u00e3o das pol\u00edticas p\u00fablicas direcionadas a essa faixa et\u00e1ria. As informa\u00e7\u00f5es s\u00e3o do blog de Ancelmo Gois do jornal O Globo.<\/p>\n<p>De acordo com o jornalista, o programa tamb\u00e9m quer avaliar o n\u00edvel de garantia desses direitos ao redor do pa\u00eds. Al\u00e9m disso, tamb\u00e9m haver\u00e1 foco em formar agentes capacitados para identificar viola\u00e7\u00e3o de direitos humanos contra idosos que dever\u00e3o atuar nas regi\u00f5es do pa\u00eds durante um ano.<\/p>\n<p>\u201cA garantia dos Direitos Humanos para a pessoa idosa \u00e9 crucial para promover sua dignidade, proteg\u00ea-las contra abusos, garantir sua sa\u00fade, bem-estar e inclus\u00e3o social, proteger seus direitos econ\u00f4micos e sociais, e assegurar acesso \u00e0 justi\u00e7a\u201d, afirmou o secret\u00e1rio nacional dos Direitos da Pessoa Idosa, Alexandre da Silva.<\/p>\n<p>Foto: Freepik<br \/>\nPor: Metro1<\/p>\n","protected":false},"excerpt":{"rendered":"<p>projeto tem como objetivo o fortalecer os direitos das pessoas idosas e acompanhamento da aplica\u00e7\u00e3o de pol\u00edticas p\u00fablicas O Minist\u00e9rio<\/p>\n","protected":false},"author":4,"featured_media":8887,"comment_status":"open","ping_status":"open","sticky":false,"template":"","format":"standard","meta":{"colormag_page_container_layout":"default_layout","colormag_page_sidebar_layout":"default_layout","_FSMCFIC_featured_image_caption":"","_FSMCFIC_featured_image_nocaption":"","_FSMCFIC_featured_image_hide":"","footnotes":""},"categories":[2,1],"tags":[],"class_list":["post-8886","post","type-post","status-publish","format-standard","has-post-thumbnail","hentry","category-noticias","category-ultimas"],"yoast_head":"<!-- This site is optimized with the Yoast SEO plugin v27.1.1 - https:\/\/yoast.com\/product\/yoast-seo-wordpress\/ -->\n<title>Minist\u00e9rio de Direitos Humanos e da Cidadania anuncia cria\u00e7\u00e3o de programa voltado para direitos dos idosos - Brasil not\u00edcias<\/title>\n<meta name=\"robots\" content=\"index, follow, max-snippet:-1, max-image-preview:large, max-video-preview:-1\" \/>\n<link rel=\"canonical\" href=\"https:\/\/brasilnoticias.org\/site\/ministerio-de-direitos-humanos-e-da-cidadania-anuncia-criacao-de-programa-voltado-para-direitos-dos-idosos\/\" \/>\n<meta property=\"og:locale\" content=\"pt_PT\" \/>\n<meta property=\"og:type\" content=\"article\" \/>\n<meta property=\"og:title\" content=\"Minist\u00e9rio de Direitos Humanos e da Cidadania anuncia cria\u00e7\u00e3o de programa voltado para direitos dos idosos - Brasil not\u00edcias\" \/>\n<meta property=\"og:description\" content=\"projeto tem como objetivo o fortalecer os direitos das pessoas idosas e acompanhamento da aplica\u00e7\u00e3o de pol\u00edticas p\u00fablicas O Minist\u00e9rio\" \/>\n<meta property=\"og:url\" content=\"https:\/\/brasilnoticias.org\/site\/ministerio-de-direitos-humanos-e-da-cidadania-anuncia-criacao-de-programa-voltado-para-direitos-dos-idosos\/\" \/>\n<meta property=\"og:site_name\" content=\"Brasil not\u00edcias\" \/>\n<meta property=\"article:published_time\" content=\"2023-09-03T23:34:49+00:00\" \/>\n<meta property=\"og:image\" content=\"https:\/\/brasilnoticias.org\/site\/wp-content\/uploads\/2023\/09\/140523ministerio-de-direitos-humanos-e-da-cidadania-anuncia-criacao-de-programa-voltado-para-direitos-dos-idosos-3.jpg\" \/>\n\t<meta property=\"og:image:width\" content=\"1600\" \/>\n\t<meta property=\"og:image:height\" content=\"752\" \/>\n\t<meta property=\"og:image:type\" content=\"image\/jpeg\" \/>\n<meta name=\"author\" content=\"Reda\u00e7\u00e3o\" \/>\n<meta name=\"twitter:card\" content=\"summary_large_image\" \/>\n<meta name=\"twitter:label1\" content=\"Escrito por\" \/>\n\t<meta name=\"twitter:data1\" content=\"Reda\u00e7\u00e3o\" \/>\n<script type=\"application\/ld+json\" class=\"yoast-schema-graph\">{\"@context\":\"https:\/\/schema.org\",\"@graph\":[{\"@type\":\"Article\",\"@id\":\"https:\/\/brasilnoticias.org\/site\/ministerio-de-direitos-humanos-e-da-cidadania-anuncia-criacao-de-programa-voltado-para-direitos-dos-idosos\/#article\",\"isPartOf\":{\"@id\":\"https:\/\/brasilnoticias.org\/site\/ministerio-de-direitos-humanos-e-da-cidadania-anuncia-criacao-de-programa-voltado-para-direitos-dos-idosos\/\"},\"author\":{\"name\":\"Reda\u00e7\u00e3o\",\"@id\":\"https:\/\/brasilnoticias.org\/site\/#\/schema\/person\/03bbbfe6c7634ad18c26444ea39049fa\"},\"headline\":\"Minist\u00e9rio de Direitos Humanos e da Cidadania anuncia cria\u00e7\u00e3o de programa voltado para direitos dos idosos\",\"datePublished\":\"2023-09-03T23:34:49+00:00\",\"mainEntityOfPage\":{\"@id\":\"https:\/\/brasilnoticias.org\/site\/ministerio-de-direitos-humanos-e-da-cidadania-anuncia-criacao-de-programa-voltado-para-direitos-dos-idosos\/\"},\"wordCount\":224,\"commentCount\":0,\"publisher\":{\"@id\":\"https:\/\/brasilnoticias.org\/site\/#organization\"},\"image\":{\"@id\":\"https:\/\/brasilnoticias.org\/site\/ministerio-de-direitos-humanos-e-da-cidadania-anuncia-criacao-de-programa-voltado-para-direitos-dos-idosos\/#primaryimage\"},\"thumbnailUrl\":\"https:\/\/brasilnoticias.org\/site\/wp-content\/uploads\/2023\/09\/140523ministerio-de-direitos-humanos-e-da-cidadania-anuncia-criacao-de-programa-voltado-para-direitos-dos-idosos-3.jpg\",\"articleSection\":[\"Not\u00edcias\",\"\u00daltimas\"],\"inLanguage\":\"pt-PT\",\"potentialAction\":[{\"@type\":\"CommentAction\",\"name\":\"Comment\",\"target\":[\"https:\/\/brasilnoticias.org\/site\/ministerio-de-direitos-humanos-e-da-cidadania-anuncia-criacao-de-programa-voltado-para-direitos-dos-idosos\/#respond\"]}]},{\"@type\":\"WebPage\",\"@id\":\"https:\/\/brasilnoticias.org\/site\/ministerio-de-direitos-humanos-e-da-cidadania-anuncia-criacao-de-programa-voltado-para-direitos-dos-idosos\/\",\"url\":\"https:\/\/brasilnoticias.org\/site\/ministerio-de-direitos-humanos-e-da-cidadania-anuncia-criacao-de-programa-voltado-para-direitos-dos-idosos\/\",\"name\":\"Minist\u00e9rio de Direitos Humanos e da Cidadania anuncia cria\u00e7\u00e3o de programa voltado para direitos dos idosos - Brasil not\u00edcias\",\"isPartOf\":{\"@id\":\"https:\/\/brasilnoticias.org\/site\/#website\"},\"primaryImageOfPage\":{\"@id\":\"https:\/\/brasilnoticias.org\/site\/ministerio-de-direitos-humanos-e-da-cidadania-anuncia-criacao-de-programa-voltado-para-direitos-dos-idosos\/#primaryimage\"},\"image\":{\"@id\":\"https:\/\/brasilnoticias.org\/site\/ministerio-de-direitos-humanos-e-da-cidadania-anuncia-criacao-de-programa-voltado-para-direitos-dos-idosos\/#primaryimage\"},\"thumbnailUrl\":\"https:\/\/brasilnoticias.org\/site\/wp-content\/uploads\/2023\/09\/140523ministerio-de-direitos-humanos-e-da-cidadania-anuncia-criacao-de-programa-voltado-para-direitos-dos-idosos-3.jpg\",\"datePublished\":\"2023-09-03T23:34:49+00:00\",\"breadcrumb\":{\"@id\":\"https:\/\/brasilnoticias.org\/site\/ministerio-de-direitos-humanos-e-da-cidadania-anuncia-criacao-de-programa-voltado-para-direitos-dos-idosos\/#breadcrumb\"},\"inLanguage\":\"pt-PT\",\"potentialAction\":[{\"@type\":\"ReadAction\",\"target\":[\"https:\/\/brasilnoticias.org\/site\/ministerio-de-direitos-humanos-e-da-cidadania-anuncia-criacao-de-programa-voltado-para-direitos-dos-idosos\/\"]}]},{\"@type\":\"ImageObject\",\"inLanguage\":\"pt-PT\",\"@id\":\"https:\/\/brasilnoticias.org\/site\/ministerio-de-direitos-humanos-e-da-cidadania-anuncia-criacao-de-programa-voltado-para-direitos-dos-idosos\/#primaryimage\",\"url\":\"https:\/\/brasilnoticias.org\/site\/wp-content\/uploads\/2023\/09\/140523ministerio-de-direitos-humanos-e-da-cidadania-anuncia-criacao-de-programa-voltado-para-direitos-dos-idosos-3.jpg\",\"contentUrl\":\"https:\/\/brasilnoticias.org\/site\/wp-content\/uploads\/2023\/09\/140523ministerio-de-direitos-humanos-e-da-cidadania-anuncia-criacao-de-programa-voltado-para-direitos-dos-idosos-3.jpg\",\"width\":1600,\"height\":752},{\"@type\":\"BreadcrumbList\",\"@id\":\"https:\/\/brasilnoticias.org\/site\/ministerio-de-direitos-humanos-e-da-cidadania-anuncia-criacao-de-programa-voltado-para-direitos-dos-idosos\/#breadcrumb\",\"itemListElement\":[{\"@type\":\"ListItem\",\"position\":1,\"name\":\"In\u00edcio\",\"item\":\"https:\/\/brasilnoticias.org\/site\/\"},{\"@type\":\"ListItem\",\"position\":2,\"name\":\"Minist\u00e9rio de Direitos Humanos e da Cidadania anuncia cria\u00e7\u00e3o de programa voltado para direitos dos idosos\"}]},{\"@type\":\"WebSite\",\"@id\":\"https:\/\/brasilnoticias.org\/site\/#website\",\"url\":\"https:\/\/brasilnoticias.org\/site\/\",\"name\":\"Brasil not\u00edcias\",\"description\":\"Brasil not\u00edcias\",\"publisher\":{\"@id\":\"https:\/\/brasilnoticias.org\/site\/#organization\"},\"potentialAction\":[{\"@type\":\"SearchAction\",\"target\":{\"@type\":\"EntryPoint\",\"urlTemplate\":\"https:\/\/brasilnoticias.org\/site\/?s={search_term_string}\"},\"query-input\":{\"@type\":\"PropertyValueSpecification\",\"valueRequired\":true,\"valueName\":\"search_term_string\"}}],\"inLanguage\":\"pt-PT\"},{\"@type\":\"Organization\",\"@id\":\"https:\/\/brasilnoticias.org\/site\/#organization\",\"name\":\"Brasil not\u00edcias\",\"url\":\"https:\/\/brasilnoticias.org\/site\/\",\"logo\":{\"@type\":\"ImageObject\",\"inLanguage\":\"pt-PT\",\"@id\":\"https:\/\/brasilnoticias.org\/site\/#\/schema\/logo\/image\/\",\"url\":\"https:\/\/brasilnoticias.org\/site\/wp-content\/uploads\/2022\/05\/cropped-brasilnoticias-mini.jpg\",\"contentUrl\":\"https:\/\/brasilnoticias.org\/site\/wp-content\/uploads\/2022\/05\/cropped-brasilnoticias-mini.jpg\",\"width\":314,\"height\":86,\"caption\":\"Brasil not\u00edcias\"},\"image\":{\"@id\":\"https:\/\/brasilnoticias.org\/site\/#\/schema\/logo\/image\/\"}},{\"@type\":\"Person\",\"@id\":\"https:\/\/brasilnoticias.org\/site\/#\/schema\/person\/03bbbfe6c7634ad18c26444ea39049fa\",\"name\":\"Reda\u00e7\u00e3o\",\"image\":{\"@type\":\"ImageObject\",\"inLanguage\":\"pt-PT\",\"@id\":\"https:\/\/brasilnoticias.org\/site\/#\/schema\/person\/image\/\",\"url\":\"https:\/\/secure.gravatar.com\/avatar\/9ecaf7327a696cb23ad926fedded5f1f04d7049de9e445375d55b48c001a6e42?s=96&d=mm&r=g\",\"contentUrl\":\"https:\/\/secure.gravatar.com\/avatar\/9ecaf7327a696cb23ad926fedded5f1f04d7049de9e445375d55b48c001a6e42?s=96&d=mm&r=g\",\"caption\":\"Reda\u00e7\u00e3o\"},\"url\":\"https:\/\/brasilnoticias.org\/site\/author\/henrique\/\"}]}<\/script>\n<!-- \/ Yoast SEO plugin. -->","yoast_head_json":{"title":"Minist\u00e9rio de Direitos Humanos e da Cidadania anuncia cria\u00e7\u00e3o de programa voltado para direitos dos idosos - Brasil not\u00edcias","robots":{"index":"index","follow":"follow","max-snippet":"max-snippet:-1","max-image-preview":"max-image-preview:large","max-video-preview":"max-video-preview:-1"},"canonical":"https:\/\/brasilnoticias.org\/site\/ministerio-de-direitos-humanos-e-da-cidadania-anuncia-criacao-de-programa-voltado-para-direitos-dos-idosos\/","og_locale":"pt_PT","og_type":"article","og_title":"Minist\u00e9rio de Direitos Humanos e da Cidadania anuncia cria\u00e7\u00e3o de programa voltado para direitos dos idosos - Brasil not\u00edcias","og_description":"projeto tem como objetivo o fortalecer os direitos das pessoas idosas e acompanhamento da aplica\u00e7\u00e3o de pol\u00edticas p\u00fablicas O Minist\u00e9rio","og_url":"https:\/\/brasilnoticias.org\/site\/ministerio-de-direitos-humanos-e-da-cidadania-anuncia-criacao-de-programa-voltado-para-direitos-dos-idosos\/","og_site_name":"Brasil not\u00edcias","article_published_time":"2023-09-03T23:34:49+00:00","og_image":[{"width":1600,"height":752,"url":"https:\/\/brasilnoticias.org\/site\/wp-content\/uploads\/2023\/09\/140523ministerio-de-direitos-humanos-e-da-cidadania-anuncia-criacao-de-programa-voltado-para-direitos-dos-idosos-3.jpg","type":"image\/jpeg"}],"author":"Reda\u00e7\u00e3o","twitter_card":"summary_large_image","twitter_misc":{"Escrito por":"Reda\u00e7\u00e3o"},"schema":{"@context":"https:\/\/schema.org","@graph":[{"@type":"Article","@id":"https:\/\/brasilnoticias.org\/site\/ministerio-de-direitos-humanos-e-da-cidadania-anuncia-criacao-de-programa-voltado-para-direitos-dos-idosos\/#article","isPartOf":{"@id":"https:\/\/brasilnoticias.org\/site\/ministerio-de-direitos-humanos-e-da-cidadania-anuncia-criacao-de-programa-voltado-para-direitos-dos-idosos\/"},"author":{"name":"Reda\u00e7\u00e3o","@id":"https:\/\/brasilnoticias.org\/site\/#\/schema\/person\/03bbbfe6c7634ad18c26444ea39049fa"},"headline":"Minist\u00e9rio de Direitos Humanos e da Cidadania anuncia cria\u00e7\u00e3o de programa voltado para direitos dos idosos","datePublished":"2023-09-03T23:34:49+00:00","mainEntityOfPage":{"@id":"https:\/\/brasilnoticias.org\/site\/ministerio-de-direitos-humanos-e-da-cidadania-anuncia-criacao-de-programa-voltado-para-direitos-dos-idosos\/"},"wordCount":224,"commentCount":0,"publisher":{"@id":"https:\/\/brasilnoticias.org\/site\/#organization"},"image":{"@id":"https:\/\/brasilnoticias.org\/site\/ministerio-de-direitos-humanos-e-da-cidadania-anuncia-criacao-de-programa-voltado-para-direitos-dos-idosos\/#primaryimage"},"thumbnailUrl":"https:\/\/brasilnoticias.org\/site\/wp-content\/uploads\/2023\/09\/140523ministerio-de-direitos-humanos-e-da-cidadania-anuncia-criacao-de-programa-voltado-para-direitos-dos-idosos-3.jpg","articleSection":["Not\u00edcias","\u00daltimas"],"inLanguage":"pt-PT","potentialAction":[{"@type":"CommentAction","name":"Comment","target":["https:\/\/brasilnoticias.org\/site\/ministerio-de-direitos-humanos-e-da-cidadania-anuncia-criacao-de-programa-voltado-para-direitos-dos-idosos\/#respond"]}]},{"@type":"WebPage","@id":"https:\/\/brasilnoticias.org\/site\/ministerio-de-direitos-humanos-e-da-cidadania-anuncia-criacao-de-programa-voltado-para-direitos-dos-idosos\/","url":"https:\/\/brasilnoticias.org\/site\/ministerio-de-direitos-humanos-e-da-cidadania-anuncia-criacao-de-programa-voltado-para-direitos-dos-idosos\/","name":"Minist\u00e9rio de Direitos Humanos e da Cidadania anuncia cria\u00e7\u00e3o de programa voltado para direitos dos idosos - Brasil not\u00edcias","isPartOf":{"@id":"https:\/\/brasilnoticias.org\/site\/#website"},"primaryImageOfPage":{"@id":"https:\/\/brasilnoticias.org\/site\/ministerio-de-direitos-humanos-e-da-cidadania-anuncia-criacao-de-programa-voltado-para-direitos-dos-idosos\/#primaryimage"},"image":{"@id":"https:\/\/brasilnoticias.org\/site\/ministerio-de-direitos-humanos-e-da-cidadania-anuncia-criacao-de-programa-voltado-para-direitos-dos-idosos\/#primaryimage"},"thumbnailUrl":"https:\/\/brasilnoticias.org\/site\/wp-content\/uploads\/2023\/09\/140523ministerio-de-direitos-humanos-e-da-cidadania-anuncia-criacao-de-programa-voltado-para-direitos-dos-idosos-3.jpg","datePublished":"2023-09-03T23:34:49+00:00","breadcrumb":{"@id":"https:\/\/brasilnoticias.org\/site\/ministerio-de-direitos-humanos-e-da-cidadania-anuncia-criacao-de-programa-voltado-para-direitos-dos-idosos\/#breadcrumb"},"inLanguage":"pt-PT","potentialAction":[{"@type":"ReadAction","target":["https:\/\/brasilnoticias.org\/site\/ministerio-de-direitos-humanos-e-da-cidadania-anuncia-criacao-de-programa-voltado-para-direitos-dos-idosos\/"]}]},{"@type":"ImageObject","inLanguage":"pt-PT","@id":"https:\/\/brasilnoticias.org\/site\/ministerio-de-direitos-humanos-e-da-cidadania-anuncia-criacao-de-programa-voltado-para-direitos-dos-idosos\/#primaryimage","url":"https:\/\/brasilnoticias.org\/site\/wp-content\/uploads\/2023\/09\/140523ministerio-de-direitos-humanos-e-da-cidadania-anuncia-criacao-de-programa-voltado-para-direitos-dos-idosos-3.jpg","contentUrl":"https:\/\/brasilnoticias.org\/site\/wp-content\/uploads\/2023\/09\/140523ministerio-de-direitos-humanos-e-da-cidadania-anuncia-criacao-de-programa-voltado-para-direitos-dos-idosos-3.jpg","width":1600,"height":752},{"@type":"BreadcrumbList","@id":"https:\/\/brasilnoticias.org\/site\/ministerio-de-direitos-humanos-e-da-cidadania-anuncia-criacao-de-programa-voltado-para-direitos-dos-idosos\/#breadcrumb","itemListElement":[{"@type":"ListItem","position":1,"name":"In\u00edcio","item":"https:\/\/brasilnoticias.org\/site\/"},{"@type":"ListItem","position":2,"name":"Minist\u00e9rio de Direitos Humanos e da Cidadania anuncia cria\u00e7\u00e3o de programa voltado para direitos dos idosos"}]},{"@type":"WebSite","@id":"https:\/\/brasilnoticias.org\/site\/#website","url":"https:\/\/brasilnoticias.org\/site\/","name":"Brasil not\u00edcias","description":"Brasil not\u00edcias","publisher":{"@id":"https:\/\/brasilnoticias.org\/site\/#organization"},"potentialAction":[{"@type":"SearchAction","target":{"@type":"EntryPoint","urlTemplate":"https:\/\/brasilnoticias.org\/site\/?s={search_term_string}"},"query-input":{"@type":"PropertyValueSpecification","valueRequired":true,"valueName":"search_term_string"}}],"inLanguage":"pt-PT"},{"@type":"Organization","@id":"https:\/\/brasilnoticias.org\/site\/#organization","name":"Brasil not\u00edcias","url":"https:\/\/brasilnoticias.org\/site\/","logo":{"@type":"ImageObject","inLanguage":"pt-PT","@id":"https:\/\/brasilnoticias.org\/site\/#\/schema\/logo\/image\/","url":"https:\/\/brasilnoticias.org\/site\/wp-content\/uploads\/2022\/05\/cropped-brasilnoticias-mini.jpg","contentUrl":"https:\/\/brasilnoticias.org\/site\/wp-content\/uploads\/2022\/05\/cropped-brasilnoticias-mini.jpg","width":314,"height":86,"caption":"Brasil not\u00edcias"},"image":{"@id":"https:\/\/brasilnoticias.org\/site\/#\/schema\/logo\/image\/"}},{"@type":"Person","@id":"https:\/\/brasilnoticias.org\/site\/#\/schema\/person\/03bbbfe6c7634ad18c26444ea39049fa","name":"Reda\u00e7\u00e3o","image":{"@type":"ImageObject","inLanguage":"pt-PT","@id":"https:\/\/brasilnoticias.org\/site\/#\/schema\/person\/image\/","url":"https:\/\/secure.gravatar.com\/avatar\/9ecaf7327a696cb23ad926fedded5f1f04d7049de9e445375d55b48c001a6e42?s=96&d=mm&r=g","contentUrl":"https:\/\/secure.gravatar.com\/avatar\/9ecaf7327a696cb23ad926fedded5f1f04d7049de9e445375d55b48c001a6e42?s=96&d=mm&r=g","caption":"Reda\u00e7\u00e3o"},"url":"https:\/\/brasilnoticias.org\/site\/author\/henrique\/"}]}},"_links":{"self":[{"href":"https:\/\/brasilnoticias.org\/site\/wp-json\/wp\/v2\/posts\/8886","targetHints":{"allow":["GET"]}}],"collection":[{"href":"https:\/\/brasilnoticias.org\/site\/wp-json\/wp\/v2\/posts"}],"about":[{"href":"https:\/\/brasilnoticias.org\/site\/wp-json\/wp\/v2\/types\/post"}],"author":[{"embeddable":true,"href":"https:\/\/brasilnoticias.org\/site\/wp-json\/wp\/v2\/users\/4"}],"replies":[{"embeddable":true,"href":"https:\/\/brasilnoticias.org\/site\/wp-json\/wp\/v2\/comments?post=8886"}],"version-history":[{"count":1,"href":"https:\/\/brasilnoticias.org\/site\/wp-json\/wp\/v2\/posts\/8886\/revisions"}],"predecessor-version":[{"id":8888,"href":"https:\/\/brasilnoticias.org\/site\/wp-json\/wp\/v2\/posts\/8886\/revisions\/8888"}],"wp:featuredmedia":[{"embeddable":true,"href":"https:\/\/brasilnoticias.org\/site\/wp-json\/wp\/v2\/media\/8887"}],"wp:attachment":[{"href":"https:\/\/brasilnoticias.org\/site\/wp-json\/wp\/v2\/media?parent=8886"}],"wp:term":[{"taxonomy":"category","embeddable":true,"href":"https:\/\/brasilnoticias.org\/site\/wp-json\/wp\/v2\/categories?post=8886"},{"taxonomy":"post_tag","embeddable":true,"href":"https:\/\/brasilnoticias.org\/site\/wp-json\/wp\/v2\/tags?post=8886"}],"curies":[{"name":"wp","href":"https:\/\/api.w.org\/{rel}","templated":true}]}}