{"id":891,"date":"2022-06-13T17:32:40","date_gmt":"2022-06-13T20:32:40","guid":{"rendered":"https:\/\/brasilnoticias.org\/site\/?p=891"},"modified":"2022-06-13T17:32:40","modified_gmt":"2022-06-13T20:32:40","slug":"vai-gerar-uma-crise-fiscal-sem-precedente-e-piorar-o-indice-brasil-diz-secretario-da-fazenda-do-estado-sobre-projeto-de-icms","status":"publish","type":"post","link":"https:\/\/brasilnoticias.org\/site\/vai-gerar-uma-crise-fiscal-sem-precedente-e-piorar-o-indice-brasil-diz-secretario-da-fazenda-do-estado-sobre-projeto-de-icms\/","title":{"rendered":"VAI GERAR UMA CRISE FISCAL SEM PRECEDENTE E PIORAR O \u00cdNDICE BRASIL\u2019, DIZ SECRET\u00c1RIO DA FAZENDA DO ESTADO SOBRE PROJETO DE ICMS"},"content":{"rendered":"<p>As \u00e1reas de educa\u00e7\u00e3o e sa\u00fade ser\u00e3o as mais impactadas pelas perdas anuais de R$ 5,5 bilh\u00f5es<a href=\"https:\/\/www.bnews.com.br\/noticias\/economia-e-mercado\/projeto-de-icms-pode-tirar-r-70-bi-de-estados-e-municipios-diz-estudo.html\" target=\"_blank\" rel=\"noopener\">\u00a0estimadas pelo Estado com o Projeto de Lei Complementar (PLP) 18<\/a>, que fixa o teto de 17% do\u00a0ICMS\u00a0estadual para os combust\u00edveis e da energia el\u00e9trica. De acordo com a Secretaria da Fazenda do Estado (Sefaz-BA), s\u00f3 a educa\u00e7\u00e3o deixar\u00e1 de receber R$ 1,03 bilh\u00e3o anuais, enquanto a sa\u00fade perder\u00e1 R$ 495 milh\u00f5es. A situa\u00e7\u00e3o tem preocupado o titular da pasta respons\u00e1vel pela execu\u00e7\u00e3o or\u00e7ament\u00e1ria na Bahia, Manoel Vit\u00f3rio, que ainda alerta para a piora da percep\u00e7\u00e3o do mercado sobre o \u00cdndice Brasil.<\/p>\n<p>As perdas s\u00e3o calculadas com base nos desembolsos obrigat\u00f3rios com estas \u00e1reas de acordo com a Constitui\u00e7\u00e3o, que correspondem respectivamente a 25% e 12% das receitas estaduais. No \u00e2mbito dos munic\u00edpios baianos, os c\u00e1lculos indicam cortes anuais de cerca de R$ 1,4 bilh\u00e3o. As prefeituras ficam com 25% do ICMS arrecadado, como determina a constitucionalidade.<\/p>\n<p>\u201cN\u00e3o d\u00e1 para n\u00e3o comentar o PLP 18, que est\u00e1 tramitando no Congresso Nacional, em especial por causa do impacto para os estados, calculado em R$ 100 bilh\u00f5es anuais. Aqui na Bahia, R$ 5,5 bilh\u00f5es. Isso gera uma crise fiscal que piora a percep\u00e7\u00e3o sobre o \u00cdndice Brasil. E os agentes econ\u00f4micos precificam atrav\u00e9s do aumento da cota\u00e7\u00e3o do d\u00f3lar. Como resultado, o Estado tem que reagir sendo duro na pol\u00edtica monet\u00e1ria, aumentando os juros, o que \u00e9 excessivo\u201d, disse o secret\u00e1rio Manoel Vit\u00f3rio, na abertura do 6\u00b0 Congresso Luso-Brasileiro de Auditores Fiscais, no \u00faltimo domingo (12).<\/p>\n<p>Na dimens\u00e3o econ\u00f4mica, o titular da Sefaz-BA ainda afirmou que o congelamento da refer\u00eancia do ICMS dos combust\u00edveis, que ocorre desde novembro, n\u00e3o fez diferen\u00e7a no bolso do consumidor na Bahia. Ele ainda fez cr\u00edticas para a pol\u00edtica de pre\u00e7os e as margens financeiras que s\u00e3o obtidas pelas refinarias.<\/p>\n<p>\u201cA varia\u00e7\u00e3o do pre\u00e7o da bomba na semana passada j\u00e1 tinha sido de 1,80%. Estamos no livre mercado, n\u00e3o temos pre\u00e7o tabelado em bomba de combust\u00edvel. \u00c9 natural que a Petrobras e as refinarias tentem fazer margem. E onde est\u00e1 indo esse recurso? \u00a0Uma pista pode ser o lucro l\u00edquido de 44,8 bilh\u00f5es da Petrobras, em tr\u00eas meses. Mas o maior problema est\u00e1 no social, pois o PLP vai retirar bilh\u00f5es dos munic\u00edpios, na educa\u00e7\u00e3o e na sa\u00fade\u201d, conclui o secret\u00e1rio.<\/p>\n<p>A sexta edi\u00e7\u00e3o do Congresso Luso-Brasileiro de Auditores Fiscais acontece at\u00e9 o dia 15 de junho, no Fiesta Bahia Hotel. Ela \u00e9 promovida pela Federa\u00e7\u00e3o Brasileira de Associa\u00e7\u00f5es de Fiscais de Tributos Estaduais (Febrafite) e tem como anfitri\u00e3o o Instituto dos Auditores Fiscais do Estado da Bahia (IAF).<\/p>\n<p>&nbsp;<\/p>\n<p>&nbsp;<\/p>\n<p>&nbsp;<\/p>\n<p>&nbsp;<\/p>\n<p>Bnews<\/p>\n","protected":false},"excerpt":{"rendered":"<p>As \u00e1reas de educa\u00e7\u00e3o e sa\u00fade ser\u00e3o as mais impactadas pelas perdas anuais de R$ 5,5 bilh\u00f5es\u00a0estimadas pelo Estado com<\/p>\n","protected":false},"author":2,"featured_media":892,"comment_status":"open","ping_status":"open","sticky":false,"template":"","format":"standard","meta":{"colormag_page_container_layout":"default_layout","colormag_page_sidebar_layout":"default_layout","_FSMCFIC_featured_image_caption":"","_FSMCFIC_featured_image_nocaption":"","_FSMCFIC_featured_image_hide":"","footnotes":""},"categories":[2,1],"tags":[],"class_list":["post-891","post","type-post","status-publish","format-standard","has-post-thumbnail","hentry","category-noticias","category-ultimas"],"yoast_head":"<!-- This site is optimized with the Yoast SEO plugin v27.1.1 - https:\/\/yoast.com\/product\/yoast-seo-wordpress\/ -->\n<title>VAI GERAR UMA CRISE FISCAL SEM PRECEDENTE E PIORAR O \u00cdNDICE BRASIL\u2019, DIZ SECRET\u00c1RIO DA FAZENDA DO ESTADO SOBRE PROJETO DE ICMS - Brasil not\u00edcias<\/title>\n<meta name=\"robots\" content=\"index, follow, max-snippet:-1, max-image-preview:large, max-video-preview:-1\" \/>\n<link rel=\"canonical\" href=\"https:\/\/brasilnoticias.org\/site\/vai-gerar-uma-crise-fiscal-sem-precedente-e-piorar-o-indice-brasil-diz-secretario-da-fazenda-do-estado-sobre-projeto-de-icms\/\" \/>\n<meta property=\"og:locale\" content=\"pt_PT\" \/>\n<meta property=\"og:type\" content=\"article\" \/>\n<meta property=\"og:title\" content=\"VAI GERAR UMA CRISE FISCAL SEM PRECEDENTE E PIORAR O \u00cdNDICE BRASIL\u2019, DIZ SECRET\u00c1RIO DA FAZENDA DO ESTADO SOBRE PROJETO DE ICMS - Brasil not\u00edcias\" \/>\n<meta property=\"og:description\" content=\"As \u00e1reas de educa\u00e7\u00e3o e sa\u00fade ser\u00e3o as mais impactadas pelas perdas anuais de R$ 5,5 bilh\u00f5es\u00a0estimadas pelo Estado com\" \/>\n<meta property=\"og:url\" content=\"https:\/\/brasilnoticias.org\/site\/vai-gerar-uma-crise-fiscal-sem-precedente-e-piorar-o-indice-brasil-diz-secretario-da-fazenda-do-estado-sobre-projeto-de-icms\/\" \/>\n<meta property=\"og:site_name\" content=\"Brasil not\u00edcias\" \/>\n<meta property=\"article:published_time\" content=\"2022-06-13T20:32:40+00:00\" \/>\n<meta property=\"og:image\" content=\"https:\/\/brasilnoticias.org\/site\/wp-content\/uploads\/2022\/06\/secretario-da-fazenda-bahia_widelg-1.jpg\" \/>\n\t<meta property=\"og:image:width\" content=\"800\" \/>\n\t<meta property=\"og:image:height\" content=\"450\" \/>\n\t<meta property=\"og:image:type\" content=\"image\/jpeg\" \/>\n<meta name=\"author\" content=\"Reda\u00e7\u00e3o\" \/>\n<meta name=\"twitter:card\" content=\"summary_large_image\" \/>\n<meta name=\"twitter:label1\" content=\"Escrito por\" \/>\n\t<meta name=\"twitter:data1\" content=\"Reda\u00e7\u00e3o\" \/>\n\t<meta name=\"twitter:label2\" content=\"Tempo estimado de leitura\" \/>\n\t<meta name=\"twitter:data2\" content=\"2 minutos\" \/>\n<script type=\"application\/ld+json\" class=\"yoast-schema-graph\">{\"@context\":\"https:\/\/schema.org\",\"@graph\":[{\"@type\":\"Article\",\"@id\":\"https:\/\/brasilnoticias.org\/site\/vai-gerar-uma-crise-fiscal-sem-precedente-e-piorar-o-indice-brasil-diz-secretario-da-fazenda-do-estado-sobre-projeto-de-icms\/#article\",\"isPartOf\":{\"@id\":\"https:\/\/brasilnoticias.org\/site\/vai-gerar-uma-crise-fiscal-sem-precedente-e-piorar-o-indice-brasil-diz-secretario-da-fazenda-do-estado-sobre-projeto-de-icms\/\"},\"author\":{\"name\":\"Reda\u00e7\u00e3o\",\"@id\":\"https:\/\/brasilnoticias.org\/site\/#\/schema\/person\/f609fa847b5314f1c8b983342f34c798\"},\"headline\":\"VAI GERAR UMA CRISE FISCAL SEM PRECEDENTE E PIORAR O \u00cdNDICE BRASIL\u2019, DIZ SECRET\u00c1RIO DA FAZENDA DO ESTADO SOBRE PROJETO DE ICMS\",\"datePublished\":\"2022-06-13T20:32:40+00:00\",\"mainEntityOfPage\":{\"@id\":\"https:\/\/brasilnoticias.org\/site\/vai-gerar-uma-crise-fiscal-sem-precedente-e-piorar-o-indice-brasil-diz-secretario-da-fazenda-do-estado-sobre-projeto-de-icms\/\"},\"wordCount\":502,\"commentCount\":0,\"publisher\":{\"@id\":\"https:\/\/brasilnoticias.org\/site\/#organization\"},\"image\":{\"@id\":\"https:\/\/brasilnoticias.org\/site\/vai-gerar-uma-crise-fiscal-sem-precedente-e-piorar-o-indice-brasil-diz-secretario-da-fazenda-do-estado-sobre-projeto-de-icms\/#primaryimage\"},\"thumbnailUrl\":\"https:\/\/brasilnoticias.org\/site\/wp-content\/uploads\/2022\/06\/secretario-da-fazenda-bahia_widelg-1.jpg\",\"articleSection\":[\"Not\u00edcias\",\"\u00daltimas\"],\"inLanguage\":\"pt-PT\",\"potentialAction\":[{\"@type\":\"CommentAction\",\"name\":\"Comment\",\"target\":[\"https:\/\/brasilnoticias.org\/site\/vai-gerar-uma-crise-fiscal-sem-precedente-e-piorar-o-indice-brasil-diz-secretario-da-fazenda-do-estado-sobre-projeto-de-icms\/#respond\"]}]},{\"@type\":\"WebPage\",\"@id\":\"https:\/\/brasilnoticias.org\/site\/vai-gerar-uma-crise-fiscal-sem-precedente-e-piorar-o-indice-brasil-diz-secretario-da-fazenda-do-estado-sobre-projeto-de-icms\/\",\"url\":\"https:\/\/brasilnoticias.org\/site\/vai-gerar-uma-crise-fiscal-sem-precedente-e-piorar-o-indice-brasil-diz-secretario-da-fazenda-do-estado-sobre-projeto-de-icms\/\",\"name\":\"VAI GERAR UMA CRISE FISCAL SEM PRECEDENTE E PIORAR O \u00cdNDICE BRASIL\u2019, DIZ SECRET\u00c1RIO DA FAZENDA DO ESTADO SOBRE PROJETO DE ICMS - Brasil not\u00edcias\",\"isPartOf\":{\"@id\":\"https:\/\/brasilnoticias.org\/site\/#website\"},\"primaryImageOfPage\":{\"@id\":\"https:\/\/brasilnoticias.org\/site\/vai-gerar-uma-crise-fiscal-sem-precedente-e-piorar-o-indice-brasil-diz-secretario-da-fazenda-do-estado-sobre-projeto-de-icms\/#primaryimage\"},\"image\":{\"@id\":\"https:\/\/brasilnoticias.org\/site\/vai-gerar-uma-crise-fiscal-sem-precedente-e-piorar-o-indice-brasil-diz-secretario-da-fazenda-do-estado-sobre-projeto-de-icms\/#primaryimage\"},\"thumbnailUrl\":\"https:\/\/brasilnoticias.org\/site\/wp-content\/uploads\/2022\/06\/secretario-da-fazenda-bahia_widelg-1.jpg\",\"datePublished\":\"2022-06-13T20:32:40+00:00\",\"breadcrumb\":{\"@id\":\"https:\/\/brasilnoticias.org\/site\/vai-gerar-uma-crise-fiscal-sem-precedente-e-piorar-o-indice-brasil-diz-secretario-da-fazenda-do-estado-sobre-projeto-de-icms\/#breadcrumb\"},\"inLanguage\":\"pt-PT\",\"potentialAction\":[{\"@type\":\"ReadAction\",\"target\":[\"https:\/\/brasilnoticias.org\/site\/vai-gerar-uma-crise-fiscal-sem-precedente-e-piorar-o-indice-brasil-diz-secretario-da-fazenda-do-estado-sobre-projeto-de-icms\/\"]}]},{\"@type\":\"ImageObject\",\"inLanguage\":\"pt-PT\",\"@id\":\"https:\/\/brasilnoticias.org\/site\/vai-gerar-uma-crise-fiscal-sem-precedente-e-piorar-o-indice-brasil-diz-secretario-da-fazenda-do-estado-sobre-projeto-de-icms\/#primaryimage\",\"url\":\"https:\/\/brasilnoticias.org\/site\/wp-content\/uploads\/2022\/06\/secretario-da-fazenda-bahia_widelg-1.jpg\",\"contentUrl\":\"https:\/\/brasilnoticias.org\/site\/wp-content\/uploads\/2022\/06\/secretario-da-fazenda-bahia_widelg-1.jpg\",\"width\":800,\"height\":450},{\"@type\":\"BreadcrumbList\",\"@id\":\"https:\/\/brasilnoticias.org\/site\/vai-gerar-uma-crise-fiscal-sem-precedente-e-piorar-o-indice-brasil-diz-secretario-da-fazenda-do-estado-sobre-projeto-de-icms\/#breadcrumb\",\"itemListElement\":[{\"@type\":\"ListItem\",\"position\":1,\"name\":\"In\u00edcio\",\"item\":\"https:\/\/brasilnoticias.org\/site\/\"},{\"@type\":\"ListItem\",\"position\":2,\"name\":\"VAI GERAR UMA CRISE FISCAL SEM PRECEDENTE E PIORAR O \u00cdNDICE BRASIL\u2019, DIZ SECRET\u00c1RIO DA FAZENDA DO ESTADO SOBRE PROJETO DE ICMS\"}]},{\"@type\":\"WebSite\",\"@id\":\"https:\/\/brasilnoticias.org\/site\/#website\",\"url\":\"https:\/\/brasilnoticias.org\/site\/\",\"name\":\"Brasil not\u00edcias\",\"description\":\"Brasil not\u00edcias\",\"publisher\":{\"@id\":\"https:\/\/brasilnoticias.org\/site\/#organization\"},\"potentialAction\":[{\"@type\":\"SearchAction\",\"target\":{\"@type\":\"EntryPoint\",\"urlTemplate\":\"https:\/\/brasilnoticias.org\/site\/?s={search_term_string}\"},\"query-input\":{\"@type\":\"PropertyValueSpecification\",\"valueRequired\":true,\"valueName\":\"search_term_string\"}}],\"inLanguage\":\"pt-PT\"},{\"@type\":\"Organization\",\"@id\":\"https:\/\/brasilnoticias.org\/site\/#organization\",\"name\":\"Brasil not\u00edcias\",\"url\":\"https:\/\/brasilnoticias.org\/site\/\",\"logo\":{\"@type\":\"ImageObject\",\"inLanguage\":\"pt-PT\",\"@id\":\"https:\/\/brasilnoticias.org\/site\/#\/schema\/logo\/image\/\",\"url\":\"https:\/\/brasilnoticias.org\/site\/wp-content\/uploads\/2022\/05\/cropped-brasilnoticias-mini.jpg\",\"contentUrl\":\"https:\/\/brasilnoticias.org\/site\/wp-content\/uploads\/2022\/05\/cropped-brasilnoticias-mini.jpg\",\"width\":314,\"height\":86,\"caption\":\"Brasil not\u00edcias\"},\"image\":{\"@id\":\"https:\/\/brasilnoticias.org\/site\/#\/schema\/logo\/image\/\"}},{\"@type\":\"Person\",\"@id\":\"https:\/\/brasilnoticias.org\/site\/#\/schema\/person\/f609fa847b5314f1c8b983342f34c798\",\"name\":\"Reda\u00e7\u00e3o\",\"image\":{\"@type\":\"ImageObject\",\"inLanguage\":\"pt-PT\",\"@id\":\"https:\/\/brasilnoticias.org\/site\/#\/schema\/person\/image\/\",\"url\":\"https:\/\/secure.gravatar.com\/avatar\/447284c06c1ad8b46465a36de9cd0d8326b73387a22799b8b1ffb1fbcff2ed0c?s=96&d=mm&r=g\",\"contentUrl\":\"https:\/\/secure.gravatar.com\/avatar\/447284c06c1ad8b46465a36de9cd0d8326b73387a22799b8b1ffb1fbcff2ed0c?s=96&d=mm&r=g\",\"caption\":\"Reda\u00e7\u00e3o\"},\"url\":\"https:\/\/brasilnoticias.org\/site\/author\/redacao\/\"}]}<\/script>\n<!-- \/ Yoast SEO plugin. -->","yoast_head_json":{"title":"VAI GERAR UMA CRISE FISCAL SEM PRECEDENTE E PIORAR O \u00cdNDICE BRASIL\u2019, DIZ SECRET\u00c1RIO DA FAZENDA DO ESTADO SOBRE PROJETO DE ICMS - Brasil not\u00edcias","robots":{"index":"index","follow":"follow","max-snippet":"max-snippet:-1","max-image-preview":"max-image-preview:large","max-video-preview":"max-video-preview:-1"},"canonical":"https:\/\/brasilnoticias.org\/site\/vai-gerar-uma-crise-fiscal-sem-precedente-e-piorar-o-indice-brasil-diz-secretario-da-fazenda-do-estado-sobre-projeto-de-icms\/","og_locale":"pt_PT","og_type":"article","og_title":"VAI GERAR UMA CRISE FISCAL SEM PRECEDENTE E PIORAR O \u00cdNDICE BRASIL\u2019, DIZ SECRET\u00c1RIO DA FAZENDA DO ESTADO SOBRE PROJETO DE ICMS - Brasil not\u00edcias","og_description":"As \u00e1reas de educa\u00e7\u00e3o e sa\u00fade ser\u00e3o as mais impactadas pelas perdas anuais de R$ 5,5 bilh\u00f5es\u00a0estimadas pelo Estado com","og_url":"https:\/\/brasilnoticias.org\/site\/vai-gerar-uma-crise-fiscal-sem-precedente-e-piorar-o-indice-brasil-diz-secretario-da-fazenda-do-estado-sobre-projeto-de-icms\/","og_site_name":"Brasil not\u00edcias","article_published_time":"2022-06-13T20:32:40+00:00","og_image":[{"width":800,"height":450,"url":"https:\/\/brasilnoticias.org\/site\/wp-content\/uploads\/2022\/06\/secretario-da-fazenda-bahia_widelg-1.jpg","type":"image\/jpeg"}],"author":"Reda\u00e7\u00e3o","twitter_card":"summary_large_image","twitter_misc":{"Escrito por":"Reda\u00e7\u00e3o","Tempo estimado de leitura":"2 minutos"},"schema":{"@context":"https:\/\/schema.org","@graph":[{"@type":"Article","@id":"https:\/\/brasilnoticias.org\/site\/vai-gerar-uma-crise-fiscal-sem-precedente-e-piorar-o-indice-brasil-diz-secretario-da-fazenda-do-estado-sobre-projeto-de-icms\/#article","isPartOf":{"@id":"https:\/\/brasilnoticias.org\/site\/vai-gerar-uma-crise-fiscal-sem-precedente-e-piorar-o-indice-brasil-diz-secretario-da-fazenda-do-estado-sobre-projeto-de-icms\/"},"author":{"name":"Reda\u00e7\u00e3o","@id":"https:\/\/brasilnoticias.org\/site\/#\/schema\/person\/f609fa847b5314f1c8b983342f34c798"},"headline":"VAI GERAR UMA CRISE FISCAL SEM PRECEDENTE E PIORAR O \u00cdNDICE BRASIL\u2019, DIZ SECRET\u00c1RIO DA FAZENDA DO ESTADO SOBRE PROJETO DE ICMS","datePublished":"2022-06-13T20:32:40+00:00","mainEntityOfPage":{"@id":"https:\/\/brasilnoticias.org\/site\/vai-gerar-uma-crise-fiscal-sem-precedente-e-piorar-o-indice-brasil-diz-secretario-da-fazenda-do-estado-sobre-projeto-de-icms\/"},"wordCount":502,"commentCount":0,"publisher":{"@id":"https:\/\/brasilnoticias.org\/site\/#organization"},"image":{"@id":"https:\/\/brasilnoticias.org\/site\/vai-gerar-uma-crise-fiscal-sem-precedente-e-piorar-o-indice-brasil-diz-secretario-da-fazenda-do-estado-sobre-projeto-de-icms\/#primaryimage"},"thumbnailUrl":"https:\/\/brasilnoticias.org\/site\/wp-content\/uploads\/2022\/06\/secretario-da-fazenda-bahia_widelg-1.jpg","articleSection":["Not\u00edcias","\u00daltimas"],"inLanguage":"pt-PT","potentialAction":[{"@type":"CommentAction","name":"Comment","target":["https:\/\/brasilnoticias.org\/site\/vai-gerar-uma-crise-fiscal-sem-precedente-e-piorar-o-indice-brasil-diz-secretario-da-fazenda-do-estado-sobre-projeto-de-icms\/#respond"]}]},{"@type":"WebPage","@id":"https:\/\/brasilnoticias.org\/site\/vai-gerar-uma-crise-fiscal-sem-precedente-e-piorar-o-indice-brasil-diz-secretario-da-fazenda-do-estado-sobre-projeto-de-icms\/","url":"https:\/\/brasilnoticias.org\/site\/vai-gerar-uma-crise-fiscal-sem-precedente-e-piorar-o-indice-brasil-diz-secretario-da-fazenda-do-estado-sobre-projeto-de-icms\/","name":"VAI GERAR UMA CRISE FISCAL SEM PRECEDENTE E PIORAR O \u00cdNDICE BRASIL\u2019, DIZ SECRET\u00c1RIO DA FAZENDA DO ESTADO SOBRE PROJETO DE ICMS - Brasil not\u00edcias","isPartOf":{"@id":"https:\/\/brasilnoticias.org\/site\/#website"},"primaryImageOfPage":{"@id":"https:\/\/brasilnoticias.org\/site\/vai-gerar-uma-crise-fiscal-sem-precedente-e-piorar-o-indice-brasil-diz-secretario-da-fazenda-do-estado-sobre-projeto-de-icms\/#primaryimage"},"image":{"@id":"https:\/\/brasilnoticias.org\/site\/vai-gerar-uma-crise-fiscal-sem-precedente-e-piorar-o-indice-brasil-diz-secretario-da-fazenda-do-estado-sobre-projeto-de-icms\/#primaryimage"},"thumbnailUrl":"https:\/\/brasilnoticias.org\/site\/wp-content\/uploads\/2022\/06\/secretario-da-fazenda-bahia_widelg-1.jpg","datePublished":"2022-06-13T20:32:40+00:00","breadcrumb":{"@id":"https:\/\/brasilnoticias.org\/site\/vai-gerar-uma-crise-fiscal-sem-precedente-e-piorar-o-indice-brasil-diz-secretario-da-fazenda-do-estado-sobre-projeto-de-icms\/#breadcrumb"},"inLanguage":"pt-PT","potentialAction":[{"@type":"ReadAction","target":["https:\/\/brasilnoticias.org\/site\/vai-gerar-uma-crise-fiscal-sem-precedente-e-piorar-o-indice-brasil-diz-secretario-da-fazenda-do-estado-sobre-projeto-de-icms\/"]}]},{"@type":"ImageObject","inLanguage":"pt-PT","@id":"https:\/\/brasilnoticias.org\/site\/vai-gerar-uma-crise-fiscal-sem-precedente-e-piorar-o-indice-brasil-diz-secretario-da-fazenda-do-estado-sobre-projeto-de-icms\/#primaryimage","url":"https:\/\/brasilnoticias.org\/site\/wp-content\/uploads\/2022\/06\/secretario-da-fazenda-bahia_widelg-1.jpg","contentUrl":"https:\/\/brasilnoticias.org\/site\/wp-content\/uploads\/2022\/06\/secretario-da-fazenda-bahia_widelg-1.jpg","width":800,"height":450},{"@type":"BreadcrumbList","@id":"https:\/\/brasilnoticias.org\/site\/vai-gerar-uma-crise-fiscal-sem-precedente-e-piorar-o-indice-brasil-diz-secretario-da-fazenda-do-estado-sobre-projeto-de-icms\/#breadcrumb","itemListElement":[{"@type":"ListItem","position":1,"name":"In\u00edcio","item":"https:\/\/brasilnoticias.org\/site\/"},{"@type":"ListItem","position":2,"name":"VAI GERAR UMA CRISE FISCAL SEM PRECEDENTE E PIORAR O \u00cdNDICE BRASIL\u2019, DIZ SECRET\u00c1RIO DA FAZENDA DO ESTADO SOBRE PROJETO DE ICMS"}]},{"@type":"WebSite","@id":"https:\/\/brasilnoticias.org\/site\/#website","url":"https:\/\/brasilnoticias.org\/site\/","name":"Brasil not\u00edcias","description":"Brasil not\u00edcias","publisher":{"@id":"https:\/\/brasilnoticias.org\/site\/#organization"},"potentialAction":[{"@type":"SearchAction","target":{"@type":"EntryPoint","urlTemplate":"https:\/\/brasilnoticias.org\/site\/?s={search_term_string}"},"query-input":{"@type":"PropertyValueSpecification","valueRequired":true,"valueName":"search_term_string"}}],"inLanguage":"pt-PT"},{"@type":"Organization","@id":"https:\/\/brasilnoticias.org\/site\/#organization","name":"Brasil not\u00edcias","url":"https:\/\/brasilnoticias.org\/site\/","logo":{"@type":"ImageObject","inLanguage":"pt-PT","@id":"https:\/\/brasilnoticias.org\/site\/#\/schema\/logo\/image\/","url":"https:\/\/brasilnoticias.org\/site\/wp-content\/uploads\/2022\/05\/cropped-brasilnoticias-mini.jpg","contentUrl":"https:\/\/brasilnoticias.org\/site\/wp-content\/uploads\/2022\/05\/cropped-brasilnoticias-mini.jpg","width":314,"height":86,"caption":"Brasil not\u00edcias"},"image":{"@id":"https:\/\/brasilnoticias.org\/site\/#\/schema\/logo\/image\/"}},{"@type":"Person","@id":"https:\/\/brasilnoticias.org\/site\/#\/schema\/person\/f609fa847b5314f1c8b983342f34c798","name":"Reda\u00e7\u00e3o","image":{"@type":"ImageObject","inLanguage":"pt-PT","@id":"https:\/\/brasilnoticias.org\/site\/#\/schema\/person\/image\/","url":"https:\/\/secure.gravatar.com\/avatar\/447284c06c1ad8b46465a36de9cd0d8326b73387a22799b8b1ffb1fbcff2ed0c?s=96&d=mm&r=g","contentUrl":"https:\/\/secure.gravatar.com\/avatar\/447284c06c1ad8b46465a36de9cd0d8326b73387a22799b8b1ffb1fbcff2ed0c?s=96&d=mm&r=g","caption":"Reda\u00e7\u00e3o"},"url":"https:\/\/brasilnoticias.org\/site\/author\/redacao\/"}]}},"_links":{"self":[{"href":"https:\/\/brasilnoticias.org\/site\/wp-json\/wp\/v2\/posts\/891","targetHints":{"allow":["GET"]}}],"collection":[{"href":"https:\/\/brasilnoticias.org\/site\/wp-json\/wp\/v2\/posts"}],"about":[{"href":"https:\/\/brasilnoticias.org\/site\/wp-json\/wp\/v2\/types\/post"}],"author":[{"embeddable":true,"href":"https:\/\/brasilnoticias.org\/site\/wp-json\/wp\/v2\/users\/2"}],"replies":[{"embeddable":true,"href":"https:\/\/brasilnoticias.org\/site\/wp-json\/wp\/v2\/comments?post=891"}],"version-history":[{"count":1,"href":"https:\/\/brasilnoticias.org\/site\/wp-json\/wp\/v2\/posts\/891\/revisions"}],"predecessor-version":[{"id":893,"href":"https:\/\/brasilnoticias.org\/site\/wp-json\/wp\/v2\/posts\/891\/revisions\/893"}],"wp:featuredmedia":[{"embeddable":true,"href":"https:\/\/brasilnoticias.org\/site\/wp-json\/wp\/v2\/media\/892"}],"wp:attachment":[{"href":"https:\/\/brasilnoticias.org\/site\/wp-json\/wp\/v2\/media?parent=891"}],"wp:term":[{"taxonomy":"category","embeddable":true,"href":"https:\/\/brasilnoticias.org\/site\/wp-json\/wp\/v2\/categories?post=891"},{"taxonomy":"post_tag","embeddable":true,"href":"https:\/\/brasilnoticias.org\/site\/wp-json\/wp\/v2\/tags?post=891"}],"curies":[{"name":"wp","href":"https:\/\/api.w.org\/{rel}","templated":true}]}}