{"id":8920,"date":"2023-09-04T15:26:32","date_gmt":"2023-09-04T18:26:32","guid":{"rendered":"https:\/\/brasilnoticias.org\/site\/?p=8920"},"modified":"2023-09-04T15:26:32","modified_gmt":"2023-09-04T18:26:32","slug":"policia-prende-homem-que-matou-mae-bernadete-outros-dois-envolvidos-sao-detidos","status":"publish","type":"post","link":"https:\/\/brasilnoticias.org\/site\/policia-prende-homem-que-matou-mae-bernadete-outros-dois-envolvidos-sao-detidos\/","title":{"rendered":"Pol\u00edcia prende homem que matou M\u00e3e Bernadete; outros dois envolvidos s\u00e3o detidos"},"content":{"rendered":"<p>Entre os presos, um foi flagrado com o celular da v\u00edtima, outro foi o executor e um terceiro estaria com os armamentos usados no homic\u00eddio<\/p>\n<p>*Mat\u00e9ria feita em colabora\u00e7\u00e3o com o rep\u00f3rter Gabriel Nascimento <\/p>\n<p>Ao menos tr\u00eas pessoas j\u00e1 foram presas, por participa\u00e7\u00e3o direta ou indireta, na morte da l\u00edder quilombola Bernadete Pac\u00edfico, ocorrida no dia 17 de agosto, no munic\u00edpio de Sim\u00f5es Filho, Regi\u00e3o Metropolitana de Salvador (RMS). A informa\u00e7\u00e3o foi divulgada pelo secret\u00e1rio de Seguran\u00e7a P\u00fablica da Bahia, Marcelo Werner, durante entrevista coletiva. Na oportunidade, ele atualizou as investiga\u00e7\u00f5es sobre o crime. A coletiva aconteceu no Departamento de Homic\u00eddios e Prote\u00e7\u00e3o \u00e0 Pessoa (DHPP), no bairro de Itapu\u00e3, nesta segunda-feira (4\/9).<\/p>\n<p>Um dos suspeitos j\u00e1 localizados estava com celular de M\u00e3e Bernadete. Ele foi alcan\u00e7ado no dia 25 de agosto. A segunda pris\u00e3o foi a do executor, no munic\u00edpio de Ara\u00e7\u00e1s. A terceira pessoa, encontrada junto ao indiv\u00edduo flagrado com o aparelho m\u00f3vel, foi detida no munic\u00edpio de Sim\u00f5es Filho e estava com as armas utilizadas no crime. As informa\u00e7\u00f5es foram confirmadas pela delegada-geral da Pol\u00edcia Civil, Helo\u00edsa Brito.<\/p>\n<p>O secret\u00e1rio explicou, ainda, que a pol\u00edcia n\u00e3o tem provas de que tenha se tratado de um crime de mando. Al\u00e9m disso, n\u00e3o \u00e9 poss\u00edvel estabelecer, at\u00e9 aqui, uma rela\u00e7\u00e3o entre a morte da l\u00edder quilombola e a do seu filho, Fl\u00e1vio Gabriel Pac\u00edfico, o Binho, assassinado em 2017. \u201cAt\u00e9 agora, n\u00e3o existe nenhuma hip\u00f3tese de que esses homens tenham sido contratados pra cometer o crime, nem se sabe se h\u00e1 rela\u00e7\u00e3o com a morte do filho de M\u00e3e Bernadete\u201d.<\/p>\n<p>Ao todo, as autoridades j\u00e1 colheram depoimento de 64 pessoas. Segundo Werner, a coletiva e as pris\u00f5es s\u00e3o presta\u00e7\u00f5es de contas do que as for\u00e7as policiais est\u00e3o fazendo. \u201cA gente n\u00e3o vai deixar passar nenhum tipo de crime. Fazemos quest\u00e3o de dar esse panorama\u201d. Ainda conforme Marcelo, todos os departamentos da Pol\u00edcia Civil est\u00e3o engajados para concluir o inqu\u00e9rito.<\/p>\n<p>Foto: Gabriel Nascimento<br \/>\nAratu On<\/p>\n","protected":false},"excerpt":{"rendered":"<p>Entre os presos, um foi flagrado com o celular da v\u00edtima, outro foi o executor e um terceiro estaria com<\/p>\n","protected":false},"author":4,"featured_media":8921,"comment_status":"open","ping_status":"open","sticky":false,"template":"","format":"standard","meta":{"colormag_page_container_layout":"default_layout","colormag_page_sidebar_layout":"default_layout","_FSMCFIC_featured_image_caption":"","_FSMCFIC_featured_image_nocaption":"","_FSMCFIC_featured_image_hide":"","footnotes":""},"categories":[3,1],"tags":[],"class_list":["post-8920","post","type-post","status-publish","format-standard","has-post-thumbnail","hentry","category-policia","category-ultimas"],"yoast_head":"<!-- This site is optimized with the Yoast SEO plugin v27.1.1 - https:\/\/yoast.com\/product\/yoast-seo-wordpress\/ -->\n<title>Pol\u00edcia prende homem que matou M\u00e3e Bernadete; outros dois envolvidos s\u00e3o detidos - Brasil not\u00edcias<\/title>\n<meta name=\"robots\" content=\"index, follow, max-snippet:-1, max-image-preview:large, max-video-preview:-1\" \/>\n<link rel=\"canonical\" href=\"https:\/\/brasilnoticias.org\/site\/policia-prende-homem-que-matou-mae-bernadete-outros-dois-envolvidos-sao-detidos\/\" \/>\n<meta property=\"og:locale\" content=\"pt_PT\" \/>\n<meta property=\"og:type\" content=\"article\" \/>\n<meta property=\"og:title\" content=\"Pol\u00edcia prende homem que matou M\u00e3e Bernadete; outros dois envolvidos s\u00e3o detidos - Brasil not\u00edcias\" \/>\n<meta property=\"og:description\" content=\"Entre os presos, um foi flagrado com o celular da v\u00edtima, outro foi o executor e um terceiro estaria com\" \/>\n<meta property=\"og:url\" content=\"https:\/\/brasilnoticias.org\/site\/policia-prende-homem-que-matou-mae-bernadete-outros-dois-envolvidos-sao-detidos\/\" \/>\n<meta property=\"og:site_name\" content=\"Brasil not\u00edcias\" \/>\n<meta property=\"article:published_time\" content=\"2023-09-04T18:26:32+00:00\" \/>\n<meta property=\"og:image\" content=\"https:\/\/brasilnoticias.org\/site\/wp-content\/uploads\/2023\/09\/Aratu-On-2.jpg\" \/>\n\t<meta property=\"og:image:width\" content=\"740\" \/>\n\t<meta property=\"og:image:height\" content=\"470\" \/>\n\t<meta property=\"og:image:type\" content=\"image\/jpeg\" \/>\n<meta name=\"author\" content=\"Reda\u00e7\u00e3o\" \/>\n<meta name=\"twitter:card\" content=\"summary_large_image\" \/>\n<meta name=\"twitter:label1\" content=\"Escrito por\" \/>\n\t<meta name=\"twitter:data1\" content=\"Reda\u00e7\u00e3o\" \/>\n<script type=\"application\/ld+json\" class=\"yoast-schema-graph\">{\"@context\":\"https:\/\/schema.org\",\"@graph\":[{\"@type\":\"Article\",\"@id\":\"https:\/\/brasilnoticias.org\/site\/policia-prende-homem-que-matou-mae-bernadete-outros-dois-envolvidos-sao-detidos\/#article\",\"isPartOf\":{\"@id\":\"https:\/\/brasilnoticias.org\/site\/policia-prende-homem-que-matou-mae-bernadete-outros-dois-envolvidos-sao-detidos\/\"},\"author\":{\"name\":\"Reda\u00e7\u00e3o\",\"@id\":\"https:\/\/brasilnoticias.org\/site\/#\/schema\/person\/03bbbfe6c7634ad18c26444ea39049fa\"},\"headline\":\"Pol\u00edcia prende homem que matou M\u00e3e Bernadete; outros dois envolvidos s\u00e3o detidos\",\"datePublished\":\"2023-09-04T18:26:32+00:00\",\"mainEntityOfPage\":{\"@id\":\"https:\/\/brasilnoticias.org\/site\/policia-prende-homem-que-matou-mae-bernadete-outros-dois-envolvidos-sao-detidos\/\"},\"wordCount\":388,\"commentCount\":0,\"publisher\":{\"@id\":\"https:\/\/brasilnoticias.org\/site\/#organization\"},\"image\":{\"@id\":\"https:\/\/brasilnoticias.org\/site\/policia-prende-homem-que-matou-mae-bernadete-outros-dois-envolvidos-sao-detidos\/#primaryimage\"},\"thumbnailUrl\":\"https:\/\/brasilnoticias.org\/site\/wp-content\/uploads\/2023\/09\/Aratu-On-2.jpg\",\"articleSection\":[\"Pol\u00edcia\",\"\u00daltimas\"],\"inLanguage\":\"pt-PT\",\"potentialAction\":[{\"@type\":\"CommentAction\",\"name\":\"Comment\",\"target\":[\"https:\/\/brasilnoticias.org\/site\/policia-prende-homem-que-matou-mae-bernadete-outros-dois-envolvidos-sao-detidos\/#respond\"]}]},{\"@type\":\"WebPage\",\"@id\":\"https:\/\/brasilnoticias.org\/site\/policia-prende-homem-que-matou-mae-bernadete-outros-dois-envolvidos-sao-detidos\/\",\"url\":\"https:\/\/brasilnoticias.org\/site\/policia-prende-homem-que-matou-mae-bernadete-outros-dois-envolvidos-sao-detidos\/\",\"name\":\"Pol\u00edcia prende homem que matou M\u00e3e Bernadete; outros dois envolvidos s\u00e3o detidos - Brasil not\u00edcias\",\"isPartOf\":{\"@id\":\"https:\/\/brasilnoticias.org\/site\/#website\"},\"primaryImageOfPage\":{\"@id\":\"https:\/\/brasilnoticias.org\/site\/policia-prende-homem-que-matou-mae-bernadete-outros-dois-envolvidos-sao-detidos\/#primaryimage\"},\"image\":{\"@id\":\"https:\/\/brasilnoticias.org\/site\/policia-prende-homem-que-matou-mae-bernadete-outros-dois-envolvidos-sao-detidos\/#primaryimage\"},\"thumbnailUrl\":\"https:\/\/brasilnoticias.org\/site\/wp-content\/uploads\/2023\/09\/Aratu-On-2.jpg\",\"datePublished\":\"2023-09-04T18:26:32+00:00\",\"breadcrumb\":{\"@id\":\"https:\/\/brasilnoticias.org\/site\/policia-prende-homem-que-matou-mae-bernadete-outros-dois-envolvidos-sao-detidos\/#breadcrumb\"},\"inLanguage\":\"pt-PT\",\"potentialAction\":[{\"@type\":\"ReadAction\",\"target\":[\"https:\/\/brasilnoticias.org\/site\/policia-prende-homem-que-matou-mae-bernadete-outros-dois-envolvidos-sao-detidos\/\"]}]},{\"@type\":\"ImageObject\",\"inLanguage\":\"pt-PT\",\"@id\":\"https:\/\/brasilnoticias.org\/site\/policia-prende-homem-que-matou-mae-bernadete-outros-dois-envolvidos-sao-detidos\/#primaryimage\",\"url\":\"https:\/\/brasilnoticias.org\/site\/wp-content\/uploads\/2023\/09\/Aratu-On-2.jpg\",\"contentUrl\":\"https:\/\/brasilnoticias.org\/site\/wp-content\/uploads\/2023\/09\/Aratu-On-2.jpg\",\"width\":740,\"height\":470},{\"@type\":\"BreadcrumbList\",\"@id\":\"https:\/\/brasilnoticias.org\/site\/policia-prende-homem-que-matou-mae-bernadete-outros-dois-envolvidos-sao-detidos\/#breadcrumb\",\"itemListElement\":[{\"@type\":\"ListItem\",\"position\":1,\"name\":\"In\u00edcio\",\"item\":\"https:\/\/brasilnoticias.org\/site\/\"},{\"@type\":\"ListItem\",\"position\":2,\"name\":\"Pol\u00edcia prende homem que matou M\u00e3e Bernadete; outros dois envolvidos s\u00e3o detidos\"}]},{\"@type\":\"WebSite\",\"@id\":\"https:\/\/brasilnoticias.org\/site\/#website\",\"url\":\"https:\/\/brasilnoticias.org\/site\/\",\"name\":\"Brasil not\u00edcias\",\"description\":\"Brasil not\u00edcias\",\"publisher\":{\"@id\":\"https:\/\/brasilnoticias.org\/site\/#organization\"},\"potentialAction\":[{\"@type\":\"SearchAction\",\"target\":{\"@type\":\"EntryPoint\",\"urlTemplate\":\"https:\/\/brasilnoticias.org\/site\/?s={search_term_string}\"},\"query-input\":{\"@type\":\"PropertyValueSpecification\",\"valueRequired\":true,\"valueName\":\"search_term_string\"}}],\"inLanguage\":\"pt-PT\"},{\"@type\":\"Organization\",\"@id\":\"https:\/\/brasilnoticias.org\/site\/#organization\",\"name\":\"Brasil not\u00edcias\",\"url\":\"https:\/\/brasilnoticias.org\/site\/\",\"logo\":{\"@type\":\"ImageObject\",\"inLanguage\":\"pt-PT\",\"@id\":\"https:\/\/brasilnoticias.org\/site\/#\/schema\/logo\/image\/\",\"url\":\"https:\/\/brasilnoticias.org\/site\/wp-content\/uploads\/2022\/05\/cropped-brasilnoticias-mini.jpg\",\"contentUrl\":\"https:\/\/brasilnoticias.org\/site\/wp-content\/uploads\/2022\/05\/cropped-brasilnoticias-mini.jpg\",\"width\":314,\"height\":86,\"caption\":\"Brasil not\u00edcias\"},\"image\":{\"@id\":\"https:\/\/brasilnoticias.org\/site\/#\/schema\/logo\/image\/\"}},{\"@type\":\"Person\",\"@id\":\"https:\/\/brasilnoticias.org\/site\/#\/schema\/person\/03bbbfe6c7634ad18c26444ea39049fa\",\"name\":\"Reda\u00e7\u00e3o\",\"image\":{\"@type\":\"ImageObject\",\"inLanguage\":\"pt-PT\",\"@id\":\"https:\/\/brasilnoticias.org\/site\/#\/schema\/person\/image\/\",\"url\":\"https:\/\/secure.gravatar.com\/avatar\/9ecaf7327a696cb23ad926fedded5f1f04d7049de9e445375d55b48c001a6e42?s=96&d=mm&r=g\",\"contentUrl\":\"https:\/\/secure.gravatar.com\/avatar\/9ecaf7327a696cb23ad926fedded5f1f04d7049de9e445375d55b48c001a6e42?s=96&d=mm&r=g\",\"caption\":\"Reda\u00e7\u00e3o\"},\"url\":\"https:\/\/brasilnoticias.org\/site\/author\/henrique\/\"}]}<\/script>\n<!-- \/ Yoast SEO plugin. -->","yoast_head_json":{"title":"Pol\u00edcia prende homem que matou M\u00e3e Bernadete; outros dois envolvidos s\u00e3o detidos - Brasil not\u00edcias","robots":{"index":"index","follow":"follow","max-snippet":"max-snippet:-1","max-image-preview":"max-image-preview:large","max-video-preview":"max-video-preview:-1"},"canonical":"https:\/\/brasilnoticias.org\/site\/policia-prende-homem-que-matou-mae-bernadete-outros-dois-envolvidos-sao-detidos\/","og_locale":"pt_PT","og_type":"article","og_title":"Pol\u00edcia prende homem que matou M\u00e3e Bernadete; outros dois envolvidos s\u00e3o detidos - Brasil not\u00edcias","og_description":"Entre os presos, um foi flagrado com o celular da v\u00edtima, outro foi o executor e um terceiro estaria com","og_url":"https:\/\/brasilnoticias.org\/site\/policia-prende-homem-que-matou-mae-bernadete-outros-dois-envolvidos-sao-detidos\/","og_site_name":"Brasil not\u00edcias","article_published_time":"2023-09-04T18:26:32+00:00","og_image":[{"width":740,"height":470,"url":"https:\/\/brasilnoticias.org\/site\/wp-content\/uploads\/2023\/09\/Aratu-On-2.jpg","type":"image\/jpeg"}],"author":"Reda\u00e7\u00e3o","twitter_card":"summary_large_image","twitter_misc":{"Escrito por":"Reda\u00e7\u00e3o"},"schema":{"@context":"https:\/\/schema.org","@graph":[{"@type":"Article","@id":"https:\/\/brasilnoticias.org\/site\/policia-prende-homem-que-matou-mae-bernadete-outros-dois-envolvidos-sao-detidos\/#article","isPartOf":{"@id":"https:\/\/brasilnoticias.org\/site\/policia-prende-homem-que-matou-mae-bernadete-outros-dois-envolvidos-sao-detidos\/"},"author":{"name":"Reda\u00e7\u00e3o","@id":"https:\/\/brasilnoticias.org\/site\/#\/schema\/person\/03bbbfe6c7634ad18c26444ea39049fa"},"headline":"Pol\u00edcia prende homem que matou M\u00e3e Bernadete; outros dois envolvidos s\u00e3o detidos","datePublished":"2023-09-04T18:26:32+00:00","mainEntityOfPage":{"@id":"https:\/\/brasilnoticias.org\/site\/policia-prende-homem-que-matou-mae-bernadete-outros-dois-envolvidos-sao-detidos\/"},"wordCount":388,"commentCount":0,"publisher":{"@id":"https:\/\/brasilnoticias.org\/site\/#organization"},"image":{"@id":"https:\/\/brasilnoticias.org\/site\/policia-prende-homem-que-matou-mae-bernadete-outros-dois-envolvidos-sao-detidos\/#primaryimage"},"thumbnailUrl":"https:\/\/brasilnoticias.org\/site\/wp-content\/uploads\/2023\/09\/Aratu-On-2.jpg","articleSection":["Pol\u00edcia","\u00daltimas"],"inLanguage":"pt-PT","potentialAction":[{"@type":"CommentAction","name":"Comment","target":["https:\/\/brasilnoticias.org\/site\/policia-prende-homem-que-matou-mae-bernadete-outros-dois-envolvidos-sao-detidos\/#respond"]}]},{"@type":"WebPage","@id":"https:\/\/brasilnoticias.org\/site\/policia-prende-homem-que-matou-mae-bernadete-outros-dois-envolvidos-sao-detidos\/","url":"https:\/\/brasilnoticias.org\/site\/policia-prende-homem-que-matou-mae-bernadete-outros-dois-envolvidos-sao-detidos\/","name":"Pol\u00edcia prende homem que matou M\u00e3e Bernadete; outros dois envolvidos s\u00e3o detidos - Brasil not\u00edcias","isPartOf":{"@id":"https:\/\/brasilnoticias.org\/site\/#website"},"primaryImageOfPage":{"@id":"https:\/\/brasilnoticias.org\/site\/policia-prende-homem-que-matou-mae-bernadete-outros-dois-envolvidos-sao-detidos\/#primaryimage"},"image":{"@id":"https:\/\/brasilnoticias.org\/site\/policia-prende-homem-que-matou-mae-bernadete-outros-dois-envolvidos-sao-detidos\/#primaryimage"},"thumbnailUrl":"https:\/\/brasilnoticias.org\/site\/wp-content\/uploads\/2023\/09\/Aratu-On-2.jpg","datePublished":"2023-09-04T18:26:32+00:00","breadcrumb":{"@id":"https:\/\/brasilnoticias.org\/site\/policia-prende-homem-que-matou-mae-bernadete-outros-dois-envolvidos-sao-detidos\/#breadcrumb"},"inLanguage":"pt-PT","potentialAction":[{"@type":"ReadAction","target":["https:\/\/brasilnoticias.org\/site\/policia-prende-homem-que-matou-mae-bernadete-outros-dois-envolvidos-sao-detidos\/"]}]},{"@type":"ImageObject","inLanguage":"pt-PT","@id":"https:\/\/brasilnoticias.org\/site\/policia-prende-homem-que-matou-mae-bernadete-outros-dois-envolvidos-sao-detidos\/#primaryimage","url":"https:\/\/brasilnoticias.org\/site\/wp-content\/uploads\/2023\/09\/Aratu-On-2.jpg","contentUrl":"https:\/\/brasilnoticias.org\/site\/wp-content\/uploads\/2023\/09\/Aratu-On-2.jpg","width":740,"height":470},{"@type":"BreadcrumbList","@id":"https:\/\/brasilnoticias.org\/site\/policia-prende-homem-que-matou-mae-bernadete-outros-dois-envolvidos-sao-detidos\/#breadcrumb","itemListElement":[{"@type":"ListItem","position":1,"name":"In\u00edcio","item":"https:\/\/brasilnoticias.org\/site\/"},{"@type":"ListItem","position":2,"name":"Pol\u00edcia prende homem que matou M\u00e3e Bernadete; outros dois envolvidos s\u00e3o detidos"}]},{"@type":"WebSite","@id":"https:\/\/brasilnoticias.org\/site\/#website","url":"https:\/\/brasilnoticias.org\/site\/","name":"Brasil not\u00edcias","description":"Brasil not\u00edcias","publisher":{"@id":"https:\/\/brasilnoticias.org\/site\/#organization"},"potentialAction":[{"@type":"SearchAction","target":{"@type":"EntryPoint","urlTemplate":"https:\/\/brasilnoticias.org\/site\/?s={search_term_string}"},"query-input":{"@type":"PropertyValueSpecification","valueRequired":true,"valueName":"search_term_string"}}],"inLanguage":"pt-PT"},{"@type":"Organization","@id":"https:\/\/brasilnoticias.org\/site\/#organization","name":"Brasil not\u00edcias","url":"https:\/\/brasilnoticias.org\/site\/","logo":{"@type":"ImageObject","inLanguage":"pt-PT","@id":"https:\/\/brasilnoticias.org\/site\/#\/schema\/logo\/image\/","url":"https:\/\/brasilnoticias.org\/site\/wp-content\/uploads\/2022\/05\/cropped-brasilnoticias-mini.jpg","contentUrl":"https:\/\/brasilnoticias.org\/site\/wp-content\/uploads\/2022\/05\/cropped-brasilnoticias-mini.jpg","width":314,"height":86,"caption":"Brasil not\u00edcias"},"image":{"@id":"https:\/\/brasilnoticias.org\/site\/#\/schema\/logo\/image\/"}},{"@type":"Person","@id":"https:\/\/brasilnoticias.org\/site\/#\/schema\/person\/03bbbfe6c7634ad18c26444ea39049fa","name":"Reda\u00e7\u00e3o","image":{"@type":"ImageObject","inLanguage":"pt-PT","@id":"https:\/\/brasilnoticias.org\/site\/#\/schema\/person\/image\/","url":"https:\/\/secure.gravatar.com\/avatar\/9ecaf7327a696cb23ad926fedded5f1f04d7049de9e445375d55b48c001a6e42?s=96&d=mm&r=g","contentUrl":"https:\/\/secure.gravatar.com\/avatar\/9ecaf7327a696cb23ad926fedded5f1f04d7049de9e445375d55b48c001a6e42?s=96&d=mm&r=g","caption":"Reda\u00e7\u00e3o"},"url":"https:\/\/brasilnoticias.org\/site\/author\/henrique\/"}]}},"_links":{"self":[{"href":"https:\/\/brasilnoticias.org\/site\/wp-json\/wp\/v2\/posts\/8920","targetHints":{"allow":["GET"]}}],"collection":[{"href":"https:\/\/brasilnoticias.org\/site\/wp-json\/wp\/v2\/posts"}],"about":[{"href":"https:\/\/brasilnoticias.org\/site\/wp-json\/wp\/v2\/types\/post"}],"author":[{"embeddable":true,"href":"https:\/\/brasilnoticias.org\/site\/wp-json\/wp\/v2\/users\/4"}],"replies":[{"embeddable":true,"href":"https:\/\/brasilnoticias.org\/site\/wp-json\/wp\/v2\/comments?post=8920"}],"version-history":[{"count":1,"href":"https:\/\/brasilnoticias.org\/site\/wp-json\/wp\/v2\/posts\/8920\/revisions"}],"predecessor-version":[{"id":8922,"href":"https:\/\/brasilnoticias.org\/site\/wp-json\/wp\/v2\/posts\/8920\/revisions\/8922"}],"wp:featuredmedia":[{"embeddable":true,"href":"https:\/\/brasilnoticias.org\/site\/wp-json\/wp\/v2\/media\/8921"}],"wp:attachment":[{"href":"https:\/\/brasilnoticias.org\/site\/wp-json\/wp\/v2\/media?parent=8920"}],"wp:term":[{"taxonomy":"category","embeddable":true,"href":"https:\/\/brasilnoticias.org\/site\/wp-json\/wp\/v2\/categories?post=8920"},{"taxonomy":"post_tag","embeddable":true,"href":"https:\/\/brasilnoticias.org\/site\/wp-json\/wp\/v2\/tags?post=8920"}],"curies":[{"name":"wp","href":"https:\/\/api.w.org\/{rel}","templated":true}]}}