{"id":8923,"date":"2023-09-05T06:00:17","date_gmt":"2023-09-05T09:00:17","guid":{"rendered":"https:\/\/brasilnoticias.org\/site\/?p=8923"},"modified":"2023-09-04T19:13:10","modified_gmt":"2023-09-04T22:13:10","slug":"sesab-anuncia-que-piso-da-enfermagem-sera-pago-na-folha-salarial-de-setembro","status":"publish","type":"post","link":"https:\/\/brasilnoticias.org\/site\/sesab-anuncia-que-piso-da-enfermagem-sera-pago-na-folha-salarial-de-setembro\/","title":{"rendered":"Sesab anuncia que piso da enfermagem ser\u00e1 pago na folha salarial de setembro"},"content":{"rendered":"<p>O Governo do Estado da Bahia comunicou, nesta segunda-feira (4), que o piso salarial dever\u00e1 ser pago em setembro. Os profissionais da \u00e1rea que atuam sob gest\u00e3o direta da Secretaria de Sa\u00fade da Bahia (Sesab) devem receber o dinheiro no pr\u00f3ximo dia 29, referente ao repasse feito pelo Minist\u00e9rio da Sa\u00fade (MS), feito em 23 de agosto. <\/p>\n<p>Em nota, a Sesab informou que o piso para os enfermeiros \u00e9 de R$ 4.750. J\u00e1 para os t\u00e9cnicos de enfermagem, o piso ser\u00e1 de R$ 3.325, e para auxiliares de enfermagem e parteiras, de R$ 2.375.<\/p>\n<p>A secretaria ainda alertou que ser\u00e3o beneficiados pelo aux\u00edlio financeiro complementar somente profissionais que recebem um valor abaixo do piso de sua respectiva \u00e1rea. Em observa\u00e7\u00e3o, o \u00f3rg\u00e3o afirmou que cerca de 55% dos agentes da rede estadual recebem o piso ou acima dele.<\/p>\n<p>Foto: Rovena Rosa\/Ag\u00eancia Brasil<br \/>\nMetro1<\/p>\n","protected":false},"excerpt":{"rendered":"<p>O Governo do Estado da Bahia comunicou, nesta segunda-feira (4), que o piso salarial dever\u00e1 ser pago em setembro. Os<\/p>\n","protected":false},"author":4,"featured_media":8924,"comment_status":"open","ping_status":"open","sticky":false,"template":"","format":"standard","meta":{"colormag_page_container_layout":"default_layout","colormag_page_sidebar_layout":"default_layout","_FSMCFIC_featured_image_caption":"","_FSMCFIC_featured_image_nocaption":"","_FSMCFIC_featured_image_hide":"","footnotes":""},"categories":[2,1],"tags":[],"class_list":["post-8923","post","type-post","status-publish","format-standard","has-post-thumbnail","hentry","category-noticias","category-ultimas"],"yoast_head":"<!-- This site is optimized with the Yoast SEO plugin v27.1.1 - https:\/\/yoast.com\/product\/yoast-seo-wordpress\/ -->\n<title>Sesab anuncia que piso da enfermagem ser\u00e1 pago na folha salarial de setembro - Brasil not\u00edcias<\/title>\n<meta name=\"robots\" content=\"index, follow, max-snippet:-1, max-image-preview:large, max-video-preview:-1\" \/>\n<link rel=\"canonical\" href=\"https:\/\/brasilnoticias.org\/site\/sesab-anuncia-que-piso-da-enfermagem-sera-pago-na-folha-salarial-de-setembro\/\" \/>\n<meta property=\"og:locale\" content=\"pt_PT\" \/>\n<meta property=\"og:type\" content=\"article\" \/>\n<meta property=\"og:title\" content=\"Sesab anuncia que piso da enfermagem ser\u00e1 pago na folha salarial de setembro - Brasil not\u00edcias\" \/>\n<meta property=\"og:description\" content=\"O Governo do Estado da Bahia comunicou, nesta segunda-feira (4), que o piso salarial dever\u00e1 ser pago em setembro. Os\" \/>\n<meta property=\"og:url\" content=\"https:\/\/brasilnoticias.org\/site\/sesab-anuncia-que-piso-da-enfermagem-sera-pago-na-folha-salarial-de-setembro\/\" \/>\n<meta property=\"og:site_name\" content=\"Brasil not\u00edcias\" \/>\n<meta property=\"article:published_time\" content=\"2023-09-05T09:00:17+00:00\" \/>\n<meta property=\"og:image\" content=\"https:\/\/brasilnoticias.org\/site\/wp-content\/uploads\/2023\/09\/140589sesab-anuncia-que-piso-da-enfermagem-sera-pago-na-folha-salarial-de-setembro-3.jpg\" \/>\n\t<meta property=\"og:image:width\" content=\"1600\" \/>\n\t<meta property=\"og:image:height\" content=\"752\" \/>\n\t<meta property=\"og:image:type\" content=\"image\/jpeg\" \/>\n<meta name=\"author\" content=\"Reda\u00e7\u00e3o\" \/>\n<meta name=\"twitter:card\" content=\"summary_large_image\" \/>\n<meta name=\"twitter:label1\" content=\"Escrito por\" \/>\n\t<meta name=\"twitter:data1\" content=\"Reda\u00e7\u00e3o\" \/>\n<script type=\"application\/ld+json\" class=\"yoast-schema-graph\">{\"@context\":\"https:\/\/schema.org\",\"@graph\":[{\"@type\":\"Article\",\"@id\":\"https:\/\/brasilnoticias.org\/site\/sesab-anuncia-que-piso-da-enfermagem-sera-pago-na-folha-salarial-de-setembro\/#article\",\"isPartOf\":{\"@id\":\"https:\/\/brasilnoticias.org\/site\/sesab-anuncia-que-piso-da-enfermagem-sera-pago-na-folha-salarial-de-setembro\/\"},\"author\":{\"name\":\"Reda\u00e7\u00e3o\",\"@id\":\"https:\/\/brasilnoticias.org\/site\/#\/schema\/person\/03bbbfe6c7634ad18c26444ea39049fa\"},\"headline\":\"Sesab anuncia que piso da enfermagem ser\u00e1 pago na folha salarial de setembro\",\"datePublished\":\"2023-09-05T09:00:17+00:00\",\"mainEntityOfPage\":{\"@id\":\"https:\/\/brasilnoticias.org\/site\/sesab-anuncia-que-piso-da-enfermagem-sera-pago-na-folha-salarial-de-setembro\/\"},\"wordCount\":160,\"commentCount\":0,\"publisher\":{\"@id\":\"https:\/\/brasilnoticias.org\/site\/#organization\"},\"image\":{\"@id\":\"https:\/\/brasilnoticias.org\/site\/sesab-anuncia-que-piso-da-enfermagem-sera-pago-na-folha-salarial-de-setembro\/#primaryimage\"},\"thumbnailUrl\":\"https:\/\/brasilnoticias.org\/site\/wp-content\/uploads\/2023\/09\/140589sesab-anuncia-que-piso-da-enfermagem-sera-pago-na-folha-salarial-de-setembro-3.jpg\",\"articleSection\":[\"Not\u00edcias\",\"\u00daltimas\"],\"inLanguage\":\"pt-PT\",\"potentialAction\":[{\"@type\":\"CommentAction\",\"name\":\"Comment\",\"target\":[\"https:\/\/brasilnoticias.org\/site\/sesab-anuncia-que-piso-da-enfermagem-sera-pago-na-folha-salarial-de-setembro\/#respond\"]}]},{\"@type\":\"WebPage\",\"@id\":\"https:\/\/brasilnoticias.org\/site\/sesab-anuncia-que-piso-da-enfermagem-sera-pago-na-folha-salarial-de-setembro\/\",\"url\":\"https:\/\/brasilnoticias.org\/site\/sesab-anuncia-que-piso-da-enfermagem-sera-pago-na-folha-salarial-de-setembro\/\",\"name\":\"Sesab anuncia que piso da enfermagem ser\u00e1 pago na folha salarial de setembro - Brasil not\u00edcias\",\"isPartOf\":{\"@id\":\"https:\/\/brasilnoticias.org\/site\/#website\"},\"primaryImageOfPage\":{\"@id\":\"https:\/\/brasilnoticias.org\/site\/sesab-anuncia-que-piso-da-enfermagem-sera-pago-na-folha-salarial-de-setembro\/#primaryimage\"},\"image\":{\"@id\":\"https:\/\/brasilnoticias.org\/site\/sesab-anuncia-que-piso-da-enfermagem-sera-pago-na-folha-salarial-de-setembro\/#primaryimage\"},\"thumbnailUrl\":\"https:\/\/brasilnoticias.org\/site\/wp-content\/uploads\/2023\/09\/140589sesab-anuncia-que-piso-da-enfermagem-sera-pago-na-folha-salarial-de-setembro-3.jpg\",\"datePublished\":\"2023-09-05T09:00:17+00:00\",\"breadcrumb\":{\"@id\":\"https:\/\/brasilnoticias.org\/site\/sesab-anuncia-que-piso-da-enfermagem-sera-pago-na-folha-salarial-de-setembro\/#breadcrumb\"},\"inLanguage\":\"pt-PT\",\"potentialAction\":[{\"@type\":\"ReadAction\",\"target\":[\"https:\/\/brasilnoticias.org\/site\/sesab-anuncia-que-piso-da-enfermagem-sera-pago-na-folha-salarial-de-setembro\/\"]}]},{\"@type\":\"ImageObject\",\"inLanguage\":\"pt-PT\",\"@id\":\"https:\/\/brasilnoticias.org\/site\/sesab-anuncia-que-piso-da-enfermagem-sera-pago-na-folha-salarial-de-setembro\/#primaryimage\",\"url\":\"https:\/\/brasilnoticias.org\/site\/wp-content\/uploads\/2023\/09\/140589sesab-anuncia-que-piso-da-enfermagem-sera-pago-na-folha-salarial-de-setembro-3.jpg\",\"contentUrl\":\"https:\/\/brasilnoticias.org\/site\/wp-content\/uploads\/2023\/09\/140589sesab-anuncia-que-piso-da-enfermagem-sera-pago-na-folha-salarial-de-setembro-3.jpg\",\"width\":1600,\"height\":752},{\"@type\":\"BreadcrumbList\",\"@id\":\"https:\/\/brasilnoticias.org\/site\/sesab-anuncia-que-piso-da-enfermagem-sera-pago-na-folha-salarial-de-setembro\/#breadcrumb\",\"itemListElement\":[{\"@type\":\"ListItem\",\"position\":1,\"name\":\"In\u00edcio\",\"item\":\"https:\/\/brasilnoticias.org\/site\/\"},{\"@type\":\"ListItem\",\"position\":2,\"name\":\"Sesab anuncia que piso da enfermagem ser\u00e1 pago na folha salarial de setembro\"}]},{\"@type\":\"WebSite\",\"@id\":\"https:\/\/brasilnoticias.org\/site\/#website\",\"url\":\"https:\/\/brasilnoticias.org\/site\/\",\"name\":\"Brasil not\u00edcias\",\"description\":\"Brasil not\u00edcias\",\"publisher\":{\"@id\":\"https:\/\/brasilnoticias.org\/site\/#organization\"},\"potentialAction\":[{\"@type\":\"SearchAction\",\"target\":{\"@type\":\"EntryPoint\",\"urlTemplate\":\"https:\/\/brasilnoticias.org\/site\/?s={search_term_string}\"},\"query-input\":{\"@type\":\"PropertyValueSpecification\",\"valueRequired\":true,\"valueName\":\"search_term_string\"}}],\"inLanguage\":\"pt-PT\"},{\"@type\":\"Organization\",\"@id\":\"https:\/\/brasilnoticias.org\/site\/#organization\",\"name\":\"Brasil not\u00edcias\",\"url\":\"https:\/\/brasilnoticias.org\/site\/\",\"logo\":{\"@type\":\"ImageObject\",\"inLanguage\":\"pt-PT\",\"@id\":\"https:\/\/brasilnoticias.org\/site\/#\/schema\/logo\/image\/\",\"url\":\"https:\/\/brasilnoticias.org\/site\/wp-content\/uploads\/2022\/05\/cropped-brasilnoticias-mini.jpg\",\"contentUrl\":\"https:\/\/brasilnoticias.org\/site\/wp-content\/uploads\/2022\/05\/cropped-brasilnoticias-mini.jpg\",\"width\":314,\"height\":86,\"caption\":\"Brasil not\u00edcias\"},\"image\":{\"@id\":\"https:\/\/brasilnoticias.org\/site\/#\/schema\/logo\/image\/\"}},{\"@type\":\"Person\",\"@id\":\"https:\/\/brasilnoticias.org\/site\/#\/schema\/person\/03bbbfe6c7634ad18c26444ea39049fa\",\"name\":\"Reda\u00e7\u00e3o\",\"image\":{\"@type\":\"ImageObject\",\"inLanguage\":\"pt-PT\",\"@id\":\"https:\/\/brasilnoticias.org\/site\/#\/schema\/person\/image\/\",\"url\":\"https:\/\/secure.gravatar.com\/avatar\/9ecaf7327a696cb23ad926fedded5f1f04d7049de9e445375d55b48c001a6e42?s=96&d=mm&r=g\",\"contentUrl\":\"https:\/\/secure.gravatar.com\/avatar\/9ecaf7327a696cb23ad926fedded5f1f04d7049de9e445375d55b48c001a6e42?s=96&d=mm&r=g\",\"caption\":\"Reda\u00e7\u00e3o\"},\"url\":\"https:\/\/brasilnoticias.org\/site\/author\/henrique\/\"}]}<\/script>\n<!-- \/ Yoast SEO plugin. -->","yoast_head_json":{"title":"Sesab anuncia que piso da enfermagem ser\u00e1 pago na folha salarial de setembro - Brasil not\u00edcias","robots":{"index":"index","follow":"follow","max-snippet":"max-snippet:-1","max-image-preview":"max-image-preview:large","max-video-preview":"max-video-preview:-1"},"canonical":"https:\/\/brasilnoticias.org\/site\/sesab-anuncia-que-piso-da-enfermagem-sera-pago-na-folha-salarial-de-setembro\/","og_locale":"pt_PT","og_type":"article","og_title":"Sesab anuncia que piso da enfermagem ser\u00e1 pago na folha salarial de setembro - Brasil not\u00edcias","og_description":"O Governo do Estado da Bahia comunicou, nesta segunda-feira (4), que o piso salarial dever\u00e1 ser pago em setembro. Os","og_url":"https:\/\/brasilnoticias.org\/site\/sesab-anuncia-que-piso-da-enfermagem-sera-pago-na-folha-salarial-de-setembro\/","og_site_name":"Brasil not\u00edcias","article_published_time":"2023-09-05T09:00:17+00:00","og_image":[{"width":1600,"height":752,"url":"https:\/\/brasilnoticias.org\/site\/wp-content\/uploads\/2023\/09\/140589sesab-anuncia-que-piso-da-enfermagem-sera-pago-na-folha-salarial-de-setembro-3.jpg","type":"image\/jpeg"}],"author":"Reda\u00e7\u00e3o","twitter_card":"summary_large_image","twitter_misc":{"Escrito por":"Reda\u00e7\u00e3o"},"schema":{"@context":"https:\/\/schema.org","@graph":[{"@type":"Article","@id":"https:\/\/brasilnoticias.org\/site\/sesab-anuncia-que-piso-da-enfermagem-sera-pago-na-folha-salarial-de-setembro\/#article","isPartOf":{"@id":"https:\/\/brasilnoticias.org\/site\/sesab-anuncia-que-piso-da-enfermagem-sera-pago-na-folha-salarial-de-setembro\/"},"author":{"name":"Reda\u00e7\u00e3o","@id":"https:\/\/brasilnoticias.org\/site\/#\/schema\/person\/03bbbfe6c7634ad18c26444ea39049fa"},"headline":"Sesab anuncia que piso da enfermagem ser\u00e1 pago na folha salarial de setembro","datePublished":"2023-09-05T09:00:17+00:00","mainEntityOfPage":{"@id":"https:\/\/brasilnoticias.org\/site\/sesab-anuncia-que-piso-da-enfermagem-sera-pago-na-folha-salarial-de-setembro\/"},"wordCount":160,"commentCount":0,"publisher":{"@id":"https:\/\/brasilnoticias.org\/site\/#organization"},"image":{"@id":"https:\/\/brasilnoticias.org\/site\/sesab-anuncia-que-piso-da-enfermagem-sera-pago-na-folha-salarial-de-setembro\/#primaryimage"},"thumbnailUrl":"https:\/\/brasilnoticias.org\/site\/wp-content\/uploads\/2023\/09\/140589sesab-anuncia-que-piso-da-enfermagem-sera-pago-na-folha-salarial-de-setembro-3.jpg","articleSection":["Not\u00edcias","\u00daltimas"],"inLanguage":"pt-PT","potentialAction":[{"@type":"CommentAction","name":"Comment","target":["https:\/\/brasilnoticias.org\/site\/sesab-anuncia-que-piso-da-enfermagem-sera-pago-na-folha-salarial-de-setembro\/#respond"]}]},{"@type":"WebPage","@id":"https:\/\/brasilnoticias.org\/site\/sesab-anuncia-que-piso-da-enfermagem-sera-pago-na-folha-salarial-de-setembro\/","url":"https:\/\/brasilnoticias.org\/site\/sesab-anuncia-que-piso-da-enfermagem-sera-pago-na-folha-salarial-de-setembro\/","name":"Sesab anuncia que piso da enfermagem ser\u00e1 pago na folha salarial de setembro - Brasil not\u00edcias","isPartOf":{"@id":"https:\/\/brasilnoticias.org\/site\/#website"},"primaryImageOfPage":{"@id":"https:\/\/brasilnoticias.org\/site\/sesab-anuncia-que-piso-da-enfermagem-sera-pago-na-folha-salarial-de-setembro\/#primaryimage"},"image":{"@id":"https:\/\/brasilnoticias.org\/site\/sesab-anuncia-que-piso-da-enfermagem-sera-pago-na-folha-salarial-de-setembro\/#primaryimage"},"thumbnailUrl":"https:\/\/brasilnoticias.org\/site\/wp-content\/uploads\/2023\/09\/140589sesab-anuncia-que-piso-da-enfermagem-sera-pago-na-folha-salarial-de-setembro-3.jpg","datePublished":"2023-09-05T09:00:17+00:00","breadcrumb":{"@id":"https:\/\/brasilnoticias.org\/site\/sesab-anuncia-que-piso-da-enfermagem-sera-pago-na-folha-salarial-de-setembro\/#breadcrumb"},"inLanguage":"pt-PT","potentialAction":[{"@type":"ReadAction","target":["https:\/\/brasilnoticias.org\/site\/sesab-anuncia-que-piso-da-enfermagem-sera-pago-na-folha-salarial-de-setembro\/"]}]},{"@type":"ImageObject","inLanguage":"pt-PT","@id":"https:\/\/brasilnoticias.org\/site\/sesab-anuncia-que-piso-da-enfermagem-sera-pago-na-folha-salarial-de-setembro\/#primaryimage","url":"https:\/\/brasilnoticias.org\/site\/wp-content\/uploads\/2023\/09\/140589sesab-anuncia-que-piso-da-enfermagem-sera-pago-na-folha-salarial-de-setembro-3.jpg","contentUrl":"https:\/\/brasilnoticias.org\/site\/wp-content\/uploads\/2023\/09\/140589sesab-anuncia-que-piso-da-enfermagem-sera-pago-na-folha-salarial-de-setembro-3.jpg","width":1600,"height":752},{"@type":"BreadcrumbList","@id":"https:\/\/brasilnoticias.org\/site\/sesab-anuncia-que-piso-da-enfermagem-sera-pago-na-folha-salarial-de-setembro\/#breadcrumb","itemListElement":[{"@type":"ListItem","position":1,"name":"In\u00edcio","item":"https:\/\/brasilnoticias.org\/site\/"},{"@type":"ListItem","position":2,"name":"Sesab anuncia que piso da enfermagem ser\u00e1 pago na folha salarial de setembro"}]},{"@type":"WebSite","@id":"https:\/\/brasilnoticias.org\/site\/#website","url":"https:\/\/brasilnoticias.org\/site\/","name":"Brasil not\u00edcias","description":"Brasil not\u00edcias","publisher":{"@id":"https:\/\/brasilnoticias.org\/site\/#organization"},"potentialAction":[{"@type":"SearchAction","target":{"@type":"EntryPoint","urlTemplate":"https:\/\/brasilnoticias.org\/site\/?s={search_term_string}"},"query-input":{"@type":"PropertyValueSpecification","valueRequired":true,"valueName":"search_term_string"}}],"inLanguage":"pt-PT"},{"@type":"Organization","@id":"https:\/\/brasilnoticias.org\/site\/#organization","name":"Brasil not\u00edcias","url":"https:\/\/brasilnoticias.org\/site\/","logo":{"@type":"ImageObject","inLanguage":"pt-PT","@id":"https:\/\/brasilnoticias.org\/site\/#\/schema\/logo\/image\/","url":"https:\/\/brasilnoticias.org\/site\/wp-content\/uploads\/2022\/05\/cropped-brasilnoticias-mini.jpg","contentUrl":"https:\/\/brasilnoticias.org\/site\/wp-content\/uploads\/2022\/05\/cropped-brasilnoticias-mini.jpg","width":314,"height":86,"caption":"Brasil not\u00edcias"},"image":{"@id":"https:\/\/brasilnoticias.org\/site\/#\/schema\/logo\/image\/"}},{"@type":"Person","@id":"https:\/\/brasilnoticias.org\/site\/#\/schema\/person\/03bbbfe6c7634ad18c26444ea39049fa","name":"Reda\u00e7\u00e3o","image":{"@type":"ImageObject","inLanguage":"pt-PT","@id":"https:\/\/brasilnoticias.org\/site\/#\/schema\/person\/image\/","url":"https:\/\/secure.gravatar.com\/avatar\/9ecaf7327a696cb23ad926fedded5f1f04d7049de9e445375d55b48c001a6e42?s=96&d=mm&r=g","contentUrl":"https:\/\/secure.gravatar.com\/avatar\/9ecaf7327a696cb23ad926fedded5f1f04d7049de9e445375d55b48c001a6e42?s=96&d=mm&r=g","caption":"Reda\u00e7\u00e3o"},"url":"https:\/\/brasilnoticias.org\/site\/author\/henrique\/"}]}},"_links":{"self":[{"href":"https:\/\/brasilnoticias.org\/site\/wp-json\/wp\/v2\/posts\/8923","targetHints":{"allow":["GET"]}}],"collection":[{"href":"https:\/\/brasilnoticias.org\/site\/wp-json\/wp\/v2\/posts"}],"about":[{"href":"https:\/\/brasilnoticias.org\/site\/wp-json\/wp\/v2\/types\/post"}],"author":[{"embeddable":true,"href":"https:\/\/brasilnoticias.org\/site\/wp-json\/wp\/v2\/users\/4"}],"replies":[{"embeddable":true,"href":"https:\/\/brasilnoticias.org\/site\/wp-json\/wp\/v2\/comments?post=8923"}],"version-history":[{"count":1,"href":"https:\/\/brasilnoticias.org\/site\/wp-json\/wp\/v2\/posts\/8923\/revisions"}],"predecessor-version":[{"id":8925,"href":"https:\/\/brasilnoticias.org\/site\/wp-json\/wp\/v2\/posts\/8923\/revisions\/8925"}],"wp:featuredmedia":[{"embeddable":true,"href":"https:\/\/brasilnoticias.org\/site\/wp-json\/wp\/v2\/media\/8924"}],"wp:attachment":[{"href":"https:\/\/brasilnoticias.org\/site\/wp-json\/wp\/v2\/media?parent=8923"}],"wp:term":[{"taxonomy":"category","embeddable":true,"href":"https:\/\/brasilnoticias.org\/site\/wp-json\/wp\/v2\/categories?post=8923"},{"taxonomy":"post_tag","embeddable":true,"href":"https:\/\/brasilnoticias.org\/site\/wp-json\/wp\/v2\/tags?post=8923"}],"curies":[{"name":"wp","href":"https:\/\/api.w.org\/{rel}","templated":true}]}}